{"id":5196,"date":"2025-09-15T14:03:54","date_gmt":"2025-09-15T17:03:54","guid":{"rendered":"https:\/\/nativainfo.com\/?p=5196"},"modified":"2025-09-15T14:03:58","modified_gmt":"2025-09-15T17:03:58","slug":"zamora-inauguro-obras-en-la-escuela-de-coro-pampa-y-entrego-viviendas-sociales-a-familias-de-la-zona15-de-septiembre-2025","status":"publish","type":"post","link":"https:\/\/nativainfo.com\/?p=5196","title":{"rendered":"Zamora inaugur\u00f3 obras en la Escuela de Coro Pampa y entreg\u00f3 viviendas sociales a familias de la zona15 de septiembre, 2025"},"content":{"rendered":"\n<figure class=\"wp-block-image size-full\"><img fetchpriority=\"high\" decoding=\"async\" width=\"966\" height=\"622\" src=\"https:\/\/nativainfo.com\/wp-content\/uploads\/2025\/09\/imagen_2025-09-15_140301004.png\" alt=\"\" class=\"wp-image-5199\" srcset=\"https:\/\/nativainfo.com\/wp-content\/uploads\/2025\/09\/imagen_2025-09-15_140301004.png 966w, https:\/\/nativainfo.com\/wp-content\/uploads\/2025\/09\/imagen_2025-09-15_140301004-300x193.png 300w, https:\/\/nativainfo.com\/wp-content\/uploads\/2025\/09\/imagen_2025-09-15_140301004-768x495.png 768w, https:\/\/nativainfo.com\/wp-content\/uploads\/2025\/09\/imagen_2025-09-15_140301004-544x350.png 544w, https:\/\/nativainfo.com\/wp-content\/uploads\/2025\/09\/imagen_2025-09-15_140301004-150x97.png 150w\" sizes=\"(max-width: 966px) 100vw, 966px\" \/><\/figure>\n\n\n\n<p>El gobernador Gerardo Zamora, acompa\u00f1ado por el vicegobernador Carlos Silva Neder y el jefe de Gabinete de Ministros, El\u00edas Su\u00e1rez, inaugur\u00f3 este lunes las obras de refacci\u00f3n y remodelaci\u00f3n de la Escuela N\u00b0 120 \u201cJuana E. Mandelaine\u201d de Coro Pampa, en el departamento Sil\u00edpica.<\/p>\n\n\n\n<p>En el marco de la visita, el mandatario tambi\u00e9n entreg\u00f3 viviendas sociales a familias de San Andr\u00e9s, Sumamao y Coro Pampa, construidas con fondos provinciales y con la colaboraci\u00f3n de la Comisi\u00f3n Municipal de Sumamao y de la Cooperativa de Trabajo Villa del Carmen.<\/p>\n\n\n\n<p>La actividad cont\u00f3 con la participaci\u00f3n de los ministros de Obras P\u00fablicas, Aldo Hid; de Educaci\u00f3n, Mariela Nassif; y de Desarrollo Social, \u00c1ngel Niccolai, junto con la presidenta del Consejo General de Educaci\u00f3n, Mariela Herrera, y el secretario de Obras P\u00fablicas, Jorge Zuain. Todos fueron recibidos por el comisionado municipal de Sumamao, Jorge \u00c1valos Miana.<\/p>\n\n\n\n<p>El edificio educativo fue renovado completamente y dispone de direcci\u00f3n, dos aulas, comedor, cocina, SUM, dep\u00f3sito, patio cubierto y gabinete de Educaci\u00f3n F\u00edsica, todos equipados con mobiliario y recursos nuevos. Adem\u00e1s, cuenta con conexi\u00f3n a internet, disponible tambi\u00e9n para los vecinos de la zona.<\/p>\n","protected":false},"excerpt":{"rendered":"<p>El gobernador Gerardo Zamora, acompa\u00f1ado por el vicegobernador Carlos Silva Neder y el jefe de Gabinete de Ministros, El\u00edas Su\u00e1rez,&#8230; <a class=\"continue-reading-link\" href=\"https:\/\/nativainfo.com\/?p=5196\">Continue reading<\/a><\/p>\n","protected":false},"author":1,"featured_media":5199,"comment_status":"open","ping_status":"open","sticky":false,"template":"","format":"standard","meta":{"rop_custom_images_group":[],"rop_custom_messages_group":[],"rop_publish_now":"yes","rop_publish_now_accounts":[],"rop_publish_now_history":[],"rop_publish_now_status":"pending","footnotes":"","jetpack_publicize_message":"","jetpack_publicize_feature_enabled":true,"jetpack_social_post_already_shared":false,"jetpack_social_options":{"image_generator_settings":{"template":"highway","default_image_id":0,"font":"","enabled":false},"version":2}},"categories":[24],"tags":[],"class_list":["post-5196","post","type-post","status-publish","format-standard","has-post-thumbnail","hentry","category-educacion"],"yoast_head":"<!-- This site is optimized with the Yoast SEO plugin v25.6 - https:\/\/yoast.com\/wordpress\/plugins\/seo\/ -->\n<title>Zamora inaugur\u00f3 obras en la Escuela de Coro Pampa y entreg\u00f3 viviendas sociales a familias de la zona15 de septiembre, 2025 - Nativa Info<\/title>\n<meta name=\"robots\" content=\"index, follow, max-snippet:-1, max-image-preview:large, max-video-preview:-1\" \/>\n<link rel=\"canonical\" href=\"https:\/\/nativainfo.com\/?p=5196\" \/>\n<meta property=\"og:locale\" content=\"es_ES\" \/>\n<meta property=\"og:type\" content=\"article\" \/>\n<meta property=\"og:title\" content=\"Zamora inaugur\u00f3 obras en la Escuela de Coro Pampa y entreg\u00f3 viviendas sociales a familias de la zona15 de septiembre, 2025 - Nativa Info\" \/>\n<meta property=\"og:description\" content=\"El gobernador Gerardo Zamora, acompa\u00f1ado por el vicegobernador Carlos Silva Neder y el jefe de Gabinete de Ministros, El\u00edas Su\u00e1rez,... Continue reading\" \/>\n<meta property=\"og:url\" content=\"https:\/\/nativainfo.com\/?p=5196\" \/>\n<meta property=\"og:site_name\" content=\"Nativa Info\" \/>\n<meta property=\"article:publisher\" content=\"https:\/\/www.facebook.com\/profile.php?id=61578881597564\" \/>\n<meta property=\"article:published_time\" content=\"2025-09-15T17:03:54+00:00\" \/>\n<meta property=\"article:modified_time\" content=\"2025-09-15T17:03:58+00:00\" \/>\n<meta property=\"og:image\" content=\"http:\/\/nativainfo.com\/wp-content\/uploads\/2025\/09\/imagen_2025-09-15_140301004.png\" \/>\n\t<meta property=\"og:image:width\" content=\"966\" \/>\n\t<meta property=\"og:image:height\" content=\"622\" \/>\n\t<meta property=\"og:image:type\" content=\"image\/png\" \/>\n<meta name=\"author\" content=\"Nativa Info\" \/>\n<meta name=\"twitter:card\" content=\"summary_large_image\" \/>\n<meta name=\"twitter:label1\" content=\"Escrito por\" \/>\n\t<meta name=\"twitter:data1\" content=\"Nativa Info\" \/>\n\t<meta name=\"twitter:label2\" content=\"Tiempo de lectura\" \/>\n\t<meta name=\"twitter:data2\" content=\"2 minutos\" \/>\n<script type=\"application\/ld+json\" class=\"yoast-schema-graph\">{\"@context\":\"https:\/\/schema.org\",\"@graph\":[{\"@type\":\"Article\",\"@id\":\"https:\/\/nativainfo.com\/?p=5196#article\",\"isPartOf\":{\"@id\":\"https:\/\/nativainfo.com\/?p=5196\"},\"author\":{\"name\":\"Nativa Info\",\"@id\":\"https:\/\/nativainfo.com\/#\/schema\/person\/24893b64a9cd564ddb5d102d36eb4b5c\"},\"headline\":\"Zamora inaugur\u00f3 obras en la Escuela de Coro Pampa y entreg\u00f3 viviendas sociales a familias de la zona15 de septiembre, 2025\",\"datePublished\":\"2025-09-15T17:03:54+00:00\",\"dateModified\":\"2025-09-15T17:03:58+00:00\",\"mainEntityOfPage\":{\"@id\":\"https:\/\/nativainfo.com\/?p=5196\"},\"wordCount\":228,\"commentCount\":0,\"publisher\":{\"@id\":\"https:\/\/nativainfo.com\/#organization\"},\"image\":{\"@id\":\"https:\/\/nativainfo.com\/?p=5196#primaryimage\"},\"thumbnailUrl\":\"https:\/\/nativainfo.com\/wp-content\/uploads\/2025\/09\/imagen_2025-09-15_140301004.png\",\"articleSection\":[\"Educaci\u00f3n\"],\"inLanguage\":\"es-AR\",\"potentialAction\":[{\"@type\":\"CommentAction\",\"name\":\"Comment\",\"target\":[\"https:\/\/nativainfo.com\/?p=5196#respond\"]}]},{\"@type\":\"WebPage\",\"@id\":\"https:\/\/nativainfo.com\/?p=5196\",\"url\":\"https:\/\/nativainfo.com\/?p=5196\",\"name\":\"Zamora inaugur\u00f3 obras en la Escuela de Coro Pampa y entreg\u00f3 viviendas sociales a familias de la zona15 de septiembre, 2025 - Nativa Info\",\"isPartOf\":{\"@id\":\"https:\/\/nativainfo.com\/#website\"},\"primaryImageOfPage\":{\"@id\":\"https:\/\/nativainfo.com\/?p=5196#primaryimage\"},\"image\":{\"@id\":\"https:\/\/nativainfo.com\/?p=5196#primaryimage\"},\"thumbnailUrl\":\"https:\/\/nativainfo.com\/wp-content\/uploads\/2025\/09\/imagen_2025-09-15_140301004.png\",\"datePublished\":\"2025-09-15T17:03:54+00:00\",\"dateModified\":\"2025-09-15T17:03:58+00:00\",\"breadcrumb\":{\"@id\":\"https:\/\/nativainfo.com\/?p=5196#breadcrumb\"},\"inLanguage\":\"es-AR\",\"potentialAction\":[{\"@type\":\"ReadAction\",\"target\":[\"https:\/\/nativainfo.com\/?p=5196\"]}]},{\"@type\":\"ImageObject\",\"inLanguage\":\"es-AR\",\"@id\":\"https:\/\/nativainfo.com\/?p=5196#primaryimage\",\"url\":\"https:\/\/nativainfo.com\/wp-content\/uploads\/2025\/09\/imagen_2025-09-15_140301004.png\",\"contentUrl\":\"https:\/\/nativainfo.com\/wp-content\/uploads\/2025\/09\/imagen_2025-09-15_140301004.png\",\"width\":966,\"height\":622},{\"@type\":\"BreadcrumbList\",\"@id\":\"https:\/\/nativainfo.com\/?p=5196#breadcrumb\",\"itemListElement\":[{\"@type\":\"ListItem\",\"position\":1,\"name\":\"Inicio\",\"item\":\"https:\/\/nativainfo.com\/\"},{\"@type\":\"ListItem\",\"position\":2,\"name\":\"Zamora inaugur\u00f3 obras en la Escuela de Coro Pampa y entreg\u00f3 viviendas sociales a familias de la zona15 de septiembre, 2025\"}]},{\"@type\":\"WebSite\",\"@id\":\"https:\/\/nativainfo.com\/#website\",\"url\":\"https:\/\/nativainfo.com\/\",\"name\":\"Nativa Info\",\"description\":\"Diario Digital\",\"publisher\":{\"@id\":\"https:\/\/nativainfo.com\/#organization\"},\"potentialAction\":[{\"@type\":\"SearchAction\",\"target\":{\"@type\":\"EntryPoint\",\"urlTemplate\":\"https:\/\/nativainfo.com\/?s={search_term_string}\"},\"query-input\":{\"@type\":\"PropertyValueSpecification\",\"valueRequired\":true,\"valueName\":\"search_term_string\"}}],\"inLanguage\":\"es-AR\"},{\"@type\":\"Organization\",\"@id\":\"https:\/\/nativainfo.com\/#organization\",\"name\":\"Nativa Info\",\"url\":\"https:\/\/nativainfo.com\/\",\"logo\":{\"@type\":\"ImageObject\",\"inLanguage\":\"es-AR\",\"@id\":\"https:\/\/nativainfo.com\/#\/schema\/logo\/image\/\",\"url\":\"https:\/\/nativainfo.com\/wp-content\/uploads\/2025\/08\/LOGO-NATIVA-FACE.jpg\",\"contentUrl\":\"https:\/\/nativainfo.com\/wp-content\/uploads\/2025\/08\/LOGO-NATIVA-FACE.jpg\",\"width\":400,\"height\":400,\"caption\":\"Nativa Info\"},\"image\":{\"@id\":\"https:\/\/nativainfo.com\/#\/schema\/logo\/image\/\"},\"sameAs\":[\"https:\/\/www.facebook.com\/profile.php?id=61578881597564\"]},{\"@type\":\"Person\",\"@id\":\"https:\/\/nativainfo.com\/#\/schema\/person\/24893b64a9cd564ddb5d102d36eb4b5c\",\"name\":\"Nativa Info\",\"image\":{\"@type\":\"ImageObject\",\"inLanguage\":\"es-AR\",\"@id\":\"https:\/\/nativainfo.com\/#\/schema\/person\/image\/\",\"url\":\"https:\/\/secure.gravatar.com\/avatar\/016fa1cf068d85136d938e1507b9b619cb766e2565cbb1faa1e571762460c785?s=96&d=mm&r=g\",\"contentUrl\":\"https:\/\/secure.gravatar.com\/avatar\/016fa1cf068d85136d938e1507b9b619cb766e2565cbb1faa1e571762460c785?s=96&d=mm&r=g\",\"caption\":\"Nativa Info\"},\"sameAs\":[\"http:\/\/nativainfo.com\"],\"url\":\"https:\/\/nativainfo.com\/?author=1\"}]}<\/script>\n<!-- \/ Yoast SEO plugin. -->","yoast_head_json":{"title":"Zamora inaugur\u00f3 obras en la Escuela de Coro Pampa y entreg\u00f3 viviendas sociales a familias de la zona15 de septiembre, 2025 - Nativa Info","robots":{"index":"index","follow":"follow","max-snippet":"max-snippet:-1","max-image-preview":"max-image-preview:large","max-video-preview":"max-video-preview:-1"},"canonical":"https:\/\/nativainfo.com\/?p=5196","og_locale":"es_ES","og_type":"article","og_title":"Zamora inaugur\u00f3 obras en la Escuela de Coro Pampa y entreg\u00f3 viviendas sociales a familias de la zona15 de septiembre, 2025 - Nativa Info","og_description":"El gobernador Gerardo Zamora, acompa\u00f1ado por el vicegobernador Carlos Silva Neder y el jefe de Gabinete de Ministros, El\u00edas Su\u00e1rez,... Continue reading","og_url":"https:\/\/nativainfo.com\/?p=5196","og_site_name":"Nativa Info","article_publisher":"https:\/\/www.facebook.com\/profile.php?id=61578881597564","article_published_time":"2025-09-15T17:03:54+00:00","article_modified_time":"2025-09-15T17:03:58+00:00","og_image":[{"width":966,"height":622,"url":"http:\/\/nativainfo.com\/wp-content\/uploads\/2025\/09\/imagen_2025-09-15_140301004.png","type":"image\/png"}],"author":"Nativa Info","twitter_card":"summary_large_image","twitter_misc":{"Escrito por":"Nativa Info","Tiempo de lectura":"2 minutos"},"schema":{"@context":"https:\/\/schema.org","@graph":[{"@type":"Article","@id":"https:\/\/nativainfo.com\/?p=5196#article","isPartOf":{"@id":"https:\/\/nativainfo.com\/?p=5196"},"author":{"name":"Nativa Info","@id":"https:\/\/nativainfo.com\/#\/schema\/person\/24893b64a9cd564ddb5d102d36eb4b5c"},"headline":"Zamora inaugur\u00f3 obras en la Escuela de Coro Pampa y entreg\u00f3 viviendas sociales a familias de la zona15 de septiembre, 2025","datePublished":"2025-09-15T17:03:54+00:00","dateModified":"2025-09-15T17:03:58+00:00","mainEntityOfPage":{"@id":"https:\/\/nativainfo.com\/?p=5196"},"wordCount":228,"commentCount":0,"publisher":{"@id":"https:\/\/nativainfo.com\/#organization"},"image":{"@id":"https:\/\/nativainfo.com\/?p=5196#primaryimage"},"thumbnailUrl":"https:\/\/nativainfo.com\/wp-content\/uploads\/2025\/09\/imagen_2025-09-15_140301004.png","articleSection":["Educaci\u00f3n"],"inLanguage":"es-AR","potentialAction":[{"@type":"CommentAction","name":"Comment","target":["https:\/\/nativainfo.com\/?p=5196#respond"]}]},{"@type":"WebPage","@id":"https:\/\/nativainfo.com\/?p=5196","url":"https:\/\/nativainfo.com\/?p=5196","name":"Zamora inaugur\u00f3 obras en la Escuela de Coro Pampa y entreg\u00f3 viviendas sociales a familias de la zona15 de septiembre, 2025 - Nativa Info","isPartOf":{"@id":"https:\/\/nativainfo.com\/#website"},"primaryImageOfPage":{"@id":"https:\/\/nativainfo.com\/?p=5196#primaryimage"},"image":{"@id":"https:\/\/nativainfo.com\/?p=5196#primaryimage"},"thumbnailUrl":"https:\/\/nativainfo.com\/wp-content\/uploads\/2025\/09\/imagen_2025-09-15_140301004.png","datePublished":"2025-09-15T17:03:54+00:00","dateModified":"2025-09-15T17:03:58+00:00","breadcrumb":{"@id":"https:\/\/nativainfo.com\/?p=5196#breadcrumb"},"inLanguage":"es-AR","potentialAction":[{"@type":"ReadAction","target":["https:\/\/nativainfo.com\/?p=5196"]}]},{"@type":"ImageObject","inLanguage":"es-AR","@id":"https:\/\/nativainfo.com\/?p=5196#primaryimage","url":"https:\/\/nativainfo.com\/wp-content\/uploads\/2025\/09\/imagen_2025-09-15_140301004.png","contentUrl":"https:\/\/nativainfo.com\/wp-content\/uploads\/2025\/09\/imagen_2025-09-15_140301004.png","width":966,"height":622},{"@type":"BreadcrumbList","@id":"https:\/\/nativainfo.com\/?p=5196#breadcrumb","itemListElement":[{"@type":"ListItem","position":1,"name":"Inicio","item":"https:\/\/nativainfo.com\/"},{"@type":"ListItem","position":2,"name":"Zamora inaugur\u00f3 obras en la Escuela de Coro Pampa y entreg\u00f3 viviendas sociales a familias de la zona15 de septiembre, 2025"}]},{"@type":"WebSite","@id":"https:\/\/nativainfo.com\/#website","url":"https:\/\/nativainfo.com\/","name":"Nativa Info","description":"Diario Digital","publisher":{"@id":"https:\/\/nativainfo.com\/#organization"},"potentialAction":[{"@type":"SearchAction","target":{"@type":"EntryPoint","urlTemplate":"https:\/\/nativainfo.com\/?s={search_term_string}"},"query-input":{"@type":"PropertyValueSpecification","valueRequired":true,"valueName":"search_term_string"}}],"inLanguage":"es-AR"},{"@type":"Organization","@id":"https:\/\/nativainfo.com\/#organization","name":"Nativa Info","url":"https:\/\/nativainfo.com\/","logo":{"@type":"ImageObject","inLanguage":"es-AR","@id":"https:\/\/nativainfo.com\/#\/schema\/logo\/image\/","url":"https:\/\/nativainfo.com\/wp-content\/uploads\/2025\/08\/LOGO-NATIVA-FACE.jpg","contentUrl":"https:\/\/nativainfo.com\/wp-content\/uploads\/2025\/08\/LOGO-NATIVA-FACE.jpg","width":400,"height":400,"caption":"Nativa Info"},"image":{"@id":"https:\/\/nativainfo.com\/#\/schema\/logo\/image\/"},"sameAs":["https:\/\/www.facebook.com\/profile.php?id=61578881597564"]},{"@type":"Person","@id":"https:\/\/nativainfo.com\/#\/schema\/person\/24893b64a9cd564ddb5d102d36eb4b5c","name":"Nativa Info","image":{"@type":"ImageObject","inLanguage":"es-AR","@id":"https:\/\/nativainfo.com\/#\/schema\/person\/image\/","url":"https:\/\/secure.gravatar.com\/avatar\/016fa1cf068d85136d938e1507b9b619cb766e2565cbb1faa1e571762460c785?s=96&d=mm&r=g","contentUrl":"https:\/\/secure.gravatar.com\/avatar\/016fa1cf068d85136d938e1507b9b619cb766e2565cbb1faa1e571762460c785?s=96&d=mm&r=g","caption":"Nativa Info"},"sameAs":["http:\/\/nativainfo.com"],"url":"https:\/\/nativainfo.com\/?author=1"}]}},"jetpack_publicize_connections":[],"_links":{"self":[{"href":"https:\/\/nativainfo.com\/index.php?rest_route=\/wp\/v2\/posts\/5196","targetHints":{"allow":["GET"]}}],"collection":[{"href":"https:\/\/nativainfo.com\/index.php?rest_route=\/wp\/v2\/posts"}],"about":[{"href":"https:\/\/nativainfo.com\/index.php?rest_route=\/wp\/v2\/types\/post"}],"author":[{"embeddable":true,"href":"https:\/\/nativainfo.com\/index.php?rest_route=\/wp\/v2\/users\/1"}],"replies":[{"embeddable":true,"href":"https:\/\/nativainfo.com\/index.php?rest_route=%2Fwp%2Fv2%2Fcomments&post=5196"}],"version-history":[{"count":1,"href":"https:\/\/nativainfo.com\/index.php?rest_route=\/wp\/v2\/posts\/5196\/revisions"}],"predecessor-version":[{"id":5200,"href":"https:\/\/nativainfo.com\/index.php?rest_route=\/wp\/v2\/posts\/5196\/revisions\/5200"}],"wp:featuredmedia":[{"embeddable":true,"href":"https:\/\/nativainfo.com\/index.php?rest_route=\/wp\/v2\/media\/5199"}],"wp:attachment":[{"href":"https:\/\/nativainfo.com\/index.php?rest_route=%2Fwp%2Fv2%2Fmedia&parent=5196"}],"wp:term":[{"taxonomy":"category","embeddable":true,"href":"https:\/\/nativainfo.com\/index.php?rest_route=%2Fwp%2Fv2%2Fcategories&post=5196"},{"taxonomy":"post_tag","embeddable":true,"href":"https:\/\/nativainfo.com\/index.php?rest_route=%2Fwp%2Fv2%2Ftags&post=5196"}],"curies":[{"name":"wp","href":"https:\/\/api.w.org\/{rel}","templated":true}]}}