{"id":5195,"date":"2025-09-15T13:59:54","date_gmt":"2025-09-15T16:59:54","guid":{"rendered":"https:\/\/nativainfo.com\/?p=5195"},"modified":"2025-09-15T13:59:57","modified_gmt":"2025-09-15T16:59:57","slug":"universitarios-y-trabajadores-del-garrahan-marcharan-este-miercoles-contra-los-vetos-presidenciales","status":"publish","type":"post","link":"https:\/\/nativainfo.com\/?p=5195","title":{"rendered":"Universitarios y trabajadores del Garrahan marchar\u00e1n este mi\u00e9rcoles contra los vetos presidenciales"},"content":{"rendered":"\n<figure class=\"wp-block-image size-large\"><img fetchpriority=\"high\" decoding=\"async\" width=\"1024\" height=\"576\" src=\"https:\/\/nativainfo.com\/wp-content\/uploads\/2025\/09\/imagen_2025-09-15_135942035-1024x576.png\" alt=\"\" class=\"wp-image-5197\" srcset=\"https:\/\/nativainfo.com\/wp-content\/uploads\/2025\/09\/imagen_2025-09-15_135942035-1024x576.png 1024w, https:\/\/nativainfo.com\/wp-content\/uploads\/2025\/09\/imagen_2025-09-15_135942035-300x169.png 300w, https:\/\/nativainfo.com\/wp-content\/uploads\/2025\/09\/imagen_2025-09-15_135942035-768x432.png 768w, https:\/\/nativainfo.com\/wp-content\/uploads\/2025\/09\/imagen_2025-09-15_135942035-622x350.png 622w, https:\/\/nativainfo.com\/wp-content\/uploads\/2025\/09\/imagen_2025-09-15_135942035-150x84.png 150w, https:\/\/nativainfo.com\/wp-content\/uploads\/2025\/09\/imagen_2025-09-15_135942035.png 1140w\" sizes=\"(max-width: 1024px) 100vw, 1024px\" \/><\/figure>\n\n\n\n<p>Este mi\u00e9rcoles, a las 17 horas, frente al Congreso, trabajadores del Hospital Garrahan y docentes de universidades p\u00fablicas protagonizar\u00e1n una movilizaci\u00f3n conjunta en rechazo a los vetos presidenciales a la ley de Emergencia Pedi\u00e1trica y a la norma de financiamiento de la educaci\u00f3n superior. La protesta recorrer\u00e1 desde el Congreso hasta la Plaza de Mayo, en respaldo de dos sectores fundamentales de la sociedad argentina que, seg\u00fan los organizadores, fueron desfinanciados y abandonados por el Ejecutivo.<\/p>\n\n\n\n<p>Se trata de la tercera edici\u00f3n de la Marcha Federal Universitaria y la segunda que se realiza de manera conjunta con los trabajadores del Garrahan. La convocatoria coincide con la sesi\u00f3n de la C\u00e1mara de Diputados, que debatir\u00e1 las leyes vetadas por el presidente Javier Milei, en l\u00ednea con lo acordado en reuniones previas entre legisladores y representantes de los sectores afectados.<\/p>\n\n\n\n<p>El jefe de Gabinete, Juan Manuel Francos, confirm\u00f3 que el Gobierno promulgar\u00e1 la Ley de Discapacidad, aunque su aplicaci\u00f3n quedar\u00e1 pendiente hasta que se defina el decreto reglamentario y los aspectos financieros correspondientes. Por su parte, la decisi\u00f3n sobre los fondos para las provincias contin\u00faa en an\u00e1lisis.<\/p>\n\n\n\n<p>En la preparaci\u00f3n de la marcha, participaron las m\u00e1ximas autoridades del Consejo Interuniversitario Nacional (CIN), junto con su presidente, Oscar Alpa, y el vicepresidente, Franco Bartolacci. Tambi\u00e9n estuvieron presentes el rector de la Universidad de Buenos Aires, Ricardo Gelpi, y el presidente de la Federaci\u00f3n Universitaria Argentina (FUA), Joaqu\u00edn Carvalho. Durante el encuentro, los representantes universitarios y del Garrahan analizaron la situaci\u00f3n presupuestaria y las medidas que consideran necesarias para garantizar la educaci\u00f3n p\u00fablica y la atenci\u00f3n sanitaria.<\/p>\n\n\n\n<p>Norma Lezana, secretaria general de la Asociaci\u00f3n de Profesionales y T\u00e9cnicos del Garrahan (APyT), afirm\u00f3 a la agencia Noticias Argentinas que Milei \u201cabri\u00f3 una caja de Pandora\u201d con sus vetos. Lezana sostuvo que estas decisiones afectan directamente a la infancia, la salud p\u00fablica y la universidad, y advirti\u00f3 que \u201cel pueblo ya lo vet\u00f3 en las urnas, y ahora estos atropellos solo provocan una reacci\u00f3n social\u201d.<\/p>\n\n\n\n<p><\/p>\n","protected":false},"excerpt":{"rendered":"<p>Este mi\u00e9rcoles, a las 17 horas, frente al Congreso, trabajadores del Hospital Garrahan y docentes de universidades p\u00fablicas protagonizar\u00e1n una&#8230; <a class=\"continue-reading-link\" href=\"https:\/\/nativainfo.com\/?p=5195\">Continue reading<\/a><\/p>\n","protected":false},"author":1,"featured_media":0,"comment_status":"open","ping_status":"open","sticky":false,"template":"","format":"standard","meta":{"rop_custom_images_group":[],"rop_custom_messages_group":[],"rop_publish_now":"yes","rop_publish_now_accounts":[],"rop_publish_now_history":[],"rop_publish_now_status":"pending","footnotes":"","jetpack_publicize_message":"","jetpack_publicize_feature_enabled":true,"jetpack_social_post_already_shared":false,"jetpack_social_options":{"image_generator_settings":{"template":"highway","default_image_id":0,"font":"","enabled":false},"version":2}},"categories":[8],"tags":[],"class_list":["post-5195","post","type-post","status-publish","format-standard","hentry","category-noticias"],"yoast_head":"<!-- This site is optimized with the Yoast SEO plugin v25.6 - https:\/\/yoast.com\/wordpress\/plugins\/seo\/ -->\n<title>Universitarios y trabajadores del Garrahan marchar\u00e1n este mi\u00e9rcoles contra los vetos presidenciales - Nativa Info<\/title>\n<meta name=\"robots\" content=\"index, follow, max-snippet:-1, max-image-preview:large, max-video-preview:-1\" \/>\n<link rel=\"canonical\" href=\"https:\/\/nativainfo.com\/?p=5195\" \/>\n<meta property=\"og:locale\" content=\"es_ES\" \/>\n<meta property=\"og:type\" content=\"article\" \/>\n<meta property=\"og:title\" content=\"Universitarios y trabajadores del Garrahan marchar\u00e1n este mi\u00e9rcoles contra los vetos presidenciales - Nativa Info\" \/>\n<meta property=\"og:description\" content=\"Este mi\u00e9rcoles, a las 17 horas, frente al Congreso, trabajadores del Hospital Garrahan y docentes de universidades p\u00fablicas protagonizar\u00e1n una... Continue reading\" \/>\n<meta property=\"og:url\" content=\"https:\/\/nativainfo.com\/?p=5195\" \/>\n<meta property=\"og:site_name\" content=\"Nativa Info\" \/>\n<meta property=\"article:publisher\" content=\"https:\/\/www.facebook.com\/profile.php?id=61578881597564\" \/>\n<meta property=\"article:published_time\" content=\"2025-09-15T16:59:54+00:00\" \/>\n<meta property=\"article:modified_time\" content=\"2025-09-15T16:59:57+00:00\" \/>\n<meta property=\"og:image\" content=\"https:\/\/nativainfo.com\/wp-content\/uploads\/2025\/09\/imagen_2025-09-15_135942035.png\" \/>\n\t<meta property=\"og:image:width\" content=\"1140\" \/>\n\t<meta property=\"og:image:height\" content=\"641\" \/>\n\t<meta property=\"og:image:type\" content=\"image\/png\" \/>\n<meta name=\"author\" content=\"Nativa Info\" \/>\n<meta name=\"twitter:card\" content=\"summary_large_image\" \/>\n<meta name=\"twitter:label1\" content=\"Escrito por\" \/>\n\t<meta name=\"twitter:data1\" content=\"Nativa Info\" \/>\n\t<meta name=\"twitter:label2\" content=\"Tiempo de lectura\" \/>\n\t<meta name=\"twitter:data2\" content=\"2 minutos\" \/>\n<script type=\"application\/ld+json\" class=\"yoast-schema-graph\">{\"@context\":\"https:\/\/schema.org\",\"@graph\":[{\"@type\":\"Article\",\"@id\":\"https:\/\/nativainfo.com\/?p=5195#article\",\"isPartOf\":{\"@id\":\"https:\/\/nativainfo.com\/?p=5195\"},\"author\":{\"name\":\"Nativa Info\",\"@id\":\"https:\/\/nativainfo.com\/#\/schema\/person\/24893b64a9cd564ddb5d102d36eb4b5c\"},\"headline\":\"Universitarios y trabajadores del Garrahan marchar\u00e1n este mi\u00e9rcoles contra los vetos presidenciales\",\"datePublished\":\"2025-09-15T16:59:54+00:00\",\"dateModified\":\"2025-09-15T16:59:57+00:00\",\"mainEntityOfPage\":{\"@id\":\"https:\/\/nativainfo.com\/?p=5195\"},\"wordCount\":370,\"commentCount\":0,\"publisher\":{\"@id\":\"https:\/\/nativainfo.com\/#organization\"},\"image\":{\"@id\":\"https:\/\/nativainfo.com\/?p=5195#primaryimage\"},\"thumbnailUrl\":\"https:\/\/nativainfo.com\/wp-content\/uploads\/2025\/09\/imagen_2025-09-15_135942035-1024x576.png\",\"articleSection\":[\"Noticias\"],\"inLanguage\":\"es-AR\",\"potentialAction\":[{\"@type\":\"CommentAction\",\"name\":\"Comment\",\"target\":[\"https:\/\/nativainfo.com\/?p=5195#respond\"]}]},{\"@type\":\"WebPage\",\"@id\":\"https:\/\/nativainfo.com\/?p=5195\",\"url\":\"https:\/\/nativainfo.com\/?p=5195\",\"name\":\"Universitarios y trabajadores del Garrahan marchar\u00e1n este mi\u00e9rcoles contra los vetos presidenciales - Nativa Info\",\"isPartOf\":{\"@id\":\"https:\/\/nativainfo.com\/#website\"},\"primaryImageOfPage\":{\"@id\":\"https:\/\/nativainfo.com\/?p=5195#primaryimage\"},\"image\":{\"@id\":\"https:\/\/nativainfo.com\/?p=5195#primaryimage\"},\"thumbnailUrl\":\"https:\/\/nativainfo.com\/wp-content\/uploads\/2025\/09\/imagen_2025-09-15_135942035-1024x576.png\",\"datePublished\":\"2025-09-15T16:59:54+00:00\",\"dateModified\":\"2025-09-15T16:59:57+00:00\",\"breadcrumb\":{\"@id\":\"https:\/\/nativainfo.com\/?p=5195#breadcrumb\"},\"inLanguage\":\"es-AR\",\"potentialAction\":[{\"@type\":\"ReadAction\",\"target\":[\"https:\/\/nativainfo.com\/?p=5195\"]}]},{\"@type\":\"ImageObject\",\"inLanguage\":\"es-AR\",\"@id\":\"https:\/\/nativainfo.com\/?p=5195#primaryimage\",\"url\":\"https:\/\/nativainfo.com\/wp-content\/uploads\/2025\/09\/imagen_2025-09-15_135942035.png\",\"contentUrl\":\"https:\/\/nativainfo.com\/wp-content\/uploads\/2025\/09\/imagen_2025-09-15_135942035.png\",\"width\":1140,\"height\":641},{\"@type\":\"BreadcrumbList\",\"@id\":\"https:\/\/nativainfo.com\/?p=5195#breadcrumb\",\"itemListElement\":[{\"@type\":\"ListItem\",\"position\":1,\"name\":\"Inicio\",\"item\":\"https:\/\/nativainfo.com\/\"},{\"@type\":\"ListItem\",\"position\":2,\"name\":\"Universitarios y trabajadores del Garrahan marchar\u00e1n este mi\u00e9rcoles contra los vetos presidenciales\"}]},{\"@type\":\"WebSite\",\"@id\":\"https:\/\/nativainfo.com\/#website\",\"url\":\"https:\/\/nativainfo.com\/\",\"name\":\"Nativa Info\",\"description\":\"Diario Digital\",\"publisher\":{\"@id\":\"https:\/\/nativainfo.com\/#organization\"},\"potentialAction\":[{\"@type\":\"SearchAction\",\"target\":{\"@type\":\"EntryPoint\",\"urlTemplate\":\"https:\/\/nativainfo.com\/?s={search_term_string}\"},\"query-input\":{\"@type\":\"PropertyValueSpecification\",\"valueRequired\":true,\"valueName\":\"search_term_string\"}}],\"inLanguage\":\"es-AR\"},{\"@type\":\"Organization\",\"@id\":\"https:\/\/nativainfo.com\/#organization\",\"name\":\"Nativa Info\",\"url\":\"https:\/\/nativainfo.com\/\",\"logo\":{\"@type\":\"ImageObject\",\"inLanguage\":\"es-AR\",\"@id\":\"https:\/\/nativainfo.com\/#\/schema\/logo\/image\/\",\"url\":\"https:\/\/nativainfo.com\/wp-content\/uploads\/2025\/08\/LOGO-NATIVA-FACE.jpg\",\"contentUrl\":\"https:\/\/nativainfo.com\/wp-content\/uploads\/2025\/08\/LOGO-NATIVA-FACE.jpg\",\"width\":400,\"height\":400,\"caption\":\"Nativa Info\"},\"image\":{\"@id\":\"https:\/\/nativainfo.com\/#\/schema\/logo\/image\/\"},\"sameAs\":[\"https:\/\/www.facebook.com\/profile.php?id=61578881597564\"]},{\"@type\":\"Person\",\"@id\":\"https:\/\/nativainfo.com\/#\/schema\/person\/24893b64a9cd564ddb5d102d36eb4b5c\",\"name\":\"Nativa Info\",\"image\":{\"@type\":\"ImageObject\",\"inLanguage\":\"es-AR\",\"@id\":\"https:\/\/nativainfo.com\/#\/schema\/person\/image\/\",\"url\":\"https:\/\/secure.gravatar.com\/avatar\/016fa1cf068d85136d938e1507b9b619cb766e2565cbb1faa1e571762460c785?s=96&d=mm&r=g\",\"contentUrl\":\"https:\/\/secure.gravatar.com\/avatar\/016fa1cf068d85136d938e1507b9b619cb766e2565cbb1faa1e571762460c785?s=96&d=mm&r=g\",\"caption\":\"Nativa Info\"},\"sameAs\":[\"http:\/\/nativainfo.com\"],\"url\":\"https:\/\/nativainfo.com\/?author=1\"}]}<\/script>\n<!-- \/ Yoast SEO plugin. -->","yoast_head_json":{"title":"Universitarios y trabajadores del Garrahan marchar\u00e1n este mi\u00e9rcoles contra los vetos presidenciales - Nativa Info","robots":{"index":"index","follow":"follow","max-snippet":"max-snippet:-1","max-image-preview":"max-image-preview:large","max-video-preview":"max-video-preview:-1"},"canonical":"https:\/\/nativainfo.com\/?p=5195","og_locale":"es_ES","og_type":"article","og_title":"Universitarios y trabajadores del Garrahan marchar\u00e1n este mi\u00e9rcoles contra los vetos presidenciales - Nativa Info","og_description":"Este mi\u00e9rcoles, a las 17 horas, frente al Congreso, trabajadores del Hospital Garrahan y docentes de universidades p\u00fablicas protagonizar\u00e1n una... Continue reading","og_url":"https:\/\/nativainfo.com\/?p=5195","og_site_name":"Nativa Info","article_publisher":"https:\/\/www.facebook.com\/profile.php?id=61578881597564","article_published_time":"2025-09-15T16:59:54+00:00","article_modified_time":"2025-09-15T16:59:57+00:00","og_image":[{"width":1140,"height":641,"url":"https:\/\/nativainfo.com\/wp-content\/uploads\/2025\/09\/imagen_2025-09-15_135942035.png","type":"image\/png"}],"author":"Nativa Info","twitter_card":"summary_large_image","twitter_misc":{"Escrito por":"Nativa Info","Tiempo de lectura":"2 minutos"},"schema":{"@context":"https:\/\/schema.org","@graph":[{"@type":"Article","@id":"https:\/\/nativainfo.com\/?p=5195#article","isPartOf":{"@id":"https:\/\/nativainfo.com\/?p=5195"},"author":{"name":"Nativa Info","@id":"https:\/\/nativainfo.com\/#\/schema\/person\/24893b64a9cd564ddb5d102d36eb4b5c"},"headline":"Universitarios y trabajadores del Garrahan marchar\u00e1n este mi\u00e9rcoles contra los vetos presidenciales","datePublished":"2025-09-15T16:59:54+00:00","dateModified":"2025-09-15T16:59:57+00:00","mainEntityOfPage":{"@id":"https:\/\/nativainfo.com\/?p=5195"},"wordCount":370,"commentCount":0,"publisher":{"@id":"https:\/\/nativainfo.com\/#organization"},"image":{"@id":"https:\/\/nativainfo.com\/?p=5195#primaryimage"},"thumbnailUrl":"https:\/\/nativainfo.com\/wp-content\/uploads\/2025\/09\/imagen_2025-09-15_135942035-1024x576.png","articleSection":["Noticias"],"inLanguage":"es-AR","potentialAction":[{"@type":"CommentAction","name":"Comment","target":["https:\/\/nativainfo.com\/?p=5195#respond"]}]},{"@type":"WebPage","@id":"https:\/\/nativainfo.com\/?p=5195","url":"https:\/\/nativainfo.com\/?p=5195","name":"Universitarios y trabajadores del Garrahan marchar\u00e1n este mi\u00e9rcoles contra los vetos presidenciales - Nativa Info","isPartOf":{"@id":"https:\/\/nativainfo.com\/#website"},"primaryImageOfPage":{"@id":"https:\/\/nativainfo.com\/?p=5195#primaryimage"},"image":{"@id":"https:\/\/nativainfo.com\/?p=5195#primaryimage"},"thumbnailUrl":"https:\/\/nativainfo.com\/wp-content\/uploads\/2025\/09\/imagen_2025-09-15_135942035-1024x576.png","datePublished":"2025-09-15T16:59:54+00:00","dateModified":"2025-09-15T16:59:57+00:00","breadcrumb":{"@id":"https:\/\/nativainfo.com\/?p=5195#breadcrumb"},"inLanguage":"es-AR","potentialAction":[{"@type":"ReadAction","target":["https:\/\/nativainfo.com\/?p=5195"]}]},{"@type":"ImageObject","inLanguage":"es-AR","@id":"https:\/\/nativainfo.com\/?p=5195#primaryimage","url":"https:\/\/nativainfo.com\/wp-content\/uploads\/2025\/09\/imagen_2025-09-15_135942035.png","contentUrl":"https:\/\/nativainfo.com\/wp-content\/uploads\/2025\/09\/imagen_2025-09-15_135942035.png","width":1140,"height":641},{"@type":"BreadcrumbList","@id":"https:\/\/nativainfo.com\/?p=5195#breadcrumb","itemListElement":[{"@type":"ListItem","position":1,"name":"Inicio","item":"https:\/\/nativainfo.com\/"},{"@type":"ListItem","position":2,"name":"Universitarios y trabajadores del Garrahan marchar\u00e1n este mi\u00e9rcoles contra los vetos presidenciales"}]},{"@type":"WebSite","@id":"https:\/\/nativainfo.com\/#website","url":"https:\/\/nativainfo.com\/","name":"Nativa Info","description":"Diario Digital","publisher":{"@id":"https:\/\/nativainfo.com\/#organization"},"potentialAction":[{"@type":"SearchAction","target":{"@type":"EntryPoint","urlTemplate":"https:\/\/nativainfo.com\/?s={search_term_string}"},"query-input":{"@type":"PropertyValueSpecification","valueRequired":true,"valueName":"search_term_string"}}],"inLanguage":"es-AR"},{"@type":"Organization","@id":"https:\/\/nativainfo.com\/#organization","name":"Nativa Info","url":"https:\/\/nativainfo.com\/","logo":{"@type":"ImageObject","inLanguage":"es-AR","@id":"https:\/\/nativainfo.com\/#\/schema\/logo\/image\/","url":"https:\/\/nativainfo.com\/wp-content\/uploads\/2025\/08\/LOGO-NATIVA-FACE.jpg","contentUrl":"https:\/\/nativainfo.com\/wp-content\/uploads\/2025\/08\/LOGO-NATIVA-FACE.jpg","width":400,"height":400,"caption":"Nativa Info"},"image":{"@id":"https:\/\/nativainfo.com\/#\/schema\/logo\/image\/"},"sameAs":["https:\/\/www.facebook.com\/profile.php?id=61578881597564"]},{"@type":"Person","@id":"https:\/\/nativainfo.com\/#\/schema\/person\/24893b64a9cd564ddb5d102d36eb4b5c","name":"Nativa Info","image":{"@type":"ImageObject","inLanguage":"es-AR","@id":"https:\/\/nativainfo.com\/#\/schema\/person\/image\/","url":"https:\/\/secure.gravatar.com\/avatar\/016fa1cf068d85136d938e1507b9b619cb766e2565cbb1faa1e571762460c785?s=96&d=mm&r=g","contentUrl":"https:\/\/secure.gravatar.com\/avatar\/016fa1cf068d85136d938e1507b9b619cb766e2565cbb1faa1e571762460c785?s=96&d=mm&r=g","caption":"Nativa Info"},"sameAs":["http:\/\/nativainfo.com"],"url":"https:\/\/nativainfo.com\/?author=1"}]}},"jetpack_publicize_connections":[],"_links":{"self":[{"href":"https:\/\/nativainfo.com\/index.php?rest_route=\/wp\/v2\/posts\/5195","targetHints":{"allow":["GET"]}}],"collection":[{"href":"https:\/\/nativainfo.com\/index.php?rest_route=\/wp\/v2\/posts"}],"about":[{"href":"https:\/\/nativainfo.com\/index.php?rest_route=\/wp\/v2\/types\/post"}],"author":[{"embeddable":true,"href":"https:\/\/nativainfo.com\/index.php?rest_route=\/wp\/v2\/users\/1"}],"replies":[{"embeddable":true,"href":"https:\/\/nativainfo.com\/index.php?rest_route=%2Fwp%2Fv2%2Fcomments&post=5195"}],"version-history":[{"count":1,"href":"https:\/\/nativainfo.com\/index.php?rest_route=\/wp\/v2\/posts\/5195\/revisions"}],"predecessor-version":[{"id":5198,"href":"https:\/\/nativainfo.com\/index.php?rest_route=\/wp\/v2\/posts\/5195\/revisions\/5198"}],"wp:attachment":[{"href":"https:\/\/nativainfo.com\/index.php?rest_route=%2Fwp%2Fv2%2Fmedia&parent=5195"}],"wp:term":[{"taxonomy":"category","embeddable":true,"href":"https:\/\/nativainfo.com\/index.php?rest_route=%2Fwp%2Fv2%2Fcategories&post=5195"},{"taxonomy":"post_tag","embeddable":true,"href":"https:\/\/nativainfo.com\/index.php?rest_route=%2Fwp%2Fv2%2Ftags&post=5195"}],"curies":[{"name":"wp","href":"https:\/\/api.w.org\/{rel}","templated":true}]}}