{"id":5174,"date":"2025-09-11T23:34:44","date_gmt":"2025-09-12T02:34:44","guid":{"rendered":"https:\/\/nativainfo.com\/?p=5174"},"modified":"2025-09-11T23:34:59","modified_gmt":"2025-09-12T02:34:59","slug":"quimsa-y-olimpico-ya-conocen-el-calendario-de-la-liga-nacional-2025-26","status":"publish","type":"post","link":"https:\/\/nativainfo.com\/?p=5174","title":{"rendered":"Quimsa y Ol\u00edmpico ya conocen el calendario de la Liga Nacional 2025\/26"},"content":{"rendered":"\n<figure class=\"wp-block-image size-full\"><img fetchpriority=\"high\" decoding=\"async\" width=\"1010\" height=\"567\" src=\"https:\/\/nativainfo.com\/wp-content\/uploads\/2025\/09\/imagen_2025-09-11_233424991.png\" alt=\"\" class=\"wp-image-5177\" srcset=\"https:\/\/nativainfo.com\/wp-content\/uploads\/2025\/09\/imagen_2025-09-11_233424991.png 1010w, https:\/\/nativainfo.com\/wp-content\/uploads\/2025\/09\/imagen_2025-09-11_233424991-300x168.png 300w, https:\/\/nativainfo.com\/wp-content\/uploads\/2025\/09\/imagen_2025-09-11_233424991-768x431.png 768w, https:\/\/nativainfo.com\/wp-content\/uploads\/2025\/09\/imagen_2025-09-11_233424991-623x350.png 623w, https:\/\/nativainfo.com\/wp-content\/uploads\/2025\/09\/imagen_2025-09-11_233424991-150x84.png 150w\" sizes=\"(max-width: 1010px) 100vw, 1010px\" \/><\/figure>\n\n\n\n<p>La Liga Nacional de B\u00e1squet 2025\/26 ya tiene fixture confirmado y los equipos santiague\u00f1os se alistan para una temporada intensa. El Departamento de Competencias de la Asociaci\u00f3n de Clubes (AdC) oficializ\u00f3 el calendario de la Fase Regular, que tendr\u00e1 36 partidos por equipo bajo el formato de todos contra todos. El debut del torneo ser\u00e1 el mi\u00e9rcoles 24 de septiembre en La Bombonerita, con el duelo Boca Juniors vs. Racing de Chivilcoy.<\/p>\n\n\n\n<p>Quimsa afrontar\u00e1 un a\u00f1o especial, ya que adem\u00e1s de la Liga Nacional competir\u00e1 en la Liga Sudamericana, donde representar\u00e1 al pa\u00eds junto a Regatas y Ober\u00e1. Esto obligar\u00e1 al equipo fusionado a dividir esfuerzos para mantenerse competitivo en el plano local e internacional.<\/p>\n\n\n\n<p>Ol\u00edmpico de La Banda, en cambio, concentrar\u00e1 toda su energ\u00eda en el certamen dom\u00e9stico con el objetivo de clasificar a los playoffs y volver a pelear entre los mejores. Al igual que en la \u00faltima edici\u00f3n, la postemporada se disputar\u00e1 al mejor de cinco juegos, salvo la Final, que ser\u00e1 al mejor de siete.<\/p>\n\n\n\n<p>El calendario tambi\u00e9n establece un receso de fin de a\u00f1o entre el 22 y 25 de diciembre y del 30 de diciembre al 5 de enero. La fase regular concluir\u00e1 el 19 de abril de 2026. Como novedad, al finalizar la primera rueda se jugar\u00e1 la renovada Copa Islas Malvinas, que reunir\u00e1 a los equipos mejor posicionados y aportar\u00e1 un atractivo adicional a la competencia.<\/p>\n\n\n\n<p>Con Quimsa en doble competencia y un Ol\u00edmpico decidido a dar batalla, Santiago del Estero volver\u00e1 a ser protagonista en una Liga Nacional que promete emociones hasta mayo, cuando se definan los campeones del b\u00e1squet argentino.<\/p>\n\n\n\n<p><\/p>\n","protected":false},"excerpt":{"rendered":"<p>La Liga Nacional de B\u00e1squet 2025\/26 ya tiene fixture confirmado y los equipos santiague\u00f1os se alistan para una temporada intensa&#8230;. <a class=\"continue-reading-link\" href=\"https:\/\/nativainfo.com\/?p=5174\">Continue reading<\/a><\/p>\n","protected":false},"author":1,"featured_media":0,"comment_status":"open","ping_status":"open","sticky":false,"template":"","format":"standard","meta":{"rop_custom_images_group":[],"rop_custom_messages_group":[],"rop_publish_now":"yes","rop_publish_now_accounts":[],"rop_publish_now_history":[],"rop_publish_now_status":"pending","footnotes":"","jetpack_publicize_message":"","jetpack_publicize_feature_enabled":true,"jetpack_social_post_already_shared":false,"jetpack_social_options":{"image_generator_settings":{"template":"highway","default_image_id":0,"font":"","enabled":false},"version":2}},"categories":[45,50],"tags":[],"class_list":["post-5174","post","type-post","status-publish","format-standard","hentry","category-basquet-2","category-lnb"],"yoast_head":"<!-- This site is optimized with the Yoast SEO plugin v25.6 - https:\/\/yoast.com\/wordpress\/plugins\/seo\/ -->\n<title>Quimsa y Ol\u00edmpico ya conocen el calendario de la Liga Nacional 2025\/26 - Nativa Info<\/title>\n<meta name=\"robots\" content=\"index, follow, max-snippet:-1, max-image-preview:large, max-video-preview:-1\" \/>\n<link rel=\"canonical\" href=\"https:\/\/nativainfo.com\/?p=5174\" \/>\n<meta property=\"og:locale\" content=\"es_ES\" \/>\n<meta property=\"og:type\" content=\"article\" \/>\n<meta property=\"og:title\" content=\"Quimsa y Ol\u00edmpico ya conocen el calendario de la Liga Nacional 2025\/26 - Nativa Info\" \/>\n<meta property=\"og:description\" content=\"La Liga Nacional de B\u00e1squet 2025\/26 ya tiene fixture confirmado y los equipos santiague\u00f1os se alistan para una temporada intensa.... Continue reading\" \/>\n<meta property=\"og:url\" content=\"https:\/\/nativainfo.com\/?p=5174\" \/>\n<meta property=\"og:site_name\" content=\"Nativa Info\" \/>\n<meta property=\"article:publisher\" content=\"https:\/\/www.facebook.com\/profile.php?id=61578881597564\" \/>\n<meta property=\"article:published_time\" content=\"2025-09-12T02:34:44+00:00\" \/>\n<meta property=\"article:modified_time\" content=\"2025-09-12T02:34:59+00:00\" \/>\n<meta property=\"og:image\" content=\"https:\/\/nativainfo.com\/wp-content\/uploads\/2025\/09\/imagen_2025-09-11_233424991.png\" \/>\n\t<meta property=\"og:image:width\" content=\"1010\" \/>\n\t<meta property=\"og:image:height\" content=\"567\" \/>\n\t<meta property=\"og:image:type\" content=\"image\/png\" \/>\n<meta name=\"author\" content=\"Nativa Info\" \/>\n<meta name=\"twitter:card\" content=\"summary_large_image\" \/>\n<meta name=\"twitter:label1\" content=\"Escrito por\" \/>\n\t<meta name=\"twitter:data1\" content=\"Nativa Info\" \/>\n\t<meta name=\"twitter:label2\" content=\"Tiempo de lectura\" \/>\n\t<meta name=\"twitter:data2\" content=\"2 minutos\" \/>\n<script type=\"application\/ld+json\" class=\"yoast-schema-graph\">{\"@context\":\"https:\/\/schema.org\",\"@graph\":[{\"@type\":\"Article\",\"@id\":\"https:\/\/nativainfo.com\/?p=5174#article\",\"isPartOf\":{\"@id\":\"https:\/\/nativainfo.com\/?p=5174\"},\"author\":{\"name\":\"Nativa Info\",\"@id\":\"https:\/\/nativainfo.com\/#\/schema\/person\/24893b64a9cd564ddb5d102d36eb4b5c\"},\"headline\":\"Quimsa y Ol\u00edmpico ya conocen el calendario de la Liga Nacional 2025\/26\",\"datePublished\":\"2025-09-12T02:34:44+00:00\",\"dateModified\":\"2025-09-12T02:34:59+00:00\",\"mainEntityOfPage\":{\"@id\":\"https:\/\/nativainfo.com\/?p=5174\"},\"wordCount\":288,\"commentCount\":0,\"publisher\":{\"@id\":\"https:\/\/nativainfo.com\/#organization\"},\"image\":{\"@id\":\"https:\/\/nativainfo.com\/?p=5174#primaryimage\"},\"thumbnailUrl\":\"https:\/\/nativainfo.com\/wp-content\/uploads\/2025\/09\/imagen_2025-09-11_233424991.png\",\"articleSection\":[\"B\u00e1squet\",\"LNB\"],\"inLanguage\":\"es-AR\",\"potentialAction\":[{\"@type\":\"CommentAction\",\"name\":\"Comment\",\"target\":[\"https:\/\/nativainfo.com\/?p=5174#respond\"]}]},{\"@type\":\"WebPage\",\"@id\":\"https:\/\/nativainfo.com\/?p=5174\",\"url\":\"https:\/\/nativainfo.com\/?p=5174\",\"name\":\"Quimsa y Ol\u00edmpico ya conocen el calendario de la Liga Nacional 2025\/26 - Nativa Info\",\"isPartOf\":{\"@id\":\"https:\/\/nativainfo.com\/#website\"},\"primaryImageOfPage\":{\"@id\":\"https:\/\/nativainfo.com\/?p=5174#primaryimage\"},\"image\":{\"@id\":\"https:\/\/nativainfo.com\/?p=5174#primaryimage\"},\"thumbnailUrl\":\"https:\/\/nativainfo.com\/wp-content\/uploads\/2025\/09\/imagen_2025-09-11_233424991.png\",\"datePublished\":\"2025-09-12T02:34:44+00:00\",\"dateModified\":\"2025-09-12T02:34:59+00:00\",\"breadcrumb\":{\"@id\":\"https:\/\/nativainfo.com\/?p=5174#breadcrumb\"},\"inLanguage\":\"es-AR\",\"potentialAction\":[{\"@type\":\"ReadAction\",\"target\":[\"https:\/\/nativainfo.com\/?p=5174\"]}]},{\"@type\":\"ImageObject\",\"inLanguage\":\"es-AR\",\"@id\":\"https:\/\/nativainfo.com\/?p=5174#primaryimage\",\"url\":\"https:\/\/nativainfo.com\/wp-content\/uploads\/2025\/09\/imagen_2025-09-11_233424991.png\",\"contentUrl\":\"https:\/\/nativainfo.com\/wp-content\/uploads\/2025\/09\/imagen_2025-09-11_233424991.png\",\"width\":1010,\"height\":567},{\"@type\":\"BreadcrumbList\",\"@id\":\"https:\/\/nativainfo.com\/?p=5174#breadcrumb\",\"itemListElement\":[{\"@type\":\"ListItem\",\"position\":1,\"name\":\"Inicio\",\"item\":\"https:\/\/nativainfo.com\/\"},{\"@type\":\"ListItem\",\"position\":2,\"name\":\"Quimsa y Ol\u00edmpico ya conocen el calendario de la Liga Nacional 2025\/26\"}]},{\"@type\":\"WebSite\",\"@id\":\"https:\/\/nativainfo.com\/#website\",\"url\":\"https:\/\/nativainfo.com\/\",\"name\":\"Nativa Info\",\"description\":\"Diario Digital\",\"publisher\":{\"@id\":\"https:\/\/nativainfo.com\/#organization\"},\"potentialAction\":[{\"@type\":\"SearchAction\",\"target\":{\"@type\":\"EntryPoint\",\"urlTemplate\":\"https:\/\/nativainfo.com\/?s={search_term_string}\"},\"query-input\":{\"@type\":\"PropertyValueSpecification\",\"valueRequired\":true,\"valueName\":\"search_term_string\"}}],\"inLanguage\":\"es-AR\"},{\"@type\":\"Organization\",\"@id\":\"https:\/\/nativainfo.com\/#organization\",\"name\":\"Nativa Info\",\"url\":\"https:\/\/nativainfo.com\/\",\"logo\":{\"@type\":\"ImageObject\",\"inLanguage\":\"es-AR\",\"@id\":\"https:\/\/nativainfo.com\/#\/schema\/logo\/image\/\",\"url\":\"https:\/\/nativainfo.com\/wp-content\/uploads\/2025\/08\/LOGO-NATIVA-FACE.jpg\",\"contentUrl\":\"https:\/\/nativainfo.com\/wp-content\/uploads\/2025\/08\/LOGO-NATIVA-FACE.jpg\",\"width\":400,\"height\":400,\"caption\":\"Nativa Info\"},\"image\":{\"@id\":\"https:\/\/nativainfo.com\/#\/schema\/logo\/image\/\"},\"sameAs\":[\"https:\/\/www.facebook.com\/profile.php?id=61578881597564\"]},{\"@type\":\"Person\",\"@id\":\"https:\/\/nativainfo.com\/#\/schema\/person\/24893b64a9cd564ddb5d102d36eb4b5c\",\"name\":\"Nativa Info\",\"image\":{\"@type\":\"ImageObject\",\"inLanguage\":\"es-AR\",\"@id\":\"https:\/\/nativainfo.com\/#\/schema\/person\/image\/\",\"url\":\"https:\/\/secure.gravatar.com\/avatar\/016fa1cf068d85136d938e1507b9b619cb766e2565cbb1faa1e571762460c785?s=96&d=mm&r=g\",\"contentUrl\":\"https:\/\/secure.gravatar.com\/avatar\/016fa1cf068d85136d938e1507b9b619cb766e2565cbb1faa1e571762460c785?s=96&d=mm&r=g\",\"caption\":\"Nativa Info\"},\"sameAs\":[\"http:\/\/nativainfo.com\"],\"url\":\"https:\/\/nativainfo.com\/?author=1\"}]}<\/script>\n<!-- \/ Yoast SEO plugin. -->","yoast_head_json":{"title":"Quimsa y Ol\u00edmpico ya conocen el calendario de la Liga Nacional 2025\/26 - Nativa Info","robots":{"index":"index","follow":"follow","max-snippet":"max-snippet:-1","max-image-preview":"max-image-preview:large","max-video-preview":"max-video-preview:-1"},"canonical":"https:\/\/nativainfo.com\/?p=5174","og_locale":"es_ES","og_type":"article","og_title":"Quimsa y Ol\u00edmpico ya conocen el calendario de la Liga Nacional 2025\/26 - Nativa Info","og_description":"La Liga Nacional de B\u00e1squet 2025\/26 ya tiene fixture confirmado y los equipos santiague\u00f1os se alistan para una temporada intensa.... Continue reading","og_url":"https:\/\/nativainfo.com\/?p=5174","og_site_name":"Nativa Info","article_publisher":"https:\/\/www.facebook.com\/profile.php?id=61578881597564","article_published_time":"2025-09-12T02:34:44+00:00","article_modified_time":"2025-09-12T02:34:59+00:00","og_image":[{"width":1010,"height":567,"url":"https:\/\/nativainfo.com\/wp-content\/uploads\/2025\/09\/imagen_2025-09-11_233424991.png","type":"image\/png"}],"author":"Nativa Info","twitter_card":"summary_large_image","twitter_misc":{"Escrito por":"Nativa Info","Tiempo de lectura":"2 minutos"},"schema":{"@context":"https:\/\/schema.org","@graph":[{"@type":"Article","@id":"https:\/\/nativainfo.com\/?p=5174#article","isPartOf":{"@id":"https:\/\/nativainfo.com\/?p=5174"},"author":{"name":"Nativa Info","@id":"https:\/\/nativainfo.com\/#\/schema\/person\/24893b64a9cd564ddb5d102d36eb4b5c"},"headline":"Quimsa y Ol\u00edmpico ya conocen el calendario de la Liga Nacional 2025\/26","datePublished":"2025-09-12T02:34:44+00:00","dateModified":"2025-09-12T02:34:59+00:00","mainEntityOfPage":{"@id":"https:\/\/nativainfo.com\/?p=5174"},"wordCount":288,"commentCount":0,"publisher":{"@id":"https:\/\/nativainfo.com\/#organization"},"image":{"@id":"https:\/\/nativainfo.com\/?p=5174#primaryimage"},"thumbnailUrl":"https:\/\/nativainfo.com\/wp-content\/uploads\/2025\/09\/imagen_2025-09-11_233424991.png","articleSection":["B\u00e1squet","LNB"],"inLanguage":"es-AR","potentialAction":[{"@type":"CommentAction","name":"Comment","target":["https:\/\/nativainfo.com\/?p=5174#respond"]}]},{"@type":"WebPage","@id":"https:\/\/nativainfo.com\/?p=5174","url":"https:\/\/nativainfo.com\/?p=5174","name":"Quimsa y Ol\u00edmpico ya conocen el calendario de la Liga Nacional 2025\/26 - Nativa Info","isPartOf":{"@id":"https:\/\/nativainfo.com\/#website"},"primaryImageOfPage":{"@id":"https:\/\/nativainfo.com\/?p=5174#primaryimage"},"image":{"@id":"https:\/\/nativainfo.com\/?p=5174#primaryimage"},"thumbnailUrl":"https:\/\/nativainfo.com\/wp-content\/uploads\/2025\/09\/imagen_2025-09-11_233424991.png","datePublished":"2025-09-12T02:34:44+00:00","dateModified":"2025-09-12T02:34:59+00:00","breadcrumb":{"@id":"https:\/\/nativainfo.com\/?p=5174#breadcrumb"},"inLanguage":"es-AR","potentialAction":[{"@type":"ReadAction","target":["https:\/\/nativainfo.com\/?p=5174"]}]},{"@type":"ImageObject","inLanguage":"es-AR","@id":"https:\/\/nativainfo.com\/?p=5174#primaryimage","url":"https:\/\/nativainfo.com\/wp-content\/uploads\/2025\/09\/imagen_2025-09-11_233424991.png","contentUrl":"https:\/\/nativainfo.com\/wp-content\/uploads\/2025\/09\/imagen_2025-09-11_233424991.png","width":1010,"height":567},{"@type":"BreadcrumbList","@id":"https:\/\/nativainfo.com\/?p=5174#breadcrumb","itemListElement":[{"@type":"ListItem","position":1,"name":"Inicio","item":"https:\/\/nativainfo.com\/"},{"@type":"ListItem","position":2,"name":"Quimsa y Ol\u00edmpico ya conocen el calendario de la Liga Nacional 2025\/26"}]},{"@type":"WebSite","@id":"https:\/\/nativainfo.com\/#website","url":"https:\/\/nativainfo.com\/","name":"Nativa Info","description":"Diario Digital","publisher":{"@id":"https:\/\/nativainfo.com\/#organization"},"potentialAction":[{"@type":"SearchAction","target":{"@type":"EntryPoint","urlTemplate":"https:\/\/nativainfo.com\/?s={search_term_string}"},"query-input":{"@type":"PropertyValueSpecification","valueRequired":true,"valueName":"search_term_string"}}],"inLanguage":"es-AR"},{"@type":"Organization","@id":"https:\/\/nativainfo.com\/#organization","name":"Nativa Info","url":"https:\/\/nativainfo.com\/","logo":{"@type":"ImageObject","inLanguage":"es-AR","@id":"https:\/\/nativainfo.com\/#\/schema\/logo\/image\/","url":"https:\/\/nativainfo.com\/wp-content\/uploads\/2025\/08\/LOGO-NATIVA-FACE.jpg","contentUrl":"https:\/\/nativainfo.com\/wp-content\/uploads\/2025\/08\/LOGO-NATIVA-FACE.jpg","width":400,"height":400,"caption":"Nativa Info"},"image":{"@id":"https:\/\/nativainfo.com\/#\/schema\/logo\/image\/"},"sameAs":["https:\/\/www.facebook.com\/profile.php?id=61578881597564"]},{"@type":"Person","@id":"https:\/\/nativainfo.com\/#\/schema\/person\/24893b64a9cd564ddb5d102d36eb4b5c","name":"Nativa Info","image":{"@type":"ImageObject","inLanguage":"es-AR","@id":"https:\/\/nativainfo.com\/#\/schema\/person\/image\/","url":"https:\/\/secure.gravatar.com\/avatar\/016fa1cf068d85136d938e1507b9b619cb766e2565cbb1faa1e571762460c785?s=96&d=mm&r=g","contentUrl":"https:\/\/secure.gravatar.com\/avatar\/016fa1cf068d85136d938e1507b9b619cb766e2565cbb1faa1e571762460c785?s=96&d=mm&r=g","caption":"Nativa Info"},"sameAs":["http:\/\/nativainfo.com"],"url":"https:\/\/nativainfo.com\/?author=1"}]}},"jetpack_publicize_connections":[],"_links":{"self":[{"href":"https:\/\/nativainfo.com\/index.php?rest_route=\/wp\/v2\/posts\/5174","targetHints":{"allow":["GET"]}}],"collection":[{"href":"https:\/\/nativainfo.com\/index.php?rest_route=\/wp\/v2\/posts"}],"about":[{"href":"https:\/\/nativainfo.com\/index.php?rest_route=\/wp\/v2\/types\/post"}],"author":[{"embeddable":true,"href":"https:\/\/nativainfo.com\/index.php?rest_route=\/wp\/v2\/users\/1"}],"replies":[{"embeddable":true,"href":"https:\/\/nativainfo.com\/index.php?rest_route=%2Fwp%2Fv2%2Fcomments&post=5174"}],"version-history":[{"count":2,"href":"https:\/\/nativainfo.com\/index.php?rest_route=\/wp\/v2\/posts\/5174\/revisions"}],"predecessor-version":[{"id":5179,"href":"https:\/\/nativainfo.com\/index.php?rest_route=\/wp\/v2\/posts\/5174\/revisions\/5179"}],"wp:attachment":[{"href":"https:\/\/nativainfo.com\/index.php?rest_route=%2Fwp%2Fv2%2Fmedia&parent=5174"}],"wp:term":[{"taxonomy":"category","embeddable":true,"href":"https:\/\/nativainfo.com\/index.php?rest_route=%2Fwp%2Fv2%2Fcategories&post=5174"},{"taxonomy":"post_tag","embeddable":true,"href":"https:\/\/nativainfo.com\/index.php?rest_route=%2Fwp%2Fv2%2Ftags&post=5174"}],"curies":[{"name":"wp","href":"https:\/\/api.w.org\/{rel}","templated":true}]}}