{"id":5170,"date":"2025-09-11T02:01:10","date_gmt":"2025-09-11T05:01:10","guid":{"rendered":"https:\/\/nativainfo.com\/?p=5170"},"modified":"2025-09-11T02:01:11","modified_gmt":"2025-09-11T05:01:11","slug":"convocan-a-paro-nacional-en-universidades-contra-el-veto-de-milei-a-la-ley-de-financiamiento","status":"publish","type":"post","link":"https:\/\/nativainfo.com\/?p=5170","title":{"rendered":"Convocan a paro nacional en universidades contra el veto de Milei a la ley de financiamiento"},"content":{"rendered":"\n<figure class=\"wp-block-image size-full\"><img fetchpriority=\"high\" decoding=\"async\" width=\"1010\" height=\"567\" src=\"https:\/\/nativainfo.com\/wp-content\/uploads\/2025\/09\/imagen_2025-09-11_020051632.png\" alt=\"\" class=\"wp-image-5171\" srcset=\"https:\/\/nativainfo.com\/wp-content\/uploads\/2025\/09\/imagen_2025-09-11_020051632.png 1010w, https:\/\/nativainfo.com\/wp-content\/uploads\/2025\/09\/imagen_2025-09-11_020051632-300x168.png 300w, https:\/\/nativainfo.com\/wp-content\/uploads\/2025\/09\/imagen_2025-09-11_020051632-768x431.png 768w, https:\/\/nativainfo.com\/wp-content\/uploads\/2025\/09\/imagen_2025-09-11_020051632-623x350.png 623w, https:\/\/nativainfo.com\/wp-content\/uploads\/2025\/09\/imagen_2025-09-11_020051632-150x84.png 150w\" sizes=\"(max-width: 1010px) 100vw, 1010px\" \/><\/figure>\n\n\n\n<p>La Federaci\u00f3n de Docentes de las Universidades Nacionales (FEDUN) anunci\u00f3 un paro de 24 horas para este viernes 12 de septiembre en rechazo al veto del presidente Javier Milei a la ley de financiamiento universitario. La medida se suma a otras acciones que buscan visibilizar la crisis presupuestaria que atraviesa el sistema de educaci\u00f3n superior.<\/p>\n\n\n\n<p>Desde FEDUN informaron que la convocatoria fue acordada junto al Frente Sindical Universitario y adelantaron que habr\u00e1 una nueva Marcha Federal el d\u00eda en que el Congreso trate el veto presidencial.<\/p>\n\n\n\n<p>En un comunicado, el gremio advirti\u00f3 sobre el deterioro de los salarios docentes, el d\u00e9ficit presupuestario y el riesgo para el normal funcionamiento de las universidades. \u201cEl Gobierno sigue sin escuchar el reclamo de la sociedad por la educaci\u00f3n p\u00fablica\u201d, expresaron.<\/p>\n\n\n\n<p>El secretario general de FEDUN, Daniel Ricci, remarc\u00f3 el compromiso de los trabajadores para sostener la calidad de la universidad p\u00fablica, pero alert\u00f3 que \u201cel a\u00f1o pasado los docentes perdimos m\u00e1s del 50% del poder adquisitivo frente a la inflaci\u00f3n, y este a\u00f1o seguimos quedando atr\u00e1s con los aumentos\u201d.<\/p>\n","protected":false},"excerpt":{"rendered":"<p>La Federaci\u00f3n de Docentes de las Universidades Nacionales (FEDUN) anunci\u00f3 un paro de 24 horas para este viernes 12 de&#8230; <a class=\"continue-reading-link\" href=\"https:\/\/nativainfo.com\/?p=5170\">Continue reading<\/a><\/p>\n","protected":false},"author":1,"featured_media":0,"comment_status":"open","ping_status":"open","sticky":false,"template":"","format":"standard","meta":{"rop_custom_images_group":[],"rop_custom_messages_group":[],"rop_publish_now":"yes","rop_publish_now_accounts":[],"rop_publish_now_history":[],"rop_publish_now_status":"pending","footnotes":"","jetpack_publicize_message":"","jetpack_publicize_feature_enabled":true,"jetpack_social_post_already_shared":false,"jetpack_social_options":{"image_generator_settings":{"template":"highway","default_image_id":0,"font":"","enabled":false},"version":2}},"categories":[24],"tags":[],"class_list":["post-5170","post","type-post","status-publish","format-standard","hentry","category-educacion"],"yoast_head":"<!-- This site is optimized with the Yoast SEO plugin v25.6 - https:\/\/yoast.com\/wordpress\/plugins\/seo\/ -->\n<title>Convocan a paro nacional en universidades contra el veto de Milei a la ley de financiamiento - Nativa Info<\/title>\n<meta name=\"robots\" content=\"index, follow, max-snippet:-1, max-image-preview:large, max-video-preview:-1\" \/>\n<link rel=\"canonical\" href=\"https:\/\/nativainfo.com\/?p=5170\" \/>\n<meta property=\"og:locale\" content=\"es_ES\" \/>\n<meta property=\"og:type\" content=\"article\" \/>\n<meta property=\"og:title\" content=\"Convocan a paro nacional en universidades contra el veto de Milei a la ley de financiamiento - Nativa Info\" \/>\n<meta property=\"og:description\" content=\"La Federaci\u00f3n de Docentes de las Universidades Nacionales (FEDUN) anunci\u00f3 un paro de 24 horas para este viernes 12 de... Continue reading\" \/>\n<meta property=\"og:url\" content=\"https:\/\/nativainfo.com\/?p=5170\" \/>\n<meta property=\"og:site_name\" content=\"Nativa Info\" \/>\n<meta property=\"article:publisher\" content=\"https:\/\/www.facebook.com\/profile.php?id=61578881597564\" \/>\n<meta property=\"article:published_time\" content=\"2025-09-11T05:01:10+00:00\" \/>\n<meta property=\"article:modified_time\" content=\"2025-09-11T05:01:11+00:00\" \/>\n<meta property=\"og:image\" content=\"https:\/\/nativainfo.com\/wp-content\/uploads\/2025\/09\/imagen_2025-09-11_020051632.png\" \/>\n\t<meta property=\"og:image:width\" content=\"1010\" \/>\n\t<meta property=\"og:image:height\" content=\"567\" \/>\n\t<meta property=\"og:image:type\" content=\"image\/png\" \/>\n<meta name=\"author\" content=\"Nativa Info\" \/>\n<meta name=\"twitter:card\" content=\"summary_large_image\" \/>\n<meta name=\"twitter:label1\" content=\"Escrito por\" \/>\n\t<meta name=\"twitter:data1\" content=\"Nativa Info\" \/>\n\t<meta name=\"twitter:label2\" content=\"Tiempo de lectura\" \/>\n\t<meta name=\"twitter:data2\" content=\"2 minutos\" \/>\n<script type=\"application\/ld+json\" class=\"yoast-schema-graph\">{\"@context\":\"https:\/\/schema.org\",\"@graph\":[{\"@type\":\"Article\",\"@id\":\"https:\/\/nativainfo.com\/?p=5170#article\",\"isPartOf\":{\"@id\":\"https:\/\/nativainfo.com\/?p=5170\"},\"author\":{\"name\":\"Nativa Info\",\"@id\":\"https:\/\/nativainfo.com\/#\/schema\/person\/24893b64a9cd564ddb5d102d36eb4b5c\"},\"headline\":\"Convocan a paro nacional en universidades contra el veto de Milei a la ley de financiamiento\",\"datePublished\":\"2025-09-11T05:01:10+00:00\",\"dateModified\":\"2025-09-11T05:01:11+00:00\",\"mainEntityOfPage\":{\"@id\":\"https:\/\/nativainfo.com\/?p=5170\"},\"wordCount\":201,\"commentCount\":0,\"publisher\":{\"@id\":\"https:\/\/nativainfo.com\/#organization\"},\"image\":{\"@id\":\"https:\/\/nativainfo.com\/?p=5170#primaryimage\"},\"thumbnailUrl\":\"https:\/\/nativainfo.com\/wp-content\/uploads\/2025\/09\/imagen_2025-09-11_020051632.png\",\"articleSection\":[\"Educaci\u00f3n\"],\"inLanguage\":\"es-AR\",\"potentialAction\":[{\"@type\":\"CommentAction\",\"name\":\"Comment\",\"target\":[\"https:\/\/nativainfo.com\/?p=5170#respond\"]}]},{\"@type\":\"WebPage\",\"@id\":\"https:\/\/nativainfo.com\/?p=5170\",\"url\":\"https:\/\/nativainfo.com\/?p=5170\",\"name\":\"Convocan a paro nacional en universidades contra el veto de Milei a la ley de financiamiento - Nativa Info\",\"isPartOf\":{\"@id\":\"https:\/\/nativainfo.com\/#website\"},\"primaryImageOfPage\":{\"@id\":\"https:\/\/nativainfo.com\/?p=5170#primaryimage\"},\"image\":{\"@id\":\"https:\/\/nativainfo.com\/?p=5170#primaryimage\"},\"thumbnailUrl\":\"https:\/\/nativainfo.com\/wp-content\/uploads\/2025\/09\/imagen_2025-09-11_020051632.png\",\"datePublished\":\"2025-09-11T05:01:10+00:00\",\"dateModified\":\"2025-09-11T05:01:11+00:00\",\"breadcrumb\":{\"@id\":\"https:\/\/nativainfo.com\/?p=5170#breadcrumb\"},\"inLanguage\":\"es-AR\",\"potentialAction\":[{\"@type\":\"ReadAction\",\"target\":[\"https:\/\/nativainfo.com\/?p=5170\"]}]},{\"@type\":\"ImageObject\",\"inLanguage\":\"es-AR\",\"@id\":\"https:\/\/nativainfo.com\/?p=5170#primaryimage\",\"url\":\"https:\/\/nativainfo.com\/wp-content\/uploads\/2025\/09\/imagen_2025-09-11_020051632.png\",\"contentUrl\":\"https:\/\/nativainfo.com\/wp-content\/uploads\/2025\/09\/imagen_2025-09-11_020051632.png\",\"width\":1010,\"height\":567},{\"@type\":\"BreadcrumbList\",\"@id\":\"https:\/\/nativainfo.com\/?p=5170#breadcrumb\",\"itemListElement\":[{\"@type\":\"ListItem\",\"position\":1,\"name\":\"Inicio\",\"item\":\"https:\/\/nativainfo.com\/\"},{\"@type\":\"ListItem\",\"position\":2,\"name\":\"Convocan a paro nacional en universidades contra el veto de Milei a la ley de financiamiento\"}]},{\"@type\":\"WebSite\",\"@id\":\"https:\/\/nativainfo.com\/#website\",\"url\":\"https:\/\/nativainfo.com\/\",\"name\":\"Nativa Info\",\"description\":\"Diario Digital\",\"publisher\":{\"@id\":\"https:\/\/nativainfo.com\/#organization\"},\"potentialAction\":[{\"@type\":\"SearchAction\",\"target\":{\"@type\":\"EntryPoint\",\"urlTemplate\":\"https:\/\/nativainfo.com\/?s={search_term_string}\"},\"query-input\":{\"@type\":\"PropertyValueSpecification\",\"valueRequired\":true,\"valueName\":\"search_term_string\"}}],\"inLanguage\":\"es-AR\"},{\"@type\":\"Organization\",\"@id\":\"https:\/\/nativainfo.com\/#organization\",\"name\":\"Nativa Info\",\"url\":\"https:\/\/nativainfo.com\/\",\"logo\":{\"@type\":\"ImageObject\",\"inLanguage\":\"es-AR\",\"@id\":\"https:\/\/nativainfo.com\/#\/schema\/logo\/image\/\",\"url\":\"https:\/\/nativainfo.com\/wp-content\/uploads\/2025\/08\/LOGO-NATIVA-FACE.jpg\",\"contentUrl\":\"https:\/\/nativainfo.com\/wp-content\/uploads\/2025\/08\/LOGO-NATIVA-FACE.jpg\",\"width\":400,\"height\":400,\"caption\":\"Nativa Info\"},\"image\":{\"@id\":\"https:\/\/nativainfo.com\/#\/schema\/logo\/image\/\"},\"sameAs\":[\"https:\/\/www.facebook.com\/profile.php?id=61578881597564\"]},{\"@type\":\"Person\",\"@id\":\"https:\/\/nativainfo.com\/#\/schema\/person\/24893b64a9cd564ddb5d102d36eb4b5c\",\"name\":\"Nativa Info\",\"image\":{\"@type\":\"ImageObject\",\"inLanguage\":\"es-AR\",\"@id\":\"https:\/\/nativainfo.com\/#\/schema\/person\/image\/\",\"url\":\"https:\/\/secure.gravatar.com\/avatar\/016fa1cf068d85136d938e1507b9b619cb766e2565cbb1faa1e571762460c785?s=96&d=mm&r=g\",\"contentUrl\":\"https:\/\/secure.gravatar.com\/avatar\/016fa1cf068d85136d938e1507b9b619cb766e2565cbb1faa1e571762460c785?s=96&d=mm&r=g\",\"caption\":\"Nativa Info\"},\"sameAs\":[\"http:\/\/nativainfo.com\"],\"url\":\"https:\/\/nativainfo.com\/?author=1\"}]}<\/script>\n<!-- \/ Yoast SEO plugin. -->","yoast_head_json":{"title":"Convocan a paro nacional en universidades contra el veto de Milei a la ley de financiamiento - Nativa Info","robots":{"index":"index","follow":"follow","max-snippet":"max-snippet:-1","max-image-preview":"max-image-preview:large","max-video-preview":"max-video-preview:-1"},"canonical":"https:\/\/nativainfo.com\/?p=5170","og_locale":"es_ES","og_type":"article","og_title":"Convocan a paro nacional en universidades contra el veto de Milei a la ley de financiamiento - Nativa Info","og_description":"La Federaci\u00f3n de Docentes de las Universidades Nacionales (FEDUN) anunci\u00f3 un paro de 24 horas para este viernes 12 de... Continue reading","og_url":"https:\/\/nativainfo.com\/?p=5170","og_site_name":"Nativa Info","article_publisher":"https:\/\/www.facebook.com\/profile.php?id=61578881597564","article_published_time":"2025-09-11T05:01:10+00:00","article_modified_time":"2025-09-11T05:01:11+00:00","og_image":[{"width":1010,"height":567,"url":"https:\/\/nativainfo.com\/wp-content\/uploads\/2025\/09\/imagen_2025-09-11_020051632.png","type":"image\/png"}],"author":"Nativa Info","twitter_card":"summary_large_image","twitter_misc":{"Escrito por":"Nativa Info","Tiempo de lectura":"2 minutos"},"schema":{"@context":"https:\/\/schema.org","@graph":[{"@type":"Article","@id":"https:\/\/nativainfo.com\/?p=5170#article","isPartOf":{"@id":"https:\/\/nativainfo.com\/?p=5170"},"author":{"name":"Nativa Info","@id":"https:\/\/nativainfo.com\/#\/schema\/person\/24893b64a9cd564ddb5d102d36eb4b5c"},"headline":"Convocan a paro nacional en universidades contra el veto de Milei a la ley de financiamiento","datePublished":"2025-09-11T05:01:10+00:00","dateModified":"2025-09-11T05:01:11+00:00","mainEntityOfPage":{"@id":"https:\/\/nativainfo.com\/?p=5170"},"wordCount":201,"commentCount":0,"publisher":{"@id":"https:\/\/nativainfo.com\/#organization"},"image":{"@id":"https:\/\/nativainfo.com\/?p=5170#primaryimage"},"thumbnailUrl":"https:\/\/nativainfo.com\/wp-content\/uploads\/2025\/09\/imagen_2025-09-11_020051632.png","articleSection":["Educaci\u00f3n"],"inLanguage":"es-AR","potentialAction":[{"@type":"CommentAction","name":"Comment","target":["https:\/\/nativainfo.com\/?p=5170#respond"]}]},{"@type":"WebPage","@id":"https:\/\/nativainfo.com\/?p=5170","url":"https:\/\/nativainfo.com\/?p=5170","name":"Convocan a paro nacional en universidades contra el veto de Milei a la ley de financiamiento - Nativa Info","isPartOf":{"@id":"https:\/\/nativainfo.com\/#website"},"primaryImageOfPage":{"@id":"https:\/\/nativainfo.com\/?p=5170#primaryimage"},"image":{"@id":"https:\/\/nativainfo.com\/?p=5170#primaryimage"},"thumbnailUrl":"https:\/\/nativainfo.com\/wp-content\/uploads\/2025\/09\/imagen_2025-09-11_020051632.png","datePublished":"2025-09-11T05:01:10+00:00","dateModified":"2025-09-11T05:01:11+00:00","breadcrumb":{"@id":"https:\/\/nativainfo.com\/?p=5170#breadcrumb"},"inLanguage":"es-AR","potentialAction":[{"@type":"ReadAction","target":["https:\/\/nativainfo.com\/?p=5170"]}]},{"@type":"ImageObject","inLanguage":"es-AR","@id":"https:\/\/nativainfo.com\/?p=5170#primaryimage","url":"https:\/\/nativainfo.com\/wp-content\/uploads\/2025\/09\/imagen_2025-09-11_020051632.png","contentUrl":"https:\/\/nativainfo.com\/wp-content\/uploads\/2025\/09\/imagen_2025-09-11_020051632.png","width":1010,"height":567},{"@type":"BreadcrumbList","@id":"https:\/\/nativainfo.com\/?p=5170#breadcrumb","itemListElement":[{"@type":"ListItem","position":1,"name":"Inicio","item":"https:\/\/nativainfo.com\/"},{"@type":"ListItem","position":2,"name":"Convocan a paro nacional en universidades contra el veto de Milei a la ley de financiamiento"}]},{"@type":"WebSite","@id":"https:\/\/nativainfo.com\/#website","url":"https:\/\/nativainfo.com\/","name":"Nativa Info","description":"Diario Digital","publisher":{"@id":"https:\/\/nativainfo.com\/#organization"},"potentialAction":[{"@type":"SearchAction","target":{"@type":"EntryPoint","urlTemplate":"https:\/\/nativainfo.com\/?s={search_term_string}"},"query-input":{"@type":"PropertyValueSpecification","valueRequired":true,"valueName":"search_term_string"}}],"inLanguage":"es-AR"},{"@type":"Organization","@id":"https:\/\/nativainfo.com\/#organization","name":"Nativa Info","url":"https:\/\/nativainfo.com\/","logo":{"@type":"ImageObject","inLanguage":"es-AR","@id":"https:\/\/nativainfo.com\/#\/schema\/logo\/image\/","url":"https:\/\/nativainfo.com\/wp-content\/uploads\/2025\/08\/LOGO-NATIVA-FACE.jpg","contentUrl":"https:\/\/nativainfo.com\/wp-content\/uploads\/2025\/08\/LOGO-NATIVA-FACE.jpg","width":400,"height":400,"caption":"Nativa Info"},"image":{"@id":"https:\/\/nativainfo.com\/#\/schema\/logo\/image\/"},"sameAs":["https:\/\/www.facebook.com\/profile.php?id=61578881597564"]},{"@type":"Person","@id":"https:\/\/nativainfo.com\/#\/schema\/person\/24893b64a9cd564ddb5d102d36eb4b5c","name":"Nativa Info","image":{"@type":"ImageObject","inLanguage":"es-AR","@id":"https:\/\/nativainfo.com\/#\/schema\/person\/image\/","url":"https:\/\/secure.gravatar.com\/avatar\/016fa1cf068d85136d938e1507b9b619cb766e2565cbb1faa1e571762460c785?s=96&d=mm&r=g","contentUrl":"https:\/\/secure.gravatar.com\/avatar\/016fa1cf068d85136d938e1507b9b619cb766e2565cbb1faa1e571762460c785?s=96&d=mm&r=g","caption":"Nativa Info"},"sameAs":["http:\/\/nativainfo.com"],"url":"https:\/\/nativainfo.com\/?author=1"}]}},"jetpack_publicize_connections":[],"_links":{"self":[{"href":"https:\/\/nativainfo.com\/index.php?rest_route=\/wp\/v2\/posts\/5170","targetHints":{"allow":["GET"]}}],"collection":[{"href":"https:\/\/nativainfo.com\/index.php?rest_route=\/wp\/v2\/posts"}],"about":[{"href":"https:\/\/nativainfo.com\/index.php?rest_route=\/wp\/v2\/types\/post"}],"author":[{"embeddable":true,"href":"https:\/\/nativainfo.com\/index.php?rest_route=\/wp\/v2\/users\/1"}],"replies":[{"embeddable":true,"href":"https:\/\/nativainfo.com\/index.php?rest_route=%2Fwp%2Fv2%2Fcomments&post=5170"}],"version-history":[{"count":1,"href":"https:\/\/nativainfo.com\/index.php?rest_route=\/wp\/v2\/posts\/5170\/revisions"}],"predecessor-version":[{"id":5172,"href":"https:\/\/nativainfo.com\/index.php?rest_route=\/wp\/v2\/posts\/5170\/revisions\/5172"}],"wp:attachment":[{"href":"https:\/\/nativainfo.com\/index.php?rest_route=%2Fwp%2Fv2%2Fmedia&parent=5170"}],"wp:term":[{"taxonomy":"category","embeddable":true,"href":"https:\/\/nativainfo.com\/index.php?rest_route=%2Fwp%2Fv2%2Fcategories&post=5170"},{"taxonomy":"post_tag","embeddable":true,"href":"https:\/\/nativainfo.com\/index.php?rest_route=%2Fwp%2Fv2%2Ftags&post=5170"}],"curies":[{"name":"wp","href":"https:\/\/api.w.org\/{rel}","templated":true}]}}