{"id":5154,"date":"2025-09-08T20:11:38","date_gmt":"2025-09-08T23:11:38","guid":{"rendered":"https:\/\/nativainfo.com\/?p=5154"},"modified":"2025-09-08T20:11:38","modified_gmt":"2025-09-08T23:11:38","slug":"el-plantel-de-independiente-se-pronuncio-tras-la-sancion-de-conmebol-aca-perdio-el-futbol","status":"publish","type":"post","link":"https:\/\/nativainfo.com\/?p=5154","title":{"rendered":"El plantel de Independiente se pronunci\u00f3 tras la sanci\u00f3n de CONMEBOL: \u201cAc\u00e1 perdi\u00f3 el f\u00fatbol\u201d"},"content":{"rendered":"\n<figure class=\"wp-block-image size-large\"><img fetchpriority=\"high\" decoding=\"async\" width=\"1024\" height=\"575\" src=\"https:\/\/nativainfo.com\/wp-content\/uploads\/2025\/09\/imagen_2025-09-08_201128226-1024x575.png\" alt=\"\" class=\"wp-image-5157\" srcset=\"https:\/\/nativainfo.com\/wp-content\/uploads\/2025\/09\/imagen_2025-09-08_201128226-1024x575.png 1024w, https:\/\/nativainfo.com\/wp-content\/uploads\/2025\/09\/imagen_2025-09-08_201128226-300x169.png 300w, https:\/\/nativainfo.com\/wp-content\/uploads\/2025\/09\/imagen_2025-09-08_201128226-768x432.png 768w, https:\/\/nativainfo.com\/wp-content\/uploads\/2025\/09\/imagen_2025-09-08_201128226-623x350.png 623w, https:\/\/nativainfo.com\/wp-content\/uploads\/2025\/09\/imagen_2025-09-08_201128226-150x84.png 150w, https:\/\/nativainfo.com\/wp-content\/uploads\/2025\/09\/imagen_2025-09-08_201128226.png 1276w\" sizes=\"(max-width: 1024px) 100vw, 1024px\" \/><\/figure>\n\n\n\n<p>Luego de la decisi\u00f3n de la CONMEBOL de descalificar al club por los incidentes en el partido ante Universidad de Chile por la Copa Sudamericana, los jugadores de Independiente difundieron un mensaje conjunto.<\/p>\n\n\n\n<p>El comunicado, de poco m\u00e1s de cuatro minutos, fue encabezado por Rodrigo Rey, Iv\u00e1n Marcone y Federico Mancuello, referentes del equipo, acompa\u00f1ados por el resto del plantel. Los \u00fanicos ausentes fueron Felipe Loyola, Luciano Cabral, Gabriel \u00c1valos y Lautaro Mill\u00e1n, convocados por sus selecciones.<\/p>\n\n\n\n<p>Sin la presencia del DT Julio Vaccari ni de dirigentes, los futbolistas eligieron expresarse por s\u00ed mismos. <em>\u201cEstamos hoy reunidos como equipo atravesando, al igual que nuestros hinchas, el mismo sentimiento de dolor e injusticia\u201d<\/em>, se\u00f1al\u00f3 el capit\u00e1n Rey.<\/p>\n","protected":false},"excerpt":{"rendered":"<p>Luego de la decisi\u00f3n de la CONMEBOL de descalificar al club por los incidentes en el partido ante Universidad de&#8230; <a class=\"continue-reading-link\" href=\"https:\/\/nativainfo.com\/?p=5154\">Continue reading<\/a><\/p>\n","protected":false},"author":1,"featured_media":5157,"comment_status":"open","ping_status":"open","sticky":false,"template":"","format":"standard","meta":{"rop_custom_images_group":[],"rop_custom_messages_group":[],"rop_publish_now":"yes","rop_publish_now_accounts":[],"rop_publish_now_history":[],"rop_publish_now_status":"pending","footnotes":"","jetpack_publicize_message":"","jetpack_publicize_feature_enabled":true,"jetpack_social_post_already_shared":false,"jetpack_social_options":{"image_generator_settings":{"template":"highway","default_image_id":0,"font":"","enabled":false},"version":2}},"categories":[41],"tags":[],"class_list":["post-5154","post","type-post","status-publish","format-standard","has-post-thumbnail","hentry","category-futbol"],"yoast_head":"<!-- This site is optimized with the Yoast SEO plugin v25.6 - https:\/\/yoast.com\/wordpress\/plugins\/seo\/ -->\n<title>El plantel de Independiente se pronunci\u00f3 tras la sanci\u00f3n de CONMEBOL: \u201cAc\u00e1 perdi\u00f3 el f\u00fatbol\u201d - Nativa Info<\/title>\n<meta name=\"robots\" content=\"index, follow, max-snippet:-1, max-image-preview:large, max-video-preview:-1\" \/>\n<link rel=\"canonical\" href=\"https:\/\/nativainfo.com\/?p=5154\" \/>\n<meta property=\"og:locale\" content=\"es_ES\" \/>\n<meta property=\"og:type\" content=\"article\" \/>\n<meta property=\"og:title\" content=\"El plantel de Independiente se pronunci\u00f3 tras la sanci\u00f3n de CONMEBOL: \u201cAc\u00e1 perdi\u00f3 el f\u00fatbol\u201d - Nativa Info\" \/>\n<meta property=\"og:description\" content=\"Luego de la decisi\u00f3n de la CONMEBOL de descalificar al club por los incidentes en el partido ante Universidad de... Continue reading\" \/>\n<meta property=\"og:url\" content=\"https:\/\/nativainfo.com\/?p=5154\" \/>\n<meta property=\"og:site_name\" content=\"Nativa Info\" \/>\n<meta property=\"article:publisher\" content=\"https:\/\/www.facebook.com\/profile.php?id=61578881597564\" \/>\n<meta property=\"article:published_time\" content=\"2025-09-08T23:11:38+00:00\" \/>\n<meta property=\"og:image\" content=\"http:\/\/nativainfo.com\/wp-content\/uploads\/2025\/09\/imagen_2025-09-08_201128226.png\" \/>\n\t<meta property=\"og:image:width\" content=\"1276\" \/>\n\t<meta property=\"og:image:height\" content=\"717\" \/>\n\t<meta property=\"og:image:type\" content=\"image\/png\" \/>\n<meta name=\"author\" content=\"Nativa Info\" \/>\n<meta name=\"twitter:card\" content=\"summary_large_image\" \/>\n<meta name=\"twitter:label1\" content=\"Escrito por\" \/>\n\t<meta name=\"twitter:data1\" content=\"Nativa Info\" \/>\n\t<meta name=\"twitter:label2\" content=\"Tiempo de lectura\" \/>\n\t<meta name=\"twitter:data2\" content=\"1 minuto\" \/>\n<script type=\"application\/ld+json\" class=\"yoast-schema-graph\">{\"@context\":\"https:\/\/schema.org\",\"@graph\":[{\"@type\":\"Article\",\"@id\":\"https:\/\/nativainfo.com\/?p=5154#article\",\"isPartOf\":{\"@id\":\"https:\/\/nativainfo.com\/?p=5154\"},\"author\":{\"name\":\"Nativa Info\",\"@id\":\"https:\/\/nativainfo.com\/#\/schema\/person\/24893b64a9cd564ddb5d102d36eb4b5c\"},\"headline\":\"El plantel de Independiente se pronunci\u00f3 tras la sanci\u00f3n de CONMEBOL: \u201cAc\u00e1 perdi\u00f3 el f\u00fatbol\u201d\",\"datePublished\":\"2025-09-08T23:11:38+00:00\",\"mainEntityOfPage\":{\"@id\":\"https:\/\/nativainfo.com\/?p=5154\"},\"wordCount\":140,\"commentCount\":0,\"publisher\":{\"@id\":\"https:\/\/nativainfo.com\/#organization\"},\"image\":{\"@id\":\"https:\/\/nativainfo.com\/?p=5154#primaryimage\"},\"thumbnailUrl\":\"https:\/\/nativainfo.com\/wp-content\/uploads\/2025\/09\/imagen_2025-09-08_201128226.png\",\"articleSection\":[\"F\u00fatbol\"],\"inLanguage\":\"es-AR\",\"potentialAction\":[{\"@type\":\"CommentAction\",\"name\":\"Comment\",\"target\":[\"https:\/\/nativainfo.com\/?p=5154#respond\"]}]},{\"@type\":\"WebPage\",\"@id\":\"https:\/\/nativainfo.com\/?p=5154\",\"url\":\"https:\/\/nativainfo.com\/?p=5154\",\"name\":\"El plantel de Independiente se pronunci\u00f3 tras la sanci\u00f3n de CONMEBOL: \u201cAc\u00e1 perdi\u00f3 el f\u00fatbol\u201d - Nativa Info\",\"isPartOf\":{\"@id\":\"https:\/\/nativainfo.com\/#website\"},\"primaryImageOfPage\":{\"@id\":\"https:\/\/nativainfo.com\/?p=5154#primaryimage\"},\"image\":{\"@id\":\"https:\/\/nativainfo.com\/?p=5154#primaryimage\"},\"thumbnailUrl\":\"https:\/\/nativainfo.com\/wp-content\/uploads\/2025\/09\/imagen_2025-09-08_201128226.png\",\"datePublished\":\"2025-09-08T23:11:38+00:00\",\"breadcrumb\":{\"@id\":\"https:\/\/nativainfo.com\/?p=5154#breadcrumb\"},\"inLanguage\":\"es-AR\",\"potentialAction\":[{\"@type\":\"ReadAction\",\"target\":[\"https:\/\/nativainfo.com\/?p=5154\"]}]},{\"@type\":\"ImageObject\",\"inLanguage\":\"es-AR\",\"@id\":\"https:\/\/nativainfo.com\/?p=5154#primaryimage\",\"url\":\"https:\/\/nativainfo.com\/wp-content\/uploads\/2025\/09\/imagen_2025-09-08_201128226.png\",\"contentUrl\":\"https:\/\/nativainfo.com\/wp-content\/uploads\/2025\/09\/imagen_2025-09-08_201128226.png\",\"width\":1276,\"height\":717},{\"@type\":\"BreadcrumbList\",\"@id\":\"https:\/\/nativainfo.com\/?p=5154#breadcrumb\",\"itemListElement\":[{\"@type\":\"ListItem\",\"position\":1,\"name\":\"Inicio\",\"item\":\"https:\/\/nativainfo.com\/\"},{\"@type\":\"ListItem\",\"position\":2,\"name\":\"El plantel de Independiente se pronunci\u00f3 tras la sanci\u00f3n de CONMEBOL: \u201cAc\u00e1 perdi\u00f3 el f\u00fatbol\u201d\"}]},{\"@type\":\"WebSite\",\"@id\":\"https:\/\/nativainfo.com\/#website\",\"url\":\"https:\/\/nativainfo.com\/\",\"name\":\"Nativa Info\",\"description\":\"Diario Digital\",\"publisher\":{\"@id\":\"https:\/\/nativainfo.com\/#organization\"},\"potentialAction\":[{\"@type\":\"SearchAction\",\"target\":{\"@type\":\"EntryPoint\",\"urlTemplate\":\"https:\/\/nativainfo.com\/?s={search_term_string}\"},\"query-input\":{\"@type\":\"PropertyValueSpecification\",\"valueRequired\":true,\"valueName\":\"search_term_string\"}}],\"inLanguage\":\"es-AR\"},{\"@type\":\"Organization\",\"@id\":\"https:\/\/nativainfo.com\/#organization\",\"name\":\"Nativa Info\",\"url\":\"https:\/\/nativainfo.com\/\",\"logo\":{\"@type\":\"ImageObject\",\"inLanguage\":\"es-AR\",\"@id\":\"https:\/\/nativainfo.com\/#\/schema\/logo\/image\/\",\"url\":\"https:\/\/nativainfo.com\/wp-content\/uploads\/2025\/08\/LOGO-NATIVA-FACE.jpg\",\"contentUrl\":\"https:\/\/nativainfo.com\/wp-content\/uploads\/2025\/08\/LOGO-NATIVA-FACE.jpg\",\"width\":400,\"height\":400,\"caption\":\"Nativa Info\"},\"image\":{\"@id\":\"https:\/\/nativainfo.com\/#\/schema\/logo\/image\/\"},\"sameAs\":[\"https:\/\/www.facebook.com\/profile.php?id=61578881597564\"]},{\"@type\":\"Person\",\"@id\":\"https:\/\/nativainfo.com\/#\/schema\/person\/24893b64a9cd564ddb5d102d36eb4b5c\",\"name\":\"Nativa Info\",\"image\":{\"@type\":\"ImageObject\",\"inLanguage\":\"es-AR\",\"@id\":\"https:\/\/nativainfo.com\/#\/schema\/person\/image\/\",\"url\":\"https:\/\/secure.gravatar.com\/avatar\/016fa1cf068d85136d938e1507b9b619cb766e2565cbb1faa1e571762460c785?s=96&d=mm&r=g\",\"contentUrl\":\"https:\/\/secure.gravatar.com\/avatar\/016fa1cf068d85136d938e1507b9b619cb766e2565cbb1faa1e571762460c785?s=96&d=mm&r=g\",\"caption\":\"Nativa Info\"},\"sameAs\":[\"http:\/\/nativainfo.com\"],\"url\":\"https:\/\/nativainfo.com\/?author=1\"}]}<\/script>\n<!-- \/ Yoast SEO plugin. -->","yoast_head_json":{"title":"El plantel de Independiente se pronunci\u00f3 tras la sanci\u00f3n de CONMEBOL: \u201cAc\u00e1 perdi\u00f3 el f\u00fatbol\u201d - Nativa Info","robots":{"index":"index","follow":"follow","max-snippet":"max-snippet:-1","max-image-preview":"max-image-preview:large","max-video-preview":"max-video-preview:-1"},"canonical":"https:\/\/nativainfo.com\/?p=5154","og_locale":"es_ES","og_type":"article","og_title":"El plantel de Independiente se pronunci\u00f3 tras la sanci\u00f3n de CONMEBOL: \u201cAc\u00e1 perdi\u00f3 el f\u00fatbol\u201d - Nativa Info","og_description":"Luego de la decisi\u00f3n de la CONMEBOL de descalificar al club por los incidentes en el partido ante Universidad de... Continue reading","og_url":"https:\/\/nativainfo.com\/?p=5154","og_site_name":"Nativa Info","article_publisher":"https:\/\/www.facebook.com\/profile.php?id=61578881597564","article_published_time":"2025-09-08T23:11:38+00:00","og_image":[{"width":1276,"height":717,"url":"http:\/\/nativainfo.com\/wp-content\/uploads\/2025\/09\/imagen_2025-09-08_201128226.png","type":"image\/png"}],"author":"Nativa Info","twitter_card":"summary_large_image","twitter_misc":{"Escrito por":"Nativa Info","Tiempo de lectura":"1 minuto"},"schema":{"@context":"https:\/\/schema.org","@graph":[{"@type":"Article","@id":"https:\/\/nativainfo.com\/?p=5154#article","isPartOf":{"@id":"https:\/\/nativainfo.com\/?p=5154"},"author":{"name":"Nativa Info","@id":"https:\/\/nativainfo.com\/#\/schema\/person\/24893b64a9cd564ddb5d102d36eb4b5c"},"headline":"El plantel de Independiente se pronunci\u00f3 tras la sanci\u00f3n de CONMEBOL: \u201cAc\u00e1 perdi\u00f3 el f\u00fatbol\u201d","datePublished":"2025-09-08T23:11:38+00:00","mainEntityOfPage":{"@id":"https:\/\/nativainfo.com\/?p=5154"},"wordCount":140,"commentCount":0,"publisher":{"@id":"https:\/\/nativainfo.com\/#organization"},"image":{"@id":"https:\/\/nativainfo.com\/?p=5154#primaryimage"},"thumbnailUrl":"https:\/\/nativainfo.com\/wp-content\/uploads\/2025\/09\/imagen_2025-09-08_201128226.png","articleSection":["F\u00fatbol"],"inLanguage":"es-AR","potentialAction":[{"@type":"CommentAction","name":"Comment","target":["https:\/\/nativainfo.com\/?p=5154#respond"]}]},{"@type":"WebPage","@id":"https:\/\/nativainfo.com\/?p=5154","url":"https:\/\/nativainfo.com\/?p=5154","name":"El plantel de Independiente se pronunci\u00f3 tras la sanci\u00f3n de CONMEBOL: \u201cAc\u00e1 perdi\u00f3 el f\u00fatbol\u201d - Nativa Info","isPartOf":{"@id":"https:\/\/nativainfo.com\/#website"},"primaryImageOfPage":{"@id":"https:\/\/nativainfo.com\/?p=5154#primaryimage"},"image":{"@id":"https:\/\/nativainfo.com\/?p=5154#primaryimage"},"thumbnailUrl":"https:\/\/nativainfo.com\/wp-content\/uploads\/2025\/09\/imagen_2025-09-08_201128226.png","datePublished":"2025-09-08T23:11:38+00:00","breadcrumb":{"@id":"https:\/\/nativainfo.com\/?p=5154#breadcrumb"},"inLanguage":"es-AR","potentialAction":[{"@type":"ReadAction","target":["https:\/\/nativainfo.com\/?p=5154"]}]},{"@type":"ImageObject","inLanguage":"es-AR","@id":"https:\/\/nativainfo.com\/?p=5154#primaryimage","url":"https:\/\/nativainfo.com\/wp-content\/uploads\/2025\/09\/imagen_2025-09-08_201128226.png","contentUrl":"https:\/\/nativainfo.com\/wp-content\/uploads\/2025\/09\/imagen_2025-09-08_201128226.png","width":1276,"height":717},{"@type":"BreadcrumbList","@id":"https:\/\/nativainfo.com\/?p=5154#breadcrumb","itemListElement":[{"@type":"ListItem","position":1,"name":"Inicio","item":"https:\/\/nativainfo.com\/"},{"@type":"ListItem","position":2,"name":"El plantel de Independiente se pronunci\u00f3 tras la sanci\u00f3n de CONMEBOL: \u201cAc\u00e1 perdi\u00f3 el f\u00fatbol\u201d"}]},{"@type":"WebSite","@id":"https:\/\/nativainfo.com\/#website","url":"https:\/\/nativainfo.com\/","name":"Nativa Info","description":"Diario Digital","publisher":{"@id":"https:\/\/nativainfo.com\/#organization"},"potentialAction":[{"@type":"SearchAction","target":{"@type":"EntryPoint","urlTemplate":"https:\/\/nativainfo.com\/?s={search_term_string}"},"query-input":{"@type":"PropertyValueSpecification","valueRequired":true,"valueName":"search_term_string"}}],"inLanguage":"es-AR"},{"@type":"Organization","@id":"https:\/\/nativainfo.com\/#organization","name":"Nativa Info","url":"https:\/\/nativainfo.com\/","logo":{"@type":"ImageObject","inLanguage":"es-AR","@id":"https:\/\/nativainfo.com\/#\/schema\/logo\/image\/","url":"https:\/\/nativainfo.com\/wp-content\/uploads\/2025\/08\/LOGO-NATIVA-FACE.jpg","contentUrl":"https:\/\/nativainfo.com\/wp-content\/uploads\/2025\/08\/LOGO-NATIVA-FACE.jpg","width":400,"height":400,"caption":"Nativa Info"},"image":{"@id":"https:\/\/nativainfo.com\/#\/schema\/logo\/image\/"},"sameAs":["https:\/\/www.facebook.com\/profile.php?id=61578881597564"]},{"@type":"Person","@id":"https:\/\/nativainfo.com\/#\/schema\/person\/24893b64a9cd564ddb5d102d36eb4b5c","name":"Nativa Info","image":{"@type":"ImageObject","inLanguage":"es-AR","@id":"https:\/\/nativainfo.com\/#\/schema\/person\/image\/","url":"https:\/\/secure.gravatar.com\/avatar\/016fa1cf068d85136d938e1507b9b619cb766e2565cbb1faa1e571762460c785?s=96&d=mm&r=g","contentUrl":"https:\/\/secure.gravatar.com\/avatar\/016fa1cf068d85136d938e1507b9b619cb766e2565cbb1faa1e571762460c785?s=96&d=mm&r=g","caption":"Nativa Info"},"sameAs":["http:\/\/nativainfo.com"],"url":"https:\/\/nativainfo.com\/?author=1"}]}},"jetpack_publicize_connections":[],"_links":{"self":[{"href":"https:\/\/nativainfo.com\/index.php?rest_route=\/wp\/v2\/posts\/5154","targetHints":{"allow":["GET"]}}],"collection":[{"href":"https:\/\/nativainfo.com\/index.php?rest_route=\/wp\/v2\/posts"}],"about":[{"href":"https:\/\/nativainfo.com\/index.php?rest_route=\/wp\/v2\/types\/post"}],"author":[{"embeddable":true,"href":"https:\/\/nativainfo.com\/index.php?rest_route=\/wp\/v2\/users\/1"}],"replies":[{"embeddable":true,"href":"https:\/\/nativainfo.com\/index.php?rest_route=%2Fwp%2Fv2%2Fcomments&post=5154"}],"version-history":[{"count":1,"href":"https:\/\/nativainfo.com\/index.php?rest_route=\/wp\/v2\/posts\/5154\/revisions"}],"predecessor-version":[{"id":5158,"href":"https:\/\/nativainfo.com\/index.php?rest_route=\/wp\/v2\/posts\/5154\/revisions\/5158"}],"wp:featuredmedia":[{"embeddable":true,"href":"https:\/\/nativainfo.com\/index.php?rest_route=\/wp\/v2\/media\/5157"}],"wp:attachment":[{"href":"https:\/\/nativainfo.com\/index.php?rest_route=%2Fwp%2Fv2%2Fmedia&parent=5154"}],"wp:term":[{"taxonomy":"category","embeddable":true,"href":"https:\/\/nativainfo.com\/index.php?rest_route=%2Fwp%2Fv2%2Fcategories&post=5154"},{"taxonomy":"post_tag","embeddable":true,"href":"https:\/\/nativainfo.com\/index.php?rest_route=%2Fwp%2Fv2%2Ftags&post=5154"}],"curies":[{"name":"wp","href":"https:\/\/api.w.org\/{rel}","templated":true}]}}