{"id":5102,"date":"2025-08-30T16:16:04","date_gmt":"2025-08-30T19:16:04","guid":{"rendered":"https:\/\/nativainfo.com\/?p=5102"},"modified":"2025-08-30T16:16:08","modified_gmt":"2025-08-30T19:16:08","slug":"colapinto-quedo-16-en-la-clasificacion-del-gp-de-paises-bajos","status":"publish","type":"post","link":"https:\/\/nativainfo.com\/?p=5102","title":{"rendered":"Colapinto qued\u00f3 16\u00b0 en la clasificaci\u00f3n del GP de Pa\u00edses Bajos"},"content":{"rendered":"\n<figure class=\"wp-block-image size-full\"><img fetchpriority=\"high\" decoding=\"async\" width=\"1010\" height=\"567\" src=\"https:\/\/nativainfo.com\/wp-content\/uploads\/2025\/08\/imagen_2025-08-30_161533667.png\" alt=\"\" class=\"wp-image-5104\" srcset=\"https:\/\/nativainfo.com\/wp-content\/uploads\/2025\/08\/imagen_2025-08-30_161533667.png 1010w, https:\/\/nativainfo.com\/wp-content\/uploads\/2025\/08\/imagen_2025-08-30_161533667-300x168.png 300w, https:\/\/nativainfo.com\/wp-content\/uploads\/2025\/08\/imagen_2025-08-30_161533667-768x431.png 768w, https:\/\/nativainfo.com\/wp-content\/uploads\/2025\/08\/imagen_2025-08-30_161533667-623x350.png 623w, https:\/\/nativainfo.com\/wp-content\/uploads\/2025\/08\/imagen_2025-08-30_161533667-150x84.png 150w\" sizes=\"(max-width: 1010px) 100vw, 1010px\" \/><\/figure>\n\n\n\n<p>El piloto argentino Franco Colapinto cerr\u00f3 la jornada de clasificaci\u00f3n del Gran Premio de los Pa\u00edses Bajos con un 16\u00b0 puesto a bordo del Alpine A525. En el circuito de Zandvoort, el de Pilar marc\u00f3 un tiempo de <strong>1m10s104<\/strong>, quedando a s\u00f3lo 67 mil\u00e9simas de pasar a la Q2.<\/p>\n\n\n\n<p>La clasificaci\u00f3n dej\u00f3 como gran protagonista a McLaren, que se qued\u00f3 con el 1-2: <strong>Oscar Piastri logr\u00f3 la pole position<\/strong>, seguido por su compa\u00f1ero Lando Norris.<\/p>\n\n\n\n<p>A Colapinto le falt\u00f3 muy poco para avanzar. El \u00faltimo en conseguir el pase a la siguiente ronda fue Gabriel Bortoleto (Sauber), que con su 15\u00b0 puesto super\u00f3 por escaso margen al argentino. De todas maneras, el joven piloto logr\u00f3 su mejor registro del fin de semana, mejorando en ocho d\u00e9cimas lo hecho durante los entrenamientos.<\/p>\n\n\n\n<p>Adem\u00e1s de Colapinto, tambi\u00e9n quedaron eliminados en la Q1 Nico Hulkenberg (Sauber), Esteban Ocon (Haas), Oliver Bearman (Haas) y Lance Stroll (Aston Martin). Este \u00faltimo no volvi\u00f3 a salir a pista tras un despiste que lo oblig\u00f3 a llevar su AMR25 a boxes.<\/p>\n","protected":false},"excerpt":{"rendered":"<p>El piloto argentino Franco Colapinto cerr\u00f3 la jornada de clasificaci\u00f3n del Gran Premio de los Pa\u00edses Bajos con un 16\u00b0&#8230; <a class=\"continue-reading-link\" href=\"https:\/\/nativainfo.com\/?p=5102\">Continue reading<\/a><\/p>\n","protected":false},"author":1,"featured_media":5104,"comment_status":"open","ping_status":"open","sticky":false,"template":"","format":"standard","meta":{"rop_custom_images_group":[],"rop_custom_messages_group":[],"rop_publish_now":"yes","rop_publish_now_accounts":[],"rop_publish_now_history":[],"rop_publish_now_status":"pending","footnotes":"","jetpack_publicize_message":"","jetpack_publicize_feature_enabled":true,"jetpack_social_post_already_shared":false,"jetpack_social_options":{"image_generator_settings":{"template":"highway","default_image_id":0,"font":"","enabled":false},"version":2}},"categories":[75],"tags":[],"class_list":["post-5102","post","type-post","status-publish","format-standard","has-post-thumbnail","hentry","category-formula-1-2"],"yoast_head":"<!-- This site is optimized with the Yoast SEO plugin v25.6 - https:\/\/yoast.com\/wordpress\/plugins\/seo\/ -->\n<title>Colapinto qued\u00f3 16\u00b0 en la clasificaci\u00f3n del GP de Pa\u00edses Bajos - Nativa Info<\/title>\n<meta name=\"robots\" content=\"index, follow, max-snippet:-1, max-image-preview:large, max-video-preview:-1\" \/>\n<link rel=\"canonical\" href=\"https:\/\/nativainfo.com\/?p=5102\" \/>\n<meta property=\"og:locale\" content=\"es_ES\" \/>\n<meta property=\"og:type\" content=\"article\" \/>\n<meta property=\"og:title\" content=\"Colapinto qued\u00f3 16\u00b0 en la clasificaci\u00f3n del GP de Pa\u00edses Bajos - Nativa Info\" \/>\n<meta property=\"og:description\" content=\"El piloto argentino Franco Colapinto cerr\u00f3 la jornada de clasificaci\u00f3n del Gran Premio de los Pa\u00edses Bajos con un 16\u00b0... Continue reading\" \/>\n<meta property=\"og:url\" content=\"https:\/\/nativainfo.com\/?p=5102\" \/>\n<meta property=\"og:site_name\" content=\"Nativa Info\" \/>\n<meta property=\"article:publisher\" content=\"https:\/\/www.facebook.com\/profile.php?id=61578881597564\" \/>\n<meta property=\"article:published_time\" content=\"2025-08-30T19:16:04+00:00\" \/>\n<meta property=\"article:modified_time\" content=\"2025-08-30T19:16:08+00:00\" \/>\n<meta property=\"og:image\" content=\"http:\/\/nativainfo.com\/wp-content\/uploads\/2025\/08\/imagen_2025-08-30_161533667.png\" \/>\n\t<meta property=\"og:image:width\" content=\"1010\" \/>\n\t<meta property=\"og:image:height\" content=\"567\" \/>\n\t<meta property=\"og:image:type\" content=\"image\/png\" \/>\n<meta name=\"author\" content=\"Nativa Info\" \/>\n<meta name=\"twitter:card\" content=\"summary_large_image\" \/>\n<meta name=\"twitter:label1\" content=\"Escrito por\" \/>\n\t<meta name=\"twitter:data1\" content=\"Nativa Info\" \/>\n\t<meta name=\"twitter:label2\" content=\"Tiempo de lectura\" \/>\n\t<meta name=\"twitter:data2\" content=\"2 minutos\" \/>\n<script type=\"application\/ld+json\" class=\"yoast-schema-graph\">{\"@context\":\"https:\/\/schema.org\",\"@graph\":[{\"@type\":\"Article\",\"@id\":\"https:\/\/nativainfo.com\/?p=5102#article\",\"isPartOf\":{\"@id\":\"https:\/\/nativainfo.com\/?p=5102\"},\"author\":{\"name\":\"Nativa Info\",\"@id\":\"https:\/\/nativainfo.com\/#\/schema\/person\/24893b64a9cd564ddb5d102d36eb4b5c\"},\"headline\":\"Colapinto qued\u00f3 16\u00b0 en la clasificaci\u00f3n del GP de Pa\u00edses Bajos\",\"datePublished\":\"2025-08-30T19:16:04+00:00\",\"dateModified\":\"2025-08-30T19:16:08+00:00\",\"mainEntityOfPage\":{\"@id\":\"https:\/\/nativainfo.com\/?p=5102\"},\"wordCount\":193,\"commentCount\":0,\"publisher\":{\"@id\":\"https:\/\/nativainfo.com\/#organization\"},\"image\":{\"@id\":\"https:\/\/nativainfo.com\/?p=5102#primaryimage\"},\"thumbnailUrl\":\"https:\/\/nativainfo.com\/wp-content\/uploads\/2025\/08\/imagen_2025-08-30_161533667.png\",\"articleSection\":[\"F\u00f3rmula 1\"],\"inLanguage\":\"es-AR\",\"potentialAction\":[{\"@type\":\"CommentAction\",\"name\":\"Comment\",\"target\":[\"https:\/\/nativainfo.com\/?p=5102#respond\"]}]},{\"@type\":\"WebPage\",\"@id\":\"https:\/\/nativainfo.com\/?p=5102\",\"url\":\"https:\/\/nativainfo.com\/?p=5102\",\"name\":\"Colapinto qued\u00f3 16\u00b0 en la clasificaci\u00f3n del GP de Pa\u00edses Bajos - Nativa Info\",\"isPartOf\":{\"@id\":\"https:\/\/nativainfo.com\/#website\"},\"primaryImageOfPage\":{\"@id\":\"https:\/\/nativainfo.com\/?p=5102#primaryimage\"},\"image\":{\"@id\":\"https:\/\/nativainfo.com\/?p=5102#primaryimage\"},\"thumbnailUrl\":\"https:\/\/nativainfo.com\/wp-content\/uploads\/2025\/08\/imagen_2025-08-30_161533667.png\",\"datePublished\":\"2025-08-30T19:16:04+00:00\",\"dateModified\":\"2025-08-30T19:16:08+00:00\",\"breadcrumb\":{\"@id\":\"https:\/\/nativainfo.com\/?p=5102#breadcrumb\"},\"inLanguage\":\"es-AR\",\"potentialAction\":[{\"@type\":\"ReadAction\",\"target\":[\"https:\/\/nativainfo.com\/?p=5102\"]}]},{\"@type\":\"ImageObject\",\"inLanguage\":\"es-AR\",\"@id\":\"https:\/\/nativainfo.com\/?p=5102#primaryimage\",\"url\":\"https:\/\/nativainfo.com\/wp-content\/uploads\/2025\/08\/imagen_2025-08-30_161533667.png\",\"contentUrl\":\"https:\/\/nativainfo.com\/wp-content\/uploads\/2025\/08\/imagen_2025-08-30_161533667.png\",\"width\":1010,\"height\":567},{\"@type\":\"BreadcrumbList\",\"@id\":\"https:\/\/nativainfo.com\/?p=5102#breadcrumb\",\"itemListElement\":[{\"@type\":\"ListItem\",\"position\":1,\"name\":\"Inicio\",\"item\":\"https:\/\/nativainfo.com\/\"},{\"@type\":\"ListItem\",\"position\":2,\"name\":\"Colapinto qued\u00f3 16\u00b0 en la clasificaci\u00f3n del GP de Pa\u00edses Bajos\"}]},{\"@type\":\"WebSite\",\"@id\":\"https:\/\/nativainfo.com\/#website\",\"url\":\"https:\/\/nativainfo.com\/\",\"name\":\"Nativa Info\",\"description\":\"Diario Digital\",\"publisher\":{\"@id\":\"https:\/\/nativainfo.com\/#organization\"},\"potentialAction\":[{\"@type\":\"SearchAction\",\"target\":{\"@type\":\"EntryPoint\",\"urlTemplate\":\"https:\/\/nativainfo.com\/?s={search_term_string}\"},\"query-input\":{\"@type\":\"PropertyValueSpecification\",\"valueRequired\":true,\"valueName\":\"search_term_string\"}}],\"inLanguage\":\"es-AR\"},{\"@type\":\"Organization\",\"@id\":\"https:\/\/nativainfo.com\/#organization\",\"name\":\"Nativa Info\",\"url\":\"https:\/\/nativainfo.com\/\",\"logo\":{\"@type\":\"ImageObject\",\"inLanguage\":\"es-AR\",\"@id\":\"https:\/\/nativainfo.com\/#\/schema\/logo\/image\/\",\"url\":\"https:\/\/nativainfo.com\/wp-content\/uploads\/2025\/08\/LOGO-NATIVA-FACE.jpg\",\"contentUrl\":\"https:\/\/nativainfo.com\/wp-content\/uploads\/2025\/08\/LOGO-NATIVA-FACE.jpg\",\"width\":400,\"height\":400,\"caption\":\"Nativa Info\"},\"image\":{\"@id\":\"https:\/\/nativainfo.com\/#\/schema\/logo\/image\/\"},\"sameAs\":[\"https:\/\/www.facebook.com\/profile.php?id=61578881597564\"]},{\"@type\":\"Person\",\"@id\":\"https:\/\/nativainfo.com\/#\/schema\/person\/24893b64a9cd564ddb5d102d36eb4b5c\",\"name\":\"Nativa Info\",\"image\":{\"@type\":\"ImageObject\",\"inLanguage\":\"es-AR\",\"@id\":\"https:\/\/nativainfo.com\/#\/schema\/person\/image\/\",\"url\":\"https:\/\/secure.gravatar.com\/avatar\/016fa1cf068d85136d938e1507b9b619cb766e2565cbb1faa1e571762460c785?s=96&d=mm&r=g\",\"contentUrl\":\"https:\/\/secure.gravatar.com\/avatar\/016fa1cf068d85136d938e1507b9b619cb766e2565cbb1faa1e571762460c785?s=96&d=mm&r=g\",\"caption\":\"Nativa Info\"},\"sameAs\":[\"http:\/\/nativainfo.com\"],\"url\":\"https:\/\/nativainfo.com\/?author=1\"}]}<\/script>\n<!-- \/ Yoast SEO plugin. -->","yoast_head_json":{"title":"Colapinto qued\u00f3 16\u00b0 en la clasificaci\u00f3n del GP de Pa\u00edses Bajos - Nativa Info","robots":{"index":"index","follow":"follow","max-snippet":"max-snippet:-1","max-image-preview":"max-image-preview:large","max-video-preview":"max-video-preview:-1"},"canonical":"https:\/\/nativainfo.com\/?p=5102","og_locale":"es_ES","og_type":"article","og_title":"Colapinto qued\u00f3 16\u00b0 en la clasificaci\u00f3n del GP de Pa\u00edses Bajos - Nativa Info","og_description":"El piloto argentino Franco Colapinto cerr\u00f3 la jornada de clasificaci\u00f3n del Gran Premio de los Pa\u00edses Bajos con un 16\u00b0... Continue reading","og_url":"https:\/\/nativainfo.com\/?p=5102","og_site_name":"Nativa Info","article_publisher":"https:\/\/www.facebook.com\/profile.php?id=61578881597564","article_published_time":"2025-08-30T19:16:04+00:00","article_modified_time":"2025-08-30T19:16:08+00:00","og_image":[{"width":1010,"height":567,"url":"http:\/\/nativainfo.com\/wp-content\/uploads\/2025\/08\/imagen_2025-08-30_161533667.png","type":"image\/png"}],"author":"Nativa Info","twitter_card":"summary_large_image","twitter_misc":{"Escrito por":"Nativa Info","Tiempo de lectura":"2 minutos"},"schema":{"@context":"https:\/\/schema.org","@graph":[{"@type":"Article","@id":"https:\/\/nativainfo.com\/?p=5102#article","isPartOf":{"@id":"https:\/\/nativainfo.com\/?p=5102"},"author":{"name":"Nativa Info","@id":"https:\/\/nativainfo.com\/#\/schema\/person\/24893b64a9cd564ddb5d102d36eb4b5c"},"headline":"Colapinto qued\u00f3 16\u00b0 en la clasificaci\u00f3n del GP de Pa\u00edses Bajos","datePublished":"2025-08-30T19:16:04+00:00","dateModified":"2025-08-30T19:16:08+00:00","mainEntityOfPage":{"@id":"https:\/\/nativainfo.com\/?p=5102"},"wordCount":193,"commentCount":0,"publisher":{"@id":"https:\/\/nativainfo.com\/#organization"},"image":{"@id":"https:\/\/nativainfo.com\/?p=5102#primaryimage"},"thumbnailUrl":"https:\/\/nativainfo.com\/wp-content\/uploads\/2025\/08\/imagen_2025-08-30_161533667.png","articleSection":["F\u00f3rmula 1"],"inLanguage":"es-AR","potentialAction":[{"@type":"CommentAction","name":"Comment","target":["https:\/\/nativainfo.com\/?p=5102#respond"]}]},{"@type":"WebPage","@id":"https:\/\/nativainfo.com\/?p=5102","url":"https:\/\/nativainfo.com\/?p=5102","name":"Colapinto qued\u00f3 16\u00b0 en la clasificaci\u00f3n del GP de Pa\u00edses Bajos - Nativa Info","isPartOf":{"@id":"https:\/\/nativainfo.com\/#website"},"primaryImageOfPage":{"@id":"https:\/\/nativainfo.com\/?p=5102#primaryimage"},"image":{"@id":"https:\/\/nativainfo.com\/?p=5102#primaryimage"},"thumbnailUrl":"https:\/\/nativainfo.com\/wp-content\/uploads\/2025\/08\/imagen_2025-08-30_161533667.png","datePublished":"2025-08-30T19:16:04+00:00","dateModified":"2025-08-30T19:16:08+00:00","breadcrumb":{"@id":"https:\/\/nativainfo.com\/?p=5102#breadcrumb"},"inLanguage":"es-AR","potentialAction":[{"@type":"ReadAction","target":["https:\/\/nativainfo.com\/?p=5102"]}]},{"@type":"ImageObject","inLanguage":"es-AR","@id":"https:\/\/nativainfo.com\/?p=5102#primaryimage","url":"https:\/\/nativainfo.com\/wp-content\/uploads\/2025\/08\/imagen_2025-08-30_161533667.png","contentUrl":"https:\/\/nativainfo.com\/wp-content\/uploads\/2025\/08\/imagen_2025-08-30_161533667.png","width":1010,"height":567},{"@type":"BreadcrumbList","@id":"https:\/\/nativainfo.com\/?p=5102#breadcrumb","itemListElement":[{"@type":"ListItem","position":1,"name":"Inicio","item":"https:\/\/nativainfo.com\/"},{"@type":"ListItem","position":2,"name":"Colapinto qued\u00f3 16\u00b0 en la clasificaci\u00f3n del GP de Pa\u00edses Bajos"}]},{"@type":"WebSite","@id":"https:\/\/nativainfo.com\/#website","url":"https:\/\/nativainfo.com\/","name":"Nativa Info","description":"Diario Digital","publisher":{"@id":"https:\/\/nativainfo.com\/#organization"},"potentialAction":[{"@type":"SearchAction","target":{"@type":"EntryPoint","urlTemplate":"https:\/\/nativainfo.com\/?s={search_term_string}"},"query-input":{"@type":"PropertyValueSpecification","valueRequired":true,"valueName":"search_term_string"}}],"inLanguage":"es-AR"},{"@type":"Organization","@id":"https:\/\/nativainfo.com\/#organization","name":"Nativa Info","url":"https:\/\/nativainfo.com\/","logo":{"@type":"ImageObject","inLanguage":"es-AR","@id":"https:\/\/nativainfo.com\/#\/schema\/logo\/image\/","url":"https:\/\/nativainfo.com\/wp-content\/uploads\/2025\/08\/LOGO-NATIVA-FACE.jpg","contentUrl":"https:\/\/nativainfo.com\/wp-content\/uploads\/2025\/08\/LOGO-NATIVA-FACE.jpg","width":400,"height":400,"caption":"Nativa Info"},"image":{"@id":"https:\/\/nativainfo.com\/#\/schema\/logo\/image\/"},"sameAs":["https:\/\/www.facebook.com\/profile.php?id=61578881597564"]},{"@type":"Person","@id":"https:\/\/nativainfo.com\/#\/schema\/person\/24893b64a9cd564ddb5d102d36eb4b5c","name":"Nativa Info","image":{"@type":"ImageObject","inLanguage":"es-AR","@id":"https:\/\/nativainfo.com\/#\/schema\/person\/image\/","url":"https:\/\/secure.gravatar.com\/avatar\/016fa1cf068d85136d938e1507b9b619cb766e2565cbb1faa1e571762460c785?s=96&d=mm&r=g","contentUrl":"https:\/\/secure.gravatar.com\/avatar\/016fa1cf068d85136d938e1507b9b619cb766e2565cbb1faa1e571762460c785?s=96&d=mm&r=g","caption":"Nativa Info"},"sameAs":["http:\/\/nativainfo.com"],"url":"https:\/\/nativainfo.com\/?author=1"}]}},"jetpack_publicize_connections":[],"_links":{"self":[{"href":"https:\/\/nativainfo.com\/index.php?rest_route=\/wp\/v2\/posts\/5102","targetHints":{"allow":["GET"]}}],"collection":[{"href":"https:\/\/nativainfo.com\/index.php?rest_route=\/wp\/v2\/posts"}],"about":[{"href":"https:\/\/nativainfo.com\/index.php?rest_route=\/wp\/v2\/types\/post"}],"author":[{"embeddable":true,"href":"https:\/\/nativainfo.com\/index.php?rest_route=\/wp\/v2\/users\/1"}],"replies":[{"embeddable":true,"href":"https:\/\/nativainfo.com\/index.php?rest_route=%2Fwp%2Fv2%2Fcomments&post=5102"}],"version-history":[{"count":1,"href":"https:\/\/nativainfo.com\/index.php?rest_route=\/wp\/v2\/posts\/5102\/revisions"}],"predecessor-version":[{"id":5105,"href":"https:\/\/nativainfo.com\/index.php?rest_route=\/wp\/v2\/posts\/5102\/revisions\/5105"}],"wp:featuredmedia":[{"embeddable":true,"href":"https:\/\/nativainfo.com\/index.php?rest_route=\/wp\/v2\/media\/5104"}],"wp:attachment":[{"href":"https:\/\/nativainfo.com\/index.php?rest_route=%2Fwp%2Fv2%2Fmedia&parent=5102"}],"wp:term":[{"taxonomy":"category","embeddable":true,"href":"https:\/\/nativainfo.com\/index.php?rest_route=%2Fwp%2Fv2%2Fcategories&post=5102"},{"taxonomy":"post_tag","embeddable":true,"href":"https:\/\/nativainfo.com\/index.php?rest_route=%2Fwp%2Fv2%2Ftags&post=5102"}],"curies":[{"name":"wp","href":"https:\/\/api.w.org\/{rel}","templated":true}]}}