{"id":5094,"date":"2025-08-29T22:30:00","date_gmt":"2025-08-30T01:30:00","guid":{"rendered":"https:\/\/nativainfo.com\/?p=5094"},"modified":"2025-08-30T00:56:24","modified_gmt":"2025-08-30T03:56:24","slug":"comenzo-la-ix-edicion-del-rally-de-innovacion-santiago-te-desafia-en-el-nodo-tecnologico","status":"publish","type":"post","link":"https:\/\/nativainfo.com\/?p=5094","title":{"rendered":"Comenz\u00f3 la IX Edici\u00f3n del \u201cRally de Innovaci\u00f3n \u201cSantiago Te Desaf\u00eda\u201d en el Nodo Tecnol\u00f3gico"},"content":{"rendered":"\n<figure class=\"wp-block-image size-large\"><img fetchpriority=\"high\" decoding=\"async\" width=\"1024\" height=\"683\" src=\"https:\/\/nativainfo.com\/wp-content\/uploads\/2025\/08\/imagen_2025-08-30_005530990-1024x683.png\" alt=\"\" class=\"wp-image-5100\" srcset=\"https:\/\/nativainfo.com\/wp-content\/uploads\/2025\/08\/imagen_2025-08-30_005530990-1024x683.png 1024w, https:\/\/nativainfo.com\/wp-content\/uploads\/2025\/08\/imagen_2025-08-30_005530990-300x200.png 300w, https:\/\/nativainfo.com\/wp-content\/uploads\/2025\/08\/imagen_2025-08-30_005530990-768x512.png 768w, https:\/\/nativainfo.com\/wp-content\/uploads\/2025\/08\/imagen_2025-08-30_005530990-525x350.png 525w, https:\/\/nativainfo.com\/wp-content\/uploads\/2025\/08\/imagen_2025-08-30_005530990-150x100.png 150w, https:\/\/nativainfo.com\/wp-content\/uploads\/2025\/08\/imagen_2025-08-30_005530990.png 1536w\" sizes=\"(max-width: 1024px) 100vw, 1024px\" \/><\/figure>\n\n\n\n<p>Con un gran marco de p\u00fablico y de participantes, comenz\u00f3 este viernes en el Nodo Tecnol\u00f3gico el<strong>\u00a0IX Rally de Innovaci\u00f3n \u201cSantiago te desaf\u00eda\u201d,<\/strong>\u00a0que sirve como entrenamiento y preparativo intensivo para el\u00a0<strong>XII Rally Latinoamericano.<\/strong><\/p>\n\n\n\n<p>La ministra de Educaci\u00f3n,\u00a0<strong>Mariela Nassif<\/strong>, particip\u00f3 de la apertura de esta jornada junto con el secretario de Ciencia y Tecnolog\u00eda de la provincia,\u00a0<strong>Adri\u00e1n<\/strong>\u00a0<strong>Su\u00e1rez<\/strong>; los rectores de la Universidad Nacional,\u00a0<strong>H\u00e9ctor Paz<\/strong>, y de Universidad Cat\u00f3lica,\u00a0<strong>Luis Lucena<\/strong>, y el director del Inta local,\u00a0<strong>Mario Mondino<\/strong>.<\/p>\n\n\n\n<p>Cumpliendo con el formato establecido, la competici\u00f3n comenz\u00f3 con los integrantes conformando los equipos, observando los desaf\u00edos y fijando roles ante problem\u00e1ticas locales con la presi\u00f3n del tiempo y presentando los resultados en formatos preestablecidos.<\/p>\n\n\n\n<p>En este contexto,\u00a0<strong>Su\u00e1rez resalt\u00f3 la relevancia de la jornada, con la articulaci\u00f3n entre el \u00e1mbito acad\u00e9mico y el espacio para innovar que sirve para que los j\u00f3venes puedan exponer propuestas.<\/strong><\/p>\n","protected":false},"excerpt":{"rendered":"<p>Con un gran marco de p\u00fablico y de participantes, comenz\u00f3 este viernes en el Nodo Tecnol\u00f3gico el\u00a0IX Rally de Innovaci\u00f3n&#8230; <a class=\"continue-reading-link\" href=\"https:\/\/nativainfo.com\/?p=5094\">Continue reading<\/a><\/p>\n","protected":false},"author":1,"featured_media":5100,"comment_status":"open","ping_status":"open","sticky":false,"template":"","format":"standard","meta":{"rop_custom_images_group":[],"rop_custom_messages_group":[],"rop_publish_now":"yes","rop_publish_now_accounts":[],"rop_publish_now_history":[],"rop_publish_now_status":"pending","footnotes":"","jetpack_publicize_message":"","jetpack_publicize_feature_enabled":true,"jetpack_social_post_already_shared":false,"jetpack_social_options":{"image_generator_settings":{"template":"highway","default_image_id":0,"font":"","enabled":false},"version":2}},"categories":[17,8],"tags":[],"class_list":["post-5094","post","type-post","status-publish","format-standard","has-post-thumbnail","hentry","category-innovacion","category-noticias"],"yoast_head":"<!-- This site is optimized with the Yoast SEO plugin v25.6 - https:\/\/yoast.com\/wordpress\/plugins\/seo\/ -->\n<title>Comenz\u00f3 la IX Edici\u00f3n del \u201cRally de Innovaci\u00f3n \u201cSantiago Te Desaf\u00eda\u201d en el Nodo Tecnol\u00f3gico - Nativa Info<\/title>\n<meta name=\"robots\" content=\"index, follow, max-snippet:-1, max-image-preview:large, max-video-preview:-1\" \/>\n<link rel=\"canonical\" href=\"https:\/\/nativainfo.com\/?p=5094\" \/>\n<meta property=\"og:locale\" content=\"es_ES\" \/>\n<meta property=\"og:type\" content=\"article\" \/>\n<meta property=\"og:title\" content=\"Comenz\u00f3 la IX Edici\u00f3n del \u201cRally de Innovaci\u00f3n \u201cSantiago Te Desaf\u00eda\u201d en el Nodo Tecnol\u00f3gico - Nativa Info\" \/>\n<meta property=\"og:description\" content=\"Con un gran marco de p\u00fablico y de participantes, comenz\u00f3 este viernes en el Nodo Tecnol\u00f3gico el\u00a0IX Rally de Innovaci\u00f3n... Continue reading\" \/>\n<meta property=\"og:url\" content=\"https:\/\/nativainfo.com\/?p=5094\" \/>\n<meta property=\"og:site_name\" content=\"Nativa Info\" \/>\n<meta property=\"article:publisher\" content=\"https:\/\/www.facebook.com\/profile.php?id=61578881597564\" \/>\n<meta property=\"article:published_time\" content=\"2025-08-30T01:30:00+00:00\" \/>\n<meta property=\"article:modified_time\" content=\"2025-08-30T03:56:24+00:00\" \/>\n<meta property=\"og:image\" content=\"http:\/\/nativainfo.com\/wp-content\/uploads\/2025\/08\/imagen_2025-08-30_005530990.png\" \/>\n\t<meta property=\"og:image:width\" content=\"1536\" \/>\n\t<meta property=\"og:image:height\" content=\"1024\" \/>\n\t<meta property=\"og:image:type\" content=\"image\/png\" \/>\n<meta name=\"author\" content=\"Nativa Info\" \/>\n<meta name=\"twitter:card\" content=\"summary_large_image\" \/>\n<meta name=\"twitter:label1\" content=\"Escrito por\" \/>\n\t<meta name=\"twitter:data1\" content=\"Nativa Info\" \/>\n\t<meta name=\"twitter:label2\" content=\"Tiempo de lectura\" \/>\n\t<meta name=\"twitter:data2\" content=\"2 minutos\" \/>\n<script type=\"application\/ld+json\" class=\"yoast-schema-graph\">{\"@context\":\"https:\/\/schema.org\",\"@graph\":[{\"@type\":\"Article\",\"@id\":\"https:\/\/nativainfo.com\/?p=5094#article\",\"isPartOf\":{\"@id\":\"https:\/\/nativainfo.com\/?p=5094\"},\"author\":{\"name\":\"Nativa Info\",\"@id\":\"https:\/\/nativainfo.com\/#\/schema\/person\/24893b64a9cd564ddb5d102d36eb4b5c\"},\"headline\":\"Comenz\u00f3 la IX Edici\u00f3n del \u201cRally de Innovaci\u00f3n \u201cSantiago Te Desaf\u00eda\u201d en el Nodo Tecnol\u00f3gico\",\"datePublished\":\"2025-08-30T01:30:00+00:00\",\"dateModified\":\"2025-08-30T03:56:24+00:00\",\"mainEntityOfPage\":{\"@id\":\"https:\/\/nativainfo.com\/?p=5094\"},\"wordCount\":187,\"commentCount\":0,\"publisher\":{\"@id\":\"https:\/\/nativainfo.com\/#organization\"},\"image\":{\"@id\":\"https:\/\/nativainfo.com\/?p=5094#primaryimage\"},\"thumbnailUrl\":\"https:\/\/nativainfo.com\/wp-content\/uploads\/2025\/08\/imagen_2025-08-30_005530990.png\",\"articleSection\":[\"Innovaci\u00f3n\",\"Noticias\"],\"inLanguage\":\"es-AR\",\"potentialAction\":[{\"@type\":\"CommentAction\",\"name\":\"Comment\",\"target\":[\"https:\/\/nativainfo.com\/?p=5094#respond\"]}]},{\"@type\":\"WebPage\",\"@id\":\"https:\/\/nativainfo.com\/?p=5094\",\"url\":\"https:\/\/nativainfo.com\/?p=5094\",\"name\":\"Comenz\u00f3 la IX Edici\u00f3n del \u201cRally de Innovaci\u00f3n \u201cSantiago Te Desaf\u00eda\u201d en el Nodo Tecnol\u00f3gico - Nativa Info\",\"isPartOf\":{\"@id\":\"https:\/\/nativainfo.com\/#website\"},\"primaryImageOfPage\":{\"@id\":\"https:\/\/nativainfo.com\/?p=5094#primaryimage\"},\"image\":{\"@id\":\"https:\/\/nativainfo.com\/?p=5094#primaryimage\"},\"thumbnailUrl\":\"https:\/\/nativainfo.com\/wp-content\/uploads\/2025\/08\/imagen_2025-08-30_005530990.png\",\"datePublished\":\"2025-08-30T01:30:00+00:00\",\"dateModified\":\"2025-08-30T03:56:24+00:00\",\"breadcrumb\":{\"@id\":\"https:\/\/nativainfo.com\/?p=5094#breadcrumb\"},\"inLanguage\":\"es-AR\",\"potentialAction\":[{\"@type\":\"ReadAction\",\"target\":[\"https:\/\/nativainfo.com\/?p=5094\"]}]},{\"@type\":\"ImageObject\",\"inLanguage\":\"es-AR\",\"@id\":\"https:\/\/nativainfo.com\/?p=5094#primaryimage\",\"url\":\"https:\/\/nativainfo.com\/wp-content\/uploads\/2025\/08\/imagen_2025-08-30_005530990.png\",\"contentUrl\":\"https:\/\/nativainfo.com\/wp-content\/uploads\/2025\/08\/imagen_2025-08-30_005530990.png\",\"width\":1536,\"height\":1024},{\"@type\":\"BreadcrumbList\",\"@id\":\"https:\/\/nativainfo.com\/?p=5094#breadcrumb\",\"itemListElement\":[{\"@type\":\"ListItem\",\"position\":1,\"name\":\"Inicio\",\"item\":\"https:\/\/nativainfo.com\/\"},{\"@type\":\"ListItem\",\"position\":2,\"name\":\"Comenz\u00f3 la IX Edici\u00f3n del \u201cRally de Innovaci\u00f3n \u201cSantiago Te Desaf\u00eda\u201d en el Nodo Tecnol\u00f3gico\"}]},{\"@type\":\"WebSite\",\"@id\":\"https:\/\/nativainfo.com\/#website\",\"url\":\"https:\/\/nativainfo.com\/\",\"name\":\"Nativa Info\",\"description\":\"Diario Digital\",\"publisher\":{\"@id\":\"https:\/\/nativainfo.com\/#organization\"},\"potentialAction\":[{\"@type\":\"SearchAction\",\"target\":{\"@type\":\"EntryPoint\",\"urlTemplate\":\"https:\/\/nativainfo.com\/?s={search_term_string}\"},\"query-input\":{\"@type\":\"PropertyValueSpecification\",\"valueRequired\":true,\"valueName\":\"search_term_string\"}}],\"inLanguage\":\"es-AR\"},{\"@type\":\"Organization\",\"@id\":\"https:\/\/nativainfo.com\/#organization\",\"name\":\"Nativa Info\",\"url\":\"https:\/\/nativainfo.com\/\",\"logo\":{\"@type\":\"ImageObject\",\"inLanguage\":\"es-AR\",\"@id\":\"https:\/\/nativainfo.com\/#\/schema\/logo\/image\/\",\"url\":\"https:\/\/nativainfo.com\/wp-content\/uploads\/2025\/08\/LOGO-NATIVA-FACE.jpg\",\"contentUrl\":\"https:\/\/nativainfo.com\/wp-content\/uploads\/2025\/08\/LOGO-NATIVA-FACE.jpg\",\"width\":400,\"height\":400,\"caption\":\"Nativa Info\"},\"image\":{\"@id\":\"https:\/\/nativainfo.com\/#\/schema\/logo\/image\/\"},\"sameAs\":[\"https:\/\/www.facebook.com\/profile.php?id=61578881597564\"]},{\"@type\":\"Person\",\"@id\":\"https:\/\/nativainfo.com\/#\/schema\/person\/24893b64a9cd564ddb5d102d36eb4b5c\",\"name\":\"Nativa Info\",\"image\":{\"@type\":\"ImageObject\",\"inLanguage\":\"es-AR\",\"@id\":\"https:\/\/nativainfo.com\/#\/schema\/person\/image\/\",\"url\":\"https:\/\/secure.gravatar.com\/avatar\/016fa1cf068d85136d938e1507b9b619cb766e2565cbb1faa1e571762460c785?s=96&d=mm&r=g\",\"contentUrl\":\"https:\/\/secure.gravatar.com\/avatar\/016fa1cf068d85136d938e1507b9b619cb766e2565cbb1faa1e571762460c785?s=96&d=mm&r=g\",\"caption\":\"Nativa Info\"},\"sameAs\":[\"http:\/\/nativainfo.com\"],\"url\":\"https:\/\/nativainfo.com\/?author=1\"}]}<\/script>\n<!-- \/ Yoast SEO plugin. -->","yoast_head_json":{"title":"Comenz\u00f3 la IX Edici\u00f3n del \u201cRally de Innovaci\u00f3n \u201cSantiago Te Desaf\u00eda\u201d en el Nodo Tecnol\u00f3gico - Nativa Info","robots":{"index":"index","follow":"follow","max-snippet":"max-snippet:-1","max-image-preview":"max-image-preview:large","max-video-preview":"max-video-preview:-1"},"canonical":"https:\/\/nativainfo.com\/?p=5094","og_locale":"es_ES","og_type":"article","og_title":"Comenz\u00f3 la IX Edici\u00f3n del \u201cRally de Innovaci\u00f3n \u201cSantiago Te Desaf\u00eda\u201d en el Nodo Tecnol\u00f3gico - Nativa Info","og_description":"Con un gran marco de p\u00fablico y de participantes, comenz\u00f3 este viernes en el Nodo Tecnol\u00f3gico el\u00a0IX Rally de Innovaci\u00f3n... Continue reading","og_url":"https:\/\/nativainfo.com\/?p=5094","og_site_name":"Nativa Info","article_publisher":"https:\/\/www.facebook.com\/profile.php?id=61578881597564","article_published_time":"2025-08-30T01:30:00+00:00","article_modified_time":"2025-08-30T03:56:24+00:00","og_image":[{"width":1536,"height":1024,"url":"http:\/\/nativainfo.com\/wp-content\/uploads\/2025\/08\/imagen_2025-08-30_005530990.png","type":"image\/png"}],"author":"Nativa Info","twitter_card":"summary_large_image","twitter_misc":{"Escrito por":"Nativa Info","Tiempo de lectura":"2 minutos"},"schema":{"@context":"https:\/\/schema.org","@graph":[{"@type":"Article","@id":"https:\/\/nativainfo.com\/?p=5094#article","isPartOf":{"@id":"https:\/\/nativainfo.com\/?p=5094"},"author":{"name":"Nativa Info","@id":"https:\/\/nativainfo.com\/#\/schema\/person\/24893b64a9cd564ddb5d102d36eb4b5c"},"headline":"Comenz\u00f3 la IX Edici\u00f3n del \u201cRally de Innovaci\u00f3n \u201cSantiago Te Desaf\u00eda\u201d en el Nodo Tecnol\u00f3gico","datePublished":"2025-08-30T01:30:00+00:00","dateModified":"2025-08-30T03:56:24+00:00","mainEntityOfPage":{"@id":"https:\/\/nativainfo.com\/?p=5094"},"wordCount":187,"commentCount":0,"publisher":{"@id":"https:\/\/nativainfo.com\/#organization"},"image":{"@id":"https:\/\/nativainfo.com\/?p=5094#primaryimage"},"thumbnailUrl":"https:\/\/nativainfo.com\/wp-content\/uploads\/2025\/08\/imagen_2025-08-30_005530990.png","articleSection":["Innovaci\u00f3n","Noticias"],"inLanguage":"es-AR","potentialAction":[{"@type":"CommentAction","name":"Comment","target":["https:\/\/nativainfo.com\/?p=5094#respond"]}]},{"@type":"WebPage","@id":"https:\/\/nativainfo.com\/?p=5094","url":"https:\/\/nativainfo.com\/?p=5094","name":"Comenz\u00f3 la IX Edici\u00f3n del \u201cRally de Innovaci\u00f3n \u201cSantiago Te Desaf\u00eda\u201d en el Nodo Tecnol\u00f3gico - Nativa Info","isPartOf":{"@id":"https:\/\/nativainfo.com\/#website"},"primaryImageOfPage":{"@id":"https:\/\/nativainfo.com\/?p=5094#primaryimage"},"image":{"@id":"https:\/\/nativainfo.com\/?p=5094#primaryimage"},"thumbnailUrl":"https:\/\/nativainfo.com\/wp-content\/uploads\/2025\/08\/imagen_2025-08-30_005530990.png","datePublished":"2025-08-30T01:30:00+00:00","dateModified":"2025-08-30T03:56:24+00:00","breadcrumb":{"@id":"https:\/\/nativainfo.com\/?p=5094#breadcrumb"},"inLanguage":"es-AR","potentialAction":[{"@type":"ReadAction","target":["https:\/\/nativainfo.com\/?p=5094"]}]},{"@type":"ImageObject","inLanguage":"es-AR","@id":"https:\/\/nativainfo.com\/?p=5094#primaryimage","url":"https:\/\/nativainfo.com\/wp-content\/uploads\/2025\/08\/imagen_2025-08-30_005530990.png","contentUrl":"https:\/\/nativainfo.com\/wp-content\/uploads\/2025\/08\/imagen_2025-08-30_005530990.png","width":1536,"height":1024},{"@type":"BreadcrumbList","@id":"https:\/\/nativainfo.com\/?p=5094#breadcrumb","itemListElement":[{"@type":"ListItem","position":1,"name":"Inicio","item":"https:\/\/nativainfo.com\/"},{"@type":"ListItem","position":2,"name":"Comenz\u00f3 la IX Edici\u00f3n del \u201cRally de Innovaci\u00f3n \u201cSantiago Te Desaf\u00eda\u201d en el Nodo Tecnol\u00f3gico"}]},{"@type":"WebSite","@id":"https:\/\/nativainfo.com\/#website","url":"https:\/\/nativainfo.com\/","name":"Nativa Info","description":"Diario Digital","publisher":{"@id":"https:\/\/nativainfo.com\/#organization"},"potentialAction":[{"@type":"SearchAction","target":{"@type":"EntryPoint","urlTemplate":"https:\/\/nativainfo.com\/?s={search_term_string}"},"query-input":{"@type":"PropertyValueSpecification","valueRequired":true,"valueName":"search_term_string"}}],"inLanguage":"es-AR"},{"@type":"Organization","@id":"https:\/\/nativainfo.com\/#organization","name":"Nativa Info","url":"https:\/\/nativainfo.com\/","logo":{"@type":"ImageObject","inLanguage":"es-AR","@id":"https:\/\/nativainfo.com\/#\/schema\/logo\/image\/","url":"https:\/\/nativainfo.com\/wp-content\/uploads\/2025\/08\/LOGO-NATIVA-FACE.jpg","contentUrl":"https:\/\/nativainfo.com\/wp-content\/uploads\/2025\/08\/LOGO-NATIVA-FACE.jpg","width":400,"height":400,"caption":"Nativa Info"},"image":{"@id":"https:\/\/nativainfo.com\/#\/schema\/logo\/image\/"},"sameAs":["https:\/\/www.facebook.com\/profile.php?id=61578881597564"]},{"@type":"Person","@id":"https:\/\/nativainfo.com\/#\/schema\/person\/24893b64a9cd564ddb5d102d36eb4b5c","name":"Nativa Info","image":{"@type":"ImageObject","inLanguage":"es-AR","@id":"https:\/\/nativainfo.com\/#\/schema\/person\/image\/","url":"https:\/\/secure.gravatar.com\/avatar\/016fa1cf068d85136d938e1507b9b619cb766e2565cbb1faa1e571762460c785?s=96&d=mm&r=g","contentUrl":"https:\/\/secure.gravatar.com\/avatar\/016fa1cf068d85136d938e1507b9b619cb766e2565cbb1faa1e571762460c785?s=96&d=mm&r=g","caption":"Nativa Info"},"sameAs":["http:\/\/nativainfo.com"],"url":"https:\/\/nativainfo.com\/?author=1"}]}},"jetpack_publicize_connections":[],"_links":{"self":[{"href":"https:\/\/nativainfo.com\/index.php?rest_route=\/wp\/v2\/posts\/5094","targetHints":{"allow":["GET"]}}],"collection":[{"href":"https:\/\/nativainfo.com\/index.php?rest_route=\/wp\/v2\/posts"}],"about":[{"href":"https:\/\/nativainfo.com\/index.php?rest_route=\/wp\/v2\/types\/post"}],"author":[{"embeddable":true,"href":"https:\/\/nativainfo.com\/index.php?rest_route=\/wp\/v2\/users\/1"}],"replies":[{"embeddable":true,"href":"https:\/\/nativainfo.com\/index.php?rest_route=%2Fwp%2Fv2%2Fcomments&post=5094"}],"version-history":[{"count":1,"href":"https:\/\/nativainfo.com\/index.php?rest_route=\/wp\/v2\/posts\/5094\/revisions"}],"predecessor-version":[{"id":5101,"href":"https:\/\/nativainfo.com\/index.php?rest_route=\/wp\/v2\/posts\/5094\/revisions\/5101"}],"wp:featuredmedia":[{"embeddable":true,"href":"https:\/\/nativainfo.com\/index.php?rest_route=\/wp\/v2\/media\/5100"}],"wp:attachment":[{"href":"https:\/\/nativainfo.com\/index.php?rest_route=%2Fwp%2Fv2%2Fmedia&parent=5094"}],"wp:term":[{"taxonomy":"category","embeddable":true,"href":"https:\/\/nativainfo.com\/index.php?rest_route=%2Fwp%2Fv2%2Fcategories&post=5094"},{"taxonomy":"post_tag","embeddable":true,"href":"https:\/\/nativainfo.com\/index.php?rest_route=%2Fwp%2Fv2%2Ftags&post=5094"}],"curies":[{"name":"wp","href":"https:\/\/api.w.org\/{rel}","templated":true}]}}