{"id":5090,"date":"2025-08-28T21:26:24","date_gmt":"2025-08-29T00:26:24","guid":{"rendered":"https:\/\/nativainfo.com\/?p=5090"},"modified":"2025-08-28T21:26:25","modified_gmt":"2025-08-29T00:26:25","slug":"zamora-superviso-el-avance-de-la-obra-del-hospital-universitario-de-clinicas-en-la-banda","status":"publish","type":"post","link":"https:\/\/nativainfo.com\/?p=5090","title":{"rendered":"Zamora supervis\u00f3 el avance de la obra del Hospital Universitario de Cl\u00ednicas en La Banda"},"content":{"rendered":"\n<figure class=\"wp-block-image size-large\"><img fetchpriority=\"high\" decoding=\"async\" width=\"1024\" height=\"681\" src=\"https:\/\/nativainfo.com\/wp-content\/uploads\/2025\/08\/imagen_2025-08-28_212543850-1024x681.png\" alt=\"\" class=\"wp-image-5091\" srcset=\"https:\/\/nativainfo.com\/wp-content\/uploads\/2025\/08\/imagen_2025-08-28_212543850-1024x681.png 1024w, https:\/\/nativainfo.com\/wp-content\/uploads\/2025\/08\/imagen_2025-08-28_212543850-300x200.png 300w, https:\/\/nativainfo.com\/wp-content\/uploads\/2025\/08\/imagen_2025-08-28_212543850-768x511.png 768w, https:\/\/nativainfo.com\/wp-content\/uploads\/2025\/08\/imagen_2025-08-28_212543850-526x350.png 526w, https:\/\/nativainfo.com\/wp-content\/uploads\/2025\/08\/imagen_2025-08-28_212543850-150x100.png 150w, https:\/\/nativainfo.com\/wp-content\/uploads\/2025\/08\/imagen_2025-08-28_212543850-420x278.png 420w, https:\/\/nativainfo.com\/wp-content\/uploads\/2025\/08\/imagen_2025-08-28_212543850.png 1536w\" sizes=\"(max-width: 1024px) 100vw, 1024px\" \/><\/figure>\n\n\n\n<p>El gobernador Gerardo Zamora, junto a la senadora Claudia de Zamora y el jefe de Gabinete, El\u00edas Su\u00e1rez, recorri\u00f3 este jueves por la ma\u00f1ana las instalaciones en construcci\u00f3n del futuro <strong>Hospital Universitario de Cl\u00ednicas de Santiago del Estero<\/strong>, ubicado en la ciudad de La Banda. Se trata de un complejo de m\u00e1s de <strong>17.000 m\u00b2<\/strong> de superficie cubierta, concebido como un proyecto estrat\u00e9gico del Gobierno provincial y que ser\u00e1 gestionado por la <strong>Facultad de Ciencias M\u00e9dicas de la Universidad Nacional<\/strong>.<\/p>\n\n\n\n<p>De la visita tambi\u00e9n participaron los ministros de Obras P\u00fablicas, Aldo Hid, y de Salud, Natividad Nassif; el secretario de Obras P\u00fablicas, Jorge Zua\u00edn; el secretario de Salud, Gustavo Sabalza; el rector de la UNSE, H\u00e9ctor Paz; el decano de Humanidades, Ciencias Sociales y de la Salud, Hugo Marcelino Ledesma, y representantes de la empresa constructora encabezados por Omar Salas.<\/p>\n\n\n\n<p>El recorrido comenz\u00f3 en el sector educativo, donde los responsables de la obra expusieron las caracter\u00edsticas de los distintos espacios con material ilustrativo de cada planta. Posteriormente, las autoridades se trasladaron al \u00e1rea destinada al hospital, donde pudieron apreciar el avance de la infraestructura que contar\u00e1 con <strong>tecnolog\u00eda de \u00faltima generaci\u00f3n<\/strong>, proyectada para posicionarse entre los centros de salud m\u00e1s modernos del pa\u00eds.<\/p>\n","protected":false},"excerpt":{"rendered":"<p>El gobernador Gerardo Zamora, junto a la senadora Claudia de Zamora y el jefe de Gabinete, El\u00edas Su\u00e1rez, recorri\u00f3 este&#8230; <a class=\"continue-reading-link\" href=\"https:\/\/nativainfo.com\/?p=5090\">Continue reading<\/a><\/p>\n","protected":false},"author":1,"featured_media":5091,"comment_status":"open","ping_status":"open","sticky":false,"template":"","format":"standard","meta":{"rop_custom_images_group":[],"rop_custom_messages_group":[],"rop_publish_now":"yes","rop_publish_now_accounts":[],"rop_publish_now_history":[],"rop_publish_now_status":"pending","footnotes":"","jetpack_publicize_message":"","jetpack_publicize_feature_enabled":true,"jetpack_social_post_already_shared":false,"jetpack_social_options":{"image_generator_settings":{"template":"highway","default_image_id":0,"font":"","enabled":false},"version":2}},"categories":[15,40],"tags":[],"class_list":["post-5090","post","type-post","status-publish","format-standard","has-post-thumbnail","hentry","category-salud","category-santiago-del-estero"],"yoast_head":"<!-- This site is optimized with the Yoast SEO plugin v25.6 - https:\/\/yoast.com\/wordpress\/plugins\/seo\/ -->\n<title>Zamora supervis\u00f3 el avance de la obra del Hospital Universitario de Cl\u00ednicas en La Banda - Nativa Info<\/title>\n<meta name=\"robots\" content=\"index, follow, max-snippet:-1, max-image-preview:large, max-video-preview:-1\" \/>\n<link rel=\"canonical\" href=\"https:\/\/nativainfo.com\/?p=5090\" \/>\n<meta property=\"og:locale\" content=\"es_ES\" \/>\n<meta property=\"og:type\" content=\"article\" \/>\n<meta property=\"og:title\" content=\"Zamora supervis\u00f3 el avance de la obra del Hospital Universitario de Cl\u00ednicas en La Banda - Nativa Info\" \/>\n<meta property=\"og:description\" content=\"El gobernador Gerardo Zamora, junto a la senadora Claudia de Zamora y el jefe de Gabinete, El\u00edas Su\u00e1rez, recorri\u00f3 este... Continue reading\" \/>\n<meta property=\"og:url\" content=\"https:\/\/nativainfo.com\/?p=5090\" \/>\n<meta property=\"og:site_name\" content=\"Nativa Info\" \/>\n<meta property=\"article:publisher\" content=\"https:\/\/www.facebook.com\/profile.php?id=61578881597564\" \/>\n<meta property=\"article:published_time\" content=\"2025-08-29T00:26:24+00:00\" \/>\n<meta property=\"article:modified_time\" content=\"2025-08-29T00:26:25+00:00\" \/>\n<meta property=\"og:image\" content=\"http:\/\/nativainfo.com\/wp-content\/uploads\/2025\/08\/imagen_2025-08-28_212543850.png\" \/>\n\t<meta property=\"og:image:width\" content=\"1536\" \/>\n\t<meta property=\"og:image:height\" content=\"1022\" \/>\n\t<meta property=\"og:image:type\" content=\"image\/png\" \/>\n<meta name=\"author\" content=\"Nativa Info\" \/>\n<meta name=\"twitter:card\" content=\"summary_large_image\" \/>\n<meta name=\"twitter:label1\" content=\"Escrito por\" \/>\n\t<meta name=\"twitter:data1\" content=\"Nativa Info\" \/>\n\t<meta name=\"twitter:label2\" content=\"Tiempo de lectura\" \/>\n\t<meta name=\"twitter:data2\" content=\"2 minutos\" \/>\n<script type=\"application\/ld+json\" class=\"yoast-schema-graph\">{\"@context\":\"https:\/\/schema.org\",\"@graph\":[{\"@type\":\"Article\",\"@id\":\"https:\/\/nativainfo.com\/?p=5090#article\",\"isPartOf\":{\"@id\":\"https:\/\/nativainfo.com\/?p=5090\"},\"author\":{\"name\":\"Nativa Info\",\"@id\":\"https:\/\/nativainfo.com\/#\/schema\/person\/24893b64a9cd564ddb5d102d36eb4b5c\"},\"headline\":\"Zamora supervis\u00f3 el avance de la obra del Hospital Universitario de Cl\u00ednicas en La Banda\",\"datePublished\":\"2025-08-29T00:26:24+00:00\",\"dateModified\":\"2025-08-29T00:26:25+00:00\",\"mainEntityOfPage\":{\"@id\":\"https:\/\/nativainfo.com\/?p=5090\"},\"wordCount\":236,\"commentCount\":0,\"publisher\":{\"@id\":\"https:\/\/nativainfo.com\/#organization\"},\"image\":{\"@id\":\"https:\/\/nativainfo.com\/?p=5090#primaryimage\"},\"thumbnailUrl\":\"https:\/\/nativainfo.com\/wp-content\/uploads\/2025\/08\/imagen_2025-08-28_212543850.png\",\"articleSection\":[\"Salud\",\"Santiago del Estero\"],\"inLanguage\":\"es-AR\",\"potentialAction\":[{\"@type\":\"CommentAction\",\"name\":\"Comment\",\"target\":[\"https:\/\/nativainfo.com\/?p=5090#respond\"]}]},{\"@type\":\"WebPage\",\"@id\":\"https:\/\/nativainfo.com\/?p=5090\",\"url\":\"https:\/\/nativainfo.com\/?p=5090\",\"name\":\"Zamora supervis\u00f3 el avance de la obra del Hospital Universitario de Cl\u00ednicas en La Banda - Nativa Info\",\"isPartOf\":{\"@id\":\"https:\/\/nativainfo.com\/#website\"},\"primaryImageOfPage\":{\"@id\":\"https:\/\/nativainfo.com\/?p=5090#primaryimage\"},\"image\":{\"@id\":\"https:\/\/nativainfo.com\/?p=5090#primaryimage\"},\"thumbnailUrl\":\"https:\/\/nativainfo.com\/wp-content\/uploads\/2025\/08\/imagen_2025-08-28_212543850.png\",\"datePublished\":\"2025-08-29T00:26:24+00:00\",\"dateModified\":\"2025-08-29T00:26:25+00:00\",\"breadcrumb\":{\"@id\":\"https:\/\/nativainfo.com\/?p=5090#breadcrumb\"},\"inLanguage\":\"es-AR\",\"potentialAction\":[{\"@type\":\"ReadAction\",\"target\":[\"https:\/\/nativainfo.com\/?p=5090\"]}]},{\"@type\":\"ImageObject\",\"inLanguage\":\"es-AR\",\"@id\":\"https:\/\/nativainfo.com\/?p=5090#primaryimage\",\"url\":\"https:\/\/nativainfo.com\/wp-content\/uploads\/2025\/08\/imagen_2025-08-28_212543850.png\",\"contentUrl\":\"https:\/\/nativainfo.com\/wp-content\/uploads\/2025\/08\/imagen_2025-08-28_212543850.png\",\"width\":1536,\"height\":1022},{\"@type\":\"BreadcrumbList\",\"@id\":\"https:\/\/nativainfo.com\/?p=5090#breadcrumb\",\"itemListElement\":[{\"@type\":\"ListItem\",\"position\":1,\"name\":\"Inicio\",\"item\":\"https:\/\/nativainfo.com\/\"},{\"@type\":\"ListItem\",\"position\":2,\"name\":\"Zamora supervis\u00f3 el avance de la obra del Hospital Universitario de Cl\u00ednicas en La Banda\"}]},{\"@type\":\"WebSite\",\"@id\":\"https:\/\/nativainfo.com\/#website\",\"url\":\"https:\/\/nativainfo.com\/\",\"name\":\"Nativa Info\",\"description\":\"Diario Digital\",\"publisher\":{\"@id\":\"https:\/\/nativainfo.com\/#organization\"},\"potentialAction\":[{\"@type\":\"SearchAction\",\"target\":{\"@type\":\"EntryPoint\",\"urlTemplate\":\"https:\/\/nativainfo.com\/?s={search_term_string}\"},\"query-input\":{\"@type\":\"PropertyValueSpecification\",\"valueRequired\":true,\"valueName\":\"search_term_string\"}}],\"inLanguage\":\"es-AR\"},{\"@type\":\"Organization\",\"@id\":\"https:\/\/nativainfo.com\/#organization\",\"name\":\"Nativa Info\",\"url\":\"https:\/\/nativainfo.com\/\",\"logo\":{\"@type\":\"ImageObject\",\"inLanguage\":\"es-AR\",\"@id\":\"https:\/\/nativainfo.com\/#\/schema\/logo\/image\/\",\"url\":\"https:\/\/nativainfo.com\/wp-content\/uploads\/2025\/08\/LOGO-NATIVA-FACE.jpg\",\"contentUrl\":\"https:\/\/nativainfo.com\/wp-content\/uploads\/2025\/08\/LOGO-NATIVA-FACE.jpg\",\"width\":400,\"height\":400,\"caption\":\"Nativa Info\"},\"image\":{\"@id\":\"https:\/\/nativainfo.com\/#\/schema\/logo\/image\/\"},\"sameAs\":[\"https:\/\/www.facebook.com\/profile.php?id=61578881597564\"]},{\"@type\":\"Person\",\"@id\":\"https:\/\/nativainfo.com\/#\/schema\/person\/24893b64a9cd564ddb5d102d36eb4b5c\",\"name\":\"Nativa Info\",\"image\":{\"@type\":\"ImageObject\",\"inLanguage\":\"es-AR\",\"@id\":\"https:\/\/nativainfo.com\/#\/schema\/person\/image\/\",\"url\":\"https:\/\/secure.gravatar.com\/avatar\/016fa1cf068d85136d938e1507b9b619cb766e2565cbb1faa1e571762460c785?s=96&d=mm&r=g\",\"contentUrl\":\"https:\/\/secure.gravatar.com\/avatar\/016fa1cf068d85136d938e1507b9b619cb766e2565cbb1faa1e571762460c785?s=96&d=mm&r=g\",\"caption\":\"Nativa Info\"},\"sameAs\":[\"http:\/\/nativainfo.com\"],\"url\":\"https:\/\/nativainfo.com\/?author=1\"}]}<\/script>\n<!-- \/ Yoast SEO plugin. -->","yoast_head_json":{"title":"Zamora supervis\u00f3 el avance de la obra del Hospital Universitario de Cl\u00ednicas en La Banda - Nativa Info","robots":{"index":"index","follow":"follow","max-snippet":"max-snippet:-1","max-image-preview":"max-image-preview:large","max-video-preview":"max-video-preview:-1"},"canonical":"https:\/\/nativainfo.com\/?p=5090","og_locale":"es_ES","og_type":"article","og_title":"Zamora supervis\u00f3 el avance de la obra del Hospital Universitario de Cl\u00ednicas en La Banda - Nativa Info","og_description":"El gobernador Gerardo Zamora, junto a la senadora Claudia de Zamora y el jefe de Gabinete, El\u00edas Su\u00e1rez, recorri\u00f3 este... Continue reading","og_url":"https:\/\/nativainfo.com\/?p=5090","og_site_name":"Nativa Info","article_publisher":"https:\/\/www.facebook.com\/profile.php?id=61578881597564","article_published_time":"2025-08-29T00:26:24+00:00","article_modified_time":"2025-08-29T00:26:25+00:00","og_image":[{"width":1536,"height":1022,"url":"http:\/\/nativainfo.com\/wp-content\/uploads\/2025\/08\/imagen_2025-08-28_212543850.png","type":"image\/png"}],"author":"Nativa Info","twitter_card":"summary_large_image","twitter_misc":{"Escrito por":"Nativa Info","Tiempo de lectura":"2 minutos"},"schema":{"@context":"https:\/\/schema.org","@graph":[{"@type":"Article","@id":"https:\/\/nativainfo.com\/?p=5090#article","isPartOf":{"@id":"https:\/\/nativainfo.com\/?p=5090"},"author":{"name":"Nativa Info","@id":"https:\/\/nativainfo.com\/#\/schema\/person\/24893b64a9cd564ddb5d102d36eb4b5c"},"headline":"Zamora supervis\u00f3 el avance de la obra del Hospital Universitario de Cl\u00ednicas en La Banda","datePublished":"2025-08-29T00:26:24+00:00","dateModified":"2025-08-29T00:26:25+00:00","mainEntityOfPage":{"@id":"https:\/\/nativainfo.com\/?p=5090"},"wordCount":236,"commentCount":0,"publisher":{"@id":"https:\/\/nativainfo.com\/#organization"},"image":{"@id":"https:\/\/nativainfo.com\/?p=5090#primaryimage"},"thumbnailUrl":"https:\/\/nativainfo.com\/wp-content\/uploads\/2025\/08\/imagen_2025-08-28_212543850.png","articleSection":["Salud","Santiago del Estero"],"inLanguage":"es-AR","potentialAction":[{"@type":"CommentAction","name":"Comment","target":["https:\/\/nativainfo.com\/?p=5090#respond"]}]},{"@type":"WebPage","@id":"https:\/\/nativainfo.com\/?p=5090","url":"https:\/\/nativainfo.com\/?p=5090","name":"Zamora supervis\u00f3 el avance de la obra del Hospital Universitario de Cl\u00ednicas en La Banda - Nativa Info","isPartOf":{"@id":"https:\/\/nativainfo.com\/#website"},"primaryImageOfPage":{"@id":"https:\/\/nativainfo.com\/?p=5090#primaryimage"},"image":{"@id":"https:\/\/nativainfo.com\/?p=5090#primaryimage"},"thumbnailUrl":"https:\/\/nativainfo.com\/wp-content\/uploads\/2025\/08\/imagen_2025-08-28_212543850.png","datePublished":"2025-08-29T00:26:24+00:00","dateModified":"2025-08-29T00:26:25+00:00","breadcrumb":{"@id":"https:\/\/nativainfo.com\/?p=5090#breadcrumb"},"inLanguage":"es-AR","potentialAction":[{"@type":"ReadAction","target":["https:\/\/nativainfo.com\/?p=5090"]}]},{"@type":"ImageObject","inLanguage":"es-AR","@id":"https:\/\/nativainfo.com\/?p=5090#primaryimage","url":"https:\/\/nativainfo.com\/wp-content\/uploads\/2025\/08\/imagen_2025-08-28_212543850.png","contentUrl":"https:\/\/nativainfo.com\/wp-content\/uploads\/2025\/08\/imagen_2025-08-28_212543850.png","width":1536,"height":1022},{"@type":"BreadcrumbList","@id":"https:\/\/nativainfo.com\/?p=5090#breadcrumb","itemListElement":[{"@type":"ListItem","position":1,"name":"Inicio","item":"https:\/\/nativainfo.com\/"},{"@type":"ListItem","position":2,"name":"Zamora supervis\u00f3 el avance de la obra del Hospital Universitario de Cl\u00ednicas en La Banda"}]},{"@type":"WebSite","@id":"https:\/\/nativainfo.com\/#website","url":"https:\/\/nativainfo.com\/","name":"Nativa Info","description":"Diario Digital","publisher":{"@id":"https:\/\/nativainfo.com\/#organization"},"potentialAction":[{"@type":"SearchAction","target":{"@type":"EntryPoint","urlTemplate":"https:\/\/nativainfo.com\/?s={search_term_string}"},"query-input":{"@type":"PropertyValueSpecification","valueRequired":true,"valueName":"search_term_string"}}],"inLanguage":"es-AR"},{"@type":"Organization","@id":"https:\/\/nativainfo.com\/#organization","name":"Nativa Info","url":"https:\/\/nativainfo.com\/","logo":{"@type":"ImageObject","inLanguage":"es-AR","@id":"https:\/\/nativainfo.com\/#\/schema\/logo\/image\/","url":"https:\/\/nativainfo.com\/wp-content\/uploads\/2025\/08\/LOGO-NATIVA-FACE.jpg","contentUrl":"https:\/\/nativainfo.com\/wp-content\/uploads\/2025\/08\/LOGO-NATIVA-FACE.jpg","width":400,"height":400,"caption":"Nativa Info"},"image":{"@id":"https:\/\/nativainfo.com\/#\/schema\/logo\/image\/"},"sameAs":["https:\/\/www.facebook.com\/profile.php?id=61578881597564"]},{"@type":"Person","@id":"https:\/\/nativainfo.com\/#\/schema\/person\/24893b64a9cd564ddb5d102d36eb4b5c","name":"Nativa Info","image":{"@type":"ImageObject","inLanguage":"es-AR","@id":"https:\/\/nativainfo.com\/#\/schema\/person\/image\/","url":"https:\/\/secure.gravatar.com\/avatar\/016fa1cf068d85136d938e1507b9b619cb766e2565cbb1faa1e571762460c785?s=96&d=mm&r=g","contentUrl":"https:\/\/secure.gravatar.com\/avatar\/016fa1cf068d85136d938e1507b9b619cb766e2565cbb1faa1e571762460c785?s=96&d=mm&r=g","caption":"Nativa Info"},"sameAs":["http:\/\/nativainfo.com"],"url":"https:\/\/nativainfo.com\/?author=1"}]}},"jetpack_publicize_connections":[],"_links":{"self":[{"href":"https:\/\/nativainfo.com\/index.php?rest_route=\/wp\/v2\/posts\/5090","targetHints":{"allow":["GET"]}}],"collection":[{"href":"https:\/\/nativainfo.com\/index.php?rest_route=\/wp\/v2\/posts"}],"about":[{"href":"https:\/\/nativainfo.com\/index.php?rest_route=\/wp\/v2\/types\/post"}],"author":[{"embeddable":true,"href":"https:\/\/nativainfo.com\/index.php?rest_route=\/wp\/v2\/users\/1"}],"replies":[{"embeddable":true,"href":"https:\/\/nativainfo.com\/index.php?rest_route=%2Fwp%2Fv2%2Fcomments&post=5090"}],"version-history":[{"count":1,"href":"https:\/\/nativainfo.com\/index.php?rest_route=\/wp\/v2\/posts\/5090\/revisions"}],"predecessor-version":[{"id":5092,"href":"https:\/\/nativainfo.com\/index.php?rest_route=\/wp\/v2\/posts\/5090\/revisions\/5092"}],"wp:featuredmedia":[{"embeddable":true,"href":"https:\/\/nativainfo.com\/index.php?rest_route=\/wp\/v2\/media\/5091"}],"wp:attachment":[{"href":"https:\/\/nativainfo.com\/index.php?rest_route=%2Fwp%2Fv2%2Fmedia&parent=5090"}],"wp:term":[{"taxonomy":"category","embeddable":true,"href":"https:\/\/nativainfo.com\/index.php?rest_route=%2Fwp%2Fv2%2Fcategories&post=5090"},{"taxonomy":"post_tag","embeddable":true,"href":"https:\/\/nativainfo.com\/index.php?rest_route=%2Fwp%2Fv2%2Ftags&post=5090"}],"curies":[{"name":"wp","href":"https:\/\/api.w.org\/{rel}","templated":true}]}}