{"id":5086,"date":"2025-08-28T13:57:06","date_gmt":"2025-08-28T16:57:06","guid":{"rendered":"https:\/\/nativainfo.com\/?p=5086"},"modified":"2025-08-28T13:57:07","modified_gmt":"2025-08-28T16:57:07","slug":"scaloni-confirmo-la-lista-de-29-convocados-para-la-seleccion-argentina-en-la-ultima-doble-fecha-de-eliminatorias","status":"publish","type":"post","link":"https:\/\/nativainfo.com\/?p=5086","title":{"rendered":"Scaloni confirm\u00f3 la lista de 29 convocados para la Selecci\u00f3n Argentina en la \u00faltima doble fecha de Eliminatorias"},"content":{"rendered":"\n<figure class=\"wp-block-image size-full\"><img fetchpriority=\"high\" decoding=\"async\" width=\"1010\" height=\"567\" src=\"https:\/\/nativainfo.com\/wp-content\/uploads\/2025\/08\/imagen_2025-08-28_135635069.png\" alt=\"\" class=\"wp-image-5087\" srcset=\"https:\/\/nativainfo.com\/wp-content\/uploads\/2025\/08\/imagen_2025-08-28_135635069.png 1010w, https:\/\/nativainfo.com\/wp-content\/uploads\/2025\/08\/imagen_2025-08-28_135635069-300x168.png 300w, https:\/\/nativainfo.com\/wp-content\/uploads\/2025\/08\/imagen_2025-08-28_135635069-768x431.png 768w, https:\/\/nativainfo.com\/wp-content\/uploads\/2025\/08\/imagen_2025-08-28_135635069-623x350.png 623w, https:\/\/nativainfo.com\/wp-content\/uploads\/2025\/08\/imagen_2025-08-28_135635069-150x84.png 150w\" sizes=\"(max-width: 1010px) 100vw, 1010px\" \/><\/figure>\n\n\n\n<p>Lionel Scaloni dio a conocer la n\u00f3mina definitiva de 29 futbolistas que representar\u00e1n a la Albiceleste en el cierre de las Eliminatorias Sudamericanas rumbo al Mundial 2026. El seleccionado recibir\u00e1 a Venezuela el jueves 4 de septiembre a las 20.30 en el Monumental y luego visitar\u00e1 a Ecuador en Quito el martes 9, desde las 20.00.<\/p>\n\n\n\n<p>Entre las novedades aparece Jos\u00e9 Manuel \u201cFlaco\u201d L\u00f3pez, delantero del Palmeiras que atraviesa un gran momento con 17 goles en 46 partidos en 2025. Su convocatoria se impuso a la de Valent\u00edn Castellanos, y el atacante celebr\u00f3: <em>\u201cSiempre supe que iba a llegar mi oportunidad; no esperaba que fuera tan pronto, pero estoy preparado para aprovecharla\u201d<\/em>.<\/p>\n\n\n\n<figure class=\"wp-block-image size-large\"><img decoding=\"async\" width=\"998\" height=\"1024\" src=\"https:\/\/nativainfo.com\/wp-content\/uploads\/2025\/08\/imagen_2025-08-28_135645849-998x1024.png\" alt=\"\" class=\"wp-image-5088\" srcset=\"https:\/\/nativainfo.com\/wp-content\/uploads\/2025\/08\/imagen_2025-08-28_135645849-998x1024.png 998w, https:\/\/nativainfo.com\/wp-content\/uploads\/2025\/08\/imagen_2025-08-28_135645849-292x300.png 292w, https:\/\/nativainfo.com\/wp-content\/uploads\/2025\/08\/imagen_2025-08-28_135645849-768x788.png 768w, https:\/\/nativainfo.com\/wp-content\/uploads\/2025\/08\/imagen_2025-08-28_135645849-341x350.png 341w, https:\/\/nativainfo.com\/wp-content\/uploads\/2025\/08\/imagen_2025-08-28_135645849-146x150.png 146w, https:\/\/nativainfo.com\/wp-content\/uploads\/2025\/08\/imagen_2025-08-28_135645849.png 1169w\" sizes=\"(max-width: 998px) 100vw, 998px\" \/><\/figure>\n\n\n\n<p>Tambi\u00e9n ingresaron Alan Varela (Porto), quien ocupar\u00e1 el lugar de Enzo Fern\u00e1ndez tras su sanci\u00f3n de dos fechas, y Claudio \u201cDiablito\u201d Echeverri (Bayer Leverkusen), que tendr\u00e1 su primera oportunidad en la Selecci\u00f3n Mayor.<\/p>\n\n\n\n<p>En cuanto a las ausencias, llaman la atenci\u00f3n las de Facundo Medina, descartado sorpresivamente, y \u00c1ngel Correa, quien pese a su buen arranque en Tigres de M\u00e9xico no fue tenido en cuenta por el DT.<\/p>\n","protected":false},"excerpt":{"rendered":"<p>Lionel Scaloni dio a conocer la n\u00f3mina definitiva de 29 futbolistas que representar\u00e1n a la Albiceleste en el cierre de&#8230; <a class=\"continue-reading-link\" href=\"https:\/\/nativainfo.com\/?p=5086\">Continue reading<\/a><\/p>\n","protected":false},"author":1,"featured_media":5087,"comment_status":"open","ping_status":"open","sticky":false,"template":"","format":"standard","meta":{"rop_custom_images_group":[],"rop_custom_messages_group":[],"rop_publish_now":"yes","rop_publish_now_accounts":[],"rop_publish_now_history":[],"rop_publish_now_status":"pending","footnotes":"","jetpack_publicize_message":"","jetpack_publicize_feature_enabled":true,"jetpack_social_post_already_shared":false,"jetpack_social_options":{"image_generator_settings":{"template":"highway","default_image_id":0,"font":"","enabled":false},"version":2}},"categories":[41,46],"tags":[],"class_list":["post-5086","post","type-post","status-publish","format-standard","has-post-thumbnail","hentry","category-futbol","category-seleccion-argentina"],"yoast_head":"<!-- This site is optimized with the Yoast SEO plugin v25.6 - https:\/\/yoast.com\/wordpress\/plugins\/seo\/ -->\n<title>Scaloni confirm\u00f3 la lista de 29 convocados para la Selecci\u00f3n Argentina en la \u00faltima doble fecha de Eliminatorias - Nativa Info<\/title>\n<meta name=\"robots\" content=\"index, follow, max-snippet:-1, max-image-preview:large, max-video-preview:-1\" \/>\n<link rel=\"canonical\" href=\"https:\/\/nativainfo.com\/?p=5086\" \/>\n<meta property=\"og:locale\" content=\"es_ES\" \/>\n<meta property=\"og:type\" content=\"article\" \/>\n<meta property=\"og:title\" content=\"Scaloni confirm\u00f3 la lista de 29 convocados para la Selecci\u00f3n Argentina en la \u00faltima doble fecha de Eliminatorias - Nativa Info\" \/>\n<meta property=\"og:description\" content=\"Lionel Scaloni dio a conocer la n\u00f3mina definitiva de 29 futbolistas que representar\u00e1n a la Albiceleste en el cierre de... Continue reading\" \/>\n<meta property=\"og:url\" content=\"https:\/\/nativainfo.com\/?p=5086\" \/>\n<meta property=\"og:site_name\" content=\"Nativa Info\" \/>\n<meta property=\"article:publisher\" content=\"https:\/\/www.facebook.com\/profile.php?id=61578881597564\" \/>\n<meta property=\"article:published_time\" content=\"2025-08-28T16:57:06+00:00\" \/>\n<meta property=\"article:modified_time\" content=\"2025-08-28T16:57:07+00:00\" \/>\n<meta property=\"og:image\" content=\"http:\/\/nativainfo.com\/wp-content\/uploads\/2025\/08\/imagen_2025-08-28_135635069.png\" \/>\n\t<meta property=\"og:image:width\" content=\"1010\" \/>\n\t<meta property=\"og:image:height\" content=\"567\" \/>\n\t<meta property=\"og:image:type\" content=\"image\/png\" \/>\n<meta name=\"author\" content=\"Nativa Info\" \/>\n<meta name=\"twitter:card\" content=\"summary_large_image\" \/>\n<meta name=\"twitter:label1\" content=\"Escrito por\" \/>\n\t<meta name=\"twitter:data1\" content=\"Nativa Info\" \/>\n\t<meta name=\"twitter:label2\" content=\"Tiempo de lectura\" \/>\n\t<meta name=\"twitter:data2\" content=\"2 minutos\" \/>\n<script type=\"application\/ld+json\" class=\"yoast-schema-graph\">{\"@context\":\"https:\/\/schema.org\",\"@graph\":[{\"@type\":\"Article\",\"@id\":\"https:\/\/nativainfo.com\/?p=5086#article\",\"isPartOf\":{\"@id\":\"https:\/\/nativainfo.com\/?p=5086\"},\"author\":{\"name\":\"Nativa Info\",\"@id\":\"https:\/\/nativainfo.com\/#\/schema\/person\/24893b64a9cd564ddb5d102d36eb4b5c\"},\"headline\":\"Scaloni confirm\u00f3 la lista de 29 convocados para la Selecci\u00f3n Argentina en la \u00faltima doble fecha de Eliminatorias\",\"datePublished\":\"2025-08-28T16:57:06+00:00\",\"dateModified\":\"2025-08-28T16:57:07+00:00\",\"mainEntityOfPage\":{\"@id\":\"https:\/\/nativainfo.com\/?p=5086\"},\"wordCount\":199,\"commentCount\":0,\"publisher\":{\"@id\":\"https:\/\/nativainfo.com\/#organization\"},\"image\":{\"@id\":\"https:\/\/nativainfo.com\/?p=5086#primaryimage\"},\"thumbnailUrl\":\"https:\/\/nativainfo.com\/wp-content\/uploads\/2025\/08\/imagen_2025-08-28_135635069.png\",\"articleSection\":[\"F\u00fatbol\",\"Selecci\u00f3n Argentina\"],\"inLanguage\":\"es-AR\",\"potentialAction\":[{\"@type\":\"CommentAction\",\"name\":\"Comment\",\"target\":[\"https:\/\/nativainfo.com\/?p=5086#respond\"]}]},{\"@type\":\"WebPage\",\"@id\":\"https:\/\/nativainfo.com\/?p=5086\",\"url\":\"https:\/\/nativainfo.com\/?p=5086\",\"name\":\"Scaloni confirm\u00f3 la lista de 29 convocados para la Selecci\u00f3n Argentina en la \u00faltima doble fecha de Eliminatorias - Nativa Info\",\"isPartOf\":{\"@id\":\"https:\/\/nativainfo.com\/#website\"},\"primaryImageOfPage\":{\"@id\":\"https:\/\/nativainfo.com\/?p=5086#primaryimage\"},\"image\":{\"@id\":\"https:\/\/nativainfo.com\/?p=5086#primaryimage\"},\"thumbnailUrl\":\"https:\/\/nativainfo.com\/wp-content\/uploads\/2025\/08\/imagen_2025-08-28_135635069.png\",\"datePublished\":\"2025-08-28T16:57:06+00:00\",\"dateModified\":\"2025-08-28T16:57:07+00:00\",\"breadcrumb\":{\"@id\":\"https:\/\/nativainfo.com\/?p=5086#breadcrumb\"},\"inLanguage\":\"es-AR\",\"potentialAction\":[{\"@type\":\"ReadAction\",\"target\":[\"https:\/\/nativainfo.com\/?p=5086\"]}]},{\"@type\":\"ImageObject\",\"inLanguage\":\"es-AR\",\"@id\":\"https:\/\/nativainfo.com\/?p=5086#primaryimage\",\"url\":\"https:\/\/nativainfo.com\/wp-content\/uploads\/2025\/08\/imagen_2025-08-28_135635069.png\",\"contentUrl\":\"https:\/\/nativainfo.com\/wp-content\/uploads\/2025\/08\/imagen_2025-08-28_135635069.png\",\"width\":1010,\"height\":567},{\"@type\":\"BreadcrumbList\",\"@id\":\"https:\/\/nativainfo.com\/?p=5086#breadcrumb\",\"itemListElement\":[{\"@type\":\"ListItem\",\"position\":1,\"name\":\"Inicio\",\"item\":\"https:\/\/nativainfo.com\/\"},{\"@type\":\"ListItem\",\"position\":2,\"name\":\"Scaloni confirm\u00f3 la lista de 29 convocados para la Selecci\u00f3n Argentina en la \u00faltima doble fecha de Eliminatorias\"}]},{\"@type\":\"WebSite\",\"@id\":\"https:\/\/nativainfo.com\/#website\",\"url\":\"https:\/\/nativainfo.com\/\",\"name\":\"Nativa Info\",\"description\":\"Diario Digital\",\"publisher\":{\"@id\":\"https:\/\/nativainfo.com\/#organization\"},\"potentialAction\":[{\"@type\":\"SearchAction\",\"target\":{\"@type\":\"EntryPoint\",\"urlTemplate\":\"https:\/\/nativainfo.com\/?s={search_term_string}\"},\"query-input\":{\"@type\":\"PropertyValueSpecification\",\"valueRequired\":true,\"valueName\":\"search_term_string\"}}],\"inLanguage\":\"es-AR\"},{\"@type\":\"Organization\",\"@id\":\"https:\/\/nativainfo.com\/#organization\",\"name\":\"Nativa Info\",\"url\":\"https:\/\/nativainfo.com\/\",\"logo\":{\"@type\":\"ImageObject\",\"inLanguage\":\"es-AR\",\"@id\":\"https:\/\/nativainfo.com\/#\/schema\/logo\/image\/\",\"url\":\"https:\/\/nativainfo.com\/wp-content\/uploads\/2025\/08\/LOGO-NATIVA-FACE.jpg\",\"contentUrl\":\"https:\/\/nativainfo.com\/wp-content\/uploads\/2025\/08\/LOGO-NATIVA-FACE.jpg\",\"width\":400,\"height\":400,\"caption\":\"Nativa Info\"},\"image\":{\"@id\":\"https:\/\/nativainfo.com\/#\/schema\/logo\/image\/\"},\"sameAs\":[\"https:\/\/www.facebook.com\/profile.php?id=61578881597564\"]},{\"@type\":\"Person\",\"@id\":\"https:\/\/nativainfo.com\/#\/schema\/person\/24893b64a9cd564ddb5d102d36eb4b5c\",\"name\":\"Nativa Info\",\"image\":{\"@type\":\"ImageObject\",\"inLanguage\":\"es-AR\",\"@id\":\"https:\/\/nativainfo.com\/#\/schema\/person\/image\/\",\"url\":\"https:\/\/secure.gravatar.com\/avatar\/016fa1cf068d85136d938e1507b9b619cb766e2565cbb1faa1e571762460c785?s=96&d=mm&r=g\",\"contentUrl\":\"https:\/\/secure.gravatar.com\/avatar\/016fa1cf068d85136d938e1507b9b619cb766e2565cbb1faa1e571762460c785?s=96&d=mm&r=g\",\"caption\":\"Nativa Info\"},\"sameAs\":[\"http:\/\/nativainfo.com\"],\"url\":\"https:\/\/nativainfo.com\/?author=1\"}]}<\/script>\n<!-- \/ Yoast SEO plugin. -->","yoast_head_json":{"title":"Scaloni confirm\u00f3 la lista de 29 convocados para la Selecci\u00f3n Argentina en la \u00faltima doble fecha de Eliminatorias - Nativa Info","robots":{"index":"index","follow":"follow","max-snippet":"max-snippet:-1","max-image-preview":"max-image-preview:large","max-video-preview":"max-video-preview:-1"},"canonical":"https:\/\/nativainfo.com\/?p=5086","og_locale":"es_ES","og_type":"article","og_title":"Scaloni confirm\u00f3 la lista de 29 convocados para la Selecci\u00f3n Argentina en la \u00faltima doble fecha de Eliminatorias - Nativa Info","og_description":"Lionel Scaloni dio a conocer la n\u00f3mina definitiva de 29 futbolistas que representar\u00e1n a la Albiceleste en el cierre de... Continue reading","og_url":"https:\/\/nativainfo.com\/?p=5086","og_site_name":"Nativa Info","article_publisher":"https:\/\/www.facebook.com\/profile.php?id=61578881597564","article_published_time":"2025-08-28T16:57:06+00:00","article_modified_time":"2025-08-28T16:57:07+00:00","og_image":[{"width":1010,"height":567,"url":"http:\/\/nativainfo.com\/wp-content\/uploads\/2025\/08\/imagen_2025-08-28_135635069.png","type":"image\/png"}],"author":"Nativa Info","twitter_card":"summary_large_image","twitter_misc":{"Escrito por":"Nativa Info","Tiempo de lectura":"2 minutos"},"schema":{"@context":"https:\/\/schema.org","@graph":[{"@type":"Article","@id":"https:\/\/nativainfo.com\/?p=5086#article","isPartOf":{"@id":"https:\/\/nativainfo.com\/?p=5086"},"author":{"name":"Nativa Info","@id":"https:\/\/nativainfo.com\/#\/schema\/person\/24893b64a9cd564ddb5d102d36eb4b5c"},"headline":"Scaloni confirm\u00f3 la lista de 29 convocados para la Selecci\u00f3n Argentina en la \u00faltima doble fecha de Eliminatorias","datePublished":"2025-08-28T16:57:06+00:00","dateModified":"2025-08-28T16:57:07+00:00","mainEntityOfPage":{"@id":"https:\/\/nativainfo.com\/?p=5086"},"wordCount":199,"commentCount":0,"publisher":{"@id":"https:\/\/nativainfo.com\/#organization"},"image":{"@id":"https:\/\/nativainfo.com\/?p=5086#primaryimage"},"thumbnailUrl":"https:\/\/nativainfo.com\/wp-content\/uploads\/2025\/08\/imagen_2025-08-28_135635069.png","articleSection":["F\u00fatbol","Selecci\u00f3n Argentina"],"inLanguage":"es-AR","potentialAction":[{"@type":"CommentAction","name":"Comment","target":["https:\/\/nativainfo.com\/?p=5086#respond"]}]},{"@type":"WebPage","@id":"https:\/\/nativainfo.com\/?p=5086","url":"https:\/\/nativainfo.com\/?p=5086","name":"Scaloni confirm\u00f3 la lista de 29 convocados para la Selecci\u00f3n Argentina en la \u00faltima doble fecha de Eliminatorias - Nativa Info","isPartOf":{"@id":"https:\/\/nativainfo.com\/#website"},"primaryImageOfPage":{"@id":"https:\/\/nativainfo.com\/?p=5086#primaryimage"},"image":{"@id":"https:\/\/nativainfo.com\/?p=5086#primaryimage"},"thumbnailUrl":"https:\/\/nativainfo.com\/wp-content\/uploads\/2025\/08\/imagen_2025-08-28_135635069.png","datePublished":"2025-08-28T16:57:06+00:00","dateModified":"2025-08-28T16:57:07+00:00","breadcrumb":{"@id":"https:\/\/nativainfo.com\/?p=5086#breadcrumb"},"inLanguage":"es-AR","potentialAction":[{"@type":"ReadAction","target":["https:\/\/nativainfo.com\/?p=5086"]}]},{"@type":"ImageObject","inLanguage":"es-AR","@id":"https:\/\/nativainfo.com\/?p=5086#primaryimage","url":"https:\/\/nativainfo.com\/wp-content\/uploads\/2025\/08\/imagen_2025-08-28_135635069.png","contentUrl":"https:\/\/nativainfo.com\/wp-content\/uploads\/2025\/08\/imagen_2025-08-28_135635069.png","width":1010,"height":567},{"@type":"BreadcrumbList","@id":"https:\/\/nativainfo.com\/?p=5086#breadcrumb","itemListElement":[{"@type":"ListItem","position":1,"name":"Inicio","item":"https:\/\/nativainfo.com\/"},{"@type":"ListItem","position":2,"name":"Scaloni confirm\u00f3 la lista de 29 convocados para la Selecci\u00f3n Argentina en la \u00faltima doble fecha de Eliminatorias"}]},{"@type":"WebSite","@id":"https:\/\/nativainfo.com\/#website","url":"https:\/\/nativainfo.com\/","name":"Nativa Info","description":"Diario Digital","publisher":{"@id":"https:\/\/nativainfo.com\/#organization"},"potentialAction":[{"@type":"SearchAction","target":{"@type":"EntryPoint","urlTemplate":"https:\/\/nativainfo.com\/?s={search_term_string}"},"query-input":{"@type":"PropertyValueSpecification","valueRequired":true,"valueName":"search_term_string"}}],"inLanguage":"es-AR"},{"@type":"Organization","@id":"https:\/\/nativainfo.com\/#organization","name":"Nativa Info","url":"https:\/\/nativainfo.com\/","logo":{"@type":"ImageObject","inLanguage":"es-AR","@id":"https:\/\/nativainfo.com\/#\/schema\/logo\/image\/","url":"https:\/\/nativainfo.com\/wp-content\/uploads\/2025\/08\/LOGO-NATIVA-FACE.jpg","contentUrl":"https:\/\/nativainfo.com\/wp-content\/uploads\/2025\/08\/LOGO-NATIVA-FACE.jpg","width":400,"height":400,"caption":"Nativa Info"},"image":{"@id":"https:\/\/nativainfo.com\/#\/schema\/logo\/image\/"},"sameAs":["https:\/\/www.facebook.com\/profile.php?id=61578881597564"]},{"@type":"Person","@id":"https:\/\/nativainfo.com\/#\/schema\/person\/24893b64a9cd564ddb5d102d36eb4b5c","name":"Nativa Info","image":{"@type":"ImageObject","inLanguage":"es-AR","@id":"https:\/\/nativainfo.com\/#\/schema\/person\/image\/","url":"https:\/\/secure.gravatar.com\/avatar\/016fa1cf068d85136d938e1507b9b619cb766e2565cbb1faa1e571762460c785?s=96&d=mm&r=g","contentUrl":"https:\/\/secure.gravatar.com\/avatar\/016fa1cf068d85136d938e1507b9b619cb766e2565cbb1faa1e571762460c785?s=96&d=mm&r=g","caption":"Nativa Info"},"sameAs":["http:\/\/nativainfo.com"],"url":"https:\/\/nativainfo.com\/?author=1"}]}},"jetpack_publicize_connections":[],"_links":{"self":[{"href":"https:\/\/nativainfo.com\/index.php?rest_route=\/wp\/v2\/posts\/5086","targetHints":{"allow":["GET"]}}],"collection":[{"href":"https:\/\/nativainfo.com\/index.php?rest_route=\/wp\/v2\/posts"}],"about":[{"href":"https:\/\/nativainfo.com\/index.php?rest_route=\/wp\/v2\/types\/post"}],"author":[{"embeddable":true,"href":"https:\/\/nativainfo.com\/index.php?rest_route=\/wp\/v2\/users\/1"}],"replies":[{"embeddable":true,"href":"https:\/\/nativainfo.com\/index.php?rest_route=%2Fwp%2Fv2%2Fcomments&post=5086"}],"version-history":[{"count":1,"href":"https:\/\/nativainfo.com\/index.php?rest_route=\/wp\/v2\/posts\/5086\/revisions"}],"predecessor-version":[{"id":5089,"href":"https:\/\/nativainfo.com\/index.php?rest_route=\/wp\/v2\/posts\/5086\/revisions\/5089"}],"wp:featuredmedia":[{"embeddable":true,"href":"https:\/\/nativainfo.com\/index.php?rest_route=\/wp\/v2\/media\/5087"}],"wp:attachment":[{"href":"https:\/\/nativainfo.com\/index.php?rest_route=%2Fwp%2Fv2%2Fmedia&parent=5086"}],"wp:term":[{"taxonomy":"category","embeddable":true,"href":"https:\/\/nativainfo.com\/index.php?rest_route=%2Fwp%2Fv2%2Fcategories&post=5086"},{"taxonomy":"post_tag","embeddable":true,"href":"https:\/\/nativainfo.com\/index.php?rest_route=%2Fwp%2Fv2%2Ftags&post=5086"}],"curies":[{"name":"wp","href":"https:\/\/api.w.org\/{rel}","templated":true}]}}