{"id":5055,"date":"2025-08-22T14:01:45","date_gmt":"2025-08-22T17:01:45","guid":{"rendered":"https:\/\/nativainfo.com\/?p=5055"},"modified":"2025-08-22T14:01:47","modified_gmt":"2025-08-22T17:01:47","slug":"clausuran-el-estadio-de-independiente-tras-los-incidentes-en-la-copa-sudamericana","status":"publish","type":"post","link":"https:\/\/nativainfo.com\/?p=5055","title":{"rendered":"Clausuran el estadio de Independiente tras los incidentes en la Copa Sudamericana"},"content":{"rendered":"\n<figure class=\"wp-block-image size-full\"><img fetchpriority=\"high\" decoding=\"async\" width=\"1010\" height=\"567\" src=\"https:\/\/nativainfo.com\/wp-content\/uploads\/2025\/08\/imagen_2025-08-22_140135186.png\" alt=\"\" class=\"wp-image-5059\" srcset=\"https:\/\/nativainfo.com\/wp-content\/uploads\/2025\/08\/imagen_2025-08-22_140135186.png 1010w, https:\/\/nativainfo.com\/wp-content\/uploads\/2025\/08\/imagen_2025-08-22_140135186-300x168.png 300w, https:\/\/nativainfo.com\/wp-content\/uploads\/2025\/08\/imagen_2025-08-22_140135186-768x431.png 768w, https:\/\/nativainfo.com\/wp-content\/uploads\/2025\/08\/imagen_2025-08-22_140135186-623x350.png 623w, https:\/\/nativainfo.com\/wp-content\/uploads\/2025\/08\/imagen_2025-08-22_140135186-150x84.png 150w\" sizes=\"(max-width: 1010px) 100vw, 1010px\" \/><\/figure>\n\n\n\n<p>El ministro de Seguridad bonaerense, Javier Alonso, confirm\u00f3 este jueves la clausura del estadio Libertadores de Am\u00e9rica-Ricardo Bochini por orden judicial, luego de los graves hechos violentos ocurridos durante el partido entre Independiente y Universidad de Chile por la Copa Sudamericana.<\/p>\n\n\n\n<p>La medida obliga al Rojo a mudar su local\u00eda y no podr\u00e1 recibir a Platense el pr\u00f3ximo domingo a las 20.30, en el marco de la fecha 6 del Torneo Clausura 2025.<\/p>\n\n\n\n<p>Seg\u00fan Alonso, \u201cel fiscal pidi\u00f3 la clausura porque hay manchas hep\u00e1ticas arteriales en la tribuna y se deben realizar pericias\u201d. Adem\u00e1s, detall\u00f3 que la investigaci\u00f3n ya est\u00e1 en curso y que los hinchas identificados \u2014tanto argentinos como chilenos\u2014 quedaron implicados en 20 causas judiciales. Si bien varios recuperaron la libertad por tratarse de delitos excarcelables, en los casos m\u00e1s graves podr\u00edan enfrentarse a imputaciones por tentativa de homicidio.<\/p>\n","protected":false},"excerpt":{"rendered":"<p>El ministro de Seguridad bonaerense, Javier Alonso, confirm\u00f3 este jueves la clausura del estadio Libertadores de Am\u00e9rica-Ricardo Bochini por orden&#8230; <a class=\"continue-reading-link\" href=\"https:\/\/nativainfo.com\/?p=5055\">Continue reading<\/a><\/p>\n","protected":false},"author":1,"featured_media":5059,"comment_status":"open","ping_status":"open","sticky":false,"template":"","format":"standard","meta":{"rop_custom_images_group":[],"rop_custom_messages_group":[],"rop_publish_now":"yes","rop_publish_now_accounts":[],"rop_publish_now_history":[],"rop_publish_now_status":"pending","footnotes":"","jetpack_publicize_message":"","jetpack_publicize_feature_enabled":true,"jetpack_social_post_already_shared":false,"jetpack_social_options":{"image_generator_settings":{"template":"highway","default_image_id":0,"font":"","enabled":false},"version":2}},"categories":[41],"tags":[],"class_list":["post-5055","post","type-post","status-publish","format-standard","has-post-thumbnail","hentry","category-futbol"],"yoast_head":"<!-- This site is optimized with the Yoast SEO plugin v25.6 - https:\/\/yoast.com\/wordpress\/plugins\/seo\/ -->\n<title>Clausuran el estadio de Independiente tras los incidentes en la Copa Sudamericana - Nativa Info<\/title>\n<meta name=\"robots\" content=\"index, follow, max-snippet:-1, max-image-preview:large, max-video-preview:-1\" \/>\n<link rel=\"canonical\" href=\"https:\/\/nativainfo.com\/?p=5055\" \/>\n<meta property=\"og:locale\" content=\"es_ES\" \/>\n<meta property=\"og:type\" content=\"article\" \/>\n<meta property=\"og:title\" content=\"Clausuran el estadio de Independiente tras los incidentes en la Copa Sudamericana - Nativa Info\" \/>\n<meta property=\"og:description\" content=\"El ministro de Seguridad bonaerense, Javier Alonso, confirm\u00f3 este jueves la clausura del estadio Libertadores de Am\u00e9rica-Ricardo Bochini por orden... Continue reading\" \/>\n<meta property=\"og:url\" content=\"https:\/\/nativainfo.com\/?p=5055\" \/>\n<meta property=\"og:site_name\" content=\"Nativa Info\" \/>\n<meta property=\"article:publisher\" content=\"https:\/\/www.facebook.com\/profile.php?id=61578881597564\" \/>\n<meta property=\"article:published_time\" content=\"2025-08-22T17:01:45+00:00\" \/>\n<meta property=\"article:modified_time\" content=\"2025-08-22T17:01:47+00:00\" \/>\n<meta property=\"og:image\" content=\"http:\/\/nativainfo.com\/wp-content\/uploads\/2025\/08\/imagen_2025-08-22_140135186.png\" \/>\n\t<meta property=\"og:image:width\" content=\"1010\" \/>\n\t<meta property=\"og:image:height\" content=\"567\" \/>\n\t<meta property=\"og:image:type\" content=\"image\/png\" \/>\n<meta name=\"author\" content=\"Nativa Info\" \/>\n<meta name=\"twitter:card\" content=\"summary_large_image\" \/>\n<meta name=\"twitter:label1\" content=\"Escrito por\" \/>\n\t<meta name=\"twitter:data1\" content=\"Nativa Info\" \/>\n\t<meta name=\"twitter:label2\" content=\"Tiempo de lectura\" \/>\n\t<meta name=\"twitter:data2\" content=\"2 minutos\" \/>\n<script type=\"application\/ld+json\" class=\"yoast-schema-graph\">{\"@context\":\"https:\/\/schema.org\",\"@graph\":[{\"@type\":\"Article\",\"@id\":\"https:\/\/nativainfo.com\/?p=5055#article\",\"isPartOf\":{\"@id\":\"https:\/\/nativainfo.com\/?p=5055\"},\"author\":{\"name\":\"Nativa Info\",\"@id\":\"https:\/\/nativainfo.com\/#\/schema\/person\/24893b64a9cd564ddb5d102d36eb4b5c\"},\"headline\":\"Clausuran el estadio de Independiente tras los incidentes en la Copa Sudamericana\",\"datePublished\":\"2025-08-22T17:01:45+00:00\",\"dateModified\":\"2025-08-22T17:01:47+00:00\",\"mainEntityOfPage\":{\"@id\":\"https:\/\/nativainfo.com\/?p=5055\"},\"wordCount\":158,\"commentCount\":0,\"publisher\":{\"@id\":\"https:\/\/nativainfo.com\/#organization\"},\"image\":{\"@id\":\"https:\/\/nativainfo.com\/?p=5055#primaryimage\"},\"thumbnailUrl\":\"https:\/\/nativainfo.com\/wp-content\/uploads\/2025\/08\/imagen_2025-08-22_140135186.png\",\"articleSection\":[\"F\u00fatbol\"],\"inLanguage\":\"es-AR\",\"potentialAction\":[{\"@type\":\"CommentAction\",\"name\":\"Comment\",\"target\":[\"https:\/\/nativainfo.com\/?p=5055#respond\"]}]},{\"@type\":\"WebPage\",\"@id\":\"https:\/\/nativainfo.com\/?p=5055\",\"url\":\"https:\/\/nativainfo.com\/?p=5055\",\"name\":\"Clausuran el estadio de Independiente tras los incidentes en la Copa Sudamericana - Nativa Info\",\"isPartOf\":{\"@id\":\"https:\/\/nativainfo.com\/#website\"},\"primaryImageOfPage\":{\"@id\":\"https:\/\/nativainfo.com\/?p=5055#primaryimage\"},\"image\":{\"@id\":\"https:\/\/nativainfo.com\/?p=5055#primaryimage\"},\"thumbnailUrl\":\"https:\/\/nativainfo.com\/wp-content\/uploads\/2025\/08\/imagen_2025-08-22_140135186.png\",\"datePublished\":\"2025-08-22T17:01:45+00:00\",\"dateModified\":\"2025-08-22T17:01:47+00:00\",\"breadcrumb\":{\"@id\":\"https:\/\/nativainfo.com\/?p=5055#breadcrumb\"},\"inLanguage\":\"es-AR\",\"potentialAction\":[{\"@type\":\"ReadAction\",\"target\":[\"https:\/\/nativainfo.com\/?p=5055\"]}]},{\"@type\":\"ImageObject\",\"inLanguage\":\"es-AR\",\"@id\":\"https:\/\/nativainfo.com\/?p=5055#primaryimage\",\"url\":\"https:\/\/nativainfo.com\/wp-content\/uploads\/2025\/08\/imagen_2025-08-22_140135186.png\",\"contentUrl\":\"https:\/\/nativainfo.com\/wp-content\/uploads\/2025\/08\/imagen_2025-08-22_140135186.png\",\"width\":1010,\"height\":567},{\"@type\":\"BreadcrumbList\",\"@id\":\"https:\/\/nativainfo.com\/?p=5055#breadcrumb\",\"itemListElement\":[{\"@type\":\"ListItem\",\"position\":1,\"name\":\"Inicio\",\"item\":\"https:\/\/nativainfo.com\/\"},{\"@type\":\"ListItem\",\"position\":2,\"name\":\"Clausuran el estadio de Independiente tras los incidentes en la Copa Sudamericana\"}]},{\"@type\":\"WebSite\",\"@id\":\"https:\/\/nativainfo.com\/#website\",\"url\":\"https:\/\/nativainfo.com\/\",\"name\":\"Nativa Info\",\"description\":\"Diario Digital\",\"publisher\":{\"@id\":\"https:\/\/nativainfo.com\/#organization\"},\"potentialAction\":[{\"@type\":\"SearchAction\",\"target\":{\"@type\":\"EntryPoint\",\"urlTemplate\":\"https:\/\/nativainfo.com\/?s={search_term_string}\"},\"query-input\":{\"@type\":\"PropertyValueSpecification\",\"valueRequired\":true,\"valueName\":\"search_term_string\"}}],\"inLanguage\":\"es-AR\"},{\"@type\":\"Organization\",\"@id\":\"https:\/\/nativainfo.com\/#organization\",\"name\":\"Nativa Info\",\"url\":\"https:\/\/nativainfo.com\/\",\"logo\":{\"@type\":\"ImageObject\",\"inLanguage\":\"es-AR\",\"@id\":\"https:\/\/nativainfo.com\/#\/schema\/logo\/image\/\",\"url\":\"https:\/\/nativainfo.com\/wp-content\/uploads\/2025\/08\/LOGO-NATIVA-FACE.jpg\",\"contentUrl\":\"https:\/\/nativainfo.com\/wp-content\/uploads\/2025\/08\/LOGO-NATIVA-FACE.jpg\",\"width\":400,\"height\":400,\"caption\":\"Nativa Info\"},\"image\":{\"@id\":\"https:\/\/nativainfo.com\/#\/schema\/logo\/image\/\"},\"sameAs\":[\"https:\/\/www.facebook.com\/profile.php?id=61578881597564\"]},{\"@type\":\"Person\",\"@id\":\"https:\/\/nativainfo.com\/#\/schema\/person\/24893b64a9cd564ddb5d102d36eb4b5c\",\"name\":\"Nativa Info\",\"image\":{\"@type\":\"ImageObject\",\"inLanguage\":\"es-AR\",\"@id\":\"https:\/\/nativainfo.com\/#\/schema\/person\/image\/\",\"url\":\"https:\/\/secure.gravatar.com\/avatar\/016fa1cf068d85136d938e1507b9b619cb766e2565cbb1faa1e571762460c785?s=96&d=mm&r=g\",\"contentUrl\":\"https:\/\/secure.gravatar.com\/avatar\/016fa1cf068d85136d938e1507b9b619cb766e2565cbb1faa1e571762460c785?s=96&d=mm&r=g\",\"caption\":\"Nativa Info\"},\"sameAs\":[\"http:\/\/nativainfo.com\"],\"url\":\"https:\/\/nativainfo.com\/?author=1\"}]}<\/script>\n<!-- \/ Yoast SEO plugin. -->","yoast_head_json":{"title":"Clausuran el estadio de Independiente tras los incidentes en la Copa Sudamericana - Nativa Info","robots":{"index":"index","follow":"follow","max-snippet":"max-snippet:-1","max-image-preview":"max-image-preview:large","max-video-preview":"max-video-preview:-1"},"canonical":"https:\/\/nativainfo.com\/?p=5055","og_locale":"es_ES","og_type":"article","og_title":"Clausuran el estadio de Independiente tras los incidentes en la Copa Sudamericana - Nativa Info","og_description":"El ministro de Seguridad bonaerense, Javier Alonso, confirm\u00f3 este jueves la clausura del estadio Libertadores de Am\u00e9rica-Ricardo Bochini por orden... Continue reading","og_url":"https:\/\/nativainfo.com\/?p=5055","og_site_name":"Nativa Info","article_publisher":"https:\/\/www.facebook.com\/profile.php?id=61578881597564","article_published_time":"2025-08-22T17:01:45+00:00","article_modified_time":"2025-08-22T17:01:47+00:00","og_image":[{"width":1010,"height":567,"url":"http:\/\/nativainfo.com\/wp-content\/uploads\/2025\/08\/imagen_2025-08-22_140135186.png","type":"image\/png"}],"author":"Nativa Info","twitter_card":"summary_large_image","twitter_misc":{"Escrito por":"Nativa Info","Tiempo de lectura":"2 minutos"},"schema":{"@context":"https:\/\/schema.org","@graph":[{"@type":"Article","@id":"https:\/\/nativainfo.com\/?p=5055#article","isPartOf":{"@id":"https:\/\/nativainfo.com\/?p=5055"},"author":{"name":"Nativa Info","@id":"https:\/\/nativainfo.com\/#\/schema\/person\/24893b64a9cd564ddb5d102d36eb4b5c"},"headline":"Clausuran el estadio de Independiente tras los incidentes en la Copa Sudamericana","datePublished":"2025-08-22T17:01:45+00:00","dateModified":"2025-08-22T17:01:47+00:00","mainEntityOfPage":{"@id":"https:\/\/nativainfo.com\/?p=5055"},"wordCount":158,"commentCount":0,"publisher":{"@id":"https:\/\/nativainfo.com\/#organization"},"image":{"@id":"https:\/\/nativainfo.com\/?p=5055#primaryimage"},"thumbnailUrl":"https:\/\/nativainfo.com\/wp-content\/uploads\/2025\/08\/imagen_2025-08-22_140135186.png","articleSection":["F\u00fatbol"],"inLanguage":"es-AR","potentialAction":[{"@type":"CommentAction","name":"Comment","target":["https:\/\/nativainfo.com\/?p=5055#respond"]}]},{"@type":"WebPage","@id":"https:\/\/nativainfo.com\/?p=5055","url":"https:\/\/nativainfo.com\/?p=5055","name":"Clausuran el estadio de Independiente tras los incidentes en la Copa Sudamericana - Nativa Info","isPartOf":{"@id":"https:\/\/nativainfo.com\/#website"},"primaryImageOfPage":{"@id":"https:\/\/nativainfo.com\/?p=5055#primaryimage"},"image":{"@id":"https:\/\/nativainfo.com\/?p=5055#primaryimage"},"thumbnailUrl":"https:\/\/nativainfo.com\/wp-content\/uploads\/2025\/08\/imagen_2025-08-22_140135186.png","datePublished":"2025-08-22T17:01:45+00:00","dateModified":"2025-08-22T17:01:47+00:00","breadcrumb":{"@id":"https:\/\/nativainfo.com\/?p=5055#breadcrumb"},"inLanguage":"es-AR","potentialAction":[{"@type":"ReadAction","target":["https:\/\/nativainfo.com\/?p=5055"]}]},{"@type":"ImageObject","inLanguage":"es-AR","@id":"https:\/\/nativainfo.com\/?p=5055#primaryimage","url":"https:\/\/nativainfo.com\/wp-content\/uploads\/2025\/08\/imagen_2025-08-22_140135186.png","contentUrl":"https:\/\/nativainfo.com\/wp-content\/uploads\/2025\/08\/imagen_2025-08-22_140135186.png","width":1010,"height":567},{"@type":"BreadcrumbList","@id":"https:\/\/nativainfo.com\/?p=5055#breadcrumb","itemListElement":[{"@type":"ListItem","position":1,"name":"Inicio","item":"https:\/\/nativainfo.com\/"},{"@type":"ListItem","position":2,"name":"Clausuran el estadio de Independiente tras los incidentes en la Copa Sudamericana"}]},{"@type":"WebSite","@id":"https:\/\/nativainfo.com\/#website","url":"https:\/\/nativainfo.com\/","name":"Nativa Info","description":"Diario Digital","publisher":{"@id":"https:\/\/nativainfo.com\/#organization"},"potentialAction":[{"@type":"SearchAction","target":{"@type":"EntryPoint","urlTemplate":"https:\/\/nativainfo.com\/?s={search_term_string}"},"query-input":{"@type":"PropertyValueSpecification","valueRequired":true,"valueName":"search_term_string"}}],"inLanguage":"es-AR"},{"@type":"Organization","@id":"https:\/\/nativainfo.com\/#organization","name":"Nativa Info","url":"https:\/\/nativainfo.com\/","logo":{"@type":"ImageObject","inLanguage":"es-AR","@id":"https:\/\/nativainfo.com\/#\/schema\/logo\/image\/","url":"https:\/\/nativainfo.com\/wp-content\/uploads\/2025\/08\/LOGO-NATIVA-FACE.jpg","contentUrl":"https:\/\/nativainfo.com\/wp-content\/uploads\/2025\/08\/LOGO-NATIVA-FACE.jpg","width":400,"height":400,"caption":"Nativa Info"},"image":{"@id":"https:\/\/nativainfo.com\/#\/schema\/logo\/image\/"},"sameAs":["https:\/\/www.facebook.com\/profile.php?id=61578881597564"]},{"@type":"Person","@id":"https:\/\/nativainfo.com\/#\/schema\/person\/24893b64a9cd564ddb5d102d36eb4b5c","name":"Nativa Info","image":{"@type":"ImageObject","inLanguage":"es-AR","@id":"https:\/\/nativainfo.com\/#\/schema\/person\/image\/","url":"https:\/\/secure.gravatar.com\/avatar\/016fa1cf068d85136d938e1507b9b619cb766e2565cbb1faa1e571762460c785?s=96&d=mm&r=g","contentUrl":"https:\/\/secure.gravatar.com\/avatar\/016fa1cf068d85136d938e1507b9b619cb766e2565cbb1faa1e571762460c785?s=96&d=mm&r=g","caption":"Nativa Info"},"sameAs":["http:\/\/nativainfo.com"],"url":"https:\/\/nativainfo.com\/?author=1"}]}},"jetpack_publicize_connections":[],"_links":{"self":[{"href":"https:\/\/nativainfo.com\/index.php?rest_route=\/wp\/v2\/posts\/5055","targetHints":{"allow":["GET"]}}],"collection":[{"href":"https:\/\/nativainfo.com\/index.php?rest_route=\/wp\/v2\/posts"}],"about":[{"href":"https:\/\/nativainfo.com\/index.php?rest_route=\/wp\/v2\/types\/post"}],"author":[{"embeddable":true,"href":"https:\/\/nativainfo.com\/index.php?rest_route=\/wp\/v2\/users\/1"}],"replies":[{"embeddable":true,"href":"https:\/\/nativainfo.com\/index.php?rest_route=%2Fwp%2Fv2%2Fcomments&post=5055"}],"version-history":[{"count":1,"href":"https:\/\/nativainfo.com\/index.php?rest_route=\/wp\/v2\/posts\/5055\/revisions"}],"predecessor-version":[{"id":5060,"href":"https:\/\/nativainfo.com\/index.php?rest_route=\/wp\/v2\/posts\/5055\/revisions\/5060"}],"wp:featuredmedia":[{"embeddable":true,"href":"https:\/\/nativainfo.com\/index.php?rest_route=\/wp\/v2\/media\/5059"}],"wp:attachment":[{"href":"https:\/\/nativainfo.com\/index.php?rest_route=%2Fwp%2Fv2%2Fmedia&parent=5055"}],"wp:term":[{"taxonomy":"category","embeddable":true,"href":"https:\/\/nativainfo.com\/index.php?rest_route=%2Fwp%2Fv2%2Fcategories&post=5055"},{"taxonomy":"post_tag","embeddable":true,"href":"https:\/\/nativainfo.com\/index.php?rest_route=%2Fwp%2Fv2%2Ftags&post=5055"}],"curies":[{"name":"wp","href":"https:\/\/api.w.org\/{rel}","templated":true}]}}