{"id":5039,"date":"2025-08-20T23:48:55","date_gmt":"2025-08-21T02:48:55","guid":{"rendered":"https:\/\/nativainfo.com\/?p=5039"},"modified":"2025-08-20T23:48:56","modified_gmt":"2025-08-21T02:48:56","slug":"zamora-inauguro-la-ampliacion-y-refaccion-de-la-residencia-mama-antula-en-la-banda20-de-agosto-de-2025","status":"publish","type":"post","link":"https:\/\/nativainfo.com\/?p=5039","title":{"rendered":"Zamora inaugur\u00f3 la ampliaci\u00f3n y refacci\u00f3n de la Residencia \u201cMama Antula\u201d en La Banda20 de agosto de 2025"},"content":{"rendered":"\n<figure class=\"wp-block-image size-large\"><img fetchpriority=\"high\" decoding=\"async\" width=\"1024\" height=\"712\" src=\"https:\/\/nativainfo.com\/wp-content\/uploads\/2025\/08\/imagen_2025-08-20_234834837-1024x712.png\" alt=\"\" class=\"wp-image-5041\" srcset=\"https:\/\/nativainfo.com\/wp-content\/uploads\/2025\/08\/imagen_2025-08-20_234834837-1024x712.png 1024w, https:\/\/nativainfo.com\/wp-content\/uploads\/2025\/08\/imagen_2025-08-20_234834837-300x209.png 300w, https:\/\/nativainfo.com\/wp-content\/uploads\/2025\/08\/imagen_2025-08-20_234834837-768x534.png 768w, https:\/\/nativainfo.com\/wp-content\/uploads\/2025\/08\/imagen_2025-08-20_234834837-503x350.png 503w, https:\/\/nativainfo.com\/wp-content\/uploads\/2025\/08\/imagen_2025-08-20_234834837-150x104.png 150w, https:\/\/nativainfo.com\/wp-content\/uploads\/2025\/08\/imagen_2025-08-20_234834837.png 1536w\" sizes=\"(max-width: 1024px) 100vw, 1024px\" \/><\/figure>\n\n\n\n<p>El gobernador Gerardo Zamora encabez\u00f3 este mi\u00e9rcoles la inauguraci\u00f3n de las obras de ampliaci\u00f3n y remodelaci\u00f3n de la Residencia de Larga Estad\u00eda \u201cMama Antula\u201d en La Banda. El espacio, que fue modernizado en todas sus \u00e1reas, busca garantizar mejores condiciones de confort y seguridad para sus residentes.<\/p>\n\n\n\n<p>Las nuevas instalaciones incluyen sectores habitacionales, sanitarios, de cocina y lavander\u00eda totalmente renovados, adem\u00e1s de espacios para actividades recreativas, pensados para brindar una mejor calidad de vida a los adultos mayores.<\/p>\n\n\n\n<p>Del acto participaron el vicegobernador Carlos Silva Neder, el jefe de Gabinete El\u00edas Su\u00e1rez, el ministro de Desarrollo Social \u00c1ngel Niccolai, la ministra de Salud Natividad Nassif, el subsecretario Ramiro Banco, la directora de la residencia Luc\u00eda Witte, junto a la ministra Mariela Nassif, los secretarios Jorge Zua\u00edn y Sara Ayuch de Tarchini, legisladores provinciales y otras autoridades.<\/p>\n\n\n\n<p>En la ocasi\u00f3n tambi\u00e9n se anunci\u00f3 la puesta en marcha de un voluntariado estudiantil destinado a acompa\u00f1ar a quienes residen en los hogares de la provincia.<\/p>\n\n\n\n<p>La iniciativa refuerza el compromiso del Gobierno de Santiago del Estero con la inclusi\u00f3n, el respeto y el cuidado de sus adultos mayores.<\/p>\n","protected":false},"excerpt":{"rendered":"<p>El gobernador Gerardo Zamora encabez\u00f3 este mi\u00e9rcoles la inauguraci\u00f3n de las obras de ampliaci\u00f3n y remodelaci\u00f3n de la Residencia de&#8230; <a class=\"continue-reading-link\" href=\"https:\/\/nativainfo.com\/?p=5039\">Continue reading<\/a><\/p>\n","protected":false},"author":1,"featured_media":5041,"comment_status":"open","ping_status":"open","sticky":false,"template":"","format":"standard","meta":{"rop_custom_images_group":[],"rop_custom_messages_group":[],"rop_publish_now":"yes","rop_publish_now_accounts":[],"rop_publish_now_history":[],"rop_publish_now_status":"pending","footnotes":"","jetpack_publicize_message":"","jetpack_publicize_feature_enabled":true,"jetpack_social_post_already_shared":false,"jetpack_social_options":{"image_generator_settings":{"template":"highway","default_image_id":0,"font":"","enabled":false},"version":2}},"categories":[67,8],"tags":[],"class_list":["post-5039","post","type-post","status-publish","format-standard","has-post-thumbnail","hentry","category-la-banda","category-noticias"],"yoast_head":"<!-- This site is optimized with the Yoast SEO plugin v25.6 - https:\/\/yoast.com\/wordpress\/plugins\/seo\/ -->\n<title>Zamora inaugur\u00f3 la ampliaci\u00f3n y refacci\u00f3n de la Residencia \u201cMama Antula\u201d en La Banda20 de agosto de 2025 - Nativa Info<\/title>\n<meta name=\"robots\" content=\"index, follow, max-snippet:-1, max-image-preview:large, max-video-preview:-1\" \/>\n<link rel=\"canonical\" href=\"https:\/\/nativainfo.com\/?p=5039\" \/>\n<meta property=\"og:locale\" content=\"es_ES\" \/>\n<meta property=\"og:type\" content=\"article\" \/>\n<meta property=\"og:title\" content=\"Zamora inaugur\u00f3 la ampliaci\u00f3n y refacci\u00f3n de la Residencia \u201cMama Antula\u201d en La Banda20 de agosto de 2025 - Nativa Info\" \/>\n<meta property=\"og:description\" content=\"El gobernador Gerardo Zamora encabez\u00f3 este mi\u00e9rcoles la inauguraci\u00f3n de las obras de ampliaci\u00f3n y remodelaci\u00f3n de la Residencia de... Continue reading\" \/>\n<meta property=\"og:url\" content=\"https:\/\/nativainfo.com\/?p=5039\" \/>\n<meta property=\"og:site_name\" content=\"Nativa Info\" \/>\n<meta property=\"article:publisher\" content=\"https:\/\/www.facebook.com\/profile.php?id=61578881597564\" \/>\n<meta property=\"article:published_time\" content=\"2025-08-21T02:48:55+00:00\" \/>\n<meta property=\"article:modified_time\" content=\"2025-08-21T02:48:56+00:00\" \/>\n<meta property=\"og:image\" content=\"http:\/\/nativainfo.com\/wp-content\/uploads\/2025\/08\/imagen_2025-08-20_234834837.png\" \/>\n\t<meta property=\"og:image:width\" content=\"1536\" \/>\n\t<meta property=\"og:image:height\" content=\"1068\" \/>\n\t<meta property=\"og:image:type\" content=\"image\/png\" \/>\n<meta name=\"author\" content=\"Nativa Info\" \/>\n<meta name=\"twitter:card\" content=\"summary_large_image\" \/>\n<meta name=\"twitter:label1\" content=\"Escrito por\" \/>\n\t<meta name=\"twitter:data1\" content=\"Nativa Info\" \/>\n\t<meta name=\"twitter:label2\" content=\"Tiempo de lectura\" \/>\n\t<meta name=\"twitter:data2\" content=\"2 minutos\" \/>\n<script type=\"application\/ld+json\" class=\"yoast-schema-graph\">{\"@context\":\"https:\/\/schema.org\",\"@graph\":[{\"@type\":\"Article\",\"@id\":\"https:\/\/nativainfo.com\/?p=5039#article\",\"isPartOf\":{\"@id\":\"https:\/\/nativainfo.com\/?p=5039\"},\"author\":{\"name\":\"Nativa Info\",\"@id\":\"https:\/\/nativainfo.com\/#\/schema\/person\/24893b64a9cd564ddb5d102d36eb4b5c\"},\"headline\":\"Zamora inaugur\u00f3 la ampliaci\u00f3n y refacci\u00f3n de la Residencia \u201cMama Antula\u201d en La Banda20 de agosto de 2025\",\"datePublished\":\"2025-08-21T02:48:55+00:00\",\"dateModified\":\"2025-08-21T02:48:56+00:00\",\"mainEntityOfPage\":{\"@id\":\"https:\/\/nativainfo.com\/?p=5039\"},\"wordCount\":219,\"commentCount\":0,\"publisher\":{\"@id\":\"https:\/\/nativainfo.com\/#organization\"},\"image\":{\"@id\":\"https:\/\/nativainfo.com\/?p=5039#primaryimage\"},\"thumbnailUrl\":\"https:\/\/nativainfo.com\/wp-content\/uploads\/2025\/08\/imagen_2025-08-20_234834837.png\",\"articleSection\":[\"La Banda\",\"Noticias\"],\"inLanguage\":\"es-AR\",\"potentialAction\":[{\"@type\":\"CommentAction\",\"name\":\"Comment\",\"target\":[\"https:\/\/nativainfo.com\/?p=5039#respond\"]}]},{\"@type\":\"WebPage\",\"@id\":\"https:\/\/nativainfo.com\/?p=5039\",\"url\":\"https:\/\/nativainfo.com\/?p=5039\",\"name\":\"Zamora inaugur\u00f3 la ampliaci\u00f3n y refacci\u00f3n de la Residencia \u201cMama Antula\u201d en La Banda20 de agosto de 2025 - Nativa Info\",\"isPartOf\":{\"@id\":\"https:\/\/nativainfo.com\/#website\"},\"primaryImageOfPage\":{\"@id\":\"https:\/\/nativainfo.com\/?p=5039#primaryimage\"},\"image\":{\"@id\":\"https:\/\/nativainfo.com\/?p=5039#primaryimage\"},\"thumbnailUrl\":\"https:\/\/nativainfo.com\/wp-content\/uploads\/2025\/08\/imagen_2025-08-20_234834837.png\",\"datePublished\":\"2025-08-21T02:48:55+00:00\",\"dateModified\":\"2025-08-21T02:48:56+00:00\",\"breadcrumb\":{\"@id\":\"https:\/\/nativainfo.com\/?p=5039#breadcrumb\"},\"inLanguage\":\"es-AR\",\"potentialAction\":[{\"@type\":\"ReadAction\",\"target\":[\"https:\/\/nativainfo.com\/?p=5039\"]}]},{\"@type\":\"ImageObject\",\"inLanguage\":\"es-AR\",\"@id\":\"https:\/\/nativainfo.com\/?p=5039#primaryimage\",\"url\":\"https:\/\/nativainfo.com\/wp-content\/uploads\/2025\/08\/imagen_2025-08-20_234834837.png\",\"contentUrl\":\"https:\/\/nativainfo.com\/wp-content\/uploads\/2025\/08\/imagen_2025-08-20_234834837.png\",\"width\":1536,\"height\":1068},{\"@type\":\"BreadcrumbList\",\"@id\":\"https:\/\/nativainfo.com\/?p=5039#breadcrumb\",\"itemListElement\":[{\"@type\":\"ListItem\",\"position\":1,\"name\":\"Inicio\",\"item\":\"https:\/\/nativainfo.com\/\"},{\"@type\":\"ListItem\",\"position\":2,\"name\":\"Zamora inaugur\u00f3 la ampliaci\u00f3n y refacci\u00f3n de la Residencia \u201cMama Antula\u201d en La Banda20 de agosto de 2025\"}]},{\"@type\":\"WebSite\",\"@id\":\"https:\/\/nativainfo.com\/#website\",\"url\":\"https:\/\/nativainfo.com\/\",\"name\":\"Nativa Info\",\"description\":\"Diario Digital\",\"publisher\":{\"@id\":\"https:\/\/nativainfo.com\/#organization\"},\"potentialAction\":[{\"@type\":\"SearchAction\",\"target\":{\"@type\":\"EntryPoint\",\"urlTemplate\":\"https:\/\/nativainfo.com\/?s={search_term_string}\"},\"query-input\":{\"@type\":\"PropertyValueSpecification\",\"valueRequired\":true,\"valueName\":\"search_term_string\"}}],\"inLanguage\":\"es-AR\"},{\"@type\":\"Organization\",\"@id\":\"https:\/\/nativainfo.com\/#organization\",\"name\":\"Nativa Info\",\"url\":\"https:\/\/nativainfo.com\/\",\"logo\":{\"@type\":\"ImageObject\",\"inLanguage\":\"es-AR\",\"@id\":\"https:\/\/nativainfo.com\/#\/schema\/logo\/image\/\",\"url\":\"https:\/\/nativainfo.com\/wp-content\/uploads\/2025\/08\/LOGO-NATIVA-FACE.jpg\",\"contentUrl\":\"https:\/\/nativainfo.com\/wp-content\/uploads\/2025\/08\/LOGO-NATIVA-FACE.jpg\",\"width\":400,\"height\":400,\"caption\":\"Nativa Info\"},\"image\":{\"@id\":\"https:\/\/nativainfo.com\/#\/schema\/logo\/image\/\"},\"sameAs\":[\"https:\/\/www.facebook.com\/profile.php?id=61578881597564\"]},{\"@type\":\"Person\",\"@id\":\"https:\/\/nativainfo.com\/#\/schema\/person\/24893b64a9cd564ddb5d102d36eb4b5c\",\"name\":\"Nativa Info\",\"image\":{\"@type\":\"ImageObject\",\"inLanguage\":\"es-AR\",\"@id\":\"https:\/\/nativainfo.com\/#\/schema\/person\/image\/\",\"url\":\"https:\/\/secure.gravatar.com\/avatar\/016fa1cf068d85136d938e1507b9b619cb766e2565cbb1faa1e571762460c785?s=96&d=mm&r=g\",\"contentUrl\":\"https:\/\/secure.gravatar.com\/avatar\/016fa1cf068d85136d938e1507b9b619cb766e2565cbb1faa1e571762460c785?s=96&d=mm&r=g\",\"caption\":\"Nativa Info\"},\"sameAs\":[\"http:\/\/nativainfo.com\"],\"url\":\"https:\/\/nativainfo.com\/?author=1\"}]}<\/script>\n<!-- \/ Yoast SEO plugin. -->","yoast_head_json":{"title":"Zamora inaugur\u00f3 la ampliaci\u00f3n y refacci\u00f3n de la Residencia \u201cMama Antula\u201d en La Banda20 de agosto de 2025 - Nativa Info","robots":{"index":"index","follow":"follow","max-snippet":"max-snippet:-1","max-image-preview":"max-image-preview:large","max-video-preview":"max-video-preview:-1"},"canonical":"https:\/\/nativainfo.com\/?p=5039","og_locale":"es_ES","og_type":"article","og_title":"Zamora inaugur\u00f3 la ampliaci\u00f3n y refacci\u00f3n de la Residencia \u201cMama Antula\u201d en La Banda20 de agosto de 2025 - Nativa Info","og_description":"El gobernador Gerardo Zamora encabez\u00f3 este mi\u00e9rcoles la inauguraci\u00f3n de las obras de ampliaci\u00f3n y remodelaci\u00f3n de la Residencia de... Continue reading","og_url":"https:\/\/nativainfo.com\/?p=5039","og_site_name":"Nativa Info","article_publisher":"https:\/\/www.facebook.com\/profile.php?id=61578881597564","article_published_time":"2025-08-21T02:48:55+00:00","article_modified_time":"2025-08-21T02:48:56+00:00","og_image":[{"width":1536,"height":1068,"url":"http:\/\/nativainfo.com\/wp-content\/uploads\/2025\/08\/imagen_2025-08-20_234834837.png","type":"image\/png"}],"author":"Nativa Info","twitter_card":"summary_large_image","twitter_misc":{"Escrito por":"Nativa Info","Tiempo de lectura":"2 minutos"},"schema":{"@context":"https:\/\/schema.org","@graph":[{"@type":"Article","@id":"https:\/\/nativainfo.com\/?p=5039#article","isPartOf":{"@id":"https:\/\/nativainfo.com\/?p=5039"},"author":{"name":"Nativa Info","@id":"https:\/\/nativainfo.com\/#\/schema\/person\/24893b64a9cd564ddb5d102d36eb4b5c"},"headline":"Zamora inaugur\u00f3 la ampliaci\u00f3n y refacci\u00f3n de la Residencia \u201cMama Antula\u201d en La Banda20 de agosto de 2025","datePublished":"2025-08-21T02:48:55+00:00","dateModified":"2025-08-21T02:48:56+00:00","mainEntityOfPage":{"@id":"https:\/\/nativainfo.com\/?p=5039"},"wordCount":219,"commentCount":0,"publisher":{"@id":"https:\/\/nativainfo.com\/#organization"},"image":{"@id":"https:\/\/nativainfo.com\/?p=5039#primaryimage"},"thumbnailUrl":"https:\/\/nativainfo.com\/wp-content\/uploads\/2025\/08\/imagen_2025-08-20_234834837.png","articleSection":["La Banda","Noticias"],"inLanguage":"es-AR","potentialAction":[{"@type":"CommentAction","name":"Comment","target":["https:\/\/nativainfo.com\/?p=5039#respond"]}]},{"@type":"WebPage","@id":"https:\/\/nativainfo.com\/?p=5039","url":"https:\/\/nativainfo.com\/?p=5039","name":"Zamora inaugur\u00f3 la ampliaci\u00f3n y refacci\u00f3n de la Residencia \u201cMama Antula\u201d en La Banda20 de agosto de 2025 - Nativa Info","isPartOf":{"@id":"https:\/\/nativainfo.com\/#website"},"primaryImageOfPage":{"@id":"https:\/\/nativainfo.com\/?p=5039#primaryimage"},"image":{"@id":"https:\/\/nativainfo.com\/?p=5039#primaryimage"},"thumbnailUrl":"https:\/\/nativainfo.com\/wp-content\/uploads\/2025\/08\/imagen_2025-08-20_234834837.png","datePublished":"2025-08-21T02:48:55+00:00","dateModified":"2025-08-21T02:48:56+00:00","breadcrumb":{"@id":"https:\/\/nativainfo.com\/?p=5039#breadcrumb"},"inLanguage":"es-AR","potentialAction":[{"@type":"ReadAction","target":["https:\/\/nativainfo.com\/?p=5039"]}]},{"@type":"ImageObject","inLanguage":"es-AR","@id":"https:\/\/nativainfo.com\/?p=5039#primaryimage","url":"https:\/\/nativainfo.com\/wp-content\/uploads\/2025\/08\/imagen_2025-08-20_234834837.png","contentUrl":"https:\/\/nativainfo.com\/wp-content\/uploads\/2025\/08\/imagen_2025-08-20_234834837.png","width":1536,"height":1068},{"@type":"BreadcrumbList","@id":"https:\/\/nativainfo.com\/?p=5039#breadcrumb","itemListElement":[{"@type":"ListItem","position":1,"name":"Inicio","item":"https:\/\/nativainfo.com\/"},{"@type":"ListItem","position":2,"name":"Zamora inaugur\u00f3 la ampliaci\u00f3n y refacci\u00f3n de la Residencia \u201cMama Antula\u201d en La Banda20 de agosto de 2025"}]},{"@type":"WebSite","@id":"https:\/\/nativainfo.com\/#website","url":"https:\/\/nativainfo.com\/","name":"Nativa Info","description":"Diario Digital","publisher":{"@id":"https:\/\/nativainfo.com\/#organization"},"potentialAction":[{"@type":"SearchAction","target":{"@type":"EntryPoint","urlTemplate":"https:\/\/nativainfo.com\/?s={search_term_string}"},"query-input":{"@type":"PropertyValueSpecification","valueRequired":true,"valueName":"search_term_string"}}],"inLanguage":"es-AR"},{"@type":"Organization","@id":"https:\/\/nativainfo.com\/#organization","name":"Nativa Info","url":"https:\/\/nativainfo.com\/","logo":{"@type":"ImageObject","inLanguage":"es-AR","@id":"https:\/\/nativainfo.com\/#\/schema\/logo\/image\/","url":"https:\/\/nativainfo.com\/wp-content\/uploads\/2025\/08\/LOGO-NATIVA-FACE.jpg","contentUrl":"https:\/\/nativainfo.com\/wp-content\/uploads\/2025\/08\/LOGO-NATIVA-FACE.jpg","width":400,"height":400,"caption":"Nativa Info"},"image":{"@id":"https:\/\/nativainfo.com\/#\/schema\/logo\/image\/"},"sameAs":["https:\/\/www.facebook.com\/profile.php?id=61578881597564"]},{"@type":"Person","@id":"https:\/\/nativainfo.com\/#\/schema\/person\/24893b64a9cd564ddb5d102d36eb4b5c","name":"Nativa Info","image":{"@type":"ImageObject","inLanguage":"es-AR","@id":"https:\/\/nativainfo.com\/#\/schema\/person\/image\/","url":"https:\/\/secure.gravatar.com\/avatar\/016fa1cf068d85136d938e1507b9b619cb766e2565cbb1faa1e571762460c785?s=96&d=mm&r=g","contentUrl":"https:\/\/secure.gravatar.com\/avatar\/016fa1cf068d85136d938e1507b9b619cb766e2565cbb1faa1e571762460c785?s=96&d=mm&r=g","caption":"Nativa Info"},"sameAs":["http:\/\/nativainfo.com"],"url":"https:\/\/nativainfo.com\/?author=1"}]}},"jetpack_publicize_connections":[],"_links":{"self":[{"href":"https:\/\/nativainfo.com\/index.php?rest_route=\/wp\/v2\/posts\/5039","targetHints":{"allow":["GET"]}}],"collection":[{"href":"https:\/\/nativainfo.com\/index.php?rest_route=\/wp\/v2\/posts"}],"about":[{"href":"https:\/\/nativainfo.com\/index.php?rest_route=\/wp\/v2\/types\/post"}],"author":[{"embeddable":true,"href":"https:\/\/nativainfo.com\/index.php?rest_route=\/wp\/v2\/users\/1"}],"replies":[{"embeddable":true,"href":"https:\/\/nativainfo.com\/index.php?rest_route=%2Fwp%2Fv2%2Fcomments&post=5039"}],"version-history":[{"count":1,"href":"https:\/\/nativainfo.com\/index.php?rest_route=\/wp\/v2\/posts\/5039\/revisions"}],"predecessor-version":[{"id":5042,"href":"https:\/\/nativainfo.com\/index.php?rest_route=\/wp\/v2\/posts\/5039\/revisions\/5042"}],"wp:featuredmedia":[{"embeddable":true,"href":"https:\/\/nativainfo.com\/index.php?rest_route=\/wp\/v2\/media\/5041"}],"wp:attachment":[{"href":"https:\/\/nativainfo.com\/index.php?rest_route=%2Fwp%2Fv2%2Fmedia&parent=5039"}],"wp:term":[{"taxonomy":"category","embeddable":true,"href":"https:\/\/nativainfo.com\/index.php?rest_route=%2Fwp%2Fv2%2Fcategories&post=5039"},{"taxonomy":"post_tag","embeddable":true,"href":"https:\/\/nativainfo.com\/index.php?rest_route=%2Fwp%2Fv2%2Ftags&post=5039"}],"curies":[{"name":"wp","href":"https:\/\/api.w.org\/{rel}","templated":true}]}}