{"id":5006,"date":"2025-08-18T10:29:21","date_gmt":"2025-08-18T13:29:21","guid":{"rendered":"https:\/\/nativainfo.com\/?p=5006"},"modified":"2025-08-18T10:31:16","modified_gmt":"2025-08-18T13:31:16","slug":"gerardo-zamora-sera-candidato-a-senador-y-se-oficializaron-10-formulas-para-gobernador-y-vice-en-santiago-del-estero","status":"publish","type":"post","link":"https:\/\/nativainfo.com\/?p=5006","title":{"rendered":"Gerardo Zamora ser\u00e1 candidato a senador y se oficializaron 10 f\u00f3rmulas para gobernador y vice en Santiago del Estero"},"content":{"rendered":"\n<figure class=\"wp-block-image size-full\"><img fetchpriority=\"high\" decoding=\"async\" width=\"768\" height=\"512\" src=\"https:\/\/nativainfo.com\/wp-content\/uploads\/2025\/08\/imagen_2025-08-18_102912326.png\" alt=\"\" class=\"wp-image-5013\" srcset=\"https:\/\/nativainfo.com\/wp-content\/uploads\/2025\/08\/imagen_2025-08-18_102912326.png 768w, https:\/\/nativainfo.com\/wp-content\/uploads\/2025\/08\/imagen_2025-08-18_102912326-300x200.png 300w, https:\/\/nativainfo.com\/wp-content\/uploads\/2025\/08\/imagen_2025-08-18_102912326-525x350.png 525w, https:\/\/nativainfo.com\/wp-content\/uploads\/2025\/08\/imagen_2025-08-18_102912326-150x100.png 150w\" sizes=\"(max-width: 768px) 100vw, 768px\" \/><\/figure>\n\n\n\n<p>Las fuerzas pol\u00edticas locales presentaron ante las secretar\u00edas electorales federal y provincial sus listas de candidatos para las elecciones nacionales y provinciales del pr\u00f3ximo 26 de octubre.<\/p>\n\n\n\n<p>Por el Frente C\u00edvico, se confirm\u00f3 que el gobernador Gerardo Zamora encabezar\u00e1 la lista de candidatos a senador nacional, mientras que el intendente de Las Termas de R\u00edo Hondo, Jorge Mukdise, ser\u00e1 el primer candidato a diputado nacional.<\/p>\n\n\n\n<p>El plazo de presentaci\u00f3n de listas cerr\u00f3 ayer a la medianoche, quedando definida la grilla de postulantes para los comicios nacionales \u2014donde se elegir\u00e1n tres senadores y tres diputados nacionales\u2014 y para las elecciones provinciales, que renovar\u00e1n gobernador y vice, 40 diputados provinciales, adem\u00e1s de 137 comisionados municipales y tres intendencias con sus respectivos concejos deliberantes en Clodomira, Beltr\u00e1n y Villa Atamisqui.<\/p>\n\n\n\n<p>Entre las novedades, se confirm\u00f3 la ruptura del acuerdo entre el Frente Renovador y Libres del Sur, que competir\u00e1n de manera independiente. A su vez, el frente Unidos para el Futuro \u2014conducido por el intendente bande\u00f1o Roger Nediani y el diputado Jorge Mussetti (ParTe)\u2014 decidi\u00f3 respaldar a la lista del Frente Fuerza Patria Peronista para los cargos nacionales. En tanto, el sector de Noral\u00ed Sosa manten\u00eda dudas sobre su participaci\u00f3n en la elecci\u00f3n provincial, tras anunciar su ausencia en la nacional.<\/p>\n\n\n\n<p>Cabe recordar que el 26 de octubre los santiague\u00f1os votar\u00e1n en elecciones concurrentes con dos sistemas distintos: para los cargos nacionales se utilizar\u00e1 la <strong>boleta \u00fanica papel (BUP)<\/strong>, donde cada elector marcar\u00e1 su opci\u00f3n en un casillero y la depositar\u00e1 en la urna identificada con letras y n\u00fameros negros; mientras que para los cargos provinciales y municipales se continuar\u00e1 con la <strong>boleta partidaria tradicional<\/strong>, que deber\u00e1 colocarse en el sobre entregado en mesa y depositarse en la urna de letras y n\u00fameros rojos.<\/p>\n","protected":false},"excerpt":{"rendered":"<p>Las fuerzas pol\u00edticas locales presentaron ante las secretar\u00edas electorales federal y provincial sus listas de candidatos para las elecciones nacionales&#8230; <a class=\"continue-reading-link\" href=\"https:\/\/nativainfo.com\/?p=5006\">Continue reading<\/a><\/p>\n","protected":false},"author":1,"featured_media":5013,"comment_status":"open","ping_status":"open","sticky":false,"template":"","format":"standard","meta":{"rop_custom_images_group":[],"rop_custom_messages_group":[],"rop_publish_now":"yes","rop_publish_now_accounts":[],"rop_publish_now_history":[],"rop_publish_now_status":"pending","footnotes":"","jetpack_publicize_message":"","jetpack_publicize_feature_enabled":true,"jetpack_social_post_already_shared":false,"jetpack_social_options":{"image_generator_settings":{"template":"highway","default_image_id":0,"font":"","enabled":false},"version":2}},"categories":[8,36],"tags":[],"class_list":["post-5006","post","type-post","status-publish","format-standard","has-post-thumbnail","hentry","category-noticias","category-politica"],"yoast_head":"<!-- This site is optimized with the Yoast SEO plugin v25.6 - https:\/\/yoast.com\/wordpress\/plugins\/seo\/ -->\n<title>Gerardo Zamora ser\u00e1 candidato a senador y se oficializaron 10 f\u00f3rmulas para gobernador y vice en Santiago del Estero - Nativa Info<\/title>\n<meta name=\"robots\" content=\"index, follow, max-snippet:-1, max-image-preview:large, max-video-preview:-1\" \/>\n<link rel=\"canonical\" href=\"https:\/\/nativainfo.com\/?p=5006\" \/>\n<meta property=\"og:locale\" content=\"es_ES\" \/>\n<meta property=\"og:type\" content=\"article\" \/>\n<meta property=\"og:title\" content=\"Gerardo Zamora ser\u00e1 candidato a senador y se oficializaron 10 f\u00f3rmulas para gobernador y vice en Santiago del Estero - Nativa Info\" \/>\n<meta property=\"og:description\" content=\"Las fuerzas pol\u00edticas locales presentaron ante las secretar\u00edas electorales federal y provincial sus listas de candidatos para las elecciones nacionales... Continue reading\" \/>\n<meta property=\"og:url\" content=\"https:\/\/nativainfo.com\/?p=5006\" \/>\n<meta property=\"og:site_name\" content=\"Nativa Info\" \/>\n<meta property=\"article:publisher\" content=\"https:\/\/www.facebook.com\/profile.php?id=61578881597564\" \/>\n<meta property=\"article:published_time\" content=\"2025-08-18T13:29:21+00:00\" \/>\n<meta property=\"article:modified_time\" content=\"2025-08-18T13:31:16+00:00\" \/>\n<meta property=\"og:image\" content=\"http:\/\/nativainfo.com\/wp-content\/uploads\/2025\/08\/imagen_2025-08-18_102912326.png\" \/>\n\t<meta property=\"og:image:width\" content=\"768\" \/>\n\t<meta property=\"og:image:height\" content=\"512\" \/>\n\t<meta property=\"og:image:type\" content=\"image\/png\" \/>\n<meta name=\"author\" content=\"Nativa Info\" \/>\n<meta name=\"twitter:card\" content=\"summary_large_image\" \/>\n<meta name=\"twitter:label1\" content=\"Escrito por\" \/>\n\t<meta name=\"twitter:data1\" content=\"Nativa Info\" \/>\n\t<meta name=\"twitter:label2\" content=\"Tiempo de lectura\" \/>\n\t<meta name=\"twitter:data2\" content=\"2 minutos\" \/>\n<script type=\"application\/ld+json\" class=\"yoast-schema-graph\">{\"@context\":\"https:\/\/schema.org\",\"@graph\":[{\"@type\":\"Article\",\"@id\":\"https:\/\/nativainfo.com\/?p=5006#article\",\"isPartOf\":{\"@id\":\"https:\/\/nativainfo.com\/?p=5006\"},\"author\":{\"name\":\"Nativa Info\",\"@id\":\"https:\/\/nativainfo.com\/#\/schema\/person\/24893b64a9cd564ddb5d102d36eb4b5c\"},\"headline\":\"Gerardo Zamora ser\u00e1 candidato a senador y se oficializaron 10 f\u00f3rmulas para gobernador y vice en Santiago del Estero\",\"datePublished\":\"2025-08-18T13:29:21+00:00\",\"dateModified\":\"2025-08-18T13:31:16+00:00\",\"mainEntityOfPage\":{\"@id\":\"https:\/\/nativainfo.com\/?p=5006\"},\"wordCount\":326,\"commentCount\":0,\"publisher\":{\"@id\":\"https:\/\/nativainfo.com\/#organization\"},\"image\":{\"@id\":\"https:\/\/nativainfo.com\/?p=5006#primaryimage\"},\"thumbnailUrl\":\"https:\/\/nativainfo.com\/wp-content\/uploads\/2025\/08\/imagen_2025-08-18_102912326.png\",\"articleSection\":[\"Noticias\",\"Pol\u00edtica\"],\"inLanguage\":\"es-AR\",\"potentialAction\":[{\"@type\":\"CommentAction\",\"name\":\"Comment\",\"target\":[\"https:\/\/nativainfo.com\/?p=5006#respond\"]}]},{\"@type\":\"WebPage\",\"@id\":\"https:\/\/nativainfo.com\/?p=5006\",\"url\":\"https:\/\/nativainfo.com\/?p=5006\",\"name\":\"Gerardo Zamora ser\u00e1 candidato a senador y se oficializaron 10 f\u00f3rmulas para gobernador y vice en Santiago del Estero - Nativa Info\",\"isPartOf\":{\"@id\":\"https:\/\/nativainfo.com\/#website\"},\"primaryImageOfPage\":{\"@id\":\"https:\/\/nativainfo.com\/?p=5006#primaryimage\"},\"image\":{\"@id\":\"https:\/\/nativainfo.com\/?p=5006#primaryimage\"},\"thumbnailUrl\":\"https:\/\/nativainfo.com\/wp-content\/uploads\/2025\/08\/imagen_2025-08-18_102912326.png\",\"datePublished\":\"2025-08-18T13:29:21+00:00\",\"dateModified\":\"2025-08-18T13:31:16+00:00\",\"breadcrumb\":{\"@id\":\"https:\/\/nativainfo.com\/?p=5006#breadcrumb\"},\"inLanguage\":\"es-AR\",\"potentialAction\":[{\"@type\":\"ReadAction\",\"target\":[\"https:\/\/nativainfo.com\/?p=5006\"]}]},{\"@type\":\"ImageObject\",\"inLanguage\":\"es-AR\",\"@id\":\"https:\/\/nativainfo.com\/?p=5006#primaryimage\",\"url\":\"https:\/\/nativainfo.com\/wp-content\/uploads\/2025\/08\/imagen_2025-08-18_102912326.png\",\"contentUrl\":\"https:\/\/nativainfo.com\/wp-content\/uploads\/2025\/08\/imagen_2025-08-18_102912326.png\",\"width\":768,\"height\":512},{\"@type\":\"BreadcrumbList\",\"@id\":\"https:\/\/nativainfo.com\/?p=5006#breadcrumb\",\"itemListElement\":[{\"@type\":\"ListItem\",\"position\":1,\"name\":\"Inicio\",\"item\":\"https:\/\/nativainfo.com\/\"},{\"@type\":\"ListItem\",\"position\":2,\"name\":\"Gerardo Zamora ser\u00e1 candidato a senador y se oficializaron 10 f\u00f3rmulas para gobernador y vice en Santiago del Estero\"}]},{\"@type\":\"WebSite\",\"@id\":\"https:\/\/nativainfo.com\/#website\",\"url\":\"https:\/\/nativainfo.com\/\",\"name\":\"Nativa Info\",\"description\":\"Diario Digital\",\"publisher\":{\"@id\":\"https:\/\/nativainfo.com\/#organization\"},\"potentialAction\":[{\"@type\":\"SearchAction\",\"target\":{\"@type\":\"EntryPoint\",\"urlTemplate\":\"https:\/\/nativainfo.com\/?s={search_term_string}\"},\"query-input\":{\"@type\":\"PropertyValueSpecification\",\"valueRequired\":true,\"valueName\":\"search_term_string\"}}],\"inLanguage\":\"es-AR\"},{\"@type\":\"Organization\",\"@id\":\"https:\/\/nativainfo.com\/#organization\",\"name\":\"Nativa Info\",\"url\":\"https:\/\/nativainfo.com\/\",\"logo\":{\"@type\":\"ImageObject\",\"inLanguage\":\"es-AR\",\"@id\":\"https:\/\/nativainfo.com\/#\/schema\/logo\/image\/\",\"url\":\"https:\/\/nativainfo.com\/wp-content\/uploads\/2025\/08\/LOGO-NATIVA-FACE.jpg\",\"contentUrl\":\"https:\/\/nativainfo.com\/wp-content\/uploads\/2025\/08\/LOGO-NATIVA-FACE.jpg\",\"width\":400,\"height\":400,\"caption\":\"Nativa Info\"},\"image\":{\"@id\":\"https:\/\/nativainfo.com\/#\/schema\/logo\/image\/\"},\"sameAs\":[\"https:\/\/www.facebook.com\/profile.php?id=61578881597564\"]},{\"@type\":\"Person\",\"@id\":\"https:\/\/nativainfo.com\/#\/schema\/person\/24893b64a9cd564ddb5d102d36eb4b5c\",\"name\":\"Nativa Info\",\"image\":{\"@type\":\"ImageObject\",\"inLanguage\":\"es-AR\",\"@id\":\"https:\/\/nativainfo.com\/#\/schema\/person\/image\/\",\"url\":\"https:\/\/secure.gravatar.com\/avatar\/016fa1cf068d85136d938e1507b9b619cb766e2565cbb1faa1e571762460c785?s=96&d=mm&r=g\",\"contentUrl\":\"https:\/\/secure.gravatar.com\/avatar\/016fa1cf068d85136d938e1507b9b619cb766e2565cbb1faa1e571762460c785?s=96&d=mm&r=g\",\"caption\":\"Nativa Info\"},\"sameAs\":[\"http:\/\/nativainfo.com\"],\"url\":\"https:\/\/nativainfo.com\/?author=1\"}]}<\/script>\n<!-- \/ Yoast SEO plugin. -->","yoast_head_json":{"title":"Gerardo Zamora ser\u00e1 candidato a senador y se oficializaron 10 f\u00f3rmulas para gobernador y vice en Santiago del Estero - Nativa Info","robots":{"index":"index","follow":"follow","max-snippet":"max-snippet:-1","max-image-preview":"max-image-preview:large","max-video-preview":"max-video-preview:-1"},"canonical":"https:\/\/nativainfo.com\/?p=5006","og_locale":"es_ES","og_type":"article","og_title":"Gerardo Zamora ser\u00e1 candidato a senador y se oficializaron 10 f\u00f3rmulas para gobernador y vice en Santiago del Estero - Nativa Info","og_description":"Las fuerzas pol\u00edticas locales presentaron ante las secretar\u00edas electorales federal y provincial sus listas de candidatos para las elecciones nacionales... Continue reading","og_url":"https:\/\/nativainfo.com\/?p=5006","og_site_name":"Nativa Info","article_publisher":"https:\/\/www.facebook.com\/profile.php?id=61578881597564","article_published_time":"2025-08-18T13:29:21+00:00","article_modified_time":"2025-08-18T13:31:16+00:00","og_image":[{"width":768,"height":512,"url":"http:\/\/nativainfo.com\/wp-content\/uploads\/2025\/08\/imagen_2025-08-18_102912326.png","type":"image\/png"}],"author":"Nativa Info","twitter_card":"summary_large_image","twitter_misc":{"Escrito por":"Nativa Info","Tiempo de lectura":"2 minutos"},"schema":{"@context":"https:\/\/schema.org","@graph":[{"@type":"Article","@id":"https:\/\/nativainfo.com\/?p=5006#article","isPartOf":{"@id":"https:\/\/nativainfo.com\/?p=5006"},"author":{"name":"Nativa Info","@id":"https:\/\/nativainfo.com\/#\/schema\/person\/24893b64a9cd564ddb5d102d36eb4b5c"},"headline":"Gerardo Zamora ser\u00e1 candidato a senador y se oficializaron 10 f\u00f3rmulas para gobernador y vice en Santiago del Estero","datePublished":"2025-08-18T13:29:21+00:00","dateModified":"2025-08-18T13:31:16+00:00","mainEntityOfPage":{"@id":"https:\/\/nativainfo.com\/?p=5006"},"wordCount":326,"commentCount":0,"publisher":{"@id":"https:\/\/nativainfo.com\/#organization"},"image":{"@id":"https:\/\/nativainfo.com\/?p=5006#primaryimage"},"thumbnailUrl":"https:\/\/nativainfo.com\/wp-content\/uploads\/2025\/08\/imagen_2025-08-18_102912326.png","articleSection":["Noticias","Pol\u00edtica"],"inLanguage":"es-AR","potentialAction":[{"@type":"CommentAction","name":"Comment","target":["https:\/\/nativainfo.com\/?p=5006#respond"]}]},{"@type":"WebPage","@id":"https:\/\/nativainfo.com\/?p=5006","url":"https:\/\/nativainfo.com\/?p=5006","name":"Gerardo Zamora ser\u00e1 candidato a senador y se oficializaron 10 f\u00f3rmulas para gobernador y vice en Santiago del Estero - Nativa Info","isPartOf":{"@id":"https:\/\/nativainfo.com\/#website"},"primaryImageOfPage":{"@id":"https:\/\/nativainfo.com\/?p=5006#primaryimage"},"image":{"@id":"https:\/\/nativainfo.com\/?p=5006#primaryimage"},"thumbnailUrl":"https:\/\/nativainfo.com\/wp-content\/uploads\/2025\/08\/imagen_2025-08-18_102912326.png","datePublished":"2025-08-18T13:29:21+00:00","dateModified":"2025-08-18T13:31:16+00:00","breadcrumb":{"@id":"https:\/\/nativainfo.com\/?p=5006#breadcrumb"},"inLanguage":"es-AR","potentialAction":[{"@type":"ReadAction","target":["https:\/\/nativainfo.com\/?p=5006"]}]},{"@type":"ImageObject","inLanguage":"es-AR","@id":"https:\/\/nativainfo.com\/?p=5006#primaryimage","url":"https:\/\/nativainfo.com\/wp-content\/uploads\/2025\/08\/imagen_2025-08-18_102912326.png","contentUrl":"https:\/\/nativainfo.com\/wp-content\/uploads\/2025\/08\/imagen_2025-08-18_102912326.png","width":768,"height":512},{"@type":"BreadcrumbList","@id":"https:\/\/nativainfo.com\/?p=5006#breadcrumb","itemListElement":[{"@type":"ListItem","position":1,"name":"Inicio","item":"https:\/\/nativainfo.com\/"},{"@type":"ListItem","position":2,"name":"Gerardo Zamora ser\u00e1 candidato a senador y se oficializaron 10 f\u00f3rmulas para gobernador y vice en Santiago del Estero"}]},{"@type":"WebSite","@id":"https:\/\/nativainfo.com\/#website","url":"https:\/\/nativainfo.com\/","name":"Nativa Info","description":"Diario Digital","publisher":{"@id":"https:\/\/nativainfo.com\/#organization"},"potentialAction":[{"@type":"SearchAction","target":{"@type":"EntryPoint","urlTemplate":"https:\/\/nativainfo.com\/?s={search_term_string}"},"query-input":{"@type":"PropertyValueSpecification","valueRequired":true,"valueName":"search_term_string"}}],"inLanguage":"es-AR"},{"@type":"Organization","@id":"https:\/\/nativainfo.com\/#organization","name":"Nativa Info","url":"https:\/\/nativainfo.com\/","logo":{"@type":"ImageObject","inLanguage":"es-AR","@id":"https:\/\/nativainfo.com\/#\/schema\/logo\/image\/","url":"https:\/\/nativainfo.com\/wp-content\/uploads\/2025\/08\/LOGO-NATIVA-FACE.jpg","contentUrl":"https:\/\/nativainfo.com\/wp-content\/uploads\/2025\/08\/LOGO-NATIVA-FACE.jpg","width":400,"height":400,"caption":"Nativa Info"},"image":{"@id":"https:\/\/nativainfo.com\/#\/schema\/logo\/image\/"},"sameAs":["https:\/\/www.facebook.com\/profile.php?id=61578881597564"]},{"@type":"Person","@id":"https:\/\/nativainfo.com\/#\/schema\/person\/24893b64a9cd564ddb5d102d36eb4b5c","name":"Nativa Info","image":{"@type":"ImageObject","inLanguage":"es-AR","@id":"https:\/\/nativainfo.com\/#\/schema\/person\/image\/","url":"https:\/\/secure.gravatar.com\/avatar\/016fa1cf068d85136d938e1507b9b619cb766e2565cbb1faa1e571762460c785?s=96&d=mm&r=g","contentUrl":"https:\/\/secure.gravatar.com\/avatar\/016fa1cf068d85136d938e1507b9b619cb766e2565cbb1faa1e571762460c785?s=96&d=mm&r=g","caption":"Nativa Info"},"sameAs":["http:\/\/nativainfo.com"],"url":"https:\/\/nativainfo.com\/?author=1"}]}},"jetpack_publicize_connections":[],"_links":{"self":[{"href":"https:\/\/nativainfo.com\/index.php?rest_route=\/wp\/v2\/posts\/5006","targetHints":{"allow":["GET"]}}],"collection":[{"href":"https:\/\/nativainfo.com\/index.php?rest_route=\/wp\/v2\/posts"}],"about":[{"href":"https:\/\/nativainfo.com\/index.php?rest_route=\/wp\/v2\/types\/post"}],"author":[{"embeddable":true,"href":"https:\/\/nativainfo.com\/index.php?rest_route=\/wp\/v2\/users\/1"}],"replies":[{"embeddable":true,"href":"https:\/\/nativainfo.com\/index.php?rest_route=%2Fwp%2Fv2%2Fcomments&post=5006"}],"version-history":[{"count":1,"href":"https:\/\/nativainfo.com\/index.php?rest_route=\/wp\/v2\/posts\/5006\/revisions"}],"predecessor-version":[{"id":5014,"href":"https:\/\/nativainfo.com\/index.php?rest_route=\/wp\/v2\/posts\/5006\/revisions\/5014"}],"wp:featuredmedia":[{"embeddable":true,"href":"https:\/\/nativainfo.com\/index.php?rest_route=\/wp\/v2\/media\/5013"}],"wp:attachment":[{"href":"https:\/\/nativainfo.com\/index.php?rest_route=%2Fwp%2Fv2%2Fmedia&parent=5006"}],"wp:term":[{"taxonomy":"category","embeddable":true,"href":"https:\/\/nativainfo.com\/index.php?rest_route=%2Fwp%2Fv2%2Fcategories&post=5006"},{"taxonomy":"post_tag","embeddable":true,"href":"https:\/\/nativainfo.com\/index.php?rest_route=%2Fwp%2Fv2%2Ftags&post=5006"}],"curies":[{"name":"wp","href":"https:\/\/api.w.org\/{rel}","templated":true}]}}