{"id":5005,"date":"2025-08-17T18:00:00","date_gmt":"2025-08-17T21:00:00","guid":{"rendered":"https:\/\/nativainfo.com\/?p=5005"},"modified":"2025-08-18T10:26:37","modified_gmt":"2025-08-18T13:26:37","slug":"conmemoraron-los-175-anos-del-fallecimiento-del-general-san-martin-con-un-emotivo-acto-en-la-plaza-que-lleva-su-nombre","status":"publish","type":"post","link":"https:\/\/nativainfo.com\/?p=5005","title":{"rendered":"Conmemoraron los 175 a\u00f1os del fallecimiento del General San Mart\u00edn con un emotivo acto en la plaza que lleva su nombre"},"content":{"rendered":"\n<figure class=\"wp-block-image size-full\"><img fetchpriority=\"high\" decoding=\"async\" width=\"1010\" height=\"567\" src=\"https:\/\/nativainfo.com\/wp-content\/uploads\/2025\/08\/imagen_2025-08-18_102547248.png\" alt=\"\" class=\"wp-image-5010\" srcset=\"https:\/\/nativainfo.com\/wp-content\/uploads\/2025\/08\/imagen_2025-08-18_102547248.png 1010w, https:\/\/nativainfo.com\/wp-content\/uploads\/2025\/08\/imagen_2025-08-18_102547248-300x168.png 300w, https:\/\/nativainfo.com\/wp-content\/uploads\/2025\/08\/imagen_2025-08-18_102547248-768x431.png 768w, https:\/\/nativainfo.com\/wp-content\/uploads\/2025\/08\/imagen_2025-08-18_102547248-623x350.png 623w, https:\/\/nativainfo.com\/wp-content\/uploads\/2025\/08\/imagen_2025-08-18_102547248-150x84.png 150w\" sizes=\"(max-width: 1010px) 100vw, 1010px\" \/><\/figure>\n\n\n\n<p>El gobernador Gerardo Zamora encabez\u00f3 este domingo la ceremonia en homenaje al General Jos\u00e9 de San Mart\u00edn, al cumplirse 175 a\u00f1os de su paso a la inmortalidad. El acto tuvo lugar en la plaza San Mart\u00edn, frente a Casa de Gobierno, y cont\u00f3 con una amplia participaci\u00f3n de autoridades provinciales y municipales.<\/p>\n\n\n\n<p>Estuvieron presentes el vicegobernador Carlos Silva Neder; el jefe de Gabinete, El\u00edas Su\u00e1rez; la intendente de la Capital, Ing. Norma Fuentes; el presidente del Superior Tribunal de Justicia, Eduardo L\u00f3pez Alzogaray; adem\u00e1s de funcionarios, ex combatientes de Malvinas, representantes de fuerzas de seguridad e instituciones educativas y sociales.<\/p>\n\n\n\n<p>La ceremonia comenz\u00f3 con el saludo a la Agrupaci\u00f3n \u201c17 de Agosto\u201d y la entonaci\u00f3n del Himno Nacional. Luego, el presidente de la Asociaci\u00f3n Cultural Sanmartiniana, Clemente Di Lullo, ofreci\u00f3 un discurso en el que destac\u00f3 la figura del \u201cPadre de la Patria\u201d e invit\u00f3 a reflexionar sobre el esp\u00edritu sanmartiniano, basado en la unidad y la fraternidad como valores fundamentales de la vida en comunidad.<\/p>\n\n\n\n<p>Posteriormente, se realiz\u00f3 un minuto de silencio y la invocaci\u00f3n religiosa estuvo a cargo del padre Luis Cruz. M\u00e1s tarde, se colocaron ofrendas florales al pie del monumento del Libertador.<\/p>\n\n\n\n<p>El acto concluy\u00f3 con la interpretaci\u00f3n de la Marcha de San Lorenzo, a cargo de la Banda de M\u00fasica de la Polic\u00eda.<\/p>\n","protected":false},"excerpt":{"rendered":"<p>El gobernador Gerardo Zamora encabez\u00f3 este domingo la ceremonia en homenaje al General Jos\u00e9 de San Mart\u00edn, al cumplirse 175&#8230; <a class=\"continue-reading-link\" href=\"https:\/\/nativainfo.com\/?p=5005\">Continue reading<\/a><\/p>\n","protected":false},"author":1,"featured_media":5010,"comment_status":"open","ping_status":"open","sticky":false,"template":"","format":"standard","meta":{"rop_custom_images_group":[],"rop_custom_messages_group":[],"rop_publish_now":"yes","rop_publish_now_accounts":[],"rop_publish_now_history":[],"rop_publish_now_status":"pending","footnotes":"","jetpack_publicize_message":"","jetpack_publicize_feature_enabled":true,"jetpack_social_post_already_shared":false,"jetpack_social_options":{"image_generator_settings":{"template":"highway","default_image_id":0,"font":"","enabled":false},"version":2}},"categories":[8],"tags":[],"class_list":["post-5005","post","type-post","status-publish","format-standard","has-post-thumbnail","hentry","category-noticias"],"yoast_head":"<!-- This site is optimized with the Yoast SEO plugin v25.6 - https:\/\/yoast.com\/wordpress\/plugins\/seo\/ -->\n<title>Conmemoraron los 175 a\u00f1os del fallecimiento del General San Mart\u00edn con un emotivo acto en la plaza que lleva su nombre - Nativa Info<\/title>\n<meta name=\"robots\" content=\"index, follow, max-snippet:-1, max-image-preview:large, max-video-preview:-1\" \/>\n<link rel=\"canonical\" href=\"https:\/\/nativainfo.com\/?p=5005\" \/>\n<meta property=\"og:locale\" content=\"es_ES\" \/>\n<meta property=\"og:type\" content=\"article\" \/>\n<meta property=\"og:title\" content=\"Conmemoraron los 175 a\u00f1os del fallecimiento del General San Mart\u00edn con un emotivo acto en la plaza que lleva su nombre - Nativa Info\" \/>\n<meta property=\"og:description\" content=\"El gobernador Gerardo Zamora encabez\u00f3 este domingo la ceremonia en homenaje al General Jos\u00e9 de San Mart\u00edn, al cumplirse 175... Continue reading\" \/>\n<meta property=\"og:url\" content=\"https:\/\/nativainfo.com\/?p=5005\" \/>\n<meta property=\"og:site_name\" content=\"Nativa Info\" \/>\n<meta property=\"article:publisher\" content=\"https:\/\/www.facebook.com\/profile.php?id=61578881597564\" \/>\n<meta property=\"article:published_time\" content=\"2025-08-17T21:00:00+00:00\" \/>\n<meta property=\"article:modified_time\" content=\"2025-08-18T13:26:37+00:00\" \/>\n<meta property=\"og:image\" content=\"http:\/\/nativainfo.com\/wp-content\/uploads\/2025\/08\/imagen_2025-08-18_102547248.png\" \/>\n\t<meta property=\"og:image:width\" content=\"1010\" \/>\n\t<meta property=\"og:image:height\" content=\"567\" \/>\n\t<meta property=\"og:image:type\" content=\"image\/png\" \/>\n<meta name=\"author\" content=\"Nativa Info\" \/>\n<meta name=\"twitter:card\" content=\"summary_large_image\" \/>\n<meta name=\"twitter:label1\" content=\"Escrito por\" \/>\n\t<meta name=\"twitter:data1\" content=\"Nativa Info\" \/>\n\t<meta name=\"twitter:label2\" content=\"Tiempo de lectura\" \/>\n\t<meta name=\"twitter:data2\" content=\"2 minutos\" \/>\n<script type=\"application\/ld+json\" class=\"yoast-schema-graph\">{\"@context\":\"https:\/\/schema.org\",\"@graph\":[{\"@type\":\"Article\",\"@id\":\"https:\/\/nativainfo.com\/?p=5005#article\",\"isPartOf\":{\"@id\":\"https:\/\/nativainfo.com\/?p=5005\"},\"author\":{\"name\":\"Nativa Info\",\"@id\":\"https:\/\/nativainfo.com\/#\/schema\/person\/24893b64a9cd564ddb5d102d36eb4b5c\"},\"headline\":\"Conmemoraron los 175 a\u00f1os del fallecimiento del General San Mart\u00edn con un emotivo acto en la plaza que lleva su nombre\",\"datePublished\":\"2025-08-17T21:00:00+00:00\",\"dateModified\":\"2025-08-18T13:26:37+00:00\",\"mainEntityOfPage\":{\"@id\":\"https:\/\/nativainfo.com\/?p=5005\"},\"wordCount\":255,\"commentCount\":0,\"publisher\":{\"@id\":\"https:\/\/nativainfo.com\/#organization\"},\"image\":{\"@id\":\"https:\/\/nativainfo.com\/?p=5005#primaryimage\"},\"thumbnailUrl\":\"https:\/\/nativainfo.com\/wp-content\/uploads\/2025\/08\/imagen_2025-08-18_102547248.png\",\"articleSection\":[\"Noticias\"],\"inLanguage\":\"es-AR\",\"potentialAction\":[{\"@type\":\"CommentAction\",\"name\":\"Comment\",\"target\":[\"https:\/\/nativainfo.com\/?p=5005#respond\"]}]},{\"@type\":\"WebPage\",\"@id\":\"https:\/\/nativainfo.com\/?p=5005\",\"url\":\"https:\/\/nativainfo.com\/?p=5005\",\"name\":\"Conmemoraron los 175 a\u00f1os del fallecimiento del General San Mart\u00edn con un emotivo acto en la plaza que lleva su nombre - Nativa Info\",\"isPartOf\":{\"@id\":\"https:\/\/nativainfo.com\/#website\"},\"primaryImageOfPage\":{\"@id\":\"https:\/\/nativainfo.com\/?p=5005#primaryimage\"},\"image\":{\"@id\":\"https:\/\/nativainfo.com\/?p=5005#primaryimage\"},\"thumbnailUrl\":\"https:\/\/nativainfo.com\/wp-content\/uploads\/2025\/08\/imagen_2025-08-18_102547248.png\",\"datePublished\":\"2025-08-17T21:00:00+00:00\",\"dateModified\":\"2025-08-18T13:26:37+00:00\",\"breadcrumb\":{\"@id\":\"https:\/\/nativainfo.com\/?p=5005#breadcrumb\"},\"inLanguage\":\"es-AR\",\"potentialAction\":[{\"@type\":\"ReadAction\",\"target\":[\"https:\/\/nativainfo.com\/?p=5005\"]}]},{\"@type\":\"ImageObject\",\"inLanguage\":\"es-AR\",\"@id\":\"https:\/\/nativainfo.com\/?p=5005#primaryimage\",\"url\":\"https:\/\/nativainfo.com\/wp-content\/uploads\/2025\/08\/imagen_2025-08-18_102547248.png\",\"contentUrl\":\"https:\/\/nativainfo.com\/wp-content\/uploads\/2025\/08\/imagen_2025-08-18_102547248.png\",\"width\":1010,\"height\":567},{\"@type\":\"BreadcrumbList\",\"@id\":\"https:\/\/nativainfo.com\/?p=5005#breadcrumb\",\"itemListElement\":[{\"@type\":\"ListItem\",\"position\":1,\"name\":\"Inicio\",\"item\":\"https:\/\/nativainfo.com\/\"},{\"@type\":\"ListItem\",\"position\":2,\"name\":\"Conmemoraron los 175 a\u00f1os del fallecimiento del General San Mart\u00edn con un emotivo acto en la plaza que lleva su nombre\"}]},{\"@type\":\"WebSite\",\"@id\":\"https:\/\/nativainfo.com\/#website\",\"url\":\"https:\/\/nativainfo.com\/\",\"name\":\"Nativa Info\",\"description\":\"Diario Digital\",\"publisher\":{\"@id\":\"https:\/\/nativainfo.com\/#organization\"},\"potentialAction\":[{\"@type\":\"SearchAction\",\"target\":{\"@type\":\"EntryPoint\",\"urlTemplate\":\"https:\/\/nativainfo.com\/?s={search_term_string}\"},\"query-input\":{\"@type\":\"PropertyValueSpecification\",\"valueRequired\":true,\"valueName\":\"search_term_string\"}}],\"inLanguage\":\"es-AR\"},{\"@type\":\"Organization\",\"@id\":\"https:\/\/nativainfo.com\/#organization\",\"name\":\"Nativa Info\",\"url\":\"https:\/\/nativainfo.com\/\",\"logo\":{\"@type\":\"ImageObject\",\"inLanguage\":\"es-AR\",\"@id\":\"https:\/\/nativainfo.com\/#\/schema\/logo\/image\/\",\"url\":\"https:\/\/nativainfo.com\/wp-content\/uploads\/2025\/08\/LOGO-NATIVA-FACE.jpg\",\"contentUrl\":\"https:\/\/nativainfo.com\/wp-content\/uploads\/2025\/08\/LOGO-NATIVA-FACE.jpg\",\"width\":400,\"height\":400,\"caption\":\"Nativa Info\"},\"image\":{\"@id\":\"https:\/\/nativainfo.com\/#\/schema\/logo\/image\/\"},\"sameAs\":[\"https:\/\/www.facebook.com\/profile.php?id=61578881597564\"]},{\"@type\":\"Person\",\"@id\":\"https:\/\/nativainfo.com\/#\/schema\/person\/24893b64a9cd564ddb5d102d36eb4b5c\",\"name\":\"Nativa Info\",\"image\":{\"@type\":\"ImageObject\",\"inLanguage\":\"es-AR\",\"@id\":\"https:\/\/nativainfo.com\/#\/schema\/person\/image\/\",\"url\":\"https:\/\/secure.gravatar.com\/avatar\/016fa1cf068d85136d938e1507b9b619cb766e2565cbb1faa1e571762460c785?s=96&d=mm&r=g\",\"contentUrl\":\"https:\/\/secure.gravatar.com\/avatar\/016fa1cf068d85136d938e1507b9b619cb766e2565cbb1faa1e571762460c785?s=96&d=mm&r=g\",\"caption\":\"Nativa Info\"},\"sameAs\":[\"http:\/\/nativainfo.com\"],\"url\":\"https:\/\/nativainfo.com\/?author=1\"}]}<\/script>\n<!-- \/ Yoast SEO plugin. -->","yoast_head_json":{"title":"Conmemoraron los 175 a\u00f1os del fallecimiento del General San Mart\u00edn con un emotivo acto en la plaza que lleva su nombre - Nativa Info","robots":{"index":"index","follow":"follow","max-snippet":"max-snippet:-1","max-image-preview":"max-image-preview:large","max-video-preview":"max-video-preview:-1"},"canonical":"https:\/\/nativainfo.com\/?p=5005","og_locale":"es_ES","og_type":"article","og_title":"Conmemoraron los 175 a\u00f1os del fallecimiento del General San Mart\u00edn con un emotivo acto en la plaza que lleva su nombre - Nativa Info","og_description":"El gobernador Gerardo Zamora encabez\u00f3 este domingo la ceremonia en homenaje al General Jos\u00e9 de San Mart\u00edn, al cumplirse 175... Continue reading","og_url":"https:\/\/nativainfo.com\/?p=5005","og_site_name":"Nativa Info","article_publisher":"https:\/\/www.facebook.com\/profile.php?id=61578881597564","article_published_time":"2025-08-17T21:00:00+00:00","article_modified_time":"2025-08-18T13:26:37+00:00","og_image":[{"width":1010,"height":567,"url":"http:\/\/nativainfo.com\/wp-content\/uploads\/2025\/08\/imagen_2025-08-18_102547248.png","type":"image\/png"}],"author":"Nativa Info","twitter_card":"summary_large_image","twitter_misc":{"Escrito por":"Nativa Info","Tiempo de lectura":"2 minutos"},"schema":{"@context":"https:\/\/schema.org","@graph":[{"@type":"Article","@id":"https:\/\/nativainfo.com\/?p=5005#article","isPartOf":{"@id":"https:\/\/nativainfo.com\/?p=5005"},"author":{"name":"Nativa Info","@id":"https:\/\/nativainfo.com\/#\/schema\/person\/24893b64a9cd564ddb5d102d36eb4b5c"},"headline":"Conmemoraron los 175 a\u00f1os del fallecimiento del General San Mart\u00edn con un emotivo acto en la plaza que lleva su nombre","datePublished":"2025-08-17T21:00:00+00:00","dateModified":"2025-08-18T13:26:37+00:00","mainEntityOfPage":{"@id":"https:\/\/nativainfo.com\/?p=5005"},"wordCount":255,"commentCount":0,"publisher":{"@id":"https:\/\/nativainfo.com\/#organization"},"image":{"@id":"https:\/\/nativainfo.com\/?p=5005#primaryimage"},"thumbnailUrl":"https:\/\/nativainfo.com\/wp-content\/uploads\/2025\/08\/imagen_2025-08-18_102547248.png","articleSection":["Noticias"],"inLanguage":"es-AR","potentialAction":[{"@type":"CommentAction","name":"Comment","target":["https:\/\/nativainfo.com\/?p=5005#respond"]}]},{"@type":"WebPage","@id":"https:\/\/nativainfo.com\/?p=5005","url":"https:\/\/nativainfo.com\/?p=5005","name":"Conmemoraron los 175 a\u00f1os del fallecimiento del General San Mart\u00edn con un emotivo acto en la plaza que lleva su nombre - Nativa Info","isPartOf":{"@id":"https:\/\/nativainfo.com\/#website"},"primaryImageOfPage":{"@id":"https:\/\/nativainfo.com\/?p=5005#primaryimage"},"image":{"@id":"https:\/\/nativainfo.com\/?p=5005#primaryimage"},"thumbnailUrl":"https:\/\/nativainfo.com\/wp-content\/uploads\/2025\/08\/imagen_2025-08-18_102547248.png","datePublished":"2025-08-17T21:00:00+00:00","dateModified":"2025-08-18T13:26:37+00:00","breadcrumb":{"@id":"https:\/\/nativainfo.com\/?p=5005#breadcrumb"},"inLanguage":"es-AR","potentialAction":[{"@type":"ReadAction","target":["https:\/\/nativainfo.com\/?p=5005"]}]},{"@type":"ImageObject","inLanguage":"es-AR","@id":"https:\/\/nativainfo.com\/?p=5005#primaryimage","url":"https:\/\/nativainfo.com\/wp-content\/uploads\/2025\/08\/imagen_2025-08-18_102547248.png","contentUrl":"https:\/\/nativainfo.com\/wp-content\/uploads\/2025\/08\/imagen_2025-08-18_102547248.png","width":1010,"height":567},{"@type":"BreadcrumbList","@id":"https:\/\/nativainfo.com\/?p=5005#breadcrumb","itemListElement":[{"@type":"ListItem","position":1,"name":"Inicio","item":"https:\/\/nativainfo.com\/"},{"@type":"ListItem","position":2,"name":"Conmemoraron los 175 a\u00f1os del fallecimiento del General San Mart\u00edn con un emotivo acto en la plaza que lleva su nombre"}]},{"@type":"WebSite","@id":"https:\/\/nativainfo.com\/#website","url":"https:\/\/nativainfo.com\/","name":"Nativa Info","description":"Diario Digital","publisher":{"@id":"https:\/\/nativainfo.com\/#organization"},"potentialAction":[{"@type":"SearchAction","target":{"@type":"EntryPoint","urlTemplate":"https:\/\/nativainfo.com\/?s={search_term_string}"},"query-input":{"@type":"PropertyValueSpecification","valueRequired":true,"valueName":"search_term_string"}}],"inLanguage":"es-AR"},{"@type":"Organization","@id":"https:\/\/nativainfo.com\/#organization","name":"Nativa Info","url":"https:\/\/nativainfo.com\/","logo":{"@type":"ImageObject","inLanguage":"es-AR","@id":"https:\/\/nativainfo.com\/#\/schema\/logo\/image\/","url":"https:\/\/nativainfo.com\/wp-content\/uploads\/2025\/08\/LOGO-NATIVA-FACE.jpg","contentUrl":"https:\/\/nativainfo.com\/wp-content\/uploads\/2025\/08\/LOGO-NATIVA-FACE.jpg","width":400,"height":400,"caption":"Nativa Info"},"image":{"@id":"https:\/\/nativainfo.com\/#\/schema\/logo\/image\/"},"sameAs":["https:\/\/www.facebook.com\/profile.php?id=61578881597564"]},{"@type":"Person","@id":"https:\/\/nativainfo.com\/#\/schema\/person\/24893b64a9cd564ddb5d102d36eb4b5c","name":"Nativa Info","image":{"@type":"ImageObject","inLanguage":"es-AR","@id":"https:\/\/nativainfo.com\/#\/schema\/person\/image\/","url":"https:\/\/secure.gravatar.com\/avatar\/016fa1cf068d85136d938e1507b9b619cb766e2565cbb1faa1e571762460c785?s=96&d=mm&r=g","contentUrl":"https:\/\/secure.gravatar.com\/avatar\/016fa1cf068d85136d938e1507b9b619cb766e2565cbb1faa1e571762460c785?s=96&d=mm&r=g","caption":"Nativa Info"},"sameAs":["http:\/\/nativainfo.com"],"url":"https:\/\/nativainfo.com\/?author=1"}]}},"jetpack_publicize_connections":[],"_links":{"self":[{"href":"https:\/\/nativainfo.com\/index.php?rest_route=\/wp\/v2\/posts\/5005","targetHints":{"allow":["GET"]}}],"collection":[{"href":"https:\/\/nativainfo.com\/index.php?rest_route=\/wp\/v2\/posts"}],"about":[{"href":"https:\/\/nativainfo.com\/index.php?rest_route=\/wp\/v2\/types\/post"}],"author":[{"embeddable":true,"href":"https:\/\/nativainfo.com\/index.php?rest_route=\/wp\/v2\/users\/1"}],"replies":[{"embeddable":true,"href":"https:\/\/nativainfo.com\/index.php?rest_route=%2Fwp%2Fv2%2Fcomments&post=5005"}],"version-history":[{"count":1,"href":"https:\/\/nativainfo.com\/index.php?rest_route=\/wp\/v2\/posts\/5005\/revisions"}],"predecessor-version":[{"id":5011,"href":"https:\/\/nativainfo.com\/index.php?rest_route=\/wp\/v2\/posts\/5005\/revisions\/5011"}],"wp:featuredmedia":[{"embeddable":true,"href":"https:\/\/nativainfo.com\/index.php?rest_route=\/wp\/v2\/media\/5010"}],"wp:attachment":[{"href":"https:\/\/nativainfo.com\/index.php?rest_route=%2Fwp%2Fv2%2Fmedia&parent=5005"}],"wp:term":[{"taxonomy":"category","embeddable":true,"href":"https:\/\/nativainfo.com\/index.php?rest_route=%2Fwp%2Fv2%2Fcategories&post=5005"},{"taxonomy":"post_tag","embeddable":true,"href":"https:\/\/nativainfo.com\/index.php?rest_route=%2Fwp%2Fv2%2Ftags&post=5005"}],"curies":[{"name":"wp","href":"https:\/\/api.w.org\/{rel}","templated":true}]}}