{"id":4976,"date":"2025-08-13T00:25:54","date_gmt":"2025-08-13T03:25:54","guid":{"rendered":"https:\/\/nativainfo.com\/?p=4976"},"modified":"2025-08-13T00:25:54","modified_gmt":"2025-08-13T03:25:54","slug":"elias-suarez-si-la-gente-lo-decide-seguire-trabajando-para-que-santiago-mantenga-su-camino-de-crecimiento-y-oportunidades","status":"publish","type":"post","link":"https:\/\/nativainfo.com\/?p=4976","title":{"rendered":"El\u00edas Su\u00e1rez: \u201cSi la gente lo decide, seguir\u00e9 trabajando para que Santiago mantenga su camino de crecimiento y oportunidades\u201d"},"content":{"rendered":"\n<p>El actual Jefe de Gabinete y candidato a gobernador del Frente C\u00edvico, estuvo este martes en Libertad de Opini\u00f3n y se mostr\u00f3 emocionado por representar al espacio que gobierna la Provincia desde 2005.<\/p>\n\n\n\n<figure class=\"wp-block-image size-full\"><img fetchpriority=\"high\" decoding=\"async\" width=\"1010\" height=\"567\" src=\"https:\/\/nativainfo.com\/wp-content\/uploads\/2025\/08\/imagen_2025-08-13_002538444.png\" alt=\"\" class=\"wp-image-4983\" srcset=\"https:\/\/nativainfo.com\/wp-content\/uploads\/2025\/08\/imagen_2025-08-13_002538444.png 1010w, https:\/\/nativainfo.com\/wp-content\/uploads\/2025\/08\/imagen_2025-08-13_002538444-300x168.png 300w, https:\/\/nativainfo.com\/wp-content\/uploads\/2025\/08\/imagen_2025-08-13_002538444-768x431.png 768w, https:\/\/nativainfo.com\/wp-content\/uploads\/2025\/08\/imagen_2025-08-13_002538444-623x350.png 623w, https:\/\/nativainfo.com\/wp-content\/uploads\/2025\/08\/imagen_2025-08-13_002538444-150x84.png 150w\" sizes=\"(max-width: 1010px) 100vw, 1010px\" \/><\/figure>\n\n\n\n<p>El candidato a gobernador por el Frente C\u00edvico, El\u00edas Miguel Su\u00e1rez, calific\u00f3 su postulaci\u00f3n como \u201cuna gran responsabilidad, un compromiso y un desaf\u00edo\u201d, que asume con la convicci\u00f3n de continuar el rumbo de crecimiento de Santiago del Estero. En di\u00e1logo con <em>Libertad de Opini\u00f3n<\/em>, resalt\u00f3 que cada vez que los santiague\u00f1os son llamados a las urnas, lo hacen con un fuerte sentido de responsabilidad. Su propuesta, afirm\u00f3, es mantener a la provincia en el camino de desarrollo iniciado en 2005.<\/p>\n\n\n\n<figure class=\"wp-block-image size-full\"><img decoding=\"async\" width=\"1010\" height=\"568\" src=\"https:\/\/nativainfo.com\/wp-content\/uploads\/2025\/08\/imagen_2025-08-13_002529724.png\" alt=\"\" class=\"wp-image-4982\" srcset=\"https:\/\/nativainfo.com\/wp-content\/uploads\/2025\/08\/imagen_2025-08-13_002529724.png 1010w, https:\/\/nativainfo.com\/wp-content\/uploads\/2025\/08\/imagen_2025-08-13_002529724-300x169.png 300w, https:\/\/nativainfo.com\/wp-content\/uploads\/2025\/08\/imagen_2025-08-13_002529724-768x432.png 768w, https:\/\/nativainfo.com\/wp-content\/uploads\/2025\/08\/imagen_2025-08-13_002529724-622x350.png 622w, https:\/\/nativainfo.com\/wp-content\/uploads\/2025\/08\/imagen_2025-08-13_002529724-150x84.png 150w\" sizes=\"(max-width: 1010px) 100vw, 1010px\" \/><\/figure>\n\n\n\n<p>Su\u00e1rez subray\u00f3 que este proyecto pol\u00edtico produjo una transformaci\u00f3n integral en Santiago del Estero, no solo a trav\u00e9s de obras de infraestructura, sino tambi\u00e9n con mejoras en educaci\u00f3n, conectividad e igualdad de oportunidades. \u201cHoy, los estudiantes de toda la provincia tienen acceso a internet, lo que acorta distancias y promueve m\u00e1s igualdad. Existe una capacidad de liderazgo y una ense\u00f1anza que nos dej\u00f3 la militancia: la responsabilidad de llevar adelante pol\u00edticas de Estado\u201d, expres\u00f3.<\/p>\n\n\n\n<p>Fuente: Libertad de Opini\u00f3n (Canal 7) &#8211; Diario Panorama<\/p>\n","protected":false},"excerpt":{"rendered":"<p>El actual Jefe de Gabinete y candidato a gobernador del Frente C\u00edvico, estuvo este martes en Libertad de Opini\u00f3n y&#8230; <a class=\"continue-reading-link\" href=\"https:\/\/nativainfo.com\/?p=4976\">Continue reading<\/a><\/p>\n","protected":false},"author":1,"featured_media":4983,"comment_status":"open","ping_status":"open","sticky":false,"template":"","format":"standard","meta":{"rop_custom_images_group":[],"rop_custom_messages_group":[],"rop_publish_now":"yes","rop_publish_now_accounts":[],"rop_publish_now_history":[],"rop_publish_now_status":"pending","footnotes":"","jetpack_publicize_message":"","jetpack_publicize_feature_enabled":true,"jetpack_social_post_already_shared":false,"jetpack_social_options":{"image_generator_settings":{"template":"highway","default_image_id":0,"font":"","enabled":false},"version":2}},"categories":[8,36],"tags":[],"class_list":["post-4976","post","type-post","status-publish","format-standard","has-post-thumbnail","hentry","category-noticias","category-politica"],"yoast_head":"<!-- This site is optimized with the Yoast SEO plugin v25.6 - https:\/\/yoast.com\/wordpress\/plugins\/seo\/ -->\n<title>El\u00edas Su\u00e1rez: \u201cSi la gente lo decide, seguir\u00e9 trabajando para que Santiago mantenga su camino de crecimiento y oportunidades\u201d - Nativa Info<\/title>\n<meta name=\"robots\" content=\"index, follow, max-snippet:-1, max-image-preview:large, max-video-preview:-1\" \/>\n<link rel=\"canonical\" href=\"https:\/\/nativainfo.com\/?p=4976\" \/>\n<meta property=\"og:locale\" content=\"es_ES\" \/>\n<meta property=\"og:type\" content=\"article\" \/>\n<meta property=\"og:title\" content=\"El\u00edas Su\u00e1rez: \u201cSi la gente lo decide, seguir\u00e9 trabajando para que Santiago mantenga su camino de crecimiento y oportunidades\u201d - Nativa Info\" \/>\n<meta property=\"og:description\" content=\"El actual Jefe de Gabinete y candidato a gobernador del Frente C\u00edvico, estuvo este martes en Libertad de Opini\u00f3n y... Continue reading\" \/>\n<meta property=\"og:url\" content=\"https:\/\/nativainfo.com\/?p=4976\" \/>\n<meta property=\"og:site_name\" content=\"Nativa Info\" \/>\n<meta property=\"article:publisher\" content=\"https:\/\/www.facebook.com\/profile.php?id=61578881597564\" \/>\n<meta property=\"article:published_time\" content=\"2025-08-13T03:25:54+00:00\" \/>\n<meta property=\"og:image\" content=\"http:\/\/nativainfo.com\/wp-content\/uploads\/2025\/08\/imagen_2025-08-13_002538444.png\" \/>\n\t<meta property=\"og:image:width\" content=\"1010\" \/>\n\t<meta property=\"og:image:height\" content=\"567\" \/>\n\t<meta property=\"og:image:type\" content=\"image\/png\" \/>\n<meta name=\"author\" content=\"Nativa Info\" \/>\n<meta name=\"twitter:card\" content=\"summary_large_image\" \/>\n<meta name=\"twitter:label1\" content=\"Escrito por\" \/>\n\t<meta name=\"twitter:data1\" content=\"Nativa Info\" \/>\n\t<meta name=\"twitter:label2\" content=\"Tiempo de lectura\" \/>\n\t<meta name=\"twitter:data2\" content=\"2 minutos\" \/>\n<script type=\"application\/ld+json\" class=\"yoast-schema-graph\">{\"@context\":\"https:\/\/schema.org\",\"@graph\":[{\"@type\":\"Article\",\"@id\":\"https:\/\/nativainfo.com\/?p=4976#article\",\"isPartOf\":{\"@id\":\"https:\/\/nativainfo.com\/?p=4976\"},\"author\":{\"name\":\"Nativa Info\",\"@id\":\"https:\/\/nativainfo.com\/#\/schema\/person\/24893b64a9cd564ddb5d102d36eb4b5c\"},\"headline\":\"El\u00edas Su\u00e1rez: \u201cSi la gente lo decide, seguir\u00e9 trabajando para que Santiago mantenga su camino de crecimiento y oportunidades\u201d\",\"datePublished\":\"2025-08-13T03:25:54+00:00\",\"mainEntityOfPage\":{\"@id\":\"https:\/\/nativainfo.com\/?p=4976\"},\"wordCount\":235,\"commentCount\":0,\"publisher\":{\"@id\":\"https:\/\/nativainfo.com\/#organization\"},\"image\":{\"@id\":\"https:\/\/nativainfo.com\/?p=4976#primaryimage\"},\"thumbnailUrl\":\"https:\/\/nativainfo.com\/wp-content\/uploads\/2025\/08\/imagen_2025-08-13_002538444.png\",\"articleSection\":[\"Noticias\",\"Pol\u00edtica\"],\"inLanguage\":\"es-AR\",\"potentialAction\":[{\"@type\":\"CommentAction\",\"name\":\"Comment\",\"target\":[\"https:\/\/nativainfo.com\/?p=4976#respond\"]}]},{\"@type\":\"WebPage\",\"@id\":\"https:\/\/nativainfo.com\/?p=4976\",\"url\":\"https:\/\/nativainfo.com\/?p=4976\",\"name\":\"El\u00edas Su\u00e1rez: \u201cSi la gente lo decide, seguir\u00e9 trabajando para que Santiago mantenga su camino de crecimiento y oportunidades\u201d - Nativa Info\",\"isPartOf\":{\"@id\":\"https:\/\/nativainfo.com\/#website\"},\"primaryImageOfPage\":{\"@id\":\"https:\/\/nativainfo.com\/?p=4976#primaryimage\"},\"image\":{\"@id\":\"https:\/\/nativainfo.com\/?p=4976#primaryimage\"},\"thumbnailUrl\":\"https:\/\/nativainfo.com\/wp-content\/uploads\/2025\/08\/imagen_2025-08-13_002538444.png\",\"datePublished\":\"2025-08-13T03:25:54+00:00\",\"breadcrumb\":{\"@id\":\"https:\/\/nativainfo.com\/?p=4976#breadcrumb\"},\"inLanguage\":\"es-AR\",\"potentialAction\":[{\"@type\":\"ReadAction\",\"target\":[\"https:\/\/nativainfo.com\/?p=4976\"]}]},{\"@type\":\"ImageObject\",\"inLanguage\":\"es-AR\",\"@id\":\"https:\/\/nativainfo.com\/?p=4976#primaryimage\",\"url\":\"https:\/\/nativainfo.com\/wp-content\/uploads\/2025\/08\/imagen_2025-08-13_002538444.png\",\"contentUrl\":\"https:\/\/nativainfo.com\/wp-content\/uploads\/2025\/08\/imagen_2025-08-13_002538444.png\",\"width\":1010,\"height\":567},{\"@type\":\"BreadcrumbList\",\"@id\":\"https:\/\/nativainfo.com\/?p=4976#breadcrumb\",\"itemListElement\":[{\"@type\":\"ListItem\",\"position\":1,\"name\":\"Inicio\",\"item\":\"https:\/\/nativainfo.com\/\"},{\"@type\":\"ListItem\",\"position\":2,\"name\":\"El\u00edas Su\u00e1rez: \u201cSi la gente lo decide, seguir\u00e9 trabajando para que Santiago mantenga su camino de crecimiento y oportunidades\u201d\"}]},{\"@type\":\"WebSite\",\"@id\":\"https:\/\/nativainfo.com\/#website\",\"url\":\"https:\/\/nativainfo.com\/\",\"name\":\"Nativa Info\",\"description\":\"Diario Digital\",\"publisher\":{\"@id\":\"https:\/\/nativainfo.com\/#organization\"},\"potentialAction\":[{\"@type\":\"SearchAction\",\"target\":{\"@type\":\"EntryPoint\",\"urlTemplate\":\"https:\/\/nativainfo.com\/?s={search_term_string}\"},\"query-input\":{\"@type\":\"PropertyValueSpecification\",\"valueRequired\":true,\"valueName\":\"search_term_string\"}}],\"inLanguage\":\"es-AR\"},{\"@type\":\"Organization\",\"@id\":\"https:\/\/nativainfo.com\/#organization\",\"name\":\"Nativa Info\",\"url\":\"https:\/\/nativainfo.com\/\",\"logo\":{\"@type\":\"ImageObject\",\"inLanguage\":\"es-AR\",\"@id\":\"https:\/\/nativainfo.com\/#\/schema\/logo\/image\/\",\"url\":\"https:\/\/nativainfo.com\/wp-content\/uploads\/2025\/08\/LOGO-NATIVA-FACE.jpg\",\"contentUrl\":\"https:\/\/nativainfo.com\/wp-content\/uploads\/2025\/08\/LOGO-NATIVA-FACE.jpg\",\"width\":400,\"height\":400,\"caption\":\"Nativa Info\"},\"image\":{\"@id\":\"https:\/\/nativainfo.com\/#\/schema\/logo\/image\/\"},\"sameAs\":[\"https:\/\/www.facebook.com\/profile.php?id=61578881597564\"]},{\"@type\":\"Person\",\"@id\":\"https:\/\/nativainfo.com\/#\/schema\/person\/24893b64a9cd564ddb5d102d36eb4b5c\",\"name\":\"Nativa Info\",\"image\":{\"@type\":\"ImageObject\",\"inLanguage\":\"es-AR\",\"@id\":\"https:\/\/nativainfo.com\/#\/schema\/person\/image\/\",\"url\":\"https:\/\/secure.gravatar.com\/avatar\/016fa1cf068d85136d938e1507b9b619cb766e2565cbb1faa1e571762460c785?s=96&d=mm&r=g\",\"contentUrl\":\"https:\/\/secure.gravatar.com\/avatar\/016fa1cf068d85136d938e1507b9b619cb766e2565cbb1faa1e571762460c785?s=96&d=mm&r=g\",\"caption\":\"Nativa Info\"},\"sameAs\":[\"http:\/\/nativainfo.com\"],\"url\":\"https:\/\/nativainfo.com\/?author=1\"}]}<\/script>\n<!-- \/ Yoast SEO plugin. -->","yoast_head_json":{"title":"El\u00edas Su\u00e1rez: \u201cSi la gente lo decide, seguir\u00e9 trabajando para que Santiago mantenga su camino de crecimiento y oportunidades\u201d - Nativa Info","robots":{"index":"index","follow":"follow","max-snippet":"max-snippet:-1","max-image-preview":"max-image-preview:large","max-video-preview":"max-video-preview:-1"},"canonical":"https:\/\/nativainfo.com\/?p=4976","og_locale":"es_ES","og_type":"article","og_title":"El\u00edas Su\u00e1rez: \u201cSi la gente lo decide, seguir\u00e9 trabajando para que Santiago mantenga su camino de crecimiento y oportunidades\u201d - Nativa Info","og_description":"El actual Jefe de Gabinete y candidato a gobernador del Frente C\u00edvico, estuvo este martes en Libertad de Opini\u00f3n y... Continue reading","og_url":"https:\/\/nativainfo.com\/?p=4976","og_site_name":"Nativa Info","article_publisher":"https:\/\/www.facebook.com\/profile.php?id=61578881597564","article_published_time":"2025-08-13T03:25:54+00:00","og_image":[{"width":1010,"height":567,"url":"http:\/\/nativainfo.com\/wp-content\/uploads\/2025\/08\/imagen_2025-08-13_002538444.png","type":"image\/png"}],"author":"Nativa Info","twitter_card":"summary_large_image","twitter_misc":{"Escrito por":"Nativa Info","Tiempo de lectura":"2 minutos"},"schema":{"@context":"https:\/\/schema.org","@graph":[{"@type":"Article","@id":"https:\/\/nativainfo.com\/?p=4976#article","isPartOf":{"@id":"https:\/\/nativainfo.com\/?p=4976"},"author":{"name":"Nativa Info","@id":"https:\/\/nativainfo.com\/#\/schema\/person\/24893b64a9cd564ddb5d102d36eb4b5c"},"headline":"El\u00edas Su\u00e1rez: \u201cSi la gente lo decide, seguir\u00e9 trabajando para que Santiago mantenga su camino de crecimiento y oportunidades\u201d","datePublished":"2025-08-13T03:25:54+00:00","mainEntityOfPage":{"@id":"https:\/\/nativainfo.com\/?p=4976"},"wordCount":235,"commentCount":0,"publisher":{"@id":"https:\/\/nativainfo.com\/#organization"},"image":{"@id":"https:\/\/nativainfo.com\/?p=4976#primaryimage"},"thumbnailUrl":"https:\/\/nativainfo.com\/wp-content\/uploads\/2025\/08\/imagen_2025-08-13_002538444.png","articleSection":["Noticias","Pol\u00edtica"],"inLanguage":"es-AR","potentialAction":[{"@type":"CommentAction","name":"Comment","target":["https:\/\/nativainfo.com\/?p=4976#respond"]}]},{"@type":"WebPage","@id":"https:\/\/nativainfo.com\/?p=4976","url":"https:\/\/nativainfo.com\/?p=4976","name":"El\u00edas Su\u00e1rez: \u201cSi la gente lo decide, seguir\u00e9 trabajando para que Santiago mantenga su camino de crecimiento y oportunidades\u201d - Nativa Info","isPartOf":{"@id":"https:\/\/nativainfo.com\/#website"},"primaryImageOfPage":{"@id":"https:\/\/nativainfo.com\/?p=4976#primaryimage"},"image":{"@id":"https:\/\/nativainfo.com\/?p=4976#primaryimage"},"thumbnailUrl":"https:\/\/nativainfo.com\/wp-content\/uploads\/2025\/08\/imagen_2025-08-13_002538444.png","datePublished":"2025-08-13T03:25:54+00:00","breadcrumb":{"@id":"https:\/\/nativainfo.com\/?p=4976#breadcrumb"},"inLanguage":"es-AR","potentialAction":[{"@type":"ReadAction","target":["https:\/\/nativainfo.com\/?p=4976"]}]},{"@type":"ImageObject","inLanguage":"es-AR","@id":"https:\/\/nativainfo.com\/?p=4976#primaryimage","url":"https:\/\/nativainfo.com\/wp-content\/uploads\/2025\/08\/imagen_2025-08-13_002538444.png","contentUrl":"https:\/\/nativainfo.com\/wp-content\/uploads\/2025\/08\/imagen_2025-08-13_002538444.png","width":1010,"height":567},{"@type":"BreadcrumbList","@id":"https:\/\/nativainfo.com\/?p=4976#breadcrumb","itemListElement":[{"@type":"ListItem","position":1,"name":"Inicio","item":"https:\/\/nativainfo.com\/"},{"@type":"ListItem","position":2,"name":"El\u00edas Su\u00e1rez: \u201cSi la gente lo decide, seguir\u00e9 trabajando para que Santiago mantenga su camino de crecimiento y oportunidades\u201d"}]},{"@type":"WebSite","@id":"https:\/\/nativainfo.com\/#website","url":"https:\/\/nativainfo.com\/","name":"Nativa Info","description":"Diario Digital","publisher":{"@id":"https:\/\/nativainfo.com\/#organization"},"potentialAction":[{"@type":"SearchAction","target":{"@type":"EntryPoint","urlTemplate":"https:\/\/nativainfo.com\/?s={search_term_string}"},"query-input":{"@type":"PropertyValueSpecification","valueRequired":true,"valueName":"search_term_string"}}],"inLanguage":"es-AR"},{"@type":"Organization","@id":"https:\/\/nativainfo.com\/#organization","name":"Nativa Info","url":"https:\/\/nativainfo.com\/","logo":{"@type":"ImageObject","inLanguage":"es-AR","@id":"https:\/\/nativainfo.com\/#\/schema\/logo\/image\/","url":"https:\/\/nativainfo.com\/wp-content\/uploads\/2025\/08\/LOGO-NATIVA-FACE.jpg","contentUrl":"https:\/\/nativainfo.com\/wp-content\/uploads\/2025\/08\/LOGO-NATIVA-FACE.jpg","width":400,"height":400,"caption":"Nativa Info"},"image":{"@id":"https:\/\/nativainfo.com\/#\/schema\/logo\/image\/"},"sameAs":["https:\/\/www.facebook.com\/profile.php?id=61578881597564"]},{"@type":"Person","@id":"https:\/\/nativainfo.com\/#\/schema\/person\/24893b64a9cd564ddb5d102d36eb4b5c","name":"Nativa Info","image":{"@type":"ImageObject","inLanguage":"es-AR","@id":"https:\/\/nativainfo.com\/#\/schema\/person\/image\/","url":"https:\/\/secure.gravatar.com\/avatar\/016fa1cf068d85136d938e1507b9b619cb766e2565cbb1faa1e571762460c785?s=96&d=mm&r=g","contentUrl":"https:\/\/secure.gravatar.com\/avatar\/016fa1cf068d85136d938e1507b9b619cb766e2565cbb1faa1e571762460c785?s=96&d=mm&r=g","caption":"Nativa Info"},"sameAs":["http:\/\/nativainfo.com"],"url":"https:\/\/nativainfo.com\/?author=1"}]}},"jetpack_publicize_connections":[],"_links":{"self":[{"href":"https:\/\/nativainfo.com\/index.php?rest_route=\/wp\/v2\/posts\/4976","targetHints":{"allow":["GET"]}}],"collection":[{"href":"https:\/\/nativainfo.com\/index.php?rest_route=\/wp\/v2\/posts"}],"about":[{"href":"https:\/\/nativainfo.com\/index.php?rest_route=\/wp\/v2\/types\/post"}],"author":[{"embeddable":true,"href":"https:\/\/nativainfo.com\/index.php?rest_route=\/wp\/v2\/users\/1"}],"replies":[{"embeddable":true,"href":"https:\/\/nativainfo.com\/index.php?rest_route=%2Fwp%2Fv2%2Fcomments&post=4976"}],"version-history":[{"count":1,"href":"https:\/\/nativainfo.com\/index.php?rest_route=\/wp\/v2\/posts\/4976\/revisions"}],"predecessor-version":[{"id":4984,"href":"https:\/\/nativainfo.com\/index.php?rest_route=\/wp\/v2\/posts\/4976\/revisions\/4984"}],"wp:featuredmedia":[{"embeddable":true,"href":"https:\/\/nativainfo.com\/index.php?rest_route=\/wp\/v2\/media\/4983"}],"wp:attachment":[{"href":"https:\/\/nativainfo.com\/index.php?rest_route=%2Fwp%2Fv2%2Fmedia&parent=4976"}],"wp:term":[{"taxonomy":"category","embeddable":true,"href":"https:\/\/nativainfo.com\/index.php?rest_route=%2Fwp%2Fv2%2Fcategories&post=4976"},{"taxonomy":"post_tag","embeddable":true,"href":"https:\/\/nativainfo.com\/index.php?rest_route=%2Fwp%2Fv2%2Ftags&post=4976"}],"curies":[{"name":"wp","href":"https:\/\/api.w.org\/{rel}","templated":true}]}}