{"id":4975,"date":"2025-08-13T00:23:16","date_gmt":"2025-08-13T03:23:16","guid":{"rendered":"https:\/\/nativainfo.com\/?p=4975"},"modified":"2025-08-13T00:24:08","modified_gmt":"2025-08-13T03:24:08","slug":"zamora-convoco-a-los-santiaguenos-a-respaldar-al-frente-civico-y-garantizar-la-unidad-provincial-nuestra-carta-de-presentacion-es-la-gestion-diaria","status":"publish","type":"post","link":"https:\/\/nativainfo.com\/?p=4975","title":{"rendered":"Zamora convoc\u00f3 a los santiague\u00f1os a respaldar al Frente C\u00edvico y garantizar la unidad provincial: \u201cNuestra carta de presentaci\u00f3n es la gesti\u00f3n diaria\u201d"},"content":{"rendered":"\n<p>El mandatario santiague\u00f1o fue entrevistado este martes en Libertad de Opini\u00f3n y estuvo acompa\u00f1ando a los candidatos El\u00edas Su\u00e1rez y Carlos Silva Neder.<\/p>\n\n\n\n<figure class=\"wp-block-image size-full\"><img fetchpriority=\"high\" decoding=\"async\" width=\"1010\" height=\"567\" src=\"https:\/\/nativainfo.com\/wp-content\/uploads\/2025\/08\/imagen_2025-08-13_002302957.png\" alt=\"\" class=\"wp-image-4979\" srcset=\"https:\/\/nativainfo.com\/wp-content\/uploads\/2025\/08\/imagen_2025-08-13_002302957.png 1010w, https:\/\/nativainfo.com\/wp-content\/uploads\/2025\/08\/imagen_2025-08-13_002302957-300x168.png 300w, https:\/\/nativainfo.com\/wp-content\/uploads\/2025\/08\/imagen_2025-08-13_002302957-768x431.png 768w, https:\/\/nativainfo.com\/wp-content\/uploads\/2025\/08\/imagen_2025-08-13_002302957-623x350.png 623w, https:\/\/nativainfo.com\/wp-content\/uploads\/2025\/08\/imagen_2025-08-13_002302957-150x84.png 150w\" sizes=\"(max-width: 1010px) 100vw, 1010px\" \/><\/figure>\n\n\n\n<p>En una nueva emisi\u00f3n del programa <em>Libertad de Opini\u00f3n<\/em>, por Canal 7 de Santiago del Estero, el gobernador Gerardo Zamora particip\u00f3 de una entrevista junto a la f\u00f3rmula del Frente C\u00edvico que competir\u00e1 en las elecciones provinciales del 26 de octubre: El\u00edas Su\u00e1rez como candidato a gobernador y Carlos Silva Neder como candidato a vice. Durante el encuentro, el mandatario inst\u00f3 a la ciudadan\u00eda a respaldar la gesti\u00f3n y apostar por la unidad de la provincia.<\/p>\n\n\n\n<p>\u201cEs algo que compartimos los tres, dentro de un mismo proyecto, y afrontamos esta instancia electoral con responsabilidad y alegr\u00eda, porque la f\u00f3rmula est\u00e1 integrada por dos personas que aprecio, valoro y respeto mucho\u201d, se\u00f1al\u00f3 Zamora. \u201cPrimero est\u00e1 la gesti\u00f3n que nos encomend\u00f3 la gente, pero tambi\u00e9n la satisfacci\u00f3n de proyectar c\u00f3mo ser\u00e1n los pr\u00f3ximos cuatro a\u00f1os. Acompa\u00f1ar a El\u00edas Su\u00e1rez y Carlos Silva Neder, quienes conducir\u00e1n la provincia entre 2025 y 2029, es un enorme orgullo\u201d.<\/p>\n\n\n\n<p>El gobernador reconoci\u00f3 que el pa\u00eds atraviesa un escenario econ\u00f3mico complejo, aunque resalt\u00f3 las medidas impulsadas para atenuar sus efectos. \u201cEl a\u00f1o pasado implementamos pol\u00edticas de contenci\u00f3n y cuidado del gasto. Este a\u00f1o, adem\u00e1s, pusimos en marcha obras que no depend\u00edan de nuestro presupuesto y tomamos decisiones para reactivar la econom\u00eda, mejorar el ingreso de los empleados p\u00fablicos e, indirectamente, beneficiar a otros sectores. En medio de estas dificultades, ofrecemos a los santiague\u00f1os un proyecto pol\u00edtico, paz social, seguridad jur\u00eddica y, sobre todo, esperanza en el futuro. El pa\u00eds siempre se recupera, y espero que cuando lleguen los vientos favorables podamos aprovecharlos\u201d, concluy\u00f3.<\/p>\n\n\n\n<p>Fuente: Libertad de Opini\u00f3n (Canal 7) &#8211; Diario Panorama<\/p>\n","protected":false},"excerpt":{"rendered":"<p>El mandatario santiague\u00f1o fue entrevistado este martes en Libertad de Opini\u00f3n y estuvo acompa\u00f1ando a los candidatos El\u00edas Su\u00e1rez y&#8230; <a class=\"continue-reading-link\" href=\"https:\/\/nativainfo.com\/?p=4975\">Continue reading<\/a><\/p>\n","protected":false},"author":1,"featured_media":4979,"comment_status":"open","ping_status":"open","sticky":false,"template":"","format":"standard","meta":{"rop_custom_images_group":[],"rop_custom_messages_group":[],"rop_publish_now":"yes","rop_publish_now_accounts":[],"rop_publish_now_history":[],"rop_publish_now_status":"pending","footnotes":"","jetpack_publicize_message":"","jetpack_publicize_feature_enabled":true,"jetpack_social_post_already_shared":false,"jetpack_social_options":{"image_generator_settings":{"template":"highway","default_image_id":0,"font":"","enabled":false},"version":2}},"categories":[8,36],"tags":[],"class_list":["post-4975","post","type-post","status-publish","format-standard","has-post-thumbnail","hentry","category-noticias","category-politica"],"yoast_head":"<!-- This site is optimized with the Yoast SEO plugin v25.6 - https:\/\/yoast.com\/wordpress\/plugins\/seo\/ -->\n<title>Zamora convoc\u00f3 a los santiague\u00f1os a respaldar al Frente C\u00edvico y garantizar la unidad provincial: \u201cNuestra carta de presentaci\u00f3n es la gesti\u00f3n diaria\u201d - Nativa Info<\/title>\n<meta name=\"robots\" content=\"index, follow, max-snippet:-1, max-image-preview:large, max-video-preview:-1\" \/>\n<link rel=\"canonical\" href=\"https:\/\/nativainfo.com\/?p=4975\" \/>\n<meta property=\"og:locale\" content=\"es_ES\" \/>\n<meta property=\"og:type\" content=\"article\" \/>\n<meta property=\"og:title\" content=\"Zamora convoc\u00f3 a los santiague\u00f1os a respaldar al Frente C\u00edvico y garantizar la unidad provincial: \u201cNuestra carta de presentaci\u00f3n es la gesti\u00f3n diaria\u201d - Nativa Info\" \/>\n<meta property=\"og:description\" content=\"El mandatario santiague\u00f1o fue entrevistado este martes en Libertad de Opini\u00f3n y estuvo acompa\u00f1ando a los candidatos El\u00edas Su\u00e1rez y... Continue reading\" \/>\n<meta property=\"og:url\" content=\"https:\/\/nativainfo.com\/?p=4975\" \/>\n<meta property=\"og:site_name\" content=\"Nativa Info\" \/>\n<meta property=\"article:publisher\" content=\"https:\/\/www.facebook.com\/profile.php?id=61578881597564\" \/>\n<meta property=\"article:published_time\" content=\"2025-08-13T03:23:16+00:00\" \/>\n<meta property=\"article:modified_time\" content=\"2025-08-13T03:24:08+00:00\" \/>\n<meta property=\"og:image\" content=\"http:\/\/nativainfo.com\/wp-content\/uploads\/2025\/08\/imagen_2025-08-13_002302957.png\" \/>\n\t<meta property=\"og:image:width\" content=\"1010\" \/>\n\t<meta property=\"og:image:height\" content=\"567\" \/>\n\t<meta property=\"og:image:type\" content=\"image\/png\" \/>\n<meta name=\"author\" content=\"Nativa Info\" \/>\n<meta name=\"twitter:card\" content=\"summary_large_image\" \/>\n<meta name=\"twitter:label1\" content=\"Escrito por\" \/>\n\t<meta name=\"twitter:data1\" content=\"Nativa Info\" \/>\n\t<meta name=\"twitter:label2\" content=\"Tiempo de lectura\" \/>\n\t<meta name=\"twitter:data2\" content=\"2 minutos\" \/>\n<script type=\"application\/ld+json\" class=\"yoast-schema-graph\">{\"@context\":\"https:\/\/schema.org\",\"@graph\":[{\"@type\":\"Article\",\"@id\":\"https:\/\/nativainfo.com\/?p=4975#article\",\"isPartOf\":{\"@id\":\"https:\/\/nativainfo.com\/?p=4975\"},\"author\":{\"name\":\"Nativa Info\",\"@id\":\"https:\/\/nativainfo.com\/#\/schema\/person\/24893b64a9cd564ddb5d102d36eb4b5c\"},\"headline\":\"Zamora convoc\u00f3 a los santiague\u00f1os a respaldar al Frente C\u00edvico y garantizar la unidad provincial: \u201cNuestra carta de presentaci\u00f3n es la gesti\u00f3n diaria\u201d\",\"datePublished\":\"2025-08-13T03:23:16+00:00\",\"dateModified\":\"2025-08-13T03:24:08+00:00\",\"mainEntityOfPage\":{\"@id\":\"https:\/\/nativainfo.com\/?p=4975\"},\"wordCount\":352,\"commentCount\":0,\"publisher\":{\"@id\":\"https:\/\/nativainfo.com\/#organization\"},\"image\":{\"@id\":\"https:\/\/nativainfo.com\/?p=4975#primaryimage\"},\"thumbnailUrl\":\"https:\/\/nativainfo.com\/wp-content\/uploads\/2025\/08\/imagen_2025-08-13_002302957.png\",\"articleSection\":[\"Noticias\",\"Pol\u00edtica\"],\"inLanguage\":\"es-AR\",\"potentialAction\":[{\"@type\":\"CommentAction\",\"name\":\"Comment\",\"target\":[\"https:\/\/nativainfo.com\/?p=4975#respond\"]}]},{\"@type\":\"WebPage\",\"@id\":\"https:\/\/nativainfo.com\/?p=4975\",\"url\":\"https:\/\/nativainfo.com\/?p=4975\",\"name\":\"Zamora convoc\u00f3 a los santiague\u00f1os a respaldar al Frente C\u00edvico y garantizar la unidad provincial: \u201cNuestra carta de presentaci\u00f3n es la gesti\u00f3n diaria\u201d - Nativa Info\",\"isPartOf\":{\"@id\":\"https:\/\/nativainfo.com\/#website\"},\"primaryImageOfPage\":{\"@id\":\"https:\/\/nativainfo.com\/?p=4975#primaryimage\"},\"image\":{\"@id\":\"https:\/\/nativainfo.com\/?p=4975#primaryimage\"},\"thumbnailUrl\":\"https:\/\/nativainfo.com\/wp-content\/uploads\/2025\/08\/imagen_2025-08-13_002302957.png\",\"datePublished\":\"2025-08-13T03:23:16+00:00\",\"dateModified\":\"2025-08-13T03:24:08+00:00\",\"breadcrumb\":{\"@id\":\"https:\/\/nativainfo.com\/?p=4975#breadcrumb\"},\"inLanguage\":\"es-AR\",\"potentialAction\":[{\"@type\":\"ReadAction\",\"target\":[\"https:\/\/nativainfo.com\/?p=4975\"]}]},{\"@type\":\"ImageObject\",\"inLanguage\":\"es-AR\",\"@id\":\"https:\/\/nativainfo.com\/?p=4975#primaryimage\",\"url\":\"https:\/\/nativainfo.com\/wp-content\/uploads\/2025\/08\/imagen_2025-08-13_002302957.png\",\"contentUrl\":\"https:\/\/nativainfo.com\/wp-content\/uploads\/2025\/08\/imagen_2025-08-13_002302957.png\",\"width\":1010,\"height\":567},{\"@type\":\"BreadcrumbList\",\"@id\":\"https:\/\/nativainfo.com\/?p=4975#breadcrumb\",\"itemListElement\":[{\"@type\":\"ListItem\",\"position\":1,\"name\":\"Inicio\",\"item\":\"https:\/\/nativainfo.com\/\"},{\"@type\":\"ListItem\",\"position\":2,\"name\":\"Zamora convoc\u00f3 a los santiague\u00f1os a respaldar al Frente C\u00edvico y garantizar la unidad provincial: \u201cNuestra carta de presentaci\u00f3n es la gesti\u00f3n diaria\u201d\"}]},{\"@type\":\"WebSite\",\"@id\":\"https:\/\/nativainfo.com\/#website\",\"url\":\"https:\/\/nativainfo.com\/\",\"name\":\"Nativa Info\",\"description\":\"Diario Digital\",\"publisher\":{\"@id\":\"https:\/\/nativainfo.com\/#organization\"},\"potentialAction\":[{\"@type\":\"SearchAction\",\"target\":{\"@type\":\"EntryPoint\",\"urlTemplate\":\"https:\/\/nativainfo.com\/?s={search_term_string}\"},\"query-input\":{\"@type\":\"PropertyValueSpecification\",\"valueRequired\":true,\"valueName\":\"search_term_string\"}}],\"inLanguage\":\"es-AR\"},{\"@type\":\"Organization\",\"@id\":\"https:\/\/nativainfo.com\/#organization\",\"name\":\"Nativa Info\",\"url\":\"https:\/\/nativainfo.com\/\",\"logo\":{\"@type\":\"ImageObject\",\"inLanguage\":\"es-AR\",\"@id\":\"https:\/\/nativainfo.com\/#\/schema\/logo\/image\/\",\"url\":\"https:\/\/nativainfo.com\/wp-content\/uploads\/2025\/08\/LOGO-NATIVA-FACE.jpg\",\"contentUrl\":\"https:\/\/nativainfo.com\/wp-content\/uploads\/2025\/08\/LOGO-NATIVA-FACE.jpg\",\"width\":400,\"height\":400,\"caption\":\"Nativa Info\"},\"image\":{\"@id\":\"https:\/\/nativainfo.com\/#\/schema\/logo\/image\/\"},\"sameAs\":[\"https:\/\/www.facebook.com\/profile.php?id=61578881597564\"]},{\"@type\":\"Person\",\"@id\":\"https:\/\/nativainfo.com\/#\/schema\/person\/24893b64a9cd564ddb5d102d36eb4b5c\",\"name\":\"Nativa Info\",\"image\":{\"@type\":\"ImageObject\",\"inLanguage\":\"es-AR\",\"@id\":\"https:\/\/nativainfo.com\/#\/schema\/person\/image\/\",\"url\":\"https:\/\/secure.gravatar.com\/avatar\/016fa1cf068d85136d938e1507b9b619cb766e2565cbb1faa1e571762460c785?s=96&d=mm&r=g\",\"contentUrl\":\"https:\/\/secure.gravatar.com\/avatar\/016fa1cf068d85136d938e1507b9b619cb766e2565cbb1faa1e571762460c785?s=96&d=mm&r=g\",\"caption\":\"Nativa Info\"},\"sameAs\":[\"http:\/\/nativainfo.com\"],\"url\":\"https:\/\/nativainfo.com\/?author=1\"}]}<\/script>\n<!-- \/ Yoast SEO plugin. -->","yoast_head_json":{"title":"Zamora convoc\u00f3 a los santiague\u00f1os a respaldar al Frente C\u00edvico y garantizar la unidad provincial: \u201cNuestra carta de presentaci\u00f3n es la gesti\u00f3n diaria\u201d - Nativa Info","robots":{"index":"index","follow":"follow","max-snippet":"max-snippet:-1","max-image-preview":"max-image-preview:large","max-video-preview":"max-video-preview:-1"},"canonical":"https:\/\/nativainfo.com\/?p=4975","og_locale":"es_ES","og_type":"article","og_title":"Zamora convoc\u00f3 a los santiague\u00f1os a respaldar al Frente C\u00edvico y garantizar la unidad provincial: \u201cNuestra carta de presentaci\u00f3n es la gesti\u00f3n diaria\u201d - Nativa Info","og_description":"El mandatario santiague\u00f1o fue entrevistado este martes en Libertad de Opini\u00f3n y estuvo acompa\u00f1ando a los candidatos El\u00edas Su\u00e1rez y... Continue reading","og_url":"https:\/\/nativainfo.com\/?p=4975","og_site_name":"Nativa Info","article_publisher":"https:\/\/www.facebook.com\/profile.php?id=61578881597564","article_published_time":"2025-08-13T03:23:16+00:00","article_modified_time":"2025-08-13T03:24:08+00:00","og_image":[{"width":1010,"height":567,"url":"http:\/\/nativainfo.com\/wp-content\/uploads\/2025\/08\/imagen_2025-08-13_002302957.png","type":"image\/png"}],"author":"Nativa Info","twitter_card":"summary_large_image","twitter_misc":{"Escrito por":"Nativa Info","Tiempo de lectura":"2 minutos"},"schema":{"@context":"https:\/\/schema.org","@graph":[{"@type":"Article","@id":"https:\/\/nativainfo.com\/?p=4975#article","isPartOf":{"@id":"https:\/\/nativainfo.com\/?p=4975"},"author":{"name":"Nativa Info","@id":"https:\/\/nativainfo.com\/#\/schema\/person\/24893b64a9cd564ddb5d102d36eb4b5c"},"headline":"Zamora convoc\u00f3 a los santiague\u00f1os a respaldar al Frente C\u00edvico y garantizar la unidad provincial: \u201cNuestra carta de presentaci\u00f3n es la gesti\u00f3n diaria\u201d","datePublished":"2025-08-13T03:23:16+00:00","dateModified":"2025-08-13T03:24:08+00:00","mainEntityOfPage":{"@id":"https:\/\/nativainfo.com\/?p=4975"},"wordCount":352,"commentCount":0,"publisher":{"@id":"https:\/\/nativainfo.com\/#organization"},"image":{"@id":"https:\/\/nativainfo.com\/?p=4975#primaryimage"},"thumbnailUrl":"https:\/\/nativainfo.com\/wp-content\/uploads\/2025\/08\/imagen_2025-08-13_002302957.png","articleSection":["Noticias","Pol\u00edtica"],"inLanguage":"es-AR","potentialAction":[{"@type":"CommentAction","name":"Comment","target":["https:\/\/nativainfo.com\/?p=4975#respond"]}]},{"@type":"WebPage","@id":"https:\/\/nativainfo.com\/?p=4975","url":"https:\/\/nativainfo.com\/?p=4975","name":"Zamora convoc\u00f3 a los santiague\u00f1os a respaldar al Frente C\u00edvico y garantizar la unidad provincial: \u201cNuestra carta de presentaci\u00f3n es la gesti\u00f3n diaria\u201d - Nativa Info","isPartOf":{"@id":"https:\/\/nativainfo.com\/#website"},"primaryImageOfPage":{"@id":"https:\/\/nativainfo.com\/?p=4975#primaryimage"},"image":{"@id":"https:\/\/nativainfo.com\/?p=4975#primaryimage"},"thumbnailUrl":"https:\/\/nativainfo.com\/wp-content\/uploads\/2025\/08\/imagen_2025-08-13_002302957.png","datePublished":"2025-08-13T03:23:16+00:00","dateModified":"2025-08-13T03:24:08+00:00","breadcrumb":{"@id":"https:\/\/nativainfo.com\/?p=4975#breadcrumb"},"inLanguage":"es-AR","potentialAction":[{"@type":"ReadAction","target":["https:\/\/nativainfo.com\/?p=4975"]}]},{"@type":"ImageObject","inLanguage":"es-AR","@id":"https:\/\/nativainfo.com\/?p=4975#primaryimage","url":"https:\/\/nativainfo.com\/wp-content\/uploads\/2025\/08\/imagen_2025-08-13_002302957.png","contentUrl":"https:\/\/nativainfo.com\/wp-content\/uploads\/2025\/08\/imagen_2025-08-13_002302957.png","width":1010,"height":567},{"@type":"BreadcrumbList","@id":"https:\/\/nativainfo.com\/?p=4975#breadcrumb","itemListElement":[{"@type":"ListItem","position":1,"name":"Inicio","item":"https:\/\/nativainfo.com\/"},{"@type":"ListItem","position":2,"name":"Zamora convoc\u00f3 a los santiague\u00f1os a respaldar al Frente C\u00edvico y garantizar la unidad provincial: \u201cNuestra carta de presentaci\u00f3n es la gesti\u00f3n diaria\u201d"}]},{"@type":"WebSite","@id":"https:\/\/nativainfo.com\/#website","url":"https:\/\/nativainfo.com\/","name":"Nativa Info","description":"Diario Digital","publisher":{"@id":"https:\/\/nativainfo.com\/#organization"},"potentialAction":[{"@type":"SearchAction","target":{"@type":"EntryPoint","urlTemplate":"https:\/\/nativainfo.com\/?s={search_term_string}"},"query-input":{"@type":"PropertyValueSpecification","valueRequired":true,"valueName":"search_term_string"}}],"inLanguage":"es-AR"},{"@type":"Organization","@id":"https:\/\/nativainfo.com\/#organization","name":"Nativa Info","url":"https:\/\/nativainfo.com\/","logo":{"@type":"ImageObject","inLanguage":"es-AR","@id":"https:\/\/nativainfo.com\/#\/schema\/logo\/image\/","url":"https:\/\/nativainfo.com\/wp-content\/uploads\/2025\/08\/LOGO-NATIVA-FACE.jpg","contentUrl":"https:\/\/nativainfo.com\/wp-content\/uploads\/2025\/08\/LOGO-NATIVA-FACE.jpg","width":400,"height":400,"caption":"Nativa Info"},"image":{"@id":"https:\/\/nativainfo.com\/#\/schema\/logo\/image\/"},"sameAs":["https:\/\/www.facebook.com\/profile.php?id=61578881597564"]},{"@type":"Person","@id":"https:\/\/nativainfo.com\/#\/schema\/person\/24893b64a9cd564ddb5d102d36eb4b5c","name":"Nativa Info","image":{"@type":"ImageObject","inLanguage":"es-AR","@id":"https:\/\/nativainfo.com\/#\/schema\/person\/image\/","url":"https:\/\/secure.gravatar.com\/avatar\/016fa1cf068d85136d938e1507b9b619cb766e2565cbb1faa1e571762460c785?s=96&d=mm&r=g","contentUrl":"https:\/\/secure.gravatar.com\/avatar\/016fa1cf068d85136d938e1507b9b619cb766e2565cbb1faa1e571762460c785?s=96&d=mm&r=g","caption":"Nativa Info"},"sameAs":["http:\/\/nativainfo.com"],"url":"https:\/\/nativainfo.com\/?author=1"}]}},"jetpack_publicize_connections":[],"_links":{"self":[{"href":"https:\/\/nativainfo.com\/index.php?rest_route=\/wp\/v2\/posts\/4975","targetHints":{"allow":["GET"]}}],"collection":[{"href":"https:\/\/nativainfo.com\/index.php?rest_route=\/wp\/v2\/posts"}],"about":[{"href":"https:\/\/nativainfo.com\/index.php?rest_route=\/wp\/v2\/types\/post"}],"author":[{"embeddable":true,"href":"https:\/\/nativainfo.com\/index.php?rest_route=\/wp\/v2\/users\/1"}],"replies":[{"embeddable":true,"href":"https:\/\/nativainfo.com\/index.php?rest_route=%2Fwp%2Fv2%2Fcomments&post=4975"}],"version-history":[{"count":2,"href":"https:\/\/nativainfo.com\/index.php?rest_route=\/wp\/v2\/posts\/4975\/revisions"}],"predecessor-version":[{"id":4981,"href":"https:\/\/nativainfo.com\/index.php?rest_route=\/wp\/v2\/posts\/4975\/revisions\/4981"}],"wp:featuredmedia":[{"embeddable":true,"href":"https:\/\/nativainfo.com\/index.php?rest_route=\/wp\/v2\/media\/4979"}],"wp:attachment":[{"href":"https:\/\/nativainfo.com\/index.php?rest_route=%2Fwp%2Fv2%2Fmedia&parent=4975"}],"wp:term":[{"taxonomy":"category","embeddable":true,"href":"https:\/\/nativainfo.com\/index.php?rest_route=%2Fwp%2Fv2%2Fcategories&post=4975"},{"taxonomy":"post_tag","embeddable":true,"href":"https:\/\/nativainfo.com\/index.php?rest_route=%2Fwp%2Fv2%2Ftags&post=4975"}],"curies":[{"name":"wp","href":"https:\/\/api.w.org\/{rel}","templated":true}]}}