{"id":4969,"date":"2025-08-11T14:08:32","date_gmt":"2025-08-11T17:08:32","guid":{"rendered":"https:\/\/nativainfo.com\/?p=4969"},"modified":"2025-08-11T14:08:33","modified_gmt":"2025-08-11T17:08:33","slug":"zamora-inauguro-el-nuevo-hospital-distrital-en-colonia-el-simbolar-y-entrego-una-ambulancia-0-km","status":"publish","type":"post","link":"https:\/\/nativainfo.com\/?p=4969","title":{"rendered":"Zamora inaugur\u00f3 el nuevo Hospital Distrital en Colonia El Simbolar y entreg\u00f3 una ambulancia 0 km"},"content":{"rendered":"\n<figure class=\"wp-block-image size-full\"><img fetchpriority=\"high\" decoding=\"async\" width=\"1010\" height=\"567\" src=\"https:\/\/nativainfo.com\/wp-content\/uploads\/2025\/08\/imagen_2025-08-11_140754060.png\" alt=\"\" class=\"wp-image-4972\" srcset=\"https:\/\/nativainfo.com\/wp-content\/uploads\/2025\/08\/imagen_2025-08-11_140754060.png 1010w, https:\/\/nativainfo.com\/wp-content\/uploads\/2025\/08\/imagen_2025-08-11_140754060-300x168.png 300w, https:\/\/nativainfo.com\/wp-content\/uploads\/2025\/08\/imagen_2025-08-11_140754060-768x431.png 768w, https:\/\/nativainfo.com\/wp-content\/uploads\/2025\/08\/imagen_2025-08-11_140754060-623x350.png 623w, https:\/\/nativainfo.com\/wp-content\/uploads\/2025\/08\/imagen_2025-08-11_140754060-150x84.png 150w\" sizes=\"(max-width: 1010px) 100vw, 1010px\" \/><\/figure>\n\n\n\n<p>El gobernador Gerardo Zamora encabez\u00f3 este lunes la inauguraci\u00f3n del nuevo edificio del Hospital Distrital de Colonia El Simbolar, en el departamento Robles, y entreg\u00f3 una ambulancia 0 km para fortalecer el servicio de emergencias y traslados de pacientes en la zona, que tambi\u00e9n abarca parte del departamento Banda.<\/p>\n\n\n\n<p>El acto cont\u00f3 con la presencia del vicegobernador Carlos Silva Neder; el jefe de Gabinete, El\u00edas Su\u00e1rez; la ministra de Salud, Natividad Nassif; sus pares de Obras P\u00fablicas, Aldo Hid; de Educaci\u00f3n, Mariela Nassif, y de Desarrollo Social, \u00c1ngel Niccolai; junto a autoridades sanitarias, municipales y representantes de la comunidad.<\/p>\n\n\n\n<p>Tras el corte de cinta y el descubrimiento de la placa recordatoria, Zamora y las autoridades recorrieron las instalaciones del hospital, totalmente equipado y con m\u00faltiples servicios: farmacia, lactario, laboratorio, vacunatorio, consultorios cl\u00ednicos y especializados, sala de ecograf\u00eda, telemedicina, odontolog\u00eda, rayos X digitales, neonatolog\u00eda, internaci\u00f3n diurna, quir\u00f3fano, \u00e1reas de preparto y parto, pediatr\u00eda, guardia, esterilizaci\u00f3n y enfermer\u00eda, entre otros.<\/p>\n\n\n\n<p>El centro brindar\u00e1 atenci\u00f3n en especialidades como alergia, cardiolog\u00eda, diabetolog\u00eda, pediatr\u00eda, cirug\u00eda, odontolog\u00eda y medicina general, beneficiando a vecinos de Colonia El Simbolar y de localidades cercanas como Ca\u00f1ada Escobar, Pampa Muyoj, Santa Elena y Villa Hip\u00f3lita.<\/p>\n\n\n\n<p>En el marco de la inauguraci\u00f3n, el gobernador destac\u00f3 que esta obra forma parte de un plan que prev\u00e9 la apertura de siete hospitales en distintos puntos de la provincia, todos con equipamiento de \u00faltima generaci\u00f3n.<\/p>\n\n\n\n<blockquote class=\"wp-block-quote is-layout-flow wp-block-quote-is-layout-flow\">\n<p>\u201cLa salud p\u00fablica es algo que nos preocupa, para llegar, prevenir y mejorar la calidad de vida. Esta inversi\u00f3n la hacemos con mucha alegr\u00eda en esta localidad\u201d, expres\u00f3.<\/p>\n<\/blockquote>\n","protected":false},"excerpt":{"rendered":"<p>El gobernador Gerardo Zamora encabez\u00f3 este lunes la inauguraci\u00f3n del nuevo edificio del Hospital Distrital de Colonia El Simbolar, en&#8230; <a class=\"continue-reading-link\" href=\"https:\/\/nativainfo.com\/?p=4969\">Continue reading<\/a><\/p>\n","protected":false},"author":1,"featured_media":4972,"comment_status":"open","ping_status":"open","sticky":false,"template":"","format":"standard","meta":{"rop_custom_images_group":[],"rop_custom_messages_group":[],"rop_publish_now":"yes","rop_publish_now_accounts":[],"rop_publish_now_history":[],"rop_publish_now_status":"pending","footnotes":"","jetpack_publicize_message":"","jetpack_publicize_feature_enabled":true,"jetpack_social_post_already_shared":false,"jetpack_social_options":{"image_generator_settings":{"template":"highway","default_image_id":0,"font":"","enabled":false},"version":2}},"categories":[8,15],"tags":[88,89,87],"class_list":["post-4969","post","type-post","status-publish","format-standard","has-post-thumbnail","hentry","category-noticias","category-salud","tag-el-simbolar","tag-inauguracion","tag-zamora"],"yoast_head":"<!-- This site is optimized with the Yoast SEO plugin v25.6 - https:\/\/yoast.com\/wordpress\/plugins\/seo\/ -->\n<title>Zamora inaugur\u00f3 el nuevo Hospital Distrital en Colonia El Simbolar y entreg\u00f3 una ambulancia 0 km - Nativa Info<\/title>\n<meta name=\"robots\" content=\"index, follow, max-snippet:-1, max-image-preview:large, max-video-preview:-1\" \/>\n<link rel=\"canonical\" href=\"https:\/\/nativainfo.com\/?p=4969\" \/>\n<meta property=\"og:locale\" content=\"es_ES\" \/>\n<meta property=\"og:type\" content=\"article\" \/>\n<meta property=\"og:title\" content=\"Zamora inaugur\u00f3 el nuevo Hospital Distrital en Colonia El Simbolar y entreg\u00f3 una ambulancia 0 km - Nativa Info\" \/>\n<meta property=\"og:description\" content=\"El gobernador Gerardo Zamora encabez\u00f3 este lunes la inauguraci\u00f3n del nuevo edificio del Hospital Distrital de Colonia El Simbolar, en... Continue reading\" \/>\n<meta property=\"og:url\" content=\"https:\/\/nativainfo.com\/?p=4969\" \/>\n<meta property=\"og:site_name\" content=\"Nativa Info\" \/>\n<meta property=\"article:publisher\" content=\"https:\/\/www.facebook.com\/profile.php?id=61578881597564\" \/>\n<meta property=\"article:published_time\" content=\"2025-08-11T17:08:32+00:00\" \/>\n<meta property=\"article:modified_time\" content=\"2025-08-11T17:08:33+00:00\" \/>\n<meta property=\"og:image\" content=\"http:\/\/nativainfo.com\/wp-content\/uploads\/2025\/08\/imagen_2025-08-11_140754060.png\" \/>\n\t<meta property=\"og:image:width\" content=\"1010\" \/>\n\t<meta property=\"og:image:height\" content=\"567\" \/>\n\t<meta property=\"og:image:type\" content=\"image\/png\" \/>\n<meta name=\"author\" content=\"Nativa Info\" \/>\n<meta name=\"twitter:card\" content=\"summary_large_image\" \/>\n<meta name=\"twitter:label1\" content=\"Escrito por\" \/>\n\t<meta name=\"twitter:data1\" content=\"Nativa Info\" \/>\n\t<meta name=\"twitter:label2\" content=\"Tiempo de lectura\" \/>\n\t<meta name=\"twitter:data2\" content=\"2 minutos\" \/>\n<script type=\"application\/ld+json\" class=\"yoast-schema-graph\">{\"@context\":\"https:\/\/schema.org\",\"@graph\":[{\"@type\":\"Article\",\"@id\":\"https:\/\/nativainfo.com\/?p=4969#article\",\"isPartOf\":{\"@id\":\"https:\/\/nativainfo.com\/?p=4969\"},\"author\":{\"name\":\"Nativa Info\",\"@id\":\"https:\/\/nativainfo.com\/#\/schema\/person\/24893b64a9cd564ddb5d102d36eb4b5c\"},\"headline\":\"Zamora inaugur\u00f3 el nuevo Hospital Distrital en Colonia El Simbolar y entreg\u00f3 una ambulancia 0 km\",\"datePublished\":\"2025-08-11T17:08:32+00:00\",\"dateModified\":\"2025-08-11T17:08:33+00:00\",\"mainEntityOfPage\":{\"@id\":\"https:\/\/nativainfo.com\/?p=4969\"},\"wordCount\":302,\"commentCount\":0,\"publisher\":{\"@id\":\"https:\/\/nativainfo.com\/#organization\"},\"image\":{\"@id\":\"https:\/\/nativainfo.com\/?p=4969#primaryimage\"},\"thumbnailUrl\":\"https:\/\/nativainfo.com\/wp-content\/uploads\/2025\/08\/imagen_2025-08-11_140754060.png\",\"keywords\":[\"EL SIMBOLAR\",\"INAUGURACI\u00d3N\",\"ZAMORA\"],\"articleSection\":[\"Noticias\",\"Salud\"],\"inLanguage\":\"es-AR\",\"potentialAction\":[{\"@type\":\"CommentAction\",\"name\":\"Comment\",\"target\":[\"https:\/\/nativainfo.com\/?p=4969#respond\"]}]},{\"@type\":\"WebPage\",\"@id\":\"https:\/\/nativainfo.com\/?p=4969\",\"url\":\"https:\/\/nativainfo.com\/?p=4969\",\"name\":\"Zamora inaugur\u00f3 el nuevo Hospital Distrital en Colonia El Simbolar y entreg\u00f3 una ambulancia 0 km - Nativa Info\",\"isPartOf\":{\"@id\":\"https:\/\/nativainfo.com\/#website\"},\"primaryImageOfPage\":{\"@id\":\"https:\/\/nativainfo.com\/?p=4969#primaryimage\"},\"image\":{\"@id\":\"https:\/\/nativainfo.com\/?p=4969#primaryimage\"},\"thumbnailUrl\":\"https:\/\/nativainfo.com\/wp-content\/uploads\/2025\/08\/imagen_2025-08-11_140754060.png\",\"datePublished\":\"2025-08-11T17:08:32+00:00\",\"dateModified\":\"2025-08-11T17:08:33+00:00\",\"breadcrumb\":{\"@id\":\"https:\/\/nativainfo.com\/?p=4969#breadcrumb\"},\"inLanguage\":\"es-AR\",\"potentialAction\":[{\"@type\":\"ReadAction\",\"target\":[\"https:\/\/nativainfo.com\/?p=4969\"]}]},{\"@type\":\"ImageObject\",\"inLanguage\":\"es-AR\",\"@id\":\"https:\/\/nativainfo.com\/?p=4969#primaryimage\",\"url\":\"https:\/\/nativainfo.com\/wp-content\/uploads\/2025\/08\/imagen_2025-08-11_140754060.png\",\"contentUrl\":\"https:\/\/nativainfo.com\/wp-content\/uploads\/2025\/08\/imagen_2025-08-11_140754060.png\",\"width\":1010,\"height\":567},{\"@type\":\"BreadcrumbList\",\"@id\":\"https:\/\/nativainfo.com\/?p=4969#breadcrumb\",\"itemListElement\":[{\"@type\":\"ListItem\",\"position\":1,\"name\":\"Inicio\",\"item\":\"https:\/\/nativainfo.com\/\"},{\"@type\":\"ListItem\",\"position\":2,\"name\":\"Zamora inaugur\u00f3 el nuevo Hospital Distrital en Colonia El Simbolar y entreg\u00f3 una ambulancia 0 km\"}]},{\"@type\":\"WebSite\",\"@id\":\"https:\/\/nativainfo.com\/#website\",\"url\":\"https:\/\/nativainfo.com\/\",\"name\":\"Nativa Info\",\"description\":\"Diario Digital\",\"publisher\":{\"@id\":\"https:\/\/nativainfo.com\/#organization\"},\"potentialAction\":[{\"@type\":\"SearchAction\",\"target\":{\"@type\":\"EntryPoint\",\"urlTemplate\":\"https:\/\/nativainfo.com\/?s={search_term_string}\"},\"query-input\":{\"@type\":\"PropertyValueSpecification\",\"valueRequired\":true,\"valueName\":\"search_term_string\"}}],\"inLanguage\":\"es-AR\"},{\"@type\":\"Organization\",\"@id\":\"https:\/\/nativainfo.com\/#organization\",\"name\":\"Nativa Info\",\"url\":\"https:\/\/nativainfo.com\/\",\"logo\":{\"@type\":\"ImageObject\",\"inLanguage\":\"es-AR\",\"@id\":\"https:\/\/nativainfo.com\/#\/schema\/logo\/image\/\",\"url\":\"https:\/\/nativainfo.com\/wp-content\/uploads\/2025\/08\/LOGO-NATIVA-FACE.jpg\",\"contentUrl\":\"https:\/\/nativainfo.com\/wp-content\/uploads\/2025\/08\/LOGO-NATIVA-FACE.jpg\",\"width\":400,\"height\":400,\"caption\":\"Nativa Info\"},\"image\":{\"@id\":\"https:\/\/nativainfo.com\/#\/schema\/logo\/image\/\"},\"sameAs\":[\"https:\/\/www.facebook.com\/profile.php?id=61578881597564\"]},{\"@type\":\"Person\",\"@id\":\"https:\/\/nativainfo.com\/#\/schema\/person\/24893b64a9cd564ddb5d102d36eb4b5c\",\"name\":\"Nativa Info\",\"image\":{\"@type\":\"ImageObject\",\"inLanguage\":\"es-AR\",\"@id\":\"https:\/\/nativainfo.com\/#\/schema\/person\/image\/\",\"url\":\"https:\/\/secure.gravatar.com\/avatar\/016fa1cf068d85136d938e1507b9b619cb766e2565cbb1faa1e571762460c785?s=96&d=mm&r=g\",\"contentUrl\":\"https:\/\/secure.gravatar.com\/avatar\/016fa1cf068d85136d938e1507b9b619cb766e2565cbb1faa1e571762460c785?s=96&d=mm&r=g\",\"caption\":\"Nativa Info\"},\"sameAs\":[\"http:\/\/nativainfo.com\"],\"url\":\"https:\/\/nativainfo.com\/?author=1\"}]}<\/script>\n<!-- \/ Yoast SEO plugin. -->","yoast_head_json":{"title":"Zamora inaugur\u00f3 el nuevo Hospital Distrital en Colonia El Simbolar y entreg\u00f3 una ambulancia 0 km - Nativa Info","robots":{"index":"index","follow":"follow","max-snippet":"max-snippet:-1","max-image-preview":"max-image-preview:large","max-video-preview":"max-video-preview:-1"},"canonical":"https:\/\/nativainfo.com\/?p=4969","og_locale":"es_ES","og_type":"article","og_title":"Zamora inaugur\u00f3 el nuevo Hospital Distrital en Colonia El Simbolar y entreg\u00f3 una ambulancia 0 km - Nativa Info","og_description":"El gobernador Gerardo Zamora encabez\u00f3 este lunes la inauguraci\u00f3n del nuevo edificio del Hospital Distrital de Colonia El Simbolar, en... Continue reading","og_url":"https:\/\/nativainfo.com\/?p=4969","og_site_name":"Nativa Info","article_publisher":"https:\/\/www.facebook.com\/profile.php?id=61578881597564","article_published_time":"2025-08-11T17:08:32+00:00","article_modified_time":"2025-08-11T17:08:33+00:00","og_image":[{"width":1010,"height":567,"url":"http:\/\/nativainfo.com\/wp-content\/uploads\/2025\/08\/imagen_2025-08-11_140754060.png","type":"image\/png"}],"author":"Nativa Info","twitter_card":"summary_large_image","twitter_misc":{"Escrito por":"Nativa Info","Tiempo de lectura":"2 minutos"},"schema":{"@context":"https:\/\/schema.org","@graph":[{"@type":"Article","@id":"https:\/\/nativainfo.com\/?p=4969#article","isPartOf":{"@id":"https:\/\/nativainfo.com\/?p=4969"},"author":{"name":"Nativa Info","@id":"https:\/\/nativainfo.com\/#\/schema\/person\/24893b64a9cd564ddb5d102d36eb4b5c"},"headline":"Zamora inaugur\u00f3 el nuevo Hospital Distrital en Colonia El Simbolar y entreg\u00f3 una ambulancia 0 km","datePublished":"2025-08-11T17:08:32+00:00","dateModified":"2025-08-11T17:08:33+00:00","mainEntityOfPage":{"@id":"https:\/\/nativainfo.com\/?p=4969"},"wordCount":302,"commentCount":0,"publisher":{"@id":"https:\/\/nativainfo.com\/#organization"},"image":{"@id":"https:\/\/nativainfo.com\/?p=4969#primaryimage"},"thumbnailUrl":"https:\/\/nativainfo.com\/wp-content\/uploads\/2025\/08\/imagen_2025-08-11_140754060.png","keywords":["EL SIMBOLAR","INAUGURACI\u00d3N","ZAMORA"],"articleSection":["Noticias","Salud"],"inLanguage":"es-AR","potentialAction":[{"@type":"CommentAction","name":"Comment","target":["https:\/\/nativainfo.com\/?p=4969#respond"]}]},{"@type":"WebPage","@id":"https:\/\/nativainfo.com\/?p=4969","url":"https:\/\/nativainfo.com\/?p=4969","name":"Zamora inaugur\u00f3 el nuevo Hospital Distrital en Colonia El Simbolar y entreg\u00f3 una ambulancia 0 km - Nativa Info","isPartOf":{"@id":"https:\/\/nativainfo.com\/#website"},"primaryImageOfPage":{"@id":"https:\/\/nativainfo.com\/?p=4969#primaryimage"},"image":{"@id":"https:\/\/nativainfo.com\/?p=4969#primaryimage"},"thumbnailUrl":"https:\/\/nativainfo.com\/wp-content\/uploads\/2025\/08\/imagen_2025-08-11_140754060.png","datePublished":"2025-08-11T17:08:32+00:00","dateModified":"2025-08-11T17:08:33+00:00","breadcrumb":{"@id":"https:\/\/nativainfo.com\/?p=4969#breadcrumb"},"inLanguage":"es-AR","potentialAction":[{"@type":"ReadAction","target":["https:\/\/nativainfo.com\/?p=4969"]}]},{"@type":"ImageObject","inLanguage":"es-AR","@id":"https:\/\/nativainfo.com\/?p=4969#primaryimage","url":"https:\/\/nativainfo.com\/wp-content\/uploads\/2025\/08\/imagen_2025-08-11_140754060.png","contentUrl":"https:\/\/nativainfo.com\/wp-content\/uploads\/2025\/08\/imagen_2025-08-11_140754060.png","width":1010,"height":567},{"@type":"BreadcrumbList","@id":"https:\/\/nativainfo.com\/?p=4969#breadcrumb","itemListElement":[{"@type":"ListItem","position":1,"name":"Inicio","item":"https:\/\/nativainfo.com\/"},{"@type":"ListItem","position":2,"name":"Zamora inaugur\u00f3 el nuevo Hospital Distrital en Colonia El Simbolar y entreg\u00f3 una ambulancia 0 km"}]},{"@type":"WebSite","@id":"https:\/\/nativainfo.com\/#website","url":"https:\/\/nativainfo.com\/","name":"Nativa Info","description":"Diario Digital","publisher":{"@id":"https:\/\/nativainfo.com\/#organization"},"potentialAction":[{"@type":"SearchAction","target":{"@type":"EntryPoint","urlTemplate":"https:\/\/nativainfo.com\/?s={search_term_string}"},"query-input":{"@type":"PropertyValueSpecification","valueRequired":true,"valueName":"search_term_string"}}],"inLanguage":"es-AR"},{"@type":"Organization","@id":"https:\/\/nativainfo.com\/#organization","name":"Nativa Info","url":"https:\/\/nativainfo.com\/","logo":{"@type":"ImageObject","inLanguage":"es-AR","@id":"https:\/\/nativainfo.com\/#\/schema\/logo\/image\/","url":"https:\/\/nativainfo.com\/wp-content\/uploads\/2025\/08\/LOGO-NATIVA-FACE.jpg","contentUrl":"https:\/\/nativainfo.com\/wp-content\/uploads\/2025\/08\/LOGO-NATIVA-FACE.jpg","width":400,"height":400,"caption":"Nativa Info"},"image":{"@id":"https:\/\/nativainfo.com\/#\/schema\/logo\/image\/"},"sameAs":["https:\/\/www.facebook.com\/profile.php?id=61578881597564"]},{"@type":"Person","@id":"https:\/\/nativainfo.com\/#\/schema\/person\/24893b64a9cd564ddb5d102d36eb4b5c","name":"Nativa Info","image":{"@type":"ImageObject","inLanguage":"es-AR","@id":"https:\/\/nativainfo.com\/#\/schema\/person\/image\/","url":"https:\/\/secure.gravatar.com\/avatar\/016fa1cf068d85136d938e1507b9b619cb766e2565cbb1faa1e571762460c785?s=96&d=mm&r=g","contentUrl":"https:\/\/secure.gravatar.com\/avatar\/016fa1cf068d85136d938e1507b9b619cb766e2565cbb1faa1e571762460c785?s=96&d=mm&r=g","caption":"Nativa Info"},"sameAs":["http:\/\/nativainfo.com"],"url":"https:\/\/nativainfo.com\/?author=1"}]}},"jetpack_publicize_connections":[],"_links":{"self":[{"href":"https:\/\/nativainfo.com\/index.php?rest_route=\/wp\/v2\/posts\/4969","targetHints":{"allow":["GET"]}}],"collection":[{"href":"https:\/\/nativainfo.com\/index.php?rest_route=\/wp\/v2\/posts"}],"about":[{"href":"https:\/\/nativainfo.com\/index.php?rest_route=\/wp\/v2\/types\/post"}],"author":[{"embeddable":true,"href":"https:\/\/nativainfo.com\/index.php?rest_route=\/wp\/v2\/users\/1"}],"replies":[{"embeddable":true,"href":"https:\/\/nativainfo.com\/index.php?rest_route=%2Fwp%2Fv2%2Fcomments&post=4969"}],"version-history":[{"count":1,"href":"https:\/\/nativainfo.com\/index.php?rest_route=\/wp\/v2\/posts\/4969\/revisions"}],"predecessor-version":[{"id":4973,"href":"https:\/\/nativainfo.com\/index.php?rest_route=\/wp\/v2\/posts\/4969\/revisions\/4973"}],"wp:featuredmedia":[{"embeddable":true,"href":"https:\/\/nativainfo.com\/index.php?rest_route=\/wp\/v2\/media\/4972"}],"wp:attachment":[{"href":"https:\/\/nativainfo.com\/index.php?rest_route=%2Fwp%2Fv2%2Fmedia&parent=4969"}],"wp:term":[{"taxonomy":"category","embeddable":true,"href":"https:\/\/nativainfo.com\/index.php?rest_route=%2Fwp%2Fv2%2Fcategories&post=4969"},{"taxonomy":"post_tag","embeddable":true,"href":"https:\/\/nativainfo.com\/index.php?rest_route=%2Fwp%2Fv2%2Ftags&post=4969"}],"curies":[{"name":"wp","href":"https:\/\/api.w.org\/{rel}","templated":true}]}}