{"id":4957,"date":"2025-08-10T21:31:05","date_gmt":"2025-08-11T00:31:05","guid":{"rendered":"https:\/\/nativainfo.com\/?p=4957"},"modified":"2025-08-10T21:31:06","modified_gmt":"2025-08-11T00:31:06","slug":"el-gobernador-gerardo-zamora-despidio-a-johnny-mendizabal-con-un-emotivo-mensaje","status":"publish","type":"post","link":"https:\/\/nativainfo.com\/?p=4957","title":{"rendered":"El gobernador Gerardo Zamora despidi\u00f3 a Johnny Mendizabal con un emotivo mensaje"},"content":{"rendered":"\n<p>La m\u00fasica popular santiague\u00f1a est\u00e1 de luto. Este domingo por la ma\u00f1ana se confirm\u00f3 el fallecimiento de Ram\u00f3n \u201cJohnny\u201d Mendizabal, hist\u00f3rico exvocalista del grupo Los Alfiles y referente indiscutido del folclore local, quien tambi\u00e9n desarroll\u00f3 una destacada carrera como solista.<\/p>\n\n\n\n<figure class=\"wp-block-image size-full is-resized\"><img fetchpriority=\"high\" decoding=\"async\" width=\"705\" height=\"588\" src=\"https:\/\/nativainfo.com\/wp-content\/uploads\/2025\/08\/imagen_2025-08-10_213004859.png\" alt=\"\" class=\"wp-image-4966\" style=\"width:840px;height:auto\" srcset=\"https:\/\/nativainfo.com\/wp-content\/uploads\/2025\/08\/imagen_2025-08-10_213004859.png 705w, https:\/\/nativainfo.com\/wp-content\/uploads\/2025\/08\/imagen_2025-08-10_213004859-300x250.png 300w, https:\/\/nativainfo.com\/wp-content\/uploads\/2025\/08\/imagen_2025-08-10_213004859-420x350.png 420w, https:\/\/nativainfo.com\/wp-content\/uploads\/2025\/08\/imagen_2025-08-10_213004859-150x125.png 150w\" sizes=\"(max-width: 705px) 100vw, 705px\" \/><\/figure>\n\n\n\n<p>La noticia, conocida en las primeras horas del d\u00eda, gener\u00f3 una fuerte conmoci\u00f3n en toda la provincia y en el ambiente art\u00edstico, que r\u00e1pidamente se volc\u00f3 a las redes para expresar su pesar y recordar su legado.<\/p>\n\n\n\n<p>Entre las muestras de afecto se destac\u00f3 el mensaje del gobernador Gerardo Zamora, quien escribi\u00f3: <em>\u201cMis condolencias a familiares y seres queridos de Ram\u00f3n &#8216;Johnny&#8217; Mendizabal, ante la triste noticia de su fallecimiento. Que brille para \u00e9l la Luz que no tiene fin\u201d<\/em>.<\/p>\n\n\n\n<p>Nacido el 31 de julio de 1951 en Ceres, Santa Fe, Johnny se convirti\u00f3 con el tiempo en un santiague\u00f1o por adopci\u00f3n. Su humildad, carisma y cercan\u00eda con el p\u00fablico le valieron el apodo de <em>\u201cEl Cantor del Pueblo\u201d<\/em>, dejando una huella imborrable en la m\u00fasica popular.<\/p>\n","protected":false},"excerpt":{"rendered":"<p>La m\u00fasica popular santiague\u00f1a est\u00e1 de luto. Este domingo por la ma\u00f1ana se confirm\u00f3 el fallecimiento de Ram\u00f3n \u201cJohnny\u201d Mendizabal,&#8230; <a class=\"continue-reading-link\" href=\"https:\/\/nativainfo.com\/?p=4957\">Continue reading<\/a><\/p>\n","protected":false},"author":1,"featured_media":4966,"comment_status":"open","ping_status":"open","sticky":false,"template":"","format":"standard","meta":{"rop_custom_images_group":[],"rop_custom_messages_group":[],"rop_publish_now":"yes","rop_publish_now_accounts":[],"rop_publish_now_history":[],"rop_publish_now_status":"pending","footnotes":"","jetpack_publicize_message":"","jetpack_publicize_feature_enabled":true,"jetpack_social_post_already_shared":true,"jetpack_social_options":{"image_generator_settings":{"template":"highway","default_image_id":0,"font":"","enabled":false},"version":2}},"categories":[8,40],"tags":[],"class_list":["post-4957","post","type-post","status-publish","format-standard","has-post-thumbnail","hentry","category-noticias","category-santiago-del-estero"],"yoast_head":"<!-- This site is optimized with the Yoast SEO plugin v25.6 - https:\/\/yoast.com\/wordpress\/plugins\/seo\/ -->\n<title>El gobernador Gerardo Zamora despidi\u00f3 a Johnny Mendizabal con un emotivo mensaje - Nativa Info<\/title>\n<meta name=\"robots\" content=\"index, follow, max-snippet:-1, max-image-preview:large, max-video-preview:-1\" \/>\n<link rel=\"canonical\" href=\"https:\/\/nativainfo.com\/?p=4957\" \/>\n<meta property=\"og:locale\" content=\"es_ES\" \/>\n<meta property=\"og:type\" content=\"article\" \/>\n<meta property=\"og:title\" content=\"El gobernador Gerardo Zamora despidi\u00f3 a Johnny Mendizabal con un emotivo mensaje - Nativa Info\" \/>\n<meta property=\"og:description\" content=\"La m\u00fasica popular santiague\u00f1a est\u00e1 de luto. Este domingo por la ma\u00f1ana se confirm\u00f3 el fallecimiento de Ram\u00f3n \u201cJohnny\u201d Mendizabal,... Continue reading\" \/>\n<meta property=\"og:url\" content=\"https:\/\/nativainfo.com\/?p=4957\" \/>\n<meta property=\"og:site_name\" content=\"Nativa Info\" \/>\n<meta property=\"article:publisher\" content=\"https:\/\/www.facebook.com\/profile.php?id=61578881597564\" \/>\n<meta property=\"article:published_time\" content=\"2025-08-11T00:31:05+00:00\" \/>\n<meta property=\"article:modified_time\" content=\"2025-08-11T00:31:06+00:00\" \/>\n<meta property=\"og:image\" content=\"http:\/\/nativainfo.com\/wp-content\/uploads\/2025\/08\/imagen_2025-08-10_213004859.png\" \/>\n\t<meta property=\"og:image:width\" content=\"705\" \/>\n\t<meta property=\"og:image:height\" content=\"588\" \/>\n\t<meta property=\"og:image:type\" content=\"image\/png\" \/>\n<meta name=\"author\" content=\"Nativa Info\" \/>\n<meta name=\"twitter:card\" content=\"summary_large_image\" \/>\n<meta name=\"twitter:label1\" content=\"Escrito por\" \/>\n\t<meta name=\"twitter:data1\" content=\"Nativa Info\" \/>\n\t<meta name=\"twitter:label2\" content=\"Tiempo de lectura\" \/>\n\t<meta name=\"twitter:data2\" content=\"2 minutos\" \/>\n<script type=\"application\/ld+json\" class=\"yoast-schema-graph\">{\"@context\":\"https:\/\/schema.org\",\"@graph\":[{\"@type\":\"Article\",\"@id\":\"https:\/\/nativainfo.com\/?p=4957#article\",\"isPartOf\":{\"@id\":\"https:\/\/nativainfo.com\/?p=4957\"},\"author\":{\"name\":\"Nativa Info\",\"@id\":\"https:\/\/nativainfo.com\/#\/schema\/person\/24893b64a9cd564ddb5d102d36eb4b5c\"},\"headline\":\"El gobernador Gerardo Zamora despidi\u00f3 a Johnny Mendizabal con un emotivo mensaje\",\"datePublished\":\"2025-08-11T00:31:05+00:00\",\"dateModified\":\"2025-08-11T00:31:06+00:00\",\"mainEntityOfPage\":{\"@id\":\"https:\/\/nativainfo.com\/?p=4957\"},\"wordCount\":193,\"commentCount\":0,\"publisher\":{\"@id\":\"https:\/\/nativainfo.com\/#organization\"},\"image\":{\"@id\":\"https:\/\/nativainfo.com\/?p=4957#primaryimage\"},\"thumbnailUrl\":\"https:\/\/nativainfo.com\/wp-content\/uploads\/2025\/08\/imagen_2025-08-10_213004859.png\",\"articleSection\":[\"Noticias\",\"Santiago del Estero\"],\"inLanguage\":\"es-AR\",\"potentialAction\":[{\"@type\":\"CommentAction\",\"name\":\"Comment\",\"target\":[\"https:\/\/nativainfo.com\/?p=4957#respond\"]}]},{\"@type\":\"WebPage\",\"@id\":\"https:\/\/nativainfo.com\/?p=4957\",\"url\":\"https:\/\/nativainfo.com\/?p=4957\",\"name\":\"El gobernador Gerardo Zamora despidi\u00f3 a Johnny Mendizabal con un emotivo mensaje - Nativa Info\",\"isPartOf\":{\"@id\":\"https:\/\/nativainfo.com\/#website\"},\"primaryImageOfPage\":{\"@id\":\"https:\/\/nativainfo.com\/?p=4957#primaryimage\"},\"image\":{\"@id\":\"https:\/\/nativainfo.com\/?p=4957#primaryimage\"},\"thumbnailUrl\":\"https:\/\/nativainfo.com\/wp-content\/uploads\/2025\/08\/imagen_2025-08-10_213004859.png\",\"datePublished\":\"2025-08-11T00:31:05+00:00\",\"dateModified\":\"2025-08-11T00:31:06+00:00\",\"breadcrumb\":{\"@id\":\"https:\/\/nativainfo.com\/?p=4957#breadcrumb\"},\"inLanguage\":\"es-AR\",\"potentialAction\":[{\"@type\":\"ReadAction\",\"target\":[\"https:\/\/nativainfo.com\/?p=4957\"]}]},{\"@type\":\"ImageObject\",\"inLanguage\":\"es-AR\",\"@id\":\"https:\/\/nativainfo.com\/?p=4957#primaryimage\",\"url\":\"https:\/\/nativainfo.com\/wp-content\/uploads\/2025\/08\/imagen_2025-08-10_213004859.png\",\"contentUrl\":\"https:\/\/nativainfo.com\/wp-content\/uploads\/2025\/08\/imagen_2025-08-10_213004859.png\",\"width\":705,\"height\":588},{\"@type\":\"BreadcrumbList\",\"@id\":\"https:\/\/nativainfo.com\/?p=4957#breadcrumb\",\"itemListElement\":[{\"@type\":\"ListItem\",\"position\":1,\"name\":\"Inicio\",\"item\":\"https:\/\/nativainfo.com\/\"},{\"@type\":\"ListItem\",\"position\":2,\"name\":\"El gobernador Gerardo Zamora despidi\u00f3 a Johnny Mendizabal con un emotivo mensaje\"}]},{\"@type\":\"WebSite\",\"@id\":\"https:\/\/nativainfo.com\/#website\",\"url\":\"https:\/\/nativainfo.com\/\",\"name\":\"Nativa Info\",\"description\":\"Diario Digital\",\"publisher\":{\"@id\":\"https:\/\/nativainfo.com\/#organization\"},\"potentialAction\":[{\"@type\":\"SearchAction\",\"target\":{\"@type\":\"EntryPoint\",\"urlTemplate\":\"https:\/\/nativainfo.com\/?s={search_term_string}\"},\"query-input\":{\"@type\":\"PropertyValueSpecification\",\"valueRequired\":true,\"valueName\":\"search_term_string\"}}],\"inLanguage\":\"es-AR\"},{\"@type\":\"Organization\",\"@id\":\"https:\/\/nativainfo.com\/#organization\",\"name\":\"Nativa Info\",\"url\":\"https:\/\/nativainfo.com\/\",\"logo\":{\"@type\":\"ImageObject\",\"inLanguage\":\"es-AR\",\"@id\":\"https:\/\/nativainfo.com\/#\/schema\/logo\/image\/\",\"url\":\"https:\/\/nativainfo.com\/wp-content\/uploads\/2025\/08\/LOGO-NATIVA-FACE.jpg\",\"contentUrl\":\"https:\/\/nativainfo.com\/wp-content\/uploads\/2025\/08\/LOGO-NATIVA-FACE.jpg\",\"width\":400,\"height\":400,\"caption\":\"Nativa Info\"},\"image\":{\"@id\":\"https:\/\/nativainfo.com\/#\/schema\/logo\/image\/\"},\"sameAs\":[\"https:\/\/www.facebook.com\/profile.php?id=61578881597564\"]},{\"@type\":\"Person\",\"@id\":\"https:\/\/nativainfo.com\/#\/schema\/person\/24893b64a9cd564ddb5d102d36eb4b5c\",\"name\":\"Nativa Info\",\"image\":{\"@type\":\"ImageObject\",\"inLanguage\":\"es-AR\",\"@id\":\"https:\/\/nativainfo.com\/#\/schema\/person\/image\/\",\"url\":\"https:\/\/secure.gravatar.com\/avatar\/016fa1cf068d85136d938e1507b9b619cb766e2565cbb1faa1e571762460c785?s=96&d=mm&r=g\",\"contentUrl\":\"https:\/\/secure.gravatar.com\/avatar\/016fa1cf068d85136d938e1507b9b619cb766e2565cbb1faa1e571762460c785?s=96&d=mm&r=g\",\"caption\":\"Nativa Info\"},\"sameAs\":[\"http:\/\/nativainfo.com\"],\"url\":\"https:\/\/nativainfo.com\/?author=1\"}]}<\/script>\n<!-- \/ Yoast SEO plugin. -->","yoast_head_json":{"title":"El gobernador Gerardo Zamora despidi\u00f3 a Johnny Mendizabal con un emotivo mensaje - Nativa Info","robots":{"index":"index","follow":"follow","max-snippet":"max-snippet:-1","max-image-preview":"max-image-preview:large","max-video-preview":"max-video-preview:-1"},"canonical":"https:\/\/nativainfo.com\/?p=4957","og_locale":"es_ES","og_type":"article","og_title":"El gobernador Gerardo Zamora despidi\u00f3 a Johnny Mendizabal con un emotivo mensaje - Nativa Info","og_description":"La m\u00fasica popular santiague\u00f1a est\u00e1 de luto. Este domingo por la ma\u00f1ana se confirm\u00f3 el fallecimiento de Ram\u00f3n \u201cJohnny\u201d Mendizabal,... Continue reading","og_url":"https:\/\/nativainfo.com\/?p=4957","og_site_name":"Nativa Info","article_publisher":"https:\/\/www.facebook.com\/profile.php?id=61578881597564","article_published_time":"2025-08-11T00:31:05+00:00","article_modified_time":"2025-08-11T00:31:06+00:00","og_image":[{"width":705,"height":588,"url":"http:\/\/nativainfo.com\/wp-content\/uploads\/2025\/08\/imagen_2025-08-10_213004859.png","type":"image\/png"}],"author":"Nativa Info","twitter_card":"summary_large_image","twitter_misc":{"Escrito por":"Nativa Info","Tiempo de lectura":"2 minutos"},"schema":{"@context":"https:\/\/schema.org","@graph":[{"@type":"Article","@id":"https:\/\/nativainfo.com\/?p=4957#article","isPartOf":{"@id":"https:\/\/nativainfo.com\/?p=4957"},"author":{"name":"Nativa Info","@id":"https:\/\/nativainfo.com\/#\/schema\/person\/24893b64a9cd564ddb5d102d36eb4b5c"},"headline":"El gobernador Gerardo Zamora despidi\u00f3 a Johnny Mendizabal con un emotivo mensaje","datePublished":"2025-08-11T00:31:05+00:00","dateModified":"2025-08-11T00:31:06+00:00","mainEntityOfPage":{"@id":"https:\/\/nativainfo.com\/?p=4957"},"wordCount":193,"commentCount":0,"publisher":{"@id":"https:\/\/nativainfo.com\/#organization"},"image":{"@id":"https:\/\/nativainfo.com\/?p=4957#primaryimage"},"thumbnailUrl":"https:\/\/nativainfo.com\/wp-content\/uploads\/2025\/08\/imagen_2025-08-10_213004859.png","articleSection":["Noticias","Santiago del Estero"],"inLanguage":"es-AR","potentialAction":[{"@type":"CommentAction","name":"Comment","target":["https:\/\/nativainfo.com\/?p=4957#respond"]}]},{"@type":"WebPage","@id":"https:\/\/nativainfo.com\/?p=4957","url":"https:\/\/nativainfo.com\/?p=4957","name":"El gobernador Gerardo Zamora despidi\u00f3 a Johnny Mendizabal con un emotivo mensaje - Nativa Info","isPartOf":{"@id":"https:\/\/nativainfo.com\/#website"},"primaryImageOfPage":{"@id":"https:\/\/nativainfo.com\/?p=4957#primaryimage"},"image":{"@id":"https:\/\/nativainfo.com\/?p=4957#primaryimage"},"thumbnailUrl":"https:\/\/nativainfo.com\/wp-content\/uploads\/2025\/08\/imagen_2025-08-10_213004859.png","datePublished":"2025-08-11T00:31:05+00:00","dateModified":"2025-08-11T00:31:06+00:00","breadcrumb":{"@id":"https:\/\/nativainfo.com\/?p=4957#breadcrumb"},"inLanguage":"es-AR","potentialAction":[{"@type":"ReadAction","target":["https:\/\/nativainfo.com\/?p=4957"]}]},{"@type":"ImageObject","inLanguage":"es-AR","@id":"https:\/\/nativainfo.com\/?p=4957#primaryimage","url":"https:\/\/nativainfo.com\/wp-content\/uploads\/2025\/08\/imagen_2025-08-10_213004859.png","contentUrl":"https:\/\/nativainfo.com\/wp-content\/uploads\/2025\/08\/imagen_2025-08-10_213004859.png","width":705,"height":588},{"@type":"BreadcrumbList","@id":"https:\/\/nativainfo.com\/?p=4957#breadcrumb","itemListElement":[{"@type":"ListItem","position":1,"name":"Inicio","item":"https:\/\/nativainfo.com\/"},{"@type":"ListItem","position":2,"name":"El gobernador Gerardo Zamora despidi\u00f3 a Johnny Mendizabal con un emotivo mensaje"}]},{"@type":"WebSite","@id":"https:\/\/nativainfo.com\/#website","url":"https:\/\/nativainfo.com\/","name":"Nativa Info","description":"Diario Digital","publisher":{"@id":"https:\/\/nativainfo.com\/#organization"},"potentialAction":[{"@type":"SearchAction","target":{"@type":"EntryPoint","urlTemplate":"https:\/\/nativainfo.com\/?s={search_term_string}"},"query-input":{"@type":"PropertyValueSpecification","valueRequired":true,"valueName":"search_term_string"}}],"inLanguage":"es-AR"},{"@type":"Organization","@id":"https:\/\/nativainfo.com\/#organization","name":"Nativa Info","url":"https:\/\/nativainfo.com\/","logo":{"@type":"ImageObject","inLanguage":"es-AR","@id":"https:\/\/nativainfo.com\/#\/schema\/logo\/image\/","url":"https:\/\/nativainfo.com\/wp-content\/uploads\/2025\/08\/LOGO-NATIVA-FACE.jpg","contentUrl":"https:\/\/nativainfo.com\/wp-content\/uploads\/2025\/08\/LOGO-NATIVA-FACE.jpg","width":400,"height":400,"caption":"Nativa Info"},"image":{"@id":"https:\/\/nativainfo.com\/#\/schema\/logo\/image\/"},"sameAs":["https:\/\/www.facebook.com\/profile.php?id=61578881597564"]},{"@type":"Person","@id":"https:\/\/nativainfo.com\/#\/schema\/person\/24893b64a9cd564ddb5d102d36eb4b5c","name":"Nativa Info","image":{"@type":"ImageObject","inLanguage":"es-AR","@id":"https:\/\/nativainfo.com\/#\/schema\/person\/image\/","url":"https:\/\/secure.gravatar.com\/avatar\/016fa1cf068d85136d938e1507b9b619cb766e2565cbb1faa1e571762460c785?s=96&d=mm&r=g","contentUrl":"https:\/\/secure.gravatar.com\/avatar\/016fa1cf068d85136d938e1507b9b619cb766e2565cbb1faa1e571762460c785?s=96&d=mm&r=g","caption":"Nativa Info"},"sameAs":["http:\/\/nativainfo.com"],"url":"https:\/\/nativainfo.com\/?author=1"}]}},"jetpack_publicize_connections":[],"_links":{"self":[{"href":"https:\/\/nativainfo.com\/index.php?rest_route=\/wp\/v2\/posts\/4957","targetHints":{"allow":["GET"]}}],"collection":[{"href":"https:\/\/nativainfo.com\/index.php?rest_route=\/wp\/v2\/posts"}],"about":[{"href":"https:\/\/nativainfo.com\/index.php?rest_route=\/wp\/v2\/types\/post"}],"author":[{"embeddable":true,"href":"https:\/\/nativainfo.com\/index.php?rest_route=\/wp\/v2\/users\/1"}],"replies":[{"embeddable":true,"href":"https:\/\/nativainfo.com\/index.php?rest_route=%2Fwp%2Fv2%2Fcomments&post=4957"}],"version-history":[{"count":1,"href":"https:\/\/nativainfo.com\/index.php?rest_route=\/wp\/v2\/posts\/4957\/revisions"}],"predecessor-version":[{"id":4967,"href":"https:\/\/nativainfo.com\/index.php?rest_route=\/wp\/v2\/posts\/4957\/revisions\/4967"}],"wp:featuredmedia":[{"embeddable":true,"href":"https:\/\/nativainfo.com\/index.php?rest_route=\/wp\/v2\/media\/4966"}],"wp:attachment":[{"href":"https:\/\/nativainfo.com\/index.php?rest_route=%2Fwp%2Fv2%2Fmedia&parent=4957"}],"wp:term":[{"taxonomy":"category","embeddable":true,"href":"https:\/\/nativainfo.com\/index.php?rest_route=%2Fwp%2Fv2%2Fcategories&post=4957"},{"taxonomy":"post_tag","embeddable":true,"href":"https:\/\/nativainfo.com\/index.php?rest_route=%2Fwp%2Fv2%2Ftags&post=4957"}],"curies":[{"name":"wp","href":"https:\/\/api.w.org\/{rel}","templated":true}]}}