{"id":4907,"date":"2025-07-29T19:33:22","date_gmt":"2025-07-29T22:33:22","guid":{"rendered":"http:\/\/nativainfo.com\/?p=4907"},"modified":"2025-07-29T19:33:22","modified_gmt":"2025-07-29T22:33:22","slug":"la-expo-santiago-productivo-2025-mostrara-lo-mejor-de-la-produccion-el-trabajo-y-la-innovacion-local","status":"publish","type":"post","link":"https:\/\/nativainfo.com\/?p=4907","title":{"rendered":"La Expo Santiago Productivo 2025 mostrar\u00e1 lo mejor de la producci\u00f3n, el trabajo y la innovaci\u00f3n local"},"content":{"rendered":"\n<figure class=\"wp-block-image size-full is-resized\"><img fetchpriority=\"high\" decoding=\"async\" width=\"696\" height=\"398\" src=\"http:\/\/nativainfo.com\/wp-content\/uploads\/2025\/07\/imagen_2025-07-29_193226571.png\" alt=\"\" class=\"wp-image-4911\" style=\"width:838px;height:auto\" srcset=\"https:\/\/nativainfo.com\/wp-content\/uploads\/2025\/07\/imagen_2025-07-29_193226571.png 696w, https:\/\/nativainfo.com\/wp-content\/uploads\/2025\/07\/imagen_2025-07-29_193226571-300x172.png 300w, https:\/\/nativainfo.com\/wp-content\/uploads\/2025\/07\/imagen_2025-07-29_193226571-612x350.png 612w, https:\/\/nativainfo.com\/wp-content\/uploads\/2025\/07\/imagen_2025-07-29_193226571-150x86.png 150w\" sizes=\"(max-width: 696px) 100vw, 696px\" \/><\/figure>\n\n\n\n<p>Del 31 de julio al 2 de agosto, en el Vivero San Carlos de La Banda, se realizar\u00e1 la exposici\u00f3n oficial de la producci\u00f3n provincial. Participar\u00e1n productores, organismos t\u00e9cnicos y estudiantes de escuelas agrot\u00e9cnicas, con entrada libre y gratuita.<\/p>\n\n\n\n<figure class=\"wp-block-image size-large\"><img decoding=\"async\" width=\"819\" height=\"1024\" src=\"http:\/\/nativainfo.com\/wp-content\/uploads\/2025\/07\/imagen_2025-07-29_193304542-819x1024.png\" alt=\"\" class=\"wp-image-4912\" srcset=\"https:\/\/nativainfo.com\/wp-content\/uploads\/2025\/07\/imagen_2025-07-29_193304542-819x1024.png 819w, https:\/\/nativainfo.com\/wp-content\/uploads\/2025\/07\/imagen_2025-07-29_193304542-240x300.png 240w, https:\/\/nativainfo.com\/wp-content\/uploads\/2025\/07\/imagen_2025-07-29_193304542-768x960.png 768w, https:\/\/nativainfo.com\/wp-content\/uploads\/2025\/07\/imagen_2025-07-29_193304542-280x350.png 280w, https:\/\/nativainfo.com\/wp-content\/uploads\/2025\/07\/imagen_2025-07-29_193304542-120x150.png 120w, https:\/\/nativainfo.com\/wp-content\/uploads\/2025\/07\/imagen_2025-07-29_193304542.png 1080w\" sizes=\"(max-width: 819px) 100vw, 819px\" \/><\/figure>\n\n\n\n<p>Desde el\u00a0<strong>jueves 31 de julio hasta el s\u00e1bado 2 de agosto<\/strong>, el Vivero San Carlos en\u00a0<strong>La Banda<\/strong>\u00a0ser\u00e1 sede de la\u00a0<strong>Expo Santiago Productivo 2025<\/strong>, una iniciativa del Ministerio de Producci\u00f3n pensada para visibilizar y potenciar el desarrollo local en sus m\u00faltiples dimensiones.<\/p>\n\n\n\n<p>El evento incluye&nbsp;<strong>capacitaciones, charlas t\u00e9cnicas, muestras institucionales y recorridos educativos<\/strong>, con especial invitaci\u00f3n a estudiantes de escuelas agrot\u00e9cnicas.<\/p>\n\n\n\n<p>La entrada es&nbsp;<strong>libre y gratuita,<\/strong>&nbsp;reflejando el compromiso p\u00fablico por consolidar pol\u00edticas productivas inclusivas.<\/p>\n","protected":false},"excerpt":{"rendered":"<p>Del 31 de julio al 2 de agosto, en el Vivero San Carlos de La Banda, se realizar\u00e1 la exposici\u00f3n&#8230; <a class=\"continue-reading-link\" href=\"https:\/\/nativainfo.com\/?p=4907\">Continue reading<\/a><\/p>\n","protected":false},"author":1,"featured_media":0,"comment_status":"open","ping_status":"open","sticky":false,"template":"","format":"standard","meta":{"rop_custom_images_group":[],"rop_custom_messages_group":[],"rop_publish_now":"initial","rop_publish_now_accounts":[],"rop_publish_now_history":[],"rop_publish_now_status":"pending","footnotes":"","jetpack_publicize_message":"","jetpack_publicize_feature_enabled":true,"jetpack_social_post_already_shared":false,"jetpack_social_options":{"image_generator_settings":{"template":"highway","default_image_id":0,"font":"","enabled":false},"version":2}},"categories":[26,8],"tags":[],"class_list":["post-4907","post","type-post","status-publish","format-standard","hentry","category-agro","category-noticias"],"yoast_head":"<!-- This site is optimized with the Yoast SEO plugin v25.6 - https:\/\/yoast.com\/wordpress\/plugins\/seo\/ -->\n<title>La Expo Santiago Productivo 2025 mostrar\u00e1 lo mejor de la producci\u00f3n, el trabajo y la innovaci\u00f3n local - Nativa Info<\/title>\n<meta name=\"robots\" content=\"index, follow, max-snippet:-1, max-image-preview:large, max-video-preview:-1\" \/>\n<link rel=\"canonical\" href=\"https:\/\/nativainfo.com\/?p=4907\" \/>\n<meta property=\"og:locale\" content=\"es_ES\" \/>\n<meta property=\"og:type\" content=\"article\" \/>\n<meta property=\"og:title\" content=\"La Expo Santiago Productivo 2025 mostrar\u00e1 lo mejor de la producci\u00f3n, el trabajo y la innovaci\u00f3n local - Nativa Info\" \/>\n<meta property=\"og:description\" content=\"Del 31 de julio al 2 de agosto, en el Vivero San Carlos de La Banda, se realizar\u00e1 la exposici\u00f3n... Continue reading\" \/>\n<meta property=\"og:url\" content=\"https:\/\/nativainfo.com\/?p=4907\" \/>\n<meta property=\"og:site_name\" content=\"Nativa Info\" \/>\n<meta property=\"article:publisher\" content=\"https:\/\/www.facebook.com\/profile.php?id=61578881597564\" \/>\n<meta property=\"article:published_time\" content=\"2025-07-29T22:33:22+00:00\" \/>\n<meta property=\"og:image\" content=\"http:\/\/nativainfo.com\/wp-content\/uploads\/2025\/07\/imagen_2025-07-29_193226571.png\" \/>\n<meta name=\"author\" content=\"Nativa Info\" \/>\n<meta name=\"twitter:card\" content=\"summary_large_image\" \/>\n<meta name=\"twitter:label1\" content=\"Escrito por\" \/>\n\t<meta name=\"twitter:data1\" content=\"Nativa Info\" \/>\n\t<meta name=\"twitter:label2\" content=\"Tiempo de lectura\" \/>\n\t<meta name=\"twitter:data2\" content=\"1 minuto\" \/>\n<script type=\"application\/ld+json\" class=\"yoast-schema-graph\">{\"@context\":\"https:\/\/schema.org\",\"@graph\":[{\"@type\":\"Article\",\"@id\":\"https:\/\/nativainfo.com\/?p=4907#article\",\"isPartOf\":{\"@id\":\"https:\/\/nativainfo.com\/?p=4907\"},\"author\":{\"name\":\"Nativa Info\",\"@id\":\"https:\/\/nativainfo.com\/#\/schema\/person\/24893b64a9cd564ddb5d102d36eb4b5c\"},\"headline\":\"La Expo Santiago Productivo 2025 mostrar\u00e1 lo mejor de la producci\u00f3n, el trabajo y la innovaci\u00f3n local\",\"datePublished\":\"2025-07-29T22:33:22+00:00\",\"mainEntityOfPage\":{\"@id\":\"https:\/\/nativainfo.com\/?p=4907\"},\"wordCount\":147,\"commentCount\":0,\"publisher\":{\"@id\":\"https:\/\/nativainfo.com\/#organization\"},\"image\":{\"@id\":\"https:\/\/nativainfo.com\/?p=4907#primaryimage\"},\"thumbnailUrl\":\"http:\/\/nativainfo.com\/wp-content\/uploads\/2025\/07\/imagen_2025-07-29_193226571.png\",\"articleSection\":[\"Agro\",\"Noticias\"],\"inLanguage\":\"es-AR\",\"potentialAction\":[{\"@type\":\"CommentAction\",\"name\":\"Comment\",\"target\":[\"https:\/\/nativainfo.com\/?p=4907#respond\"]}]},{\"@type\":\"WebPage\",\"@id\":\"https:\/\/nativainfo.com\/?p=4907\",\"url\":\"https:\/\/nativainfo.com\/?p=4907\",\"name\":\"La Expo Santiago Productivo 2025 mostrar\u00e1 lo mejor de la producci\u00f3n, el trabajo y la innovaci\u00f3n local - Nativa Info\",\"isPartOf\":{\"@id\":\"https:\/\/nativainfo.com\/#website\"},\"primaryImageOfPage\":{\"@id\":\"https:\/\/nativainfo.com\/?p=4907#primaryimage\"},\"image\":{\"@id\":\"https:\/\/nativainfo.com\/?p=4907#primaryimage\"},\"thumbnailUrl\":\"http:\/\/nativainfo.com\/wp-content\/uploads\/2025\/07\/imagen_2025-07-29_193226571.png\",\"datePublished\":\"2025-07-29T22:33:22+00:00\",\"breadcrumb\":{\"@id\":\"https:\/\/nativainfo.com\/?p=4907#breadcrumb\"},\"inLanguage\":\"es-AR\",\"potentialAction\":[{\"@type\":\"ReadAction\",\"target\":[\"https:\/\/nativainfo.com\/?p=4907\"]}]},{\"@type\":\"ImageObject\",\"inLanguage\":\"es-AR\",\"@id\":\"https:\/\/nativainfo.com\/?p=4907#primaryimage\",\"url\":\"https:\/\/nativainfo.com\/wp-content\/uploads\/2025\/07\/imagen_2025-07-29_193226571.png\",\"contentUrl\":\"https:\/\/nativainfo.com\/wp-content\/uploads\/2025\/07\/imagen_2025-07-29_193226571.png\",\"width\":696,\"height\":398},{\"@type\":\"BreadcrumbList\",\"@id\":\"https:\/\/nativainfo.com\/?p=4907#breadcrumb\",\"itemListElement\":[{\"@type\":\"ListItem\",\"position\":1,\"name\":\"Inicio\",\"item\":\"https:\/\/nativainfo.com\/\"},{\"@type\":\"ListItem\",\"position\":2,\"name\":\"La Expo Santiago Productivo 2025 mostrar\u00e1 lo mejor de la producci\u00f3n, el trabajo y la innovaci\u00f3n local\"}]},{\"@type\":\"WebSite\",\"@id\":\"https:\/\/nativainfo.com\/#website\",\"url\":\"https:\/\/nativainfo.com\/\",\"name\":\"Nativa Info\",\"description\":\"Diario Digital\",\"publisher\":{\"@id\":\"https:\/\/nativainfo.com\/#organization\"},\"potentialAction\":[{\"@type\":\"SearchAction\",\"target\":{\"@type\":\"EntryPoint\",\"urlTemplate\":\"https:\/\/nativainfo.com\/?s={search_term_string}\"},\"query-input\":{\"@type\":\"PropertyValueSpecification\",\"valueRequired\":true,\"valueName\":\"search_term_string\"}}],\"inLanguage\":\"es-AR\"},{\"@type\":\"Organization\",\"@id\":\"https:\/\/nativainfo.com\/#organization\",\"name\":\"Nativa Info\",\"url\":\"https:\/\/nativainfo.com\/\",\"logo\":{\"@type\":\"ImageObject\",\"inLanguage\":\"es-AR\",\"@id\":\"https:\/\/nativainfo.com\/#\/schema\/logo\/image\/\",\"url\":\"https:\/\/nativainfo.com\/wp-content\/uploads\/2025\/08\/LOGO-NATIVA-FACE.jpg\",\"contentUrl\":\"https:\/\/nativainfo.com\/wp-content\/uploads\/2025\/08\/LOGO-NATIVA-FACE.jpg\",\"width\":400,\"height\":400,\"caption\":\"Nativa Info\"},\"image\":{\"@id\":\"https:\/\/nativainfo.com\/#\/schema\/logo\/image\/\"},\"sameAs\":[\"https:\/\/www.facebook.com\/profile.php?id=61578881597564\"]},{\"@type\":\"Person\",\"@id\":\"https:\/\/nativainfo.com\/#\/schema\/person\/24893b64a9cd564ddb5d102d36eb4b5c\",\"name\":\"Nativa Info\",\"image\":{\"@type\":\"ImageObject\",\"inLanguage\":\"es-AR\",\"@id\":\"https:\/\/nativainfo.com\/#\/schema\/person\/image\/\",\"url\":\"https:\/\/secure.gravatar.com\/avatar\/016fa1cf068d85136d938e1507b9b619cb766e2565cbb1faa1e571762460c785?s=96&d=mm&r=g\",\"contentUrl\":\"https:\/\/secure.gravatar.com\/avatar\/016fa1cf068d85136d938e1507b9b619cb766e2565cbb1faa1e571762460c785?s=96&d=mm&r=g\",\"caption\":\"Nativa Info\"},\"sameAs\":[\"http:\/\/nativainfo.com\"],\"url\":\"https:\/\/nativainfo.com\/?author=1\"}]}<\/script>\n<!-- \/ Yoast SEO plugin. -->","yoast_head_json":{"title":"La Expo Santiago Productivo 2025 mostrar\u00e1 lo mejor de la producci\u00f3n, el trabajo y la innovaci\u00f3n local - Nativa Info","robots":{"index":"index","follow":"follow","max-snippet":"max-snippet:-1","max-image-preview":"max-image-preview:large","max-video-preview":"max-video-preview:-1"},"canonical":"https:\/\/nativainfo.com\/?p=4907","og_locale":"es_ES","og_type":"article","og_title":"La Expo Santiago Productivo 2025 mostrar\u00e1 lo mejor de la producci\u00f3n, el trabajo y la innovaci\u00f3n local - Nativa Info","og_description":"Del 31 de julio al 2 de agosto, en el Vivero San Carlos de La Banda, se realizar\u00e1 la exposici\u00f3n... Continue reading","og_url":"https:\/\/nativainfo.com\/?p=4907","og_site_name":"Nativa Info","article_publisher":"https:\/\/www.facebook.com\/profile.php?id=61578881597564","article_published_time":"2025-07-29T22:33:22+00:00","og_image":[{"url":"http:\/\/nativainfo.com\/wp-content\/uploads\/2025\/07\/imagen_2025-07-29_193226571.png","type":"","width":"","height":""}],"author":"Nativa Info","twitter_card":"summary_large_image","twitter_misc":{"Escrito por":"Nativa Info","Tiempo de lectura":"1 minuto"},"schema":{"@context":"https:\/\/schema.org","@graph":[{"@type":"Article","@id":"https:\/\/nativainfo.com\/?p=4907#article","isPartOf":{"@id":"https:\/\/nativainfo.com\/?p=4907"},"author":{"name":"Nativa Info","@id":"https:\/\/nativainfo.com\/#\/schema\/person\/24893b64a9cd564ddb5d102d36eb4b5c"},"headline":"La Expo Santiago Productivo 2025 mostrar\u00e1 lo mejor de la producci\u00f3n, el trabajo y la innovaci\u00f3n local","datePublished":"2025-07-29T22:33:22+00:00","mainEntityOfPage":{"@id":"https:\/\/nativainfo.com\/?p=4907"},"wordCount":147,"commentCount":0,"publisher":{"@id":"https:\/\/nativainfo.com\/#organization"},"image":{"@id":"https:\/\/nativainfo.com\/?p=4907#primaryimage"},"thumbnailUrl":"http:\/\/nativainfo.com\/wp-content\/uploads\/2025\/07\/imagen_2025-07-29_193226571.png","articleSection":["Agro","Noticias"],"inLanguage":"es-AR","potentialAction":[{"@type":"CommentAction","name":"Comment","target":["https:\/\/nativainfo.com\/?p=4907#respond"]}]},{"@type":"WebPage","@id":"https:\/\/nativainfo.com\/?p=4907","url":"https:\/\/nativainfo.com\/?p=4907","name":"La Expo Santiago Productivo 2025 mostrar\u00e1 lo mejor de la producci\u00f3n, el trabajo y la innovaci\u00f3n local - Nativa Info","isPartOf":{"@id":"https:\/\/nativainfo.com\/#website"},"primaryImageOfPage":{"@id":"https:\/\/nativainfo.com\/?p=4907#primaryimage"},"image":{"@id":"https:\/\/nativainfo.com\/?p=4907#primaryimage"},"thumbnailUrl":"http:\/\/nativainfo.com\/wp-content\/uploads\/2025\/07\/imagen_2025-07-29_193226571.png","datePublished":"2025-07-29T22:33:22+00:00","breadcrumb":{"@id":"https:\/\/nativainfo.com\/?p=4907#breadcrumb"},"inLanguage":"es-AR","potentialAction":[{"@type":"ReadAction","target":["https:\/\/nativainfo.com\/?p=4907"]}]},{"@type":"ImageObject","inLanguage":"es-AR","@id":"https:\/\/nativainfo.com\/?p=4907#primaryimage","url":"https:\/\/nativainfo.com\/wp-content\/uploads\/2025\/07\/imagen_2025-07-29_193226571.png","contentUrl":"https:\/\/nativainfo.com\/wp-content\/uploads\/2025\/07\/imagen_2025-07-29_193226571.png","width":696,"height":398},{"@type":"BreadcrumbList","@id":"https:\/\/nativainfo.com\/?p=4907#breadcrumb","itemListElement":[{"@type":"ListItem","position":1,"name":"Inicio","item":"https:\/\/nativainfo.com\/"},{"@type":"ListItem","position":2,"name":"La Expo Santiago Productivo 2025 mostrar\u00e1 lo mejor de la producci\u00f3n, el trabajo y la innovaci\u00f3n local"}]},{"@type":"WebSite","@id":"https:\/\/nativainfo.com\/#website","url":"https:\/\/nativainfo.com\/","name":"Nativa Info","description":"Diario Digital","publisher":{"@id":"https:\/\/nativainfo.com\/#organization"},"potentialAction":[{"@type":"SearchAction","target":{"@type":"EntryPoint","urlTemplate":"https:\/\/nativainfo.com\/?s={search_term_string}"},"query-input":{"@type":"PropertyValueSpecification","valueRequired":true,"valueName":"search_term_string"}}],"inLanguage":"es-AR"},{"@type":"Organization","@id":"https:\/\/nativainfo.com\/#organization","name":"Nativa Info","url":"https:\/\/nativainfo.com\/","logo":{"@type":"ImageObject","inLanguage":"es-AR","@id":"https:\/\/nativainfo.com\/#\/schema\/logo\/image\/","url":"https:\/\/nativainfo.com\/wp-content\/uploads\/2025\/08\/LOGO-NATIVA-FACE.jpg","contentUrl":"https:\/\/nativainfo.com\/wp-content\/uploads\/2025\/08\/LOGO-NATIVA-FACE.jpg","width":400,"height":400,"caption":"Nativa Info"},"image":{"@id":"https:\/\/nativainfo.com\/#\/schema\/logo\/image\/"},"sameAs":["https:\/\/www.facebook.com\/profile.php?id=61578881597564"]},{"@type":"Person","@id":"https:\/\/nativainfo.com\/#\/schema\/person\/24893b64a9cd564ddb5d102d36eb4b5c","name":"Nativa Info","image":{"@type":"ImageObject","inLanguage":"es-AR","@id":"https:\/\/nativainfo.com\/#\/schema\/person\/image\/","url":"https:\/\/secure.gravatar.com\/avatar\/016fa1cf068d85136d938e1507b9b619cb766e2565cbb1faa1e571762460c785?s=96&d=mm&r=g","contentUrl":"https:\/\/secure.gravatar.com\/avatar\/016fa1cf068d85136d938e1507b9b619cb766e2565cbb1faa1e571762460c785?s=96&d=mm&r=g","caption":"Nativa Info"},"sameAs":["http:\/\/nativainfo.com"],"url":"https:\/\/nativainfo.com\/?author=1"}]}},"jetpack_publicize_connections":[],"_links":{"self":[{"href":"https:\/\/nativainfo.com\/index.php?rest_route=\/wp\/v2\/posts\/4907","targetHints":{"allow":["GET"]}}],"collection":[{"href":"https:\/\/nativainfo.com\/index.php?rest_route=\/wp\/v2\/posts"}],"about":[{"href":"https:\/\/nativainfo.com\/index.php?rest_route=\/wp\/v2\/types\/post"}],"author":[{"embeddable":true,"href":"https:\/\/nativainfo.com\/index.php?rest_route=\/wp\/v2\/users\/1"}],"replies":[{"embeddable":true,"href":"https:\/\/nativainfo.com\/index.php?rest_route=%2Fwp%2Fv2%2Fcomments&post=4907"}],"version-history":[{"count":1,"href":"https:\/\/nativainfo.com\/index.php?rest_route=\/wp\/v2\/posts\/4907\/revisions"}],"predecessor-version":[{"id":4913,"href":"https:\/\/nativainfo.com\/index.php?rest_route=\/wp\/v2\/posts\/4907\/revisions\/4913"}],"wp:attachment":[{"href":"https:\/\/nativainfo.com\/index.php?rest_route=%2Fwp%2Fv2%2Fmedia&parent=4907"}],"wp:term":[{"taxonomy":"category","embeddable":true,"href":"https:\/\/nativainfo.com\/index.php?rest_route=%2Fwp%2Fv2%2Fcategories&post=4907"},{"taxonomy":"post_tag","embeddable":true,"href":"https:\/\/nativainfo.com\/index.php?rest_route=%2Fwp%2Fv2%2Ftags&post=4907"}],"curies":[{"name":"wp","href":"https:\/\/api.w.org\/{rel}","templated":true}]}}