{"id":4900,"date":"2025-07-23T13:56:42","date_gmt":"2025-07-23T16:56:42","guid":{"rendered":"http:\/\/nativainfo.com\/?p=4900"},"modified":"2025-07-23T13:56:42","modified_gmt":"2025-07-23T16:56:42","slug":"abel-pintos-vuelve-a-santiago-del-estero-con-un-show-que-promete-ser-inolvidable-en-el-nodo-tecnologico","status":"publish","type":"post","link":"https:\/\/nativainfo.com\/?p=4900","title":{"rendered":"Abel Pintos vuelve a Santiago del Estero con un show que promete ser inolvidable en el Nodo Tecnol\u00f3gico"},"content":{"rendered":"\n<p>El artista se presentar\u00e1 el 14 de noviembre como parte de su gira nacional. Las entradas estar\u00e1n a la venta desde este viernes.<\/p>\n\n\n\n<figure class=\"wp-block-image size-full\"><img fetchpriority=\"high\" decoding=\"async\" width=\"1010\" height=\"567\" src=\"http:\/\/nativainfo.com\/wp-content\/uploads\/2025\/07\/imagen_2025-07-23_135630340.png\" alt=\"\" class=\"wp-image-4902\" srcset=\"https:\/\/nativainfo.com\/wp-content\/uploads\/2025\/07\/imagen_2025-07-23_135630340.png 1010w, https:\/\/nativainfo.com\/wp-content\/uploads\/2025\/07\/imagen_2025-07-23_135630340-300x168.png 300w, https:\/\/nativainfo.com\/wp-content\/uploads\/2025\/07\/imagen_2025-07-23_135630340-768x431.png 768w, https:\/\/nativainfo.com\/wp-content\/uploads\/2025\/07\/imagen_2025-07-23_135630340-623x350.png 623w, https:\/\/nativainfo.com\/wp-content\/uploads\/2025\/07\/imagen_2025-07-23_135630340-150x84.png 150w\" sizes=\"(max-width: 1010px) 100vw, 1010px\" \/><\/figure>\n\n\n\n<p><strong>El anuncio fue realizado por el propio cantautor a trav\u00e9s de sus redes sociales<\/strong>, donde comparti\u00f3 el calendario completo de su gira nacional.<em>\u00a0\u201cNos vemos pronto, nos vemos en la m\u00fasica\u201d<\/em>, escribi\u00f3, generando una<strong>\u00a0ola de entusiasmo entre sus seguidores santiague\u00f1os<\/strong>.<\/p>\n\n\n\n<p><strong>Las entradas saldr\u00e1n a la venta este viernes 25 de julio a las 12 horas<\/strong>&nbsp;a trav\u00e9s de la plataforma&nbsp;<a href=\"https:\/\/bue.tickethoy.com\/entradas-musica\/abel-pintos-en-santiago-del-estero\" rel=\"noreferrer noopener\" target=\"_blank\"><strong>www.tickethoy.com<\/strong><\/a>. Se espera una gran demanda, por lo que se recomienda adquirirlas con anticipaci\u00f3n.<\/p>\n\n\n\n<p><strong>Con una relaci\u00f3n muy especial con el p\u00fablico local, Abel manifest\u00f3 en m\u00faltiples ocasiones su cari\u00f1o por Santiago del Estero<\/strong>. Cada una de sus presentaciones en esta tierra se vive con intensidad y emoci\u00f3n.<\/p>\n","protected":false},"excerpt":{"rendered":"<p>El artista se presentar\u00e1 el 14 de noviembre como parte de su gira nacional. Las entradas estar\u00e1n a la venta&#8230; <a class=\"continue-reading-link\" href=\"https:\/\/nativainfo.com\/?p=4900\">Continue reading<\/a><\/p>\n","protected":false},"author":1,"featured_media":0,"comment_status":"open","ping_status":"open","sticky":false,"template":"","format":"standard","meta":{"rop_custom_images_group":[],"rop_custom_messages_group":[],"rop_publish_now":"initial","rop_publish_now_accounts":[],"rop_publish_now_history":[],"rop_publish_now_status":"pending","footnotes":"","jetpack_publicize_message":"","jetpack_publicize_feature_enabled":true,"jetpack_social_post_already_shared":false,"jetpack_social_options":{"image_generator_settings":{"template":"highway","default_image_id":0,"font":"","enabled":false},"version":2}},"categories":[7,8],"tags":[],"class_list":["post-4900","post","type-post","status-publish","format-standard","hentry","category-musica","category-noticias"],"yoast_head":"<!-- This site is optimized with the Yoast SEO plugin v25.6 - https:\/\/yoast.com\/wordpress\/plugins\/seo\/ -->\n<title>Abel Pintos vuelve a Santiago del Estero con un show que promete ser inolvidable en el Nodo Tecnol\u00f3gico - Nativa Info<\/title>\n<meta name=\"robots\" content=\"index, follow, max-snippet:-1, max-image-preview:large, max-video-preview:-1\" \/>\n<link rel=\"canonical\" href=\"https:\/\/nativainfo.com\/?p=4900\" \/>\n<meta property=\"og:locale\" content=\"es_ES\" \/>\n<meta property=\"og:type\" content=\"article\" \/>\n<meta property=\"og:title\" content=\"Abel Pintos vuelve a Santiago del Estero con un show que promete ser inolvidable en el Nodo Tecnol\u00f3gico - Nativa Info\" \/>\n<meta property=\"og:description\" content=\"El artista se presentar\u00e1 el 14 de noviembre como parte de su gira nacional. Las entradas estar\u00e1n a la venta... Continue reading\" \/>\n<meta property=\"og:url\" content=\"https:\/\/nativainfo.com\/?p=4900\" \/>\n<meta property=\"og:site_name\" content=\"Nativa Info\" \/>\n<meta property=\"article:publisher\" content=\"https:\/\/www.facebook.com\/profile.php?id=61578881597564\" \/>\n<meta property=\"article:published_time\" content=\"2025-07-23T16:56:42+00:00\" \/>\n<meta property=\"og:image\" content=\"http:\/\/nativainfo.com\/wp-content\/uploads\/2025\/07\/imagen_2025-07-23_135630340.png\" \/>\n<meta name=\"author\" content=\"Nativa Info\" \/>\n<meta name=\"twitter:card\" content=\"summary_large_image\" \/>\n<meta name=\"twitter:label1\" content=\"Escrito por\" \/>\n\t<meta name=\"twitter:data1\" content=\"Nativa Info\" \/>\n\t<meta name=\"twitter:label2\" content=\"Tiempo de lectura\" \/>\n\t<meta name=\"twitter:data2\" content=\"1 minuto\" \/>\n<script type=\"application\/ld+json\" class=\"yoast-schema-graph\">{\"@context\":\"https:\/\/schema.org\",\"@graph\":[{\"@type\":\"Article\",\"@id\":\"https:\/\/nativainfo.com\/?p=4900#article\",\"isPartOf\":{\"@id\":\"https:\/\/nativainfo.com\/?p=4900\"},\"author\":{\"name\":\"Nativa Info\",\"@id\":\"https:\/\/nativainfo.com\/#\/schema\/person\/24893b64a9cd564ddb5d102d36eb4b5c\"},\"headline\":\"Abel Pintos vuelve a Santiago del Estero con un show que promete ser inolvidable en el Nodo Tecnol\u00f3gico\",\"datePublished\":\"2025-07-23T16:56:42+00:00\",\"mainEntityOfPage\":{\"@id\":\"https:\/\/nativainfo.com\/?p=4900\"},\"wordCount\":164,\"commentCount\":0,\"publisher\":{\"@id\":\"https:\/\/nativainfo.com\/#organization\"},\"image\":{\"@id\":\"https:\/\/nativainfo.com\/?p=4900#primaryimage\"},\"thumbnailUrl\":\"http:\/\/nativainfo.com\/wp-content\/uploads\/2025\/07\/imagen_2025-07-23_135630340.png\",\"articleSection\":[\"M\u00fasica\",\"Noticias\"],\"inLanguage\":\"es-AR\",\"potentialAction\":[{\"@type\":\"CommentAction\",\"name\":\"Comment\",\"target\":[\"https:\/\/nativainfo.com\/?p=4900#respond\"]}]},{\"@type\":\"WebPage\",\"@id\":\"https:\/\/nativainfo.com\/?p=4900\",\"url\":\"https:\/\/nativainfo.com\/?p=4900\",\"name\":\"Abel Pintos vuelve a Santiago del Estero con un show que promete ser inolvidable en el Nodo Tecnol\u00f3gico - Nativa Info\",\"isPartOf\":{\"@id\":\"https:\/\/nativainfo.com\/#website\"},\"primaryImageOfPage\":{\"@id\":\"https:\/\/nativainfo.com\/?p=4900#primaryimage\"},\"image\":{\"@id\":\"https:\/\/nativainfo.com\/?p=4900#primaryimage\"},\"thumbnailUrl\":\"http:\/\/nativainfo.com\/wp-content\/uploads\/2025\/07\/imagen_2025-07-23_135630340.png\",\"datePublished\":\"2025-07-23T16:56:42+00:00\",\"breadcrumb\":{\"@id\":\"https:\/\/nativainfo.com\/?p=4900#breadcrumb\"},\"inLanguage\":\"es-AR\",\"potentialAction\":[{\"@type\":\"ReadAction\",\"target\":[\"https:\/\/nativainfo.com\/?p=4900\"]}]},{\"@type\":\"ImageObject\",\"inLanguage\":\"es-AR\",\"@id\":\"https:\/\/nativainfo.com\/?p=4900#primaryimage\",\"url\":\"https:\/\/nativainfo.com\/wp-content\/uploads\/2025\/07\/imagen_2025-07-23_135630340.png\",\"contentUrl\":\"https:\/\/nativainfo.com\/wp-content\/uploads\/2025\/07\/imagen_2025-07-23_135630340.png\",\"width\":1010,\"height\":567},{\"@type\":\"BreadcrumbList\",\"@id\":\"https:\/\/nativainfo.com\/?p=4900#breadcrumb\",\"itemListElement\":[{\"@type\":\"ListItem\",\"position\":1,\"name\":\"Inicio\",\"item\":\"https:\/\/nativainfo.com\/\"},{\"@type\":\"ListItem\",\"position\":2,\"name\":\"Abel Pintos vuelve a Santiago del Estero con un show que promete ser inolvidable en el Nodo Tecnol\u00f3gico\"}]},{\"@type\":\"WebSite\",\"@id\":\"https:\/\/nativainfo.com\/#website\",\"url\":\"https:\/\/nativainfo.com\/\",\"name\":\"Nativa Info\",\"description\":\"Diario Digital\",\"publisher\":{\"@id\":\"https:\/\/nativainfo.com\/#organization\"},\"potentialAction\":[{\"@type\":\"SearchAction\",\"target\":{\"@type\":\"EntryPoint\",\"urlTemplate\":\"https:\/\/nativainfo.com\/?s={search_term_string}\"},\"query-input\":{\"@type\":\"PropertyValueSpecification\",\"valueRequired\":true,\"valueName\":\"search_term_string\"}}],\"inLanguage\":\"es-AR\"},{\"@type\":\"Organization\",\"@id\":\"https:\/\/nativainfo.com\/#organization\",\"name\":\"Nativa Info\",\"url\":\"https:\/\/nativainfo.com\/\",\"logo\":{\"@type\":\"ImageObject\",\"inLanguage\":\"es-AR\",\"@id\":\"https:\/\/nativainfo.com\/#\/schema\/logo\/image\/\",\"url\":\"https:\/\/nativainfo.com\/wp-content\/uploads\/2025\/08\/LOGO-NATIVA-FACE.jpg\",\"contentUrl\":\"https:\/\/nativainfo.com\/wp-content\/uploads\/2025\/08\/LOGO-NATIVA-FACE.jpg\",\"width\":400,\"height\":400,\"caption\":\"Nativa Info\"},\"image\":{\"@id\":\"https:\/\/nativainfo.com\/#\/schema\/logo\/image\/\"},\"sameAs\":[\"https:\/\/www.facebook.com\/profile.php?id=61578881597564\"]},{\"@type\":\"Person\",\"@id\":\"https:\/\/nativainfo.com\/#\/schema\/person\/24893b64a9cd564ddb5d102d36eb4b5c\",\"name\":\"Nativa Info\",\"image\":{\"@type\":\"ImageObject\",\"inLanguage\":\"es-AR\",\"@id\":\"https:\/\/nativainfo.com\/#\/schema\/person\/image\/\",\"url\":\"https:\/\/secure.gravatar.com\/avatar\/016fa1cf068d85136d938e1507b9b619cb766e2565cbb1faa1e571762460c785?s=96&d=mm&r=g\",\"contentUrl\":\"https:\/\/secure.gravatar.com\/avatar\/016fa1cf068d85136d938e1507b9b619cb766e2565cbb1faa1e571762460c785?s=96&d=mm&r=g\",\"caption\":\"Nativa Info\"},\"sameAs\":[\"http:\/\/nativainfo.com\"],\"url\":\"https:\/\/nativainfo.com\/?author=1\"}]}<\/script>\n<!-- \/ Yoast SEO plugin. -->","yoast_head_json":{"title":"Abel Pintos vuelve a Santiago del Estero con un show que promete ser inolvidable en el Nodo Tecnol\u00f3gico - Nativa Info","robots":{"index":"index","follow":"follow","max-snippet":"max-snippet:-1","max-image-preview":"max-image-preview:large","max-video-preview":"max-video-preview:-1"},"canonical":"https:\/\/nativainfo.com\/?p=4900","og_locale":"es_ES","og_type":"article","og_title":"Abel Pintos vuelve a Santiago del Estero con un show que promete ser inolvidable en el Nodo Tecnol\u00f3gico - Nativa Info","og_description":"El artista se presentar\u00e1 el 14 de noviembre como parte de su gira nacional. Las entradas estar\u00e1n a la venta... Continue reading","og_url":"https:\/\/nativainfo.com\/?p=4900","og_site_name":"Nativa Info","article_publisher":"https:\/\/www.facebook.com\/profile.php?id=61578881597564","article_published_time":"2025-07-23T16:56:42+00:00","og_image":[{"url":"http:\/\/nativainfo.com\/wp-content\/uploads\/2025\/07\/imagen_2025-07-23_135630340.png","type":"","width":"","height":""}],"author":"Nativa Info","twitter_card":"summary_large_image","twitter_misc":{"Escrito por":"Nativa Info","Tiempo de lectura":"1 minuto"},"schema":{"@context":"https:\/\/schema.org","@graph":[{"@type":"Article","@id":"https:\/\/nativainfo.com\/?p=4900#article","isPartOf":{"@id":"https:\/\/nativainfo.com\/?p=4900"},"author":{"name":"Nativa Info","@id":"https:\/\/nativainfo.com\/#\/schema\/person\/24893b64a9cd564ddb5d102d36eb4b5c"},"headline":"Abel Pintos vuelve a Santiago del Estero con un show que promete ser inolvidable en el Nodo Tecnol\u00f3gico","datePublished":"2025-07-23T16:56:42+00:00","mainEntityOfPage":{"@id":"https:\/\/nativainfo.com\/?p=4900"},"wordCount":164,"commentCount":0,"publisher":{"@id":"https:\/\/nativainfo.com\/#organization"},"image":{"@id":"https:\/\/nativainfo.com\/?p=4900#primaryimage"},"thumbnailUrl":"http:\/\/nativainfo.com\/wp-content\/uploads\/2025\/07\/imagen_2025-07-23_135630340.png","articleSection":["M\u00fasica","Noticias"],"inLanguage":"es-AR","potentialAction":[{"@type":"CommentAction","name":"Comment","target":["https:\/\/nativainfo.com\/?p=4900#respond"]}]},{"@type":"WebPage","@id":"https:\/\/nativainfo.com\/?p=4900","url":"https:\/\/nativainfo.com\/?p=4900","name":"Abel Pintos vuelve a Santiago del Estero con un show que promete ser inolvidable en el Nodo Tecnol\u00f3gico - Nativa Info","isPartOf":{"@id":"https:\/\/nativainfo.com\/#website"},"primaryImageOfPage":{"@id":"https:\/\/nativainfo.com\/?p=4900#primaryimage"},"image":{"@id":"https:\/\/nativainfo.com\/?p=4900#primaryimage"},"thumbnailUrl":"http:\/\/nativainfo.com\/wp-content\/uploads\/2025\/07\/imagen_2025-07-23_135630340.png","datePublished":"2025-07-23T16:56:42+00:00","breadcrumb":{"@id":"https:\/\/nativainfo.com\/?p=4900#breadcrumb"},"inLanguage":"es-AR","potentialAction":[{"@type":"ReadAction","target":["https:\/\/nativainfo.com\/?p=4900"]}]},{"@type":"ImageObject","inLanguage":"es-AR","@id":"https:\/\/nativainfo.com\/?p=4900#primaryimage","url":"https:\/\/nativainfo.com\/wp-content\/uploads\/2025\/07\/imagen_2025-07-23_135630340.png","contentUrl":"https:\/\/nativainfo.com\/wp-content\/uploads\/2025\/07\/imagen_2025-07-23_135630340.png","width":1010,"height":567},{"@type":"BreadcrumbList","@id":"https:\/\/nativainfo.com\/?p=4900#breadcrumb","itemListElement":[{"@type":"ListItem","position":1,"name":"Inicio","item":"https:\/\/nativainfo.com\/"},{"@type":"ListItem","position":2,"name":"Abel Pintos vuelve a Santiago del Estero con un show que promete ser inolvidable en el Nodo Tecnol\u00f3gico"}]},{"@type":"WebSite","@id":"https:\/\/nativainfo.com\/#website","url":"https:\/\/nativainfo.com\/","name":"Nativa Info","description":"Diario Digital","publisher":{"@id":"https:\/\/nativainfo.com\/#organization"},"potentialAction":[{"@type":"SearchAction","target":{"@type":"EntryPoint","urlTemplate":"https:\/\/nativainfo.com\/?s={search_term_string}"},"query-input":{"@type":"PropertyValueSpecification","valueRequired":true,"valueName":"search_term_string"}}],"inLanguage":"es-AR"},{"@type":"Organization","@id":"https:\/\/nativainfo.com\/#organization","name":"Nativa Info","url":"https:\/\/nativainfo.com\/","logo":{"@type":"ImageObject","inLanguage":"es-AR","@id":"https:\/\/nativainfo.com\/#\/schema\/logo\/image\/","url":"https:\/\/nativainfo.com\/wp-content\/uploads\/2025\/08\/LOGO-NATIVA-FACE.jpg","contentUrl":"https:\/\/nativainfo.com\/wp-content\/uploads\/2025\/08\/LOGO-NATIVA-FACE.jpg","width":400,"height":400,"caption":"Nativa Info"},"image":{"@id":"https:\/\/nativainfo.com\/#\/schema\/logo\/image\/"},"sameAs":["https:\/\/www.facebook.com\/profile.php?id=61578881597564"]},{"@type":"Person","@id":"https:\/\/nativainfo.com\/#\/schema\/person\/24893b64a9cd564ddb5d102d36eb4b5c","name":"Nativa Info","image":{"@type":"ImageObject","inLanguage":"es-AR","@id":"https:\/\/nativainfo.com\/#\/schema\/person\/image\/","url":"https:\/\/secure.gravatar.com\/avatar\/016fa1cf068d85136d938e1507b9b619cb766e2565cbb1faa1e571762460c785?s=96&d=mm&r=g","contentUrl":"https:\/\/secure.gravatar.com\/avatar\/016fa1cf068d85136d938e1507b9b619cb766e2565cbb1faa1e571762460c785?s=96&d=mm&r=g","caption":"Nativa Info"},"sameAs":["http:\/\/nativainfo.com"],"url":"https:\/\/nativainfo.com\/?author=1"}]}},"jetpack_publicize_connections":[],"_links":{"self":[{"href":"https:\/\/nativainfo.com\/index.php?rest_route=\/wp\/v2\/posts\/4900","targetHints":{"allow":["GET"]}}],"collection":[{"href":"https:\/\/nativainfo.com\/index.php?rest_route=\/wp\/v2\/posts"}],"about":[{"href":"https:\/\/nativainfo.com\/index.php?rest_route=\/wp\/v2\/types\/post"}],"author":[{"embeddable":true,"href":"https:\/\/nativainfo.com\/index.php?rest_route=\/wp\/v2\/users\/1"}],"replies":[{"embeddable":true,"href":"https:\/\/nativainfo.com\/index.php?rest_route=%2Fwp%2Fv2%2Fcomments&post=4900"}],"version-history":[{"count":1,"href":"https:\/\/nativainfo.com\/index.php?rest_route=\/wp\/v2\/posts\/4900\/revisions"}],"predecessor-version":[{"id":4903,"href":"https:\/\/nativainfo.com\/index.php?rest_route=\/wp\/v2\/posts\/4900\/revisions\/4903"}],"wp:attachment":[{"href":"https:\/\/nativainfo.com\/index.php?rest_route=%2Fwp%2Fv2%2Fmedia&parent=4900"}],"wp:term":[{"taxonomy":"category","embeddable":true,"href":"https:\/\/nativainfo.com\/index.php?rest_route=%2Fwp%2Fv2%2Fcategories&post=4900"},{"taxonomy":"post_tag","embeddable":true,"href":"https:\/\/nativainfo.com\/index.php?rest_route=%2Fwp%2Fv2%2Ftags&post=4900"}],"curies":[{"name":"wp","href":"https:\/\/api.w.org\/{rel}","templated":true}]}}