{"id":4891,"date":"2025-07-21T21:38:19","date_gmt":"2025-07-22T00:38:19","guid":{"rendered":"http:\/\/nativainfo.com\/?p=4891"},"modified":"2025-07-21T21:38:19","modified_gmt":"2025-07-22T00:38:19","slug":"peteco-coplanacu-y-lbc-con-eugenia-quevedo-encenderan-el-festival-madre-de-ciudades","status":"publish","type":"post","link":"https:\/\/nativainfo.com\/?p=4891","title":{"rendered":"Peteco, Coplanacu y LBC con Eugenia Quevedo encender\u00e1n el Festival &#8220;Madre de Ciudades&#8221;"},"content":{"rendered":"\n<p>El evento se realizar\u00e1 este viernes 25 de julio desde las 14 en el Parque Aguirre, como parte de los festejos por el 472\u00b0 aniversario de la fundaci\u00f3n de Santiago del Estero. Pr\u00f3ximamente se conocer\u00e1 la programaci\u00f3n completa.<\/p>\n\n\n\n<figure class=\"wp-block-image size-full\"><img fetchpriority=\"high\" decoding=\"async\" width=\"1010\" height=\"567\" src=\"http:\/\/nativainfo.com\/wp-content\/uploads\/2025\/07\/imagen_2025-07-21_213805181.png\" alt=\"\" class=\"wp-image-4893\" srcset=\"https:\/\/nativainfo.com\/wp-content\/uploads\/2025\/07\/imagen_2025-07-21_213805181.png 1010w, https:\/\/nativainfo.com\/wp-content\/uploads\/2025\/07\/imagen_2025-07-21_213805181-300x168.png 300w, https:\/\/nativainfo.com\/wp-content\/uploads\/2025\/07\/imagen_2025-07-21_213805181-768x431.png 768w, https:\/\/nativainfo.com\/wp-content\/uploads\/2025\/07\/imagen_2025-07-21_213805181-623x350.png 623w, https:\/\/nativainfo.com\/wp-content\/uploads\/2025\/07\/imagen_2025-07-21_213805181-150x84.png 150w\" sizes=\"(max-width: 1010px) 100vw, 1010px\" \/><\/figure>\n\n\n\n<p>Este viernes, el&nbsp;<strong>Parque Aguirr<\/strong><strong>e<\/strong>&nbsp;ser\u00e1 escenario de una nueva edici\u00f3n del&nbsp;<strong>Festival &#8220;Madre de Ciudades&#8221;<\/strong><strong><\/strong>, uno de los eventos m\u00e1s esperados en el marco del cumplea\u00f1os de&nbsp;<strong>Santiago del Estero<\/strong>. En esta oportunidad, ya se confirmaron tres nombres de peso:&nbsp;<strong>Carlos Oscar &#8220;Peteco&#8221; Carabajal, el D\u00fao Coplanacu y la Banda de Carlitos (LBC) junto a Eugenia Quevedo.<\/strong><\/p>\n\n\n\n<p>La presencia de Peteco ser\u00e1 doble. Adem\u00e1s de su show musical, el reconocido artista santiague\u00f1o participa activamente de las celebraciones por el aniversario n\u00famero 472 de la ciudad con su muestra pict\u00f3rica &#8220;Canciones al \u00f3leo&#8221;, que se expone hasta el 8 de agosto en la Casa Arga\u00f1araz Alcorta. A su vez, form\u00f3 parte del espect\u00e1culo &#8220;Santiago Querido&#8221;, organizado por la asociaci\u00f3n Conciencia y Acci\u00f3n Ciudadana (CyAC), encabezada por el contador Atilio Chara.<\/p>\n\n\n\n<p>Por su parte, el D\u00fao Coplanacu \u2014conformado por Julio Paz y Roberto Cantos\u2014 llega tras una intensa agenda de presentaciones. Recientemente actuaron en el Festival del Queso Cope\u00f1o en Monte Quemado y celebraron su 40\u00b0 aniversario con una pe\u00f1a realizada el pasado 14 de junio en el Nodo Tecnol\u00f3gico, espect\u00e1culo con el que recorrer\u00e1n distintas ciudades del pa\u00eds.<\/p>\n","protected":false},"excerpt":{"rendered":"<p>El evento se realizar\u00e1 este viernes 25 de julio desde las 14 en el Parque Aguirre, como parte de los&#8230; <a class=\"continue-reading-link\" href=\"https:\/\/nativainfo.com\/?p=4891\">Continue reading<\/a><\/p>\n","protected":false},"author":1,"featured_media":0,"comment_status":"open","ping_status":"open","sticky":false,"template":"","format":"standard","meta":{"rop_custom_images_group":[],"rop_custom_messages_group":[],"rop_publish_now":"initial","rop_publish_now_accounts":[],"rop_publish_now_history":[],"rop_publish_now_status":"pending","footnotes":"","jetpack_publicize_message":"","jetpack_publicize_feature_enabled":true,"jetpack_social_post_already_shared":false,"jetpack_social_options":{"image_generator_settings":{"template":"highway","default_image_id":0,"font":"","enabled":false},"version":2}},"categories":[7],"tags":[],"class_list":["post-4891","post","type-post","status-publish","format-standard","hentry","category-musica"],"yoast_head":"<!-- This site is optimized with the Yoast SEO plugin v25.6 - https:\/\/yoast.com\/wordpress\/plugins\/seo\/ -->\n<title>Peteco, Coplanacu y LBC con Eugenia Quevedo encender\u00e1n el Festival &quot;Madre de Ciudades&quot; - Nativa Info<\/title>\n<meta name=\"robots\" content=\"index, follow, max-snippet:-1, max-image-preview:large, max-video-preview:-1\" \/>\n<link rel=\"canonical\" href=\"https:\/\/nativainfo.com\/?p=4891\" \/>\n<meta property=\"og:locale\" content=\"es_ES\" \/>\n<meta property=\"og:type\" content=\"article\" \/>\n<meta property=\"og:title\" content=\"Peteco, Coplanacu y LBC con Eugenia Quevedo encender\u00e1n el Festival &quot;Madre de Ciudades&quot; - Nativa Info\" \/>\n<meta property=\"og:description\" content=\"El evento se realizar\u00e1 este viernes 25 de julio desde las 14 en el Parque Aguirre, como parte de los... Continue reading\" \/>\n<meta property=\"og:url\" content=\"https:\/\/nativainfo.com\/?p=4891\" \/>\n<meta property=\"og:site_name\" content=\"Nativa Info\" \/>\n<meta property=\"article:publisher\" content=\"https:\/\/www.facebook.com\/profile.php?id=61578881597564\" \/>\n<meta property=\"article:published_time\" content=\"2025-07-22T00:38:19+00:00\" \/>\n<meta property=\"og:image\" content=\"http:\/\/nativainfo.com\/wp-content\/uploads\/2025\/07\/imagen_2025-07-21_213805181.png\" \/>\n<meta name=\"author\" content=\"Nativa Info\" \/>\n<meta name=\"twitter:card\" content=\"summary_large_image\" \/>\n<meta name=\"twitter:label1\" content=\"Escrito por\" \/>\n\t<meta name=\"twitter:data1\" content=\"Nativa Info\" \/>\n\t<meta name=\"twitter:label2\" content=\"Tiempo de lectura\" \/>\n\t<meta name=\"twitter:data2\" content=\"1 minuto\" \/>\n<script type=\"application\/ld+json\" class=\"yoast-schema-graph\">{\"@context\":\"https:\/\/schema.org\",\"@graph\":[{\"@type\":\"Article\",\"@id\":\"https:\/\/nativainfo.com\/?p=4891#article\",\"isPartOf\":{\"@id\":\"https:\/\/nativainfo.com\/?p=4891\"},\"author\":{\"name\":\"Nativa Info\",\"@id\":\"https:\/\/nativainfo.com\/#\/schema\/person\/24893b64a9cd564ddb5d102d36eb4b5c\"},\"headline\":\"Peteco, Coplanacu y LBC con Eugenia Quevedo encender\u00e1n el Festival &#8220;Madre de Ciudades&#8221;\",\"datePublished\":\"2025-07-22T00:38:19+00:00\",\"mainEntityOfPage\":{\"@id\":\"https:\/\/nativainfo.com\/?p=4891\"},\"wordCount\":261,\"commentCount\":0,\"publisher\":{\"@id\":\"https:\/\/nativainfo.com\/#organization\"},\"image\":{\"@id\":\"https:\/\/nativainfo.com\/?p=4891#primaryimage\"},\"thumbnailUrl\":\"http:\/\/nativainfo.com\/wp-content\/uploads\/2025\/07\/imagen_2025-07-21_213805181.png\",\"articleSection\":[\"M\u00fasica\"],\"inLanguage\":\"es-AR\",\"potentialAction\":[{\"@type\":\"CommentAction\",\"name\":\"Comment\",\"target\":[\"https:\/\/nativainfo.com\/?p=4891#respond\"]}]},{\"@type\":\"WebPage\",\"@id\":\"https:\/\/nativainfo.com\/?p=4891\",\"url\":\"https:\/\/nativainfo.com\/?p=4891\",\"name\":\"Peteco, Coplanacu y LBC con Eugenia Quevedo encender\u00e1n el Festival \\\"Madre de Ciudades\\\" - Nativa Info\",\"isPartOf\":{\"@id\":\"https:\/\/nativainfo.com\/#website\"},\"primaryImageOfPage\":{\"@id\":\"https:\/\/nativainfo.com\/?p=4891#primaryimage\"},\"image\":{\"@id\":\"https:\/\/nativainfo.com\/?p=4891#primaryimage\"},\"thumbnailUrl\":\"http:\/\/nativainfo.com\/wp-content\/uploads\/2025\/07\/imagen_2025-07-21_213805181.png\",\"datePublished\":\"2025-07-22T00:38:19+00:00\",\"breadcrumb\":{\"@id\":\"https:\/\/nativainfo.com\/?p=4891#breadcrumb\"},\"inLanguage\":\"es-AR\",\"potentialAction\":[{\"@type\":\"ReadAction\",\"target\":[\"https:\/\/nativainfo.com\/?p=4891\"]}]},{\"@type\":\"ImageObject\",\"inLanguage\":\"es-AR\",\"@id\":\"https:\/\/nativainfo.com\/?p=4891#primaryimage\",\"url\":\"https:\/\/nativainfo.com\/wp-content\/uploads\/2025\/07\/imagen_2025-07-21_213805181.png\",\"contentUrl\":\"https:\/\/nativainfo.com\/wp-content\/uploads\/2025\/07\/imagen_2025-07-21_213805181.png\",\"width\":1010,\"height\":567},{\"@type\":\"BreadcrumbList\",\"@id\":\"https:\/\/nativainfo.com\/?p=4891#breadcrumb\",\"itemListElement\":[{\"@type\":\"ListItem\",\"position\":1,\"name\":\"Inicio\",\"item\":\"https:\/\/nativainfo.com\/\"},{\"@type\":\"ListItem\",\"position\":2,\"name\":\"Peteco, Coplanacu y LBC con Eugenia Quevedo encender\u00e1n el Festival &#8220;Madre de Ciudades&#8221;\"}]},{\"@type\":\"WebSite\",\"@id\":\"https:\/\/nativainfo.com\/#website\",\"url\":\"https:\/\/nativainfo.com\/\",\"name\":\"Nativa Info\",\"description\":\"Diario Digital\",\"publisher\":{\"@id\":\"https:\/\/nativainfo.com\/#organization\"},\"potentialAction\":[{\"@type\":\"SearchAction\",\"target\":{\"@type\":\"EntryPoint\",\"urlTemplate\":\"https:\/\/nativainfo.com\/?s={search_term_string}\"},\"query-input\":{\"@type\":\"PropertyValueSpecification\",\"valueRequired\":true,\"valueName\":\"search_term_string\"}}],\"inLanguage\":\"es-AR\"},{\"@type\":\"Organization\",\"@id\":\"https:\/\/nativainfo.com\/#organization\",\"name\":\"Nativa Info\",\"url\":\"https:\/\/nativainfo.com\/\",\"logo\":{\"@type\":\"ImageObject\",\"inLanguage\":\"es-AR\",\"@id\":\"https:\/\/nativainfo.com\/#\/schema\/logo\/image\/\",\"url\":\"https:\/\/nativainfo.com\/wp-content\/uploads\/2025\/08\/LOGO-NATIVA-FACE.jpg\",\"contentUrl\":\"https:\/\/nativainfo.com\/wp-content\/uploads\/2025\/08\/LOGO-NATIVA-FACE.jpg\",\"width\":400,\"height\":400,\"caption\":\"Nativa Info\"},\"image\":{\"@id\":\"https:\/\/nativainfo.com\/#\/schema\/logo\/image\/\"},\"sameAs\":[\"https:\/\/www.facebook.com\/profile.php?id=61578881597564\"]},{\"@type\":\"Person\",\"@id\":\"https:\/\/nativainfo.com\/#\/schema\/person\/24893b64a9cd564ddb5d102d36eb4b5c\",\"name\":\"Nativa Info\",\"image\":{\"@type\":\"ImageObject\",\"inLanguage\":\"es-AR\",\"@id\":\"https:\/\/nativainfo.com\/#\/schema\/person\/image\/\",\"url\":\"https:\/\/secure.gravatar.com\/avatar\/016fa1cf068d85136d938e1507b9b619cb766e2565cbb1faa1e571762460c785?s=96&d=mm&r=g\",\"contentUrl\":\"https:\/\/secure.gravatar.com\/avatar\/016fa1cf068d85136d938e1507b9b619cb766e2565cbb1faa1e571762460c785?s=96&d=mm&r=g\",\"caption\":\"Nativa Info\"},\"sameAs\":[\"http:\/\/nativainfo.com\"],\"url\":\"https:\/\/nativainfo.com\/?author=1\"}]}<\/script>\n<!-- \/ Yoast SEO plugin. -->","yoast_head_json":{"title":"Peteco, Coplanacu y LBC con Eugenia Quevedo encender\u00e1n el Festival \"Madre de Ciudades\" - Nativa Info","robots":{"index":"index","follow":"follow","max-snippet":"max-snippet:-1","max-image-preview":"max-image-preview:large","max-video-preview":"max-video-preview:-1"},"canonical":"https:\/\/nativainfo.com\/?p=4891","og_locale":"es_ES","og_type":"article","og_title":"Peteco, Coplanacu y LBC con Eugenia Quevedo encender\u00e1n el Festival \"Madre de Ciudades\" - Nativa Info","og_description":"El evento se realizar\u00e1 este viernes 25 de julio desde las 14 en el Parque Aguirre, como parte de los... Continue reading","og_url":"https:\/\/nativainfo.com\/?p=4891","og_site_name":"Nativa Info","article_publisher":"https:\/\/www.facebook.com\/profile.php?id=61578881597564","article_published_time":"2025-07-22T00:38:19+00:00","og_image":[{"url":"http:\/\/nativainfo.com\/wp-content\/uploads\/2025\/07\/imagen_2025-07-21_213805181.png","type":"","width":"","height":""}],"author":"Nativa Info","twitter_card":"summary_large_image","twitter_misc":{"Escrito por":"Nativa Info","Tiempo de lectura":"1 minuto"},"schema":{"@context":"https:\/\/schema.org","@graph":[{"@type":"Article","@id":"https:\/\/nativainfo.com\/?p=4891#article","isPartOf":{"@id":"https:\/\/nativainfo.com\/?p=4891"},"author":{"name":"Nativa Info","@id":"https:\/\/nativainfo.com\/#\/schema\/person\/24893b64a9cd564ddb5d102d36eb4b5c"},"headline":"Peteco, Coplanacu y LBC con Eugenia Quevedo encender\u00e1n el Festival &#8220;Madre de Ciudades&#8221;","datePublished":"2025-07-22T00:38:19+00:00","mainEntityOfPage":{"@id":"https:\/\/nativainfo.com\/?p=4891"},"wordCount":261,"commentCount":0,"publisher":{"@id":"https:\/\/nativainfo.com\/#organization"},"image":{"@id":"https:\/\/nativainfo.com\/?p=4891#primaryimage"},"thumbnailUrl":"http:\/\/nativainfo.com\/wp-content\/uploads\/2025\/07\/imagen_2025-07-21_213805181.png","articleSection":["M\u00fasica"],"inLanguage":"es-AR","potentialAction":[{"@type":"CommentAction","name":"Comment","target":["https:\/\/nativainfo.com\/?p=4891#respond"]}]},{"@type":"WebPage","@id":"https:\/\/nativainfo.com\/?p=4891","url":"https:\/\/nativainfo.com\/?p=4891","name":"Peteco, Coplanacu y LBC con Eugenia Quevedo encender\u00e1n el Festival \"Madre de Ciudades\" - Nativa Info","isPartOf":{"@id":"https:\/\/nativainfo.com\/#website"},"primaryImageOfPage":{"@id":"https:\/\/nativainfo.com\/?p=4891#primaryimage"},"image":{"@id":"https:\/\/nativainfo.com\/?p=4891#primaryimage"},"thumbnailUrl":"http:\/\/nativainfo.com\/wp-content\/uploads\/2025\/07\/imagen_2025-07-21_213805181.png","datePublished":"2025-07-22T00:38:19+00:00","breadcrumb":{"@id":"https:\/\/nativainfo.com\/?p=4891#breadcrumb"},"inLanguage":"es-AR","potentialAction":[{"@type":"ReadAction","target":["https:\/\/nativainfo.com\/?p=4891"]}]},{"@type":"ImageObject","inLanguage":"es-AR","@id":"https:\/\/nativainfo.com\/?p=4891#primaryimage","url":"https:\/\/nativainfo.com\/wp-content\/uploads\/2025\/07\/imagen_2025-07-21_213805181.png","contentUrl":"https:\/\/nativainfo.com\/wp-content\/uploads\/2025\/07\/imagen_2025-07-21_213805181.png","width":1010,"height":567},{"@type":"BreadcrumbList","@id":"https:\/\/nativainfo.com\/?p=4891#breadcrumb","itemListElement":[{"@type":"ListItem","position":1,"name":"Inicio","item":"https:\/\/nativainfo.com\/"},{"@type":"ListItem","position":2,"name":"Peteco, Coplanacu y LBC con Eugenia Quevedo encender\u00e1n el Festival &#8220;Madre de Ciudades&#8221;"}]},{"@type":"WebSite","@id":"https:\/\/nativainfo.com\/#website","url":"https:\/\/nativainfo.com\/","name":"Nativa Info","description":"Diario Digital","publisher":{"@id":"https:\/\/nativainfo.com\/#organization"},"potentialAction":[{"@type":"SearchAction","target":{"@type":"EntryPoint","urlTemplate":"https:\/\/nativainfo.com\/?s={search_term_string}"},"query-input":{"@type":"PropertyValueSpecification","valueRequired":true,"valueName":"search_term_string"}}],"inLanguage":"es-AR"},{"@type":"Organization","@id":"https:\/\/nativainfo.com\/#organization","name":"Nativa Info","url":"https:\/\/nativainfo.com\/","logo":{"@type":"ImageObject","inLanguage":"es-AR","@id":"https:\/\/nativainfo.com\/#\/schema\/logo\/image\/","url":"https:\/\/nativainfo.com\/wp-content\/uploads\/2025\/08\/LOGO-NATIVA-FACE.jpg","contentUrl":"https:\/\/nativainfo.com\/wp-content\/uploads\/2025\/08\/LOGO-NATIVA-FACE.jpg","width":400,"height":400,"caption":"Nativa Info"},"image":{"@id":"https:\/\/nativainfo.com\/#\/schema\/logo\/image\/"},"sameAs":["https:\/\/www.facebook.com\/profile.php?id=61578881597564"]},{"@type":"Person","@id":"https:\/\/nativainfo.com\/#\/schema\/person\/24893b64a9cd564ddb5d102d36eb4b5c","name":"Nativa Info","image":{"@type":"ImageObject","inLanguage":"es-AR","@id":"https:\/\/nativainfo.com\/#\/schema\/person\/image\/","url":"https:\/\/secure.gravatar.com\/avatar\/016fa1cf068d85136d938e1507b9b619cb766e2565cbb1faa1e571762460c785?s=96&d=mm&r=g","contentUrl":"https:\/\/secure.gravatar.com\/avatar\/016fa1cf068d85136d938e1507b9b619cb766e2565cbb1faa1e571762460c785?s=96&d=mm&r=g","caption":"Nativa Info"},"sameAs":["http:\/\/nativainfo.com"],"url":"https:\/\/nativainfo.com\/?author=1"}]}},"jetpack_publicize_connections":[],"_links":{"self":[{"href":"https:\/\/nativainfo.com\/index.php?rest_route=\/wp\/v2\/posts\/4891","targetHints":{"allow":["GET"]}}],"collection":[{"href":"https:\/\/nativainfo.com\/index.php?rest_route=\/wp\/v2\/posts"}],"about":[{"href":"https:\/\/nativainfo.com\/index.php?rest_route=\/wp\/v2\/types\/post"}],"author":[{"embeddable":true,"href":"https:\/\/nativainfo.com\/index.php?rest_route=\/wp\/v2\/users\/1"}],"replies":[{"embeddable":true,"href":"https:\/\/nativainfo.com\/index.php?rest_route=%2Fwp%2Fv2%2Fcomments&post=4891"}],"version-history":[{"count":1,"href":"https:\/\/nativainfo.com\/index.php?rest_route=\/wp\/v2\/posts\/4891\/revisions"}],"predecessor-version":[{"id":4894,"href":"https:\/\/nativainfo.com\/index.php?rest_route=\/wp\/v2\/posts\/4891\/revisions\/4894"}],"wp:attachment":[{"href":"https:\/\/nativainfo.com\/index.php?rest_route=%2Fwp%2Fv2%2Fmedia&parent=4891"}],"wp:term":[{"taxonomy":"category","embeddable":true,"href":"https:\/\/nativainfo.com\/index.php?rest_route=%2Fwp%2Fv2%2Fcategories&post=4891"},{"taxonomy":"post_tag","embeddable":true,"href":"https:\/\/nativainfo.com\/index.php?rest_route=%2Fwp%2Fv2%2Ftags&post=4891"}],"curies":[{"name":"wp","href":"https:\/\/api.w.org\/{rel}","templated":true}]}}