{"id":4870,"date":"2025-06-30T23:40:15","date_gmt":"2025-07-01T02:40:15","guid":{"rendered":"http:\/\/nativainfo.com\/?p=4870"},"modified":"2025-06-30T23:40:15","modified_gmt":"2025-07-01T02:40:15","slug":"cambio-de-horario-en-escuelas-primarias-publicas-por-el-periodo-invernal","status":"publish","type":"post","link":"https:\/\/nativainfo.com\/?p=4870","title":{"rendered":"Cambio de horario en escuelas primarias p\u00fablicas por el per\u00edodo invernal"},"content":{"rendered":"\n<p>Lo inform\u00f3 el Ministerio de Educaci\u00f3n de la Provincia.<\/p>\n\n\n\n<figure class=\"wp-block-image size-full\"><img fetchpriority=\"high\" decoding=\"async\" width=\"1010\" height=\"567\" src=\"http:\/\/nativainfo.com\/wp-content\/uploads\/2025\/06\/imagen_2025-06-30_234011455.png\" alt=\"\" class=\"wp-image-4871\" srcset=\"https:\/\/nativainfo.com\/wp-content\/uploads\/2025\/06\/imagen_2025-06-30_234011455.png 1010w, https:\/\/nativainfo.com\/wp-content\/uploads\/2025\/06\/imagen_2025-06-30_234011455-300x168.png 300w, https:\/\/nativainfo.com\/wp-content\/uploads\/2025\/06\/imagen_2025-06-30_234011455-768x431.png 768w, https:\/\/nativainfo.com\/wp-content\/uploads\/2025\/06\/imagen_2025-06-30_234011455-623x350.png 623w, https:\/\/nativainfo.com\/wp-content\/uploads\/2025\/06\/imagen_2025-06-30_234011455-150x84.png 150w\" sizes=\"(max-width: 1010px) 100vw, 1010px\" \/><\/figure>\n\n\n\n<p>El\u00a0<strong>Consejo General de Educaci\u00f3n de Santiago del Estero<\/strong>, anunci\u00f3 un cambio en los horarios de ingreso para las escuelas primarias p\u00fablicas de jornada simple turno ma\u00f1ana, en el marco de la adecuaci\u00f3n por el per\u00edodo invernal. La medida, que se enmarca en lo previsto por el Reglamento General de Escuelas, busca resguardar la salud de los alumnos y docentes frente a las bajas temperaturas que afectan a la regi\u00f3n, seg\u00fan inform\u00f3 la cartera que dirige la\u00a0<strong>Dra. Mariela Nassif.<\/strong><\/p>\n\n\n\n<p>Las instituciones escolares podr\u00e1n optar entre tres franjas horarias para cumplir con su jornada educativa: de 07:30 a 12:45; de 07:45 a 13:00; o de 08:00 a 13:15. Cada escuela deber\u00e1 formalizar su elecci\u00f3n y aplicarla en forma efectiva para garantizar la organizaci\u00f3n interna y la comunicaci\u00f3n con las familias.<\/p>\n\n\n\n<p>Desde el organismo educativo se inform\u00f3 que este cambio comenzar\u00e1 a regir a partir del 1 de julio del corriente a\u00f1o, y ser\u00e1 de aplicaci\u00f3n obligatoria en todas las escuelas primarias p\u00fablicas de jornada simple. La medida alcanza a la totalidad de los establecimientos educativos de la provincia en ese r\u00e9gimen.<\/p>\n","protected":false},"excerpt":{"rendered":"<p>Lo inform\u00f3 el Ministerio de Educaci\u00f3n de la Provincia. El\u00a0Consejo General de Educaci\u00f3n de Santiago del Estero, anunci\u00f3 un cambio&#8230; <a class=\"continue-reading-link\" href=\"https:\/\/nativainfo.com\/?p=4870\">Continue reading<\/a><\/p>\n","protected":false},"author":1,"featured_media":0,"comment_status":"open","ping_status":"open","sticky":false,"template":"","format":"standard","meta":{"rop_custom_images_group":[],"rop_custom_messages_group":[],"rop_publish_now":"initial","rop_publish_now_accounts":[],"rop_publish_now_history":[],"rop_publish_now_status":"pending","footnotes":"","jetpack_publicize_message":"","jetpack_publicize_feature_enabled":true,"jetpack_social_post_already_shared":false,"jetpack_social_options":{"image_generator_settings":{"template":"highway","default_image_id":0,"font":"","enabled":false},"version":2}},"categories":[24],"tags":[],"class_list":["post-4870","post","type-post","status-publish","format-standard","hentry","category-educacion"],"yoast_head":"<!-- This site is optimized with the Yoast SEO plugin v25.6 - https:\/\/yoast.com\/wordpress\/plugins\/seo\/ -->\n<title>Cambio de horario en escuelas primarias p\u00fablicas por el per\u00edodo invernal - Nativa Info<\/title>\n<meta name=\"robots\" content=\"index, follow, max-snippet:-1, max-image-preview:large, max-video-preview:-1\" \/>\n<link rel=\"canonical\" href=\"https:\/\/nativainfo.com\/?p=4870\" \/>\n<meta property=\"og:locale\" content=\"es_ES\" \/>\n<meta property=\"og:type\" content=\"article\" \/>\n<meta property=\"og:title\" content=\"Cambio de horario en escuelas primarias p\u00fablicas por el per\u00edodo invernal - Nativa Info\" \/>\n<meta property=\"og:description\" content=\"Lo inform\u00f3 el Ministerio de Educaci\u00f3n de la Provincia. El\u00a0Consejo General de Educaci\u00f3n de Santiago del Estero, anunci\u00f3 un cambio... Continue reading\" \/>\n<meta property=\"og:url\" content=\"https:\/\/nativainfo.com\/?p=4870\" \/>\n<meta property=\"og:site_name\" content=\"Nativa Info\" \/>\n<meta property=\"article:publisher\" content=\"https:\/\/www.facebook.com\/profile.php?id=61578881597564\" \/>\n<meta property=\"article:published_time\" content=\"2025-07-01T02:40:15+00:00\" \/>\n<meta property=\"og:image\" content=\"http:\/\/nativainfo.com\/wp-content\/uploads\/2025\/06\/imagen_2025-06-30_234011455.png\" \/>\n<meta name=\"author\" content=\"Nativa Info\" \/>\n<meta name=\"twitter:card\" content=\"summary_large_image\" \/>\n<meta name=\"twitter:label1\" content=\"Escrito por\" \/>\n\t<meta name=\"twitter:data1\" content=\"Nativa Info\" \/>\n\t<meta name=\"twitter:label2\" content=\"Tiempo de lectura\" \/>\n\t<meta name=\"twitter:data2\" content=\"1 minuto\" \/>\n<script type=\"application\/ld+json\" class=\"yoast-schema-graph\">{\"@context\":\"https:\/\/schema.org\",\"@graph\":[{\"@type\":\"Article\",\"@id\":\"https:\/\/nativainfo.com\/?p=4870#article\",\"isPartOf\":{\"@id\":\"https:\/\/nativainfo.com\/?p=4870\"},\"author\":{\"name\":\"Nativa Info\",\"@id\":\"https:\/\/nativainfo.com\/#\/schema\/person\/24893b64a9cd564ddb5d102d36eb4b5c\"},\"headline\":\"Cambio de horario en escuelas primarias p\u00fablicas por el per\u00edodo invernal\",\"datePublished\":\"2025-07-01T02:40:15+00:00\",\"mainEntityOfPage\":{\"@id\":\"https:\/\/nativainfo.com\/?p=4870\"},\"wordCount\":212,\"commentCount\":0,\"publisher\":{\"@id\":\"https:\/\/nativainfo.com\/#organization\"},\"image\":{\"@id\":\"https:\/\/nativainfo.com\/?p=4870#primaryimage\"},\"thumbnailUrl\":\"http:\/\/nativainfo.com\/wp-content\/uploads\/2025\/06\/imagen_2025-06-30_234011455.png\",\"articleSection\":[\"Educaci\u00f3n\"],\"inLanguage\":\"es-AR\",\"potentialAction\":[{\"@type\":\"CommentAction\",\"name\":\"Comment\",\"target\":[\"https:\/\/nativainfo.com\/?p=4870#respond\"]}]},{\"@type\":\"WebPage\",\"@id\":\"https:\/\/nativainfo.com\/?p=4870\",\"url\":\"https:\/\/nativainfo.com\/?p=4870\",\"name\":\"Cambio de horario en escuelas primarias p\u00fablicas por el per\u00edodo invernal - Nativa Info\",\"isPartOf\":{\"@id\":\"https:\/\/nativainfo.com\/#website\"},\"primaryImageOfPage\":{\"@id\":\"https:\/\/nativainfo.com\/?p=4870#primaryimage\"},\"image\":{\"@id\":\"https:\/\/nativainfo.com\/?p=4870#primaryimage\"},\"thumbnailUrl\":\"http:\/\/nativainfo.com\/wp-content\/uploads\/2025\/06\/imagen_2025-06-30_234011455.png\",\"datePublished\":\"2025-07-01T02:40:15+00:00\",\"breadcrumb\":{\"@id\":\"https:\/\/nativainfo.com\/?p=4870#breadcrumb\"},\"inLanguage\":\"es-AR\",\"potentialAction\":[{\"@type\":\"ReadAction\",\"target\":[\"https:\/\/nativainfo.com\/?p=4870\"]}]},{\"@type\":\"ImageObject\",\"inLanguage\":\"es-AR\",\"@id\":\"https:\/\/nativainfo.com\/?p=4870#primaryimage\",\"url\":\"https:\/\/nativainfo.com\/wp-content\/uploads\/2025\/06\/imagen_2025-06-30_234011455.png\",\"contentUrl\":\"https:\/\/nativainfo.com\/wp-content\/uploads\/2025\/06\/imagen_2025-06-30_234011455.png\",\"width\":1010,\"height\":567},{\"@type\":\"BreadcrumbList\",\"@id\":\"https:\/\/nativainfo.com\/?p=4870#breadcrumb\",\"itemListElement\":[{\"@type\":\"ListItem\",\"position\":1,\"name\":\"Inicio\",\"item\":\"https:\/\/nativainfo.com\/\"},{\"@type\":\"ListItem\",\"position\":2,\"name\":\"Cambio de horario en escuelas primarias p\u00fablicas por el per\u00edodo invernal\"}]},{\"@type\":\"WebSite\",\"@id\":\"https:\/\/nativainfo.com\/#website\",\"url\":\"https:\/\/nativainfo.com\/\",\"name\":\"Nativa Info\",\"description\":\"Diario Digital\",\"publisher\":{\"@id\":\"https:\/\/nativainfo.com\/#organization\"},\"potentialAction\":[{\"@type\":\"SearchAction\",\"target\":{\"@type\":\"EntryPoint\",\"urlTemplate\":\"https:\/\/nativainfo.com\/?s={search_term_string}\"},\"query-input\":{\"@type\":\"PropertyValueSpecification\",\"valueRequired\":true,\"valueName\":\"search_term_string\"}}],\"inLanguage\":\"es-AR\"},{\"@type\":\"Organization\",\"@id\":\"https:\/\/nativainfo.com\/#organization\",\"name\":\"Nativa Info\",\"url\":\"https:\/\/nativainfo.com\/\",\"logo\":{\"@type\":\"ImageObject\",\"inLanguage\":\"es-AR\",\"@id\":\"https:\/\/nativainfo.com\/#\/schema\/logo\/image\/\",\"url\":\"https:\/\/nativainfo.com\/wp-content\/uploads\/2025\/08\/LOGO-NATIVA-FACE.jpg\",\"contentUrl\":\"https:\/\/nativainfo.com\/wp-content\/uploads\/2025\/08\/LOGO-NATIVA-FACE.jpg\",\"width\":400,\"height\":400,\"caption\":\"Nativa Info\"},\"image\":{\"@id\":\"https:\/\/nativainfo.com\/#\/schema\/logo\/image\/\"},\"sameAs\":[\"https:\/\/www.facebook.com\/profile.php?id=61578881597564\"]},{\"@type\":\"Person\",\"@id\":\"https:\/\/nativainfo.com\/#\/schema\/person\/24893b64a9cd564ddb5d102d36eb4b5c\",\"name\":\"Nativa Info\",\"image\":{\"@type\":\"ImageObject\",\"inLanguage\":\"es-AR\",\"@id\":\"https:\/\/nativainfo.com\/#\/schema\/person\/image\/\",\"url\":\"https:\/\/secure.gravatar.com\/avatar\/016fa1cf068d85136d938e1507b9b619cb766e2565cbb1faa1e571762460c785?s=96&d=mm&r=g\",\"contentUrl\":\"https:\/\/secure.gravatar.com\/avatar\/016fa1cf068d85136d938e1507b9b619cb766e2565cbb1faa1e571762460c785?s=96&d=mm&r=g\",\"caption\":\"Nativa Info\"},\"sameAs\":[\"http:\/\/nativainfo.com\"],\"url\":\"https:\/\/nativainfo.com\/?author=1\"}]}<\/script>\n<!-- \/ Yoast SEO plugin. -->","yoast_head_json":{"title":"Cambio de horario en escuelas primarias p\u00fablicas por el per\u00edodo invernal - Nativa Info","robots":{"index":"index","follow":"follow","max-snippet":"max-snippet:-1","max-image-preview":"max-image-preview:large","max-video-preview":"max-video-preview:-1"},"canonical":"https:\/\/nativainfo.com\/?p=4870","og_locale":"es_ES","og_type":"article","og_title":"Cambio de horario en escuelas primarias p\u00fablicas por el per\u00edodo invernal - Nativa Info","og_description":"Lo inform\u00f3 el Ministerio de Educaci\u00f3n de la Provincia. El\u00a0Consejo General de Educaci\u00f3n de Santiago del Estero, anunci\u00f3 un cambio... Continue reading","og_url":"https:\/\/nativainfo.com\/?p=4870","og_site_name":"Nativa Info","article_publisher":"https:\/\/www.facebook.com\/profile.php?id=61578881597564","article_published_time":"2025-07-01T02:40:15+00:00","og_image":[{"url":"http:\/\/nativainfo.com\/wp-content\/uploads\/2025\/06\/imagen_2025-06-30_234011455.png","type":"","width":"","height":""}],"author":"Nativa Info","twitter_card":"summary_large_image","twitter_misc":{"Escrito por":"Nativa Info","Tiempo de lectura":"1 minuto"},"schema":{"@context":"https:\/\/schema.org","@graph":[{"@type":"Article","@id":"https:\/\/nativainfo.com\/?p=4870#article","isPartOf":{"@id":"https:\/\/nativainfo.com\/?p=4870"},"author":{"name":"Nativa Info","@id":"https:\/\/nativainfo.com\/#\/schema\/person\/24893b64a9cd564ddb5d102d36eb4b5c"},"headline":"Cambio de horario en escuelas primarias p\u00fablicas por el per\u00edodo invernal","datePublished":"2025-07-01T02:40:15+00:00","mainEntityOfPage":{"@id":"https:\/\/nativainfo.com\/?p=4870"},"wordCount":212,"commentCount":0,"publisher":{"@id":"https:\/\/nativainfo.com\/#organization"},"image":{"@id":"https:\/\/nativainfo.com\/?p=4870#primaryimage"},"thumbnailUrl":"http:\/\/nativainfo.com\/wp-content\/uploads\/2025\/06\/imagen_2025-06-30_234011455.png","articleSection":["Educaci\u00f3n"],"inLanguage":"es-AR","potentialAction":[{"@type":"CommentAction","name":"Comment","target":["https:\/\/nativainfo.com\/?p=4870#respond"]}]},{"@type":"WebPage","@id":"https:\/\/nativainfo.com\/?p=4870","url":"https:\/\/nativainfo.com\/?p=4870","name":"Cambio de horario en escuelas primarias p\u00fablicas por el per\u00edodo invernal - Nativa Info","isPartOf":{"@id":"https:\/\/nativainfo.com\/#website"},"primaryImageOfPage":{"@id":"https:\/\/nativainfo.com\/?p=4870#primaryimage"},"image":{"@id":"https:\/\/nativainfo.com\/?p=4870#primaryimage"},"thumbnailUrl":"http:\/\/nativainfo.com\/wp-content\/uploads\/2025\/06\/imagen_2025-06-30_234011455.png","datePublished":"2025-07-01T02:40:15+00:00","breadcrumb":{"@id":"https:\/\/nativainfo.com\/?p=4870#breadcrumb"},"inLanguage":"es-AR","potentialAction":[{"@type":"ReadAction","target":["https:\/\/nativainfo.com\/?p=4870"]}]},{"@type":"ImageObject","inLanguage":"es-AR","@id":"https:\/\/nativainfo.com\/?p=4870#primaryimage","url":"https:\/\/nativainfo.com\/wp-content\/uploads\/2025\/06\/imagen_2025-06-30_234011455.png","contentUrl":"https:\/\/nativainfo.com\/wp-content\/uploads\/2025\/06\/imagen_2025-06-30_234011455.png","width":1010,"height":567},{"@type":"BreadcrumbList","@id":"https:\/\/nativainfo.com\/?p=4870#breadcrumb","itemListElement":[{"@type":"ListItem","position":1,"name":"Inicio","item":"https:\/\/nativainfo.com\/"},{"@type":"ListItem","position":2,"name":"Cambio de horario en escuelas primarias p\u00fablicas por el per\u00edodo invernal"}]},{"@type":"WebSite","@id":"https:\/\/nativainfo.com\/#website","url":"https:\/\/nativainfo.com\/","name":"Nativa Info","description":"Diario Digital","publisher":{"@id":"https:\/\/nativainfo.com\/#organization"},"potentialAction":[{"@type":"SearchAction","target":{"@type":"EntryPoint","urlTemplate":"https:\/\/nativainfo.com\/?s={search_term_string}"},"query-input":{"@type":"PropertyValueSpecification","valueRequired":true,"valueName":"search_term_string"}}],"inLanguage":"es-AR"},{"@type":"Organization","@id":"https:\/\/nativainfo.com\/#organization","name":"Nativa Info","url":"https:\/\/nativainfo.com\/","logo":{"@type":"ImageObject","inLanguage":"es-AR","@id":"https:\/\/nativainfo.com\/#\/schema\/logo\/image\/","url":"https:\/\/nativainfo.com\/wp-content\/uploads\/2025\/08\/LOGO-NATIVA-FACE.jpg","contentUrl":"https:\/\/nativainfo.com\/wp-content\/uploads\/2025\/08\/LOGO-NATIVA-FACE.jpg","width":400,"height":400,"caption":"Nativa Info"},"image":{"@id":"https:\/\/nativainfo.com\/#\/schema\/logo\/image\/"},"sameAs":["https:\/\/www.facebook.com\/profile.php?id=61578881597564"]},{"@type":"Person","@id":"https:\/\/nativainfo.com\/#\/schema\/person\/24893b64a9cd564ddb5d102d36eb4b5c","name":"Nativa Info","image":{"@type":"ImageObject","inLanguage":"es-AR","@id":"https:\/\/nativainfo.com\/#\/schema\/person\/image\/","url":"https:\/\/secure.gravatar.com\/avatar\/016fa1cf068d85136d938e1507b9b619cb766e2565cbb1faa1e571762460c785?s=96&d=mm&r=g","contentUrl":"https:\/\/secure.gravatar.com\/avatar\/016fa1cf068d85136d938e1507b9b619cb766e2565cbb1faa1e571762460c785?s=96&d=mm&r=g","caption":"Nativa Info"},"sameAs":["http:\/\/nativainfo.com"],"url":"https:\/\/nativainfo.com\/?author=1"}]}},"jetpack_publicize_connections":[],"_links":{"self":[{"href":"https:\/\/nativainfo.com\/index.php?rest_route=\/wp\/v2\/posts\/4870","targetHints":{"allow":["GET"]}}],"collection":[{"href":"https:\/\/nativainfo.com\/index.php?rest_route=\/wp\/v2\/posts"}],"about":[{"href":"https:\/\/nativainfo.com\/index.php?rest_route=\/wp\/v2\/types\/post"}],"author":[{"embeddable":true,"href":"https:\/\/nativainfo.com\/index.php?rest_route=\/wp\/v2\/users\/1"}],"replies":[{"embeddable":true,"href":"https:\/\/nativainfo.com\/index.php?rest_route=%2Fwp%2Fv2%2Fcomments&post=4870"}],"version-history":[{"count":1,"href":"https:\/\/nativainfo.com\/index.php?rest_route=\/wp\/v2\/posts\/4870\/revisions"}],"predecessor-version":[{"id":4872,"href":"https:\/\/nativainfo.com\/index.php?rest_route=\/wp\/v2\/posts\/4870\/revisions\/4872"}],"wp:attachment":[{"href":"https:\/\/nativainfo.com\/index.php?rest_route=%2Fwp%2Fv2%2Fmedia&parent=4870"}],"wp:term":[{"taxonomy":"category","embeddable":true,"href":"https:\/\/nativainfo.com\/index.php?rest_route=%2Fwp%2Fv2%2Fcategories&post=4870"},{"taxonomy":"post_tag","embeddable":true,"href":"https:\/\/nativainfo.com\/index.php?rest_route=%2Fwp%2Fv2%2Ftags&post=4870"}],"curies":[{"name":"wp","href":"https:\/\/api.w.org\/{rel}","templated":true}]}}