{"id":4863,"date":"2025-06-23T01:05:29","date_gmt":"2025-06-23T04:05:29","guid":{"rendered":"http:\/\/nativainfo.com\/?p=4863"},"modified":"2025-06-23T01:05:29","modified_gmt":"2025-06-23T04:05:29","slug":"el-gobernador-asistio-a-la-exposicion-de-caballos-peruanos-de-paso-y-a-los-festejos-por-los-50-anos-del-hipodromo-27-de-abril","status":"publish","type":"post","link":"https:\/\/nativainfo.com\/?p=4863","title":{"rendered":"El Gobernador asisti\u00f3 a la Exposici\u00f3n de Caballos Peruanos de Paso y a los festejos por los 50 a\u00f1os del Hip\u00f3dromo 27 de Abril"},"content":{"rendered":"\n<figure class=\"wp-block-image size-full\"><img fetchpriority=\"high\" decoding=\"async\" width=\"1010\" height=\"567\" src=\"http:\/\/nativainfo.com\/wp-content\/uploads\/2025\/06\/imagen_2025-06-23_010518042.png\" alt=\"\" class=\"wp-image-4865\" srcset=\"https:\/\/nativainfo.com\/wp-content\/uploads\/2025\/06\/imagen_2025-06-23_010518042.png 1010w, https:\/\/nativainfo.com\/wp-content\/uploads\/2025\/06\/imagen_2025-06-23_010518042-300x168.png 300w, https:\/\/nativainfo.com\/wp-content\/uploads\/2025\/06\/imagen_2025-06-23_010518042-768x431.png 768w, https:\/\/nativainfo.com\/wp-content\/uploads\/2025\/06\/imagen_2025-06-23_010518042-623x350.png 623w, https:\/\/nativainfo.com\/wp-content\/uploads\/2025\/06\/imagen_2025-06-23_010518042-150x84.png 150w\" sizes=\"(max-width: 1010px) 100vw, 1010px\" \/><\/figure>\n\n\n\n<p>Zamora, estuvo acompa\u00f1ado por el vicegobernador Carlos Silva Neder, el ministro de Obras, Servicios P\u00fablicos y Agua, Aldo Hid y fueron recibidos por el director del hip\u00f3dromo, Jos\u00e9 Tarchini, junto con el subdirector Rodrigo Torrens.<\/p>\n\n\n\n<p>Tambi\u00e9n participaron del evento el vicegobernador Carlos Silva Neder; el presidente del Superior Tribunal de Justicia, Federico L\u00f3pez Alzogaray, entre otros invitados, quienes fueron recibidos por Gerardo Caro, miembro del comit\u00e9 organizador del concurso que cont\u00f3 con la presencia de la jueza internacional de la raza Elsa Abad de Puga.<\/p>\n","protected":false},"excerpt":{"rendered":"<p>Zamora, estuvo acompa\u00f1ado por el vicegobernador Carlos Silva Neder, el ministro de Obras, Servicios P\u00fablicos y Agua, Aldo Hid y&#8230; <a class=\"continue-reading-link\" href=\"https:\/\/nativainfo.com\/?p=4863\">Continue reading<\/a><\/p>\n","protected":false},"author":1,"featured_media":0,"comment_status":"open","ping_status":"open","sticky":false,"template":"","format":"standard","meta":{"rop_custom_images_group":[],"rop_custom_messages_group":[],"rop_publish_now":"initial","rop_publish_now_accounts":[],"rop_publish_now_history":[],"rop_publish_now_status":"pending","footnotes":"","jetpack_publicize_message":"","jetpack_publicize_feature_enabled":true,"jetpack_social_post_already_shared":false,"jetpack_social_options":{"image_generator_settings":{"template":"highway","default_image_id":0,"font":"","enabled":false},"version":2}},"categories":[8],"tags":[],"class_list":["post-4863","post","type-post","status-publish","format-standard","hentry","category-noticias"],"yoast_head":"<!-- This site is optimized with the Yoast SEO plugin v25.6 - https:\/\/yoast.com\/wordpress\/plugins\/seo\/ -->\n<title>El Gobernador asisti\u00f3 a la Exposici\u00f3n de Caballos Peruanos de Paso y a los festejos por los 50 a\u00f1os del Hip\u00f3dromo 27 de Abril - Nativa Info<\/title>\n<meta name=\"robots\" content=\"index, follow, max-snippet:-1, max-image-preview:large, max-video-preview:-1\" \/>\n<link rel=\"canonical\" href=\"https:\/\/nativainfo.com\/?p=4863\" \/>\n<meta property=\"og:locale\" content=\"es_ES\" \/>\n<meta property=\"og:type\" content=\"article\" \/>\n<meta property=\"og:title\" content=\"El Gobernador asisti\u00f3 a la Exposici\u00f3n de Caballos Peruanos de Paso y a los festejos por los 50 a\u00f1os del Hip\u00f3dromo 27 de Abril - Nativa Info\" \/>\n<meta property=\"og:description\" content=\"Zamora, estuvo acompa\u00f1ado por el vicegobernador Carlos Silva Neder, el ministro de Obras, Servicios P\u00fablicos y Agua, Aldo Hid y... Continue reading\" \/>\n<meta property=\"og:url\" content=\"https:\/\/nativainfo.com\/?p=4863\" \/>\n<meta property=\"og:site_name\" content=\"Nativa Info\" \/>\n<meta property=\"article:publisher\" content=\"https:\/\/www.facebook.com\/profile.php?id=61578881597564\" \/>\n<meta property=\"article:published_time\" content=\"2025-06-23T04:05:29+00:00\" \/>\n<meta property=\"og:image\" content=\"http:\/\/nativainfo.com\/wp-content\/uploads\/2025\/06\/imagen_2025-06-23_010518042.png\" \/>\n<meta name=\"author\" content=\"Nativa Info\" \/>\n<meta name=\"twitter:card\" content=\"summary_large_image\" \/>\n<meta name=\"twitter:label1\" content=\"Escrito por\" \/>\n\t<meta name=\"twitter:data1\" content=\"Nativa Info\" \/>\n<script type=\"application\/ld+json\" class=\"yoast-schema-graph\">{\"@context\":\"https:\/\/schema.org\",\"@graph\":[{\"@type\":\"Article\",\"@id\":\"https:\/\/nativainfo.com\/?p=4863#article\",\"isPartOf\":{\"@id\":\"https:\/\/nativainfo.com\/?p=4863\"},\"author\":{\"name\":\"Nativa Info\",\"@id\":\"https:\/\/nativainfo.com\/#\/schema\/person\/24893b64a9cd564ddb5d102d36eb4b5c\"},\"headline\":\"El Gobernador asisti\u00f3 a la Exposici\u00f3n de Caballos Peruanos de Paso y a los festejos por los 50 a\u00f1os del Hip\u00f3dromo 27 de Abril\",\"datePublished\":\"2025-06-23T04:05:29+00:00\",\"mainEntityOfPage\":{\"@id\":\"https:\/\/nativainfo.com\/?p=4863\"},\"wordCount\":115,\"commentCount\":0,\"publisher\":{\"@id\":\"https:\/\/nativainfo.com\/#organization\"},\"image\":{\"@id\":\"https:\/\/nativainfo.com\/?p=4863#primaryimage\"},\"thumbnailUrl\":\"http:\/\/nativainfo.com\/wp-content\/uploads\/2025\/06\/imagen_2025-06-23_010518042.png\",\"articleSection\":[\"Noticias\"],\"inLanguage\":\"es-AR\",\"potentialAction\":[{\"@type\":\"CommentAction\",\"name\":\"Comment\",\"target\":[\"https:\/\/nativainfo.com\/?p=4863#respond\"]}]},{\"@type\":\"WebPage\",\"@id\":\"https:\/\/nativainfo.com\/?p=4863\",\"url\":\"https:\/\/nativainfo.com\/?p=4863\",\"name\":\"El Gobernador asisti\u00f3 a la Exposici\u00f3n de Caballos Peruanos de Paso y a los festejos por los 50 a\u00f1os del Hip\u00f3dromo 27 de Abril - Nativa Info\",\"isPartOf\":{\"@id\":\"https:\/\/nativainfo.com\/#website\"},\"primaryImageOfPage\":{\"@id\":\"https:\/\/nativainfo.com\/?p=4863#primaryimage\"},\"image\":{\"@id\":\"https:\/\/nativainfo.com\/?p=4863#primaryimage\"},\"thumbnailUrl\":\"http:\/\/nativainfo.com\/wp-content\/uploads\/2025\/06\/imagen_2025-06-23_010518042.png\",\"datePublished\":\"2025-06-23T04:05:29+00:00\",\"breadcrumb\":{\"@id\":\"https:\/\/nativainfo.com\/?p=4863#breadcrumb\"},\"inLanguage\":\"es-AR\",\"potentialAction\":[{\"@type\":\"ReadAction\",\"target\":[\"https:\/\/nativainfo.com\/?p=4863\"]}]},{\"@type\":\"ImageObject\",\"inLanguage\":\"es-AR\",\"@id\":\"https:\/\/nativainfo.com\/?p=4863#primaryimage\",\"url\":\"https:\/\/nativainfo.com\/wp-content\/uploads\/2025\/06\/imagen_2025-06-23_010518042.png\",\"contentUrl\":\"https:\/\/nativainfo.com\/wp-content\/uploads\/2025\/06\/imagen_2025-06-23_010518042.png\",\"width\":1010,\"height\":567},{\"@type\":\"BreadcrumbList\",\"@id\":\"https:\/\/nativainfo.com\/?p=4863#breadcrumb\",\"itemListElement\":[{\"@type\":\"ListItem\",\"position\":1,\"name\":\"Inicio\",\"item\":\"https:\/\/nativainfo.com\/\"},{\"@type\":\"ListItem\",\"position\":2,\"name\":\"El Gobernador asisti\u00f3 a la Exposici\u00f3n de Caballos Peruanos de Paso y a los festejos por los 50 a\u00f1os del Hip\u00f3dromo 27 de Abril\"}]},{\"@type\":\"WebSite\",\"@id\":\"https:\/\/nativainfo.com\/#website\",\"url\":\"https:\/\/nativainfo.com\/\",\"name\":\"Nativa Info\",\"description\":\"Diario Digital\",\"publisher\":{\"@id\":\"https:\/\/nativainfo.com\/#organization\"},\"potentialAction\":[{\"@type\":\"SearchAction\",\"target\":{\"@type\":\"EntryPoint\",\"urlTemplate\":\"https:\/\/nativainfo.com\/?s={search_term_string}\"},\"query-input\":{\"@type\":\"PropertyValueSpecification\",\"valueRequired\":true,\"valueName\":\"search_term_string\"}}],\"inLanguage\":\"es-AR\"},{\"@type\":\"Organization\",\"@id\":\"https:\/\/nativainfo.com\/#organization\",\"name\":\"Nativa Info\",\"url\":\"https:\/\/nativainfo.com\/\",\"logo\":{\"@type\":\"ImageObject\",\"inLanguage\":\"es-AR\",\"@id\":\"https:\/\/nativainfo.com\/#\/schema\/logo\/image\/\",\"url\":\"https:\/\/nativainfo.com\/wp-content\/uploads\/2025\/08\/LOGO-NATIVA-FACE.jpg\",\"contentUrl\":\"https:\/\/nativainfo.com\/wp-content\/uploads\/2025\/08\/LOGO-NATIVA-FACE.jpg\",\"width\":400,\"height\":400,\"caption\":\"Nativa Info\"},\"image\":{\"@id\":\"https:\/\/nativainfo.com\/#\/schema\/logo\/image\/\"},\"sameAs\":[\"https:\/\/www.facebook.com\/profile.php?id=61578881597564\"]},{\"@type\":\"Person\",\"@id\":\"https:\/\/nativainfo.com\/#\/schema\/person\/24893b64a9cd564ddb5d102d36eb4b5c\",\"name\":\"Nativa Info\",\"image\":{\"@type\":\"ImageObject\",\"inLanguage\":\"es-AR\",\"@id\":\"https:\/\/nativainfo.com\/#\/schema\/person\/image\/\",\"url\":\"https:\/\/secure.gravatar.com\/avatar\/016fa1cf068d85136d938e1507b9b619cb766e2565cbb1faa1e571762460c785?s=96&d=mm&r=g\",\"contentUrl\":\"https:\/\/secure.gravatar.com\/avatar\/016fa1cf068d85136d938e1507b9b619cb766e2565cbb1faa1e571762460c785?s=96&d=mm&r=g\",\"caption\":\"Nativa Info\"},\"sameAs\":[\"http:\/\/nativainfo.com\"],\"url\":\"https:\/\/nativainfo.com\/?author=1\"}]}<\/script>\n<!-- \/ Yoast SEO plugin. -->","yoast_head_json":{"title":"El Gobernador asisti\u00f3 a la Exposici\u00f3n de Caballos Peruanos de Paso y a los festejos por los 50 a\u00f1os del Hip\u00f3dromo 27 de Abril - Nativa Info","robots":{"index":"index","follow":"follow","max-snippet":"max-snippet:-1","max-image-preview":"max-image-preview:large","max-video-preview":"max-video-preview:-1"},"canonical":"https:\/\/nativainfo.com\/?p=4863","og_locale":"es_ES","og_type":"article","og_title":"El Gobernador asisti\u00f3 a la Exposici\u00f3n de Caballos Peruanos de Paso y a los festejos por los 50 a\u00f1os del Hip\u00f3dromo 27 de Abril - Nativa Info","og_description":"Zamora, estuvo acompa\u00f1ado por el vicegobernador Carlos Silva Neder, el ministro de Obras, Servicios P\u00fablicos y Agua, Aldo Hid y... Continue reading","og_url":"https:\/\/nativainfo.com\/?p=4863","og_site_name":"Nativa Info","article_publisher":"https:\/\/www.facebook.com\/profile.php?id=61578881597564","article_published_time":"2025-06-23T04:05:29+00:00","og_image":[{"url":"http:\/\/nativainfo.com\/wp-content\/uploads\/2025\/06\/imagen_2025-06-23_010518042.png","type":"","width":"","height":""}],"author":"Nativa Info","twitter_card":"summary_large_image","twitter_misc":{"Escrito por":"Nativa Info"},"schema":{"@context":"https:\/\/schema.org","@graph":[{"@type":"Article","@id":"https:\/\/nativainfo.com\/?p=4863#article","isPartOf":{"@id":"https:\/\/nativainfo.com\/?p=4863"},"author":{"name":"Nativa Info","@id":"https:\/\/nativainfo.com\/#\/schema\/person\/24893b64a9cd564ddb5d102d36eb4b5c"},"headline":"El Gobernador asisti\u00f3 a la Exposici\u00f3n de Caballos Peruanos de Paso y a los festejos por los 50 a\u00f1os del Hip\u00f3dromo 27 de Abril","datePublished":"2025-06-23T04:05:29+00:00","mainEntityOfPage":{"@id":"https:\/\/nativainfo.com\/?p=4863"},"wordCount":115,"commentCount":0,"publisher":{"@id":"https:\/\/nativainfo.com\/#organization"},"image":{"@id":"https:\/\/nativainfo.com\/?p=4863#primaryimage"},"thumbnailUrl":"http:\/\/nativainfo.com\/wp-content\/uploads\/2025\/06\/imagen_2025-06-23_010518042.png","articleSection":["Noticias"],"inLanguage":"es-AR","potentialAction":[{"@type":"CommentAction","name":"Comment","target":["https:\/\/nativainfo.com\/?p=4863#respond"]}]},{"@type":"WebPage","@id":"https:\/\/nativainfo.com\/?p=4863","url":"https:\/\/nativainfo.com\/?p=4863","name":"El Gobernador asisti\u00f3 a la Exposici\u00f3n de Caballos Peruanos de Paso y a los festejos por los 50 a\u00f1os del Hip\u00f3dromo 27 de Abril - Nativa Info","isPartOf":{"@id":"https:\/\/nativainfo.com\/#website"},"primaryImageOfPage":{"@id":"https:\/\/nativainfo.com\/?p=4863#primaryimage"},"image":{"@id":"https:\/\/nativainfo.com\/?p=4863#primaryimage"},"thumbnailUrl":"http:\/\/nativainfo.com\/wp-content\/uploads\/2025\/06\/imagen_2025-06-23_010518042.png","datePublished":"2025-06-23T04:05:29+00:00","breadcrumb":{"@id":"https:\/\/nativainfo.com\/?p=4863#breadcrumb"},"inLanguage":"es-AR","potentialAction":[{"@type":"ReadAction","target":["https:\/\/nativainfo.com\/?p=4863"]}]},{"@type":"ImageObject","inLanguage":"es-AR","@id":"https:\/\/nativainfo.com\/?p=4863#primaryimage","url":"https:\/\/nativainfo.com\/wp-content\/uploads\/2025\/06\/imagen_2025-06-23_010518042.png","contentUrl":"https:\/\/nativainfo.com\/wp-content\/uploads\/2025\/06\/imagen_2025-06-23_010518042.png","width":1010,"height":567},{"@type":"BreadcrumbList","@id":"https:\/\/nativainfo.com\/?p=4863#breadcrumb","itemListElement":[{"@type":"ListItem","position":1,"name":"Inicio","item":"https:\/\/nativainfo.com\/"},{"@type":"ListItem","position":2,"name":"El Gobernador asisti\u00f3 a la Exposici\u00f3n de Caballos Peruanos de Paso y a los festejos por los 50 a\u00f1os del Hip\u00f3dromo 27 de Abril"}]},{"@type":"WebSite","@id":"https:\/\/nativainfo.com\/#website","url":"https:\/\/nativainfo.com\/","name":"Nativa Info","description":"Diario Digital","publisher":{"@id":"https:\/\/nativainfo.com\/#organization"},"potentialAction":[{"@type":"SearchAction","target":{"@type":"EntryPoint","urlTemplate":"https:\/\/nativainfo.com\/?s={search_term_string}"},"query-input":{"@type":"PropertyValueSpecification","valueRequired":true,"valueName":"search_term_string"}}],"inLanguage":"es-AR"},{"@type":"Organization","@id":"https:\/\/nativainfo.com\/#organization","name":"Nativa Info","url":"https:\/\/nativainfo.com\/","logo":{"@type":"ImageObject","inLanguage":"es-AR","@id":"https:\/\/nativainfo.com\/#\/schema\/logo\/image\/","url":"https:\/\/nativainfo.com\/wp-content\/uploads\/2025\/08\/LOGO-NATIVA-FACE.jpg","contentUrl":"https:\/\/nativainfo.com\/wp-content\/uploads\/2025\/08\/LOGO-NATIVA-FACE.jpg","width":400,"height":400,"caption":"Nativa Info"},"image":{"@id":"https:\/\/nativainfo.com\/#\/schema\/logo\/image\/"},"sameAs":["https:\/\/www.facebook.com\/profile.php?id=61578881597564"]},{"@type":"Person","@id":"https:\/\/nativainfo.com\/#\/schema\/person\/24893b64a9cd564ddb5d102d36eb4b5c","name":"Nativa Info","image":{"@type":"ImageObject","inLanguage":"es-AR","@id":"https:\/\/nativainfo.com\/#\/schema\/person\/image\/","url":"https:\/\/secure.gravatar.com\/avatar\/016fa1cf068d85136d938e1507b9b619cb766e2565cbb1faa1e571762460c785?s=96&d=mm&r=g","contentUrl":"https:\/\/secure.gravatar.com\/avatar\/016fa1cf068d85136d938e1507b9b619cb766e2565cbb1faa1e571762460c785?s=96&d=mm&r=g","caption":"Nativa Info"},"sameAs":["http:\/\/nativainfo.com"],"url":"https:\/\/nativainfo.com\/?author=1"}]}},"jetpack_publicize_connections":[],"_links":{"self":[{"href":"https:\/\/nativainfo.com\/index.php?rest_route=\/wp\/v2\/posts\/4863","targetHints":{"allow":["GET"]}}],"collection":[{"href":"https:\/\/nativainfo.com\/index.php?rest_route=\/wp\/v2\/posts"}],"about":[{"href":"https:\/\/nativainfo.com\/index.php?rest_route=\/wp\/v2\/types\/post"}],"author":[{"embeddable":true,"href":"https:\/\/nativainfo.com\/index.php?rest_route=\/wp\/v2\/users\/1"}],"replies":[{"embeddable":true,"href":"https:\/\/nativainfo.com\/index.php?rest_route=%2Fwp%2Fv2%2Fcomments&post=4863"}],"version-history":[{"count":1,"href":"https:\/\/nativainfo.com\/index.php?rest_route=\/wp\/v2\/posts\/4863\/revisions"}],"predecessor-version":[{"id":4866,"href":"https:\/\/nativainfo.com\/index.php?rest_route=\/wp\/v2\/posts\/4863\/revisions\/4866"}],"wp:attachment":[{"href":"https:\/\/nativainfo.com\/index.php?rest_route=%2Fwp%2Fv2%2Fmedia&parent=4863"}],"wp:term":[{"taxonomy":"category","embeddable":true,"href":"https:\/\/nativainfo.com\/index.php?rest_route=%2Fwp%2Fv2%2Fcategories&post=4863"},{"taxonomy":"post_tag","embeddable":true,"href":"https:\/\/nativainfo.com\/index.php?rest_route=%2Fwp%2Fv2%2Ftags&post=4863"}],"curies":[{"name":"wp","href":"https:\/\/api.w.org\/{rel}","templated":true}]}}