{"id":4856,"date":"2025-06-18T00:31:47","date_gmt":"2025-06-18T03:31:47","guid":{"rendered":"http:\/\/nativainfo.com\/?p=4856"},"modified":"2025-06-18T00:31:48","modified_gmt":"2025-06-18T03:31:48","slug":"la-intendente-fuentes-participo-del-acto-en-homenaje-a-martin-miguel-de-guemes","status":"publish","type":"post","link":"https:\/\/nativainfo.com\/?p=4856","title":{"rendered":"La intendente Fuentes particip\u00f3 del acto en homenaje a Mart\u00edn Miguel de G\u00fcemes"},"content":{"rendered":"\n<p>Norma Fuentes particip\u00f3 del acto por el D\u00eda Nacional de la Libertad Latinoamericana.<\/p>\n\n\n\n<figure class=\"wp-block-image size-full\"><img fetchpriority=\"high\" decoding=\"async\" width=\"1010\" height=\"567\" src=\"http:\/\/nativainfo.com\/wp-content\/uploads\/2025\/06\/imagen_2025-06-18_003124555.png\" alt=\"\" class=\"wp-image-4858\" srcset=\"https:\/\/nativainfo.com\/wp-content\/uploads\/2025\/06\/imagen_2025-06-18_003124555.png 1010w, https:\/\/nativainfo.com\/wp-content\/uploads\/2025\/06\/imagen_2025-06-18_003124555-300x168.png 300w, https:\/\/nativainfo.com\/wp-content\/uploads\/2025\/06\/imagen_2025-06-18_003124555-768x431.png 768w, https:\/\/nativainfo.com\/wp-content\/uploads\/2025\/06\/imagen_2025-06-18_003124555-623x350.png 623w, https:\/\/nativainfo.com\/wp-content\/uploads\/2025\/06\/imagen_2025-06-18_003124555-150x84.png 150w\" sizes=\"(max-width: 1010px) 100vw, 1010px\" \/><\/figure>\n\n\n\n<p>La<strong>&nbsp;intendente de la Capital, Ing. Norma Fuentes<\/strong>, particip\u00f3 junto al vicegobernador, Carlos Silva Neder, del acto por el D\u00eda Nacional de la Libertad Latinoamericana, a 204 a\u00f1os del paso a la inmortalidad del General Mart\u00edn Miguel de G\u00fcemes.<\/p>\n\n\n\n<p>En la ceremonia,&nbsp;<strong>realizada en la plazoleta ubicada en G\u00fcemes y Paran\u00e1<\/strong>, tambi\u00e9n estuvieron presentes el jefe de Gabinete de Ministros, El\u00edas Su\u00e1rez; el ministro de Gobierno, Marcelo Barbur; diputados provinciales; concejales capitalinos y autoridades de la Polic\u00eda de la Provincia, del Ej\u00e9rcito Argentino, de la Gendarmer\u00eda Nacional Argentina y de la Polic\u00eda Federal.<\/p>\n\n\n\n<p>Durante el acto, se enton\u00f3 el Himno Nacional Argentino y el Himno a G\u00fcemes; se realiz\u00f3 un minuto de silencio en honor al H\u00e9roe Gaucho y las autoridades presentes depositaron ofrendas florales al pie del busto del General G\u00fcemes.<\/p>\n\n\n\n<p>Fuente: Diario Panorama<\/p>\n","protected":false},"excerpt":{"rendered":"<p>Norma Fuentes particip\u00f3 del acto por el D\u00eda Nacional de la Libertad Latinoamericana. La&nbsp;intendente de la Capital, Ing. Norma Fuentes,&#8230; <a class=\"continue-reading-link\" href=\"https:\/\/nativainfo.com\/?p=4856\">Continue reading<\/a><\/p>\n","protected":false},"author":1,"featured_media":0,"comment_status":"open","ping_status":"open","sticky":false,"template":"","format":"standard","meta":{"rop_custom_images_group":[],"rop_custom_messages_group":[],"rop_publish_now":"initial","rop_publish_now_accounts":[],"rop_publish_now_history":[],"rop_publish_now_status":"pending","footnotes":"","jetpack_publicize_message":"","jetpack_publicize_feature_enabled":true,"jetpack_social_post_already_shared":false,"jetpack_social_options":{"image_generator_settings":{"template":"highway","default_image_id":0,"font":"","enabled":false},"version":2}},"categories":[8],"tags":[],"class_list":["post-4856","post","type-post","status-publish","format-standard","hentry","category-noticias"],"yoast_head":"<!-- This site is optimized with the Yoast SEO plugin v25.6 - https:\/\/yoast.com\/wordpress\/plugins\/seo\/ -->\n<title>La intendente Fuentes particip\u00f3 del acto en homenaje a Mart\u00edn Miguel de G\u00fcemes - Nativa Info<\/title>\n<meta name=\"robots\" content=\"index, follow, max-snippet:-1, max-image-preview:large, max-video-preview:-1\" \/>\n<link rel=\"canonical\" href=\"https:\/\/nativainfo.com\/?p=4856\" \/>\n<meta property=\"og:locale\" content=\"es_ES\" \/>\n<meta property=\"og:type\" content=\"article\" \/>\n<meta property=\"og:title\" content=\"La intendente Fuentes particip\u00f3 del acto en homenaje a Mart\u00edn Miguel de G\u00fcemes - Nativa Info\" \/>\n<meta property=\"og:description\" content=\"Norma Fuentes particip\u00f3 del acto por el D\u00eda Nacional de la Libertad Latinoamericana. La&nbsp;intendente de la Capital, Ing. Norma Fuentes,... Continue reading\" \/>\n<meta property=\"og:url\" content=\"https:\/\/nativainfo.com\/?p=4856\" \/>\n<meta property=\"og:site_name\" content=\"Nativa Info\" \/>\n<meta property=\"article:publisher\" content=\"https:\/\/www.facebook.com\/profile.php?id=61578881597564\" \/>\n<meta property=\"article:published_time\" content=\"2025-06-18T03:31:47+00:00\" \/>\n<meta property=\"article:modified_time\" content=\"2025-06-18T03:31:48+00:00\" \/>\n<meta property=\"og:image\" content=\"http:\/\/nativainfo.com\/wp-content\/uploads\/2025\/06\/imagen_2025-06-18_003124555.png\" \/>\n<meta name=\"author\" content=\"Nativa Info\" \/>\n<meta name=\"twitter:card\" content=\"summary_large_image\" \/>\n<meta name=\"twitter:label1\" content=\"Escrito por\" \/>\n\t<meta name=\"twitter:data1\" content=\"Nativa Info\" \/>\n\t<meta name=\"twitter:label2\" content=\"Tiempo de lectura\" \/>\n\t<meta name=\"twitter:data2\" content=\"1 minuto\" \/>\n<script type=\"application\/ld+json\" class=\"yoast-schema-graph\">{\"@context\":\"https:\/\/schema.org\",\"@graph\":[{\"@type\":\"Article\",\"@id\":\"https:\/\/nativainfo.com\/?p=4856#article\",\"isPartOf\":{\"@id\":\"https:\/\/nativainfo.com\/?p=4856\"},\"author\":{\"name\":\"Nativa Info\",\"@id\":\"https:\/\/nativainfo.com\/#\/schema\/person\/24893b64a9cd564ddb5d102d36eb4b5c\"},\"headline\":\"La intendente Fuentes particip\u00f3 del acto en homenaje a Mart\u00edn Miguel de G\u00fcemes\",\"datePublished\":\"2025-06-18T03:31:47+00:00\",\"dateModified\":\"2025-06-18T03:31:48+00:00\",\"mainEntityOfPage\":{\"@id\":\"https:\/\/nativainfo.com\/?p=4856\"},\"wordCount\":180,\"commentCount\":0,\"publisher\":{\"@id\":\"https:\/\/nativainfo.com\/#organization\"},\"image\":{\"@id\":\"https:\/\/nativainfo.com\/?p=4856#primaryimage\"},\"thumbnailUrl\":\"http:\/\/nativainfo.com\/wp-content\/uploads\/2025\/06\/imagen_2025-06-18_003124555.png\",\"articleSection\":[\"Noticias\"],\"inLanguage\":\"es-AR\",\"potentialAction\":[{\"@type\":\"CommentAction\",\"name\":\"Comment\",\"target\":[\"https:\/\/nativainfo.com\/?p=4856#respond\"]}]},{\"@type\":\"WebPage\",\"@id\":\"https:\/\/nativainfo.com\/?p=4856\",\"url\":\"https:\/\/nativainfo.com\/?p=4856\",\"name\":\"La intendente Fuentes particip\u00f3 del acto en homenaje a Mart\u00edn Miguel de G\u00fcemes - Nativa Info\",\"isPartOf\":{\"@id\":\"https:\/\/nativainfo.com\/#website\"},\"primaryImageOfPage\":{\"@id\":\"https:\/\/nativainfo.com\/?p=4856#primaryimage\"},\"image\":{\"@id\":\"https:\/\/nativainfo.com\/?p=4856#primaryimage\"},\"thumbnailUrl\":\"http:\/\/nativainfo.com\/wp-content\/uploads\/2025\/06\/imagen_2025-06-18_003124555.png\",\"datePublished\":\"2025-06-18T03:31:47+00:00\",\"dateModified\":\"2025-06-18T03:31:48+00:00\",\"breadcrumb\":{\"@id\":\"https:\/\/nativainfo.com\/?p=4856#breadcrumb\"},\"inLanguage\":\"es-AR\",\"potentialAction\":[{\"@type\":\"ReadAction\",\"target\":[\"https:\/\/nativainfo.com\/?p=4856\"]}]},{\"@type\":\"ImageObject\",\"inLanguage\":\"es-AR\",\"@id\":\"https:\/\/nativainfo.com\/?p=4856#primaryimage\",\"url\":\"https:\/\/nativainfo.com\/wp-content\/uploads\/2025\/06\/imagen_2025-06-18_003124555.png\",\"contentUrl\":\"https:\/\/nativainfo.com\/wp-content\/uploads\/2025\/06\/imagen_2025-06-18_003124555.png\",\"width\":1010,\"height\":567},{\"@type\":\"BreadcrumbList\",\"@id\":\"https:\/\/nativainfo.com\/?p=4856#breadcrumb\",\"itemListElement\":[{\"@type\":\"ListItem\",\"position\":1,\"name\":\"Inicio\",\"item\":\"https:\/\/nativainfo.com\/\"},{\"@type\":\"ListItem\",\"position\":2,\"name\":\"La intendente Fuentes particip\u00f3 del acto en homenaje a Mart\u00edn Miguel de G\u00fcemes\"}]},{\"@type\":\"WebSite\",\"@id\":\"https:\/\/nativainfo.com\/#website\",\"url\":\"https:\/\/nativainfo.com\/\",\"name\":\"Nativa Info\",\"description\":\"Diario Digital\",\"publisher\":{\"@id\":\"https:\/\/nativainfo.com\/#organization\"},\"potentialAction\":[{\"@type\":\"SearchAction\",\"target\":{\"@type\":\"EntryPoint\",\"urlTemplate\":\"https:\/\/nativainfo.com\/?s={search_term_string}\"},\"query-input\":{\"@type\":\"PropertyValueSpecification\",\"valueRequired\":true,\"valueName\":\"search_term_string\"}}],\"inLanguage\":\"es-AR\"},{\"@type\":\"Organization\",\"@id\":\"https:\/\/nativainfo.com\/#organization\",\"name\":\"Nativa Info\",\"url\":\"https:\/\/nativainfo.com\/\",\"logo\":{\"@type\":\"ImageObject\",\"inLanguage\":\"es-AR\",\"@id\":\"https:\/\/nativainfo.com\/#\/schema\/logo\/image\/\",\"url\":\"https:\/\/nativainfo.com\/wp-content\/uploads\/2025\/08\/LOGO-NATIVA-FACE.jpg\",\"contentUrl\":\"https:\/\/nativainfo.com\/wp-content\/uploads\/2025\/08\/LOGO-NATIVA-FACE.jpg\",\"width\":400,\"height\":400,\"caption\":\"Nativa Info\"},\"image\":{\"@id\":\"https:\/\/nativainfo.com\/#\/schema\/logo\/image\/\"},\"sameAs\":[\"https:\/\/www.facebook.com\/profile.php?id=61578881597564\"]},{\"@type\":\"Person\",\"@id\":\"https:\/\/nativainfo.com\/#\/schema\/person\/24893b64a9cd564ddb5d102d36eb4b5c\",\"name\":\"Nativa Info\",\"image\":{\"@type\":\"ImageObject\",\"inLanguage\":\"es-AR\",\"@id\":\"https:\/\/nativainfo.com\/#\/schema\/person\/image\/\",\"url\":\"https:\/\/secure.gravatar.com\/avatar\/016fa1cf068d85136d938e1507b9b619cb766e2565cbb1faa1e571762460c785?s=96&d=mm&r=g\",\"contentUrl\":\"https:\/\/secure.gravatar.com\/avatar\/016fa1cf068d85136d938e1507b9b619cb766e2565cbb1faa1e571762460c785?s=96&d=mm&r=g\",\"caption\":\"Nativa Info\"},\"sameAs\":[\"http:\/\/nativainfo.com\"],\"url\":\"https:\/\/nativainfo.com\/?author=1\"}]}<\/script>\n<!-- \/ Yoast SEO plugin. -->","yoast_head_json":{"title":"La intendente Fuentes particip\u00f3 del acto en homenaje a Mart\u00edn Miguel de G\u00fcemes - Nativa Info","robots":{"index":"index","follow":"follow","max-snippet":"max-snippet:-1","max-image-preview":"max-image-preview:large","max-video-preview":"max-video-preview:-1"},"canonical":"https:\/\/nativainfo.com\/?p=4856","og_locale":"es_ES","og_type":"article","og_title":"La intendente Fuentes particip\u00f3 del acto en homenaje a Mart\u00edn Miguel de G\u00fcemes - Nativa Info","og_description":"Norma Fuentes particip\u00f3 del acto por el D\u00eda Nacional de la Libertad Latinoamericana. La&nbsp;intendente de la Capital, Ing. Norma Fuentes,... Continue reading","og_url":"https:\/\/nativainfo.com\/?p=4856","og_site_name":"Nativa Info","article_publisher":"https:\/\/www.facebook.com\/profile.php?id=61578881597564","article_published_time":"2025-06-18T03:31:47+00:00","article_modified_time":"2025-06-18T03:31:48+00:00","og_image":[{"url":"http:\/\/nativainfo.com\/wp-content\/uploads\/2025\/06\/imagen_2025-06-18_003124555.png","type":"","width":"","height":""}],"author":"Nativa Info","twitter_card":"summary_large_image","twitter_misc":{"Escrito por":"Nativa Info","Tiempo de lectura":"1 minuto"},"schema":{"@context":"https:\/\/schema.org","@graph":[{"@type":"Article","@id":"https:\/\/nativainfo.com\/?p=4856#article","isPartOf":{"@id":"https:\/\/nativainfo.com\/?p=4856"},"author":{"name":"Nativa Info","@id":"https:\/\/nativainfo.com\/#\/schema\/person\/24893b64a9cd564ddb5d102d36eb4b5c"},"headline":"La intendente Fuentes particip\u00f3 del acto en homenaje a Mart\u00edn Miguel de G\u00fcemes","datePublished":"2025-06-18T03:31:47+00:00","dateModified":"2025-06-18T03:31:48+00:00","mainEntityOfPage":{"@id":"https:\/\/nativainfo.com\/?p=4856"},"wordCount":180,"commentCount":0,"publisher":{"@id":"https:\/\/nativainfo.com\/#organization"},"image":{"@id":"https:\/\/nativainfo.com\/?p=4856#primaryimage"},"thumbnailUrl":"http:\/\/nativainfo.com\/wp-content\/uploads\/2025\/06\/imagen_2025-06-18_003124555.png","articleSection":["Noticias"],"inLanguage":"es-AR","potentialAction":[{"@type":"CommentAction","name":"Comment","target":["https:\/\/nativainfo.com\/?p=4856#respond"]}]},{"@type":"WebPage","@id":"https:\/\/nativainfo.com\/?p=4856","url":"https:\/\/nativainfo.com\/?p=4856","name":"La intendente Fuentes particip\u00f3 del acto en homenaje a Mart\u00edn Miguel de G\u00fcemes - Nativa Info","isPartOf":{"@id":"https:\/\/nativainfo.com\/#website"},"primaryImageOfPage":{"@id":"https:\/\/nativainfo.com\/?p=4856#primaryimage"},"image":{"@id":"https:\/\/nativainfo.com\/?p=4856#primaryimage"},"thumbnailUrl":"http:\/\/nativainfo.com\/wp-content\/uploads\/2025\/06\/imagen_2025-06-18_003124555.png","datePublished":"2025-06-18T03:31:47+00:00","dateModified":"2025-06-18T03:31:48+00:00","breadcrumb":{"@id":"https:\/\/nativainfo.com\/?p=4856#breadcrumb"},"inLanguage":"es-AR","potentialAction":[{"@type":"ReadAction","target":["https:\/\/nativainfo.com\/?p=4856"]}]},{"@type":"ImageObject","inLanguage":"es-AR","@id":"https:\/\/nativainfo.com\/?p=4856#primaryimage","url":"https:\/\/nativainfo.com\/wp-content\/uploads\/2025\/06\/imagen_2025-06-18_003124555.png","contentUrl":"https:\/\/nativainfo.com\/wp-content\/uploads\/2025\/06\/imagen_2025-06-18_003124555.png","width":1010,"height":567},{"@type":"BreadcrumbList","@id":"https:\/\/nativainfo.com\/?p=4856#breadcrumb","itemListElement":[{"@type":"ListItem","position":1,"name":"Inicio","item":"https:\/\/nativainfo.com\/"},{"@type":"ListItem","position":2,"name":"La intendente Fuentes particip\u00f3 del acto en homenaje a Mart\u00edn Miguel de G\u00fcemes"}]},{"@type":"WebSite","@id":"https:\/\/nativainfo.com\/#website","url":"https:\/\/nativainfo.com\/","name":"Nativa Info","description":"Diario Digital","publisher":{"@id":"https:\/\/nativainfo.com\/#organization"},"potentialAction":[{"@type":"SearchAction","target":{"@type":"EntryPoint","urlTemplate":"https:\/\/nativainfo.com\/?s={search_term_string}"},"query-input":{"@type":"PropertyValueSpecification","valueRequired":true,"valueName":"search_term_string"}}],"inLanguage":"es-AR"},{"@type":"Organization","@id":"https:\/\/nativainfo.com\/#organization","name":"Nativa Info","url":"https:\/\/nativainfo.com\/","logo":{"@type":"ImageObject","inLanguage":"es-AR","@id":"https:\/\/nativainfo.com\/#\/schema\/logo\/image\/","url":"https:\/\/nativainfo.com\/wp-content\/uploads\/2025\/08\/LOGO-NATIVA-FACE.jpg","contentUrl":"https:\/\/nativainfo.com\/wp-content\/uploads\/2025\/08\/LOGO-NATIVA-FACE.jpg","width":400,"height":400,"caption":"Nativa Info"},"image":{"@id":"https:\/\/nativainfo.com\/#\/schema\/logo\/image\/"},"sameAs":["https:\/\/www.facebook.com\/profile.php?id=61578881597564"]},{"@type":"Person","@id":"https:\/\/nativainfo.com\/#\/schema\/person\/24893b64a9cd564ddb5d102d36eb4b5c","name":"Nativa Info","image":{"@type":"ImageObject","inLanguage":"es-AR","@id":"https:\/\/nativainfo.com\/#\/schema\/person\/image\/","url":"https:\/\/secure.gravatar.com\/avatar\/016fa1cf068d85136d938e1507b9b619cb766e2565cbb1faa1e571762460c785?s=96&d=mm&r=g","contentUrl":"https:\/\/secure.gravatar.com\/avatar\/016fa1cf068d85136d938e1507b9b619cb766e2565cbb1faa1e571762460c785?s=96&d=mm&r=g","caption":"Nativa Info"},"sameAs":["http:\/\/nativainfo.com"],"url":"https:\/\/nativainfo.com\/?author=1"}]}},"jetpack_publicize_connections":[],"_links":{"self":[{"href":"https:\/\/nativainfo.com\/index.php?rest_route=\/wp\/v2\/posts\/4856","targetHints":{"allow":["GET"]}}],"collection":[{"href":"https:\/\/nativainfo.com\/index.php?rest_route=\/wp\/v2\/posts"}],"about":[{"href":"https:\/\/nativainfo.com\/index.php?rest_route=\/wp\/v2\/types\/post"}],"author":[{"embeddable":true,"href":"https:\/\/nativainfo.com\/index.php?rest_route=\/wp\/v2\/users\/1"}],"replies":[{"embeddable":true,"href":"https:\/\/nativainfo.com\/index.php?rest_route=%2Fwp%2Fv2%2Fcomments&post=4856"}],"version-history":[{"count":1,"href":"https:\/\/nativainfo.com\/index.php?rest_route=\/wp\/v2\/posts\/4856\/revisions"}],"predecessor-version":[{"id":4859,"href":"https:\/\/nativainfo.com\/index.php?rest_route=\/wp\/v2\/posts\/4856\/revisions\/4859"}],"wp:attachment":[{"href":"https:\/\/nativainfo.com\/index.php?rest_route=%2Fwp%2Fv2%2Fmedia&parent=4856"}],"wp:term":[{"taxonomy":"category","embeddable":true,"href":"https:\/\/nativainfo.com\/index.php?rest_route=%2Fwp%2Fv2%2Fcategories&post=4856"},{"taxonomy":"post_tag","embeddable":true,"href":"https:\/\/nativainfo.com\/index.php?rest_route=%2Fwp%2Fv2%2Ftags&post=4856"}],"curies":[{"name":"wp","href":"https:\/\/api.w.org\/{rel}","templated":true}]}}