{"id":4808,"date":"2025-05-05T21:59:04","date_gmt":"2025-05-06T00:59:04","guid":{"rendered":"http:\/\/nativainfo.com\/?p=4808"},"modified":"2025-05-05T21:59:05","modified_gmt":"2025-05-06T00:59:05","slug":"uta-santiago-del-estero-confirmo-que-este-martes-los-colectivos-funcionaran-de-manera-normal","status":"publish","type":"post","link":"https:\/\/nativainfo.com\/?p=4808","title":{"rendered":"UTA Santiago del Estero confirm\u00f3 que este martes los colectivos funcionar\u00e1n de manera normal"},"content":{"rendered":"\n<p>As\u00ed lo confirm\u00f3 a Diario Panorama Eduardo Palma, secretario general de UTA Santiago del Estero.<\/p>\n\n\n\n<figure class=\"wp-block-image size-full\"><img fetchpriority=\"high\" decoding=\"async\" width=\"1010\" height=\"567\" src=\"http:\/\/nativainfo.com\/wp-content\/uploads\/2025\/05\/imagen_2025-05-05_215859991.png\" alt=\"\" class=\"wp-image-4811\" srcset=\"https:\/\/nativainfo.com\/wp-content\/uploads\/2025\/05\/imagen_2025-05-05_215859991.png 1010w, https:\/\/nativainfo.com\/wp-content\/uploads\/2025\/05\/imagen_2025-05-05_215859991-300x168.png 300w, https:\/\/nativainfo.com\/wp-content\/uploads\/2025\/05\/imagen_2025-05-05_215859991-768x431.png 768w, https:\/\/nativainfo.com\/wp-content\/uploads\/2025\/05\/imagen_2025-05-05_215859991-623x350.png 623w, https:\/\/nativainfo.com\/wp-content\/uploads\/2025\/05\/imagen_2025-05-05_215859991-150x84.png 150w\" sizes=\"(max-width: 1010px) 100vw, 1010px\" \/><\/figure>\n\n\n\n<p>Luego de que la\u00a0<strong>Uni\u00f3n Tranviarios Automotor (UTA) a nivel nacional<\/strong>\u00a0anunciara un paro de colectivos para este martes 6 de mayo en el AMBA, surgieron dudas en distintas provincias sobre el alcance de la medida. Sin embargo,<strong>\u00a0<\/strong>en<strong>\u00a0Santiago del Estero el servicio se prestar\u00e1 de manera normal<\/strong>.<\/p>\n\n\n\n<p>La aclaraci\u00f3n llega luego de que la conducci\u00f3n nacional del gremio resolviera llevar adelante una huelga en el \u00c1rea Metropolitana de Buenos Aires, tras no alcanzar un acuerdo en la negociaci\u00f3n salarial con las c\u00e1maras empresarias y el Gobierno.<\/p>\n","protected":false},"excerpt":{"rendered":"<p>As\u00ed lo confirm\u00f3 a Diario Panorama Eduardo Palma, secretario general de UTA Santiago del Estero. Luego de que la\u00a0Uni\u00f3n Tranviarios&#8230; <a class=\"continue-reading-link\" href=\"https:\/\/nativainfo.com\/?p=4808\">Continue reading<\/a><\/p>\n","protected":false},"author":1,"featured_media":0,"comment_status":"open","ping_status":"open","sticky":false,"template":"","format":"standard","meta":{"rop_custom_images_group":[],"rop_custom_messages_group":[],"rop_publish_now":"initial","rop_publish_now_accounts":[],"rop_publish_now_history":[],"rop_publish_now_status":"pending","footnotes":"","jetpack_publicize_message":"","jetpack_publicize_feature_enabled":true,"jetpack_social_post_already_shared":false,"jetpack_social_options":{"image_generator_settings":{"template":"highway","default_image_id":0,"font":"","enabled":false},"version":2}},"categories":[8],"tags":[],"class_list":["post-4808","post","type-post","status-publish","format-standard","hentry","category-noticias"],"yoast_head":"<!-- This site is optimized with the Yoast SEO plugin v25.6 - https:\/\/yoast.com\/wordpress\/plugins\/seo\/ -->\n<title>UTA Santiago del Estero confirm\u00f3 que este martes los colectivos funcionar\u00e1n de manera normal - Nativa Info<\/title>\n<meta name=\"robots\" content=\"index, follow, max-snippet:-1, max-image-preview:large, max-video-preview:-1\" \/>\n<link rel=\"canonical\" href=\"https:\/\/nativainfo.com\/?p=4808\" \/>\n<meta property=\"og:locale\" content=\"es_ES\" \/>\n<meta property=\"og:type\" content=\"article\" \/>\n<meta property=\"og:title\" content=\"UTA Santiago del Estero confirm\u00f3 que este martes los colectivos funcionar\u00e1n de manera normal - Nativa Info\" \/>\n<meta property=\"og:description\" content=\"As\u00ed lo confirm\u00f3 a Diario Panorama Eduardo Palma, secretario general de UTA Santiago del Estero. Luego de que la\u00a0Uni\u00f3n Tranviarios... Continue reading\" \/>\n<meta property=\"og:url\" content=\"https:\/\/nativainfo.com\/?p=4808\" \/>\n<meta property=\"og:site_name\" content=\"Nativa Info\" \/>\n<meta property=\"article:publisher\" content=\"https:\/\/www.facebook.com\/profile.php?id=61578881597564\" \/>\n<meta property=\"article:published_time\" content=\"2025-05-06T00:59:04+00:00\" \/>\n<meta property=\"article:modified_time\" content=\"2025-05-06T00:59:05+00:00\" \/>\n<meta property=\"og:image\" content=\"http:\/\/nativainfo.com\/wp-content\/uploads\/2025\/05\/imagen_2025-05-05_215859991.png\" \/>\n<meta name=\"author\" content=\"Nativa Info\" \/>\n<meta name=\"twitter:card\" content=\"summary_large_image\" \/>\n<meta name=\"twitter:label1\" content=\"Escrito por\" \/>\n\t<meta name=\"twitter:data1\" content=\"Nativa Info\" \/>\n\t<meta name=\"twitter:label2\" content=\"Tiempo de lectura\" \/>\n\t<meta name=\"twitter:data2\" content=\"1 minuto\" \/>\n<script type=\"application\/ld+json\" class=\"yoast-schema-graph\">{\"@context\":\"https:\/\/schema.org\",\"@graph\":[{\"@type\":\"Article\",\"@id\":\"https:\/\/nativainfo.com\/?p=4808#article\",\"isPartOf\":{\"@id\":\"https:\/\/nativainfo.com\/?p=4808\"},\"author\":{\"name\":\"Nativa Info\",\"@id\":\"https:\/\/nativainfo.com\/#\/schema\/person\/24893b64a9cd564ddb5d102d36eb4b5c\"},\"headline\":\"UTA Santiago del Estero confirm\u00f3 que este martes los colectivos funcionar\u00e1n de manera normal\",\"datePublished\":\"2025-05-06T00:59:04+00:00\",\"dateModified\":\"2025-05-06T00:59:05+00:00\",\"mainEntityOfPage\":{\"@id\":\"https:\/\/nativainfo.com\/?p=4808\"},\"wordCount\":122,\"commentCount\":0,\"publisher\":{\"@id\":\"https:\/\/nativainfo.com\/#organization\"},\"image\":{\"@id\":\"https:\/\/nativainfo.com\/?p=4808#primaryimage\"},\"thumbnailUrl\":\"http:\/\/nativainfo.com\/wp-content\/uploads\/2025\/05\/imagen_2025-05-05_215859991.png\",\"articleSection\":[\"Noticias\"],\"inLanguage\":\"es-AR\",\"potentialAction\":[{\"@type\":\"CommentAction\",\"name\":\"Comment\",\"target\":[\"https:\/\/nativainfo.com\/?p=4808#respond\"]}]},{\"@type\":\"WebPage\",\"@id\":\"https:\/\/nativainfo.com\/?p=4808\",\"url\":\"https:\/\/nativainfo.com\/?p=4808\",\"name\":\"UTA Santiago del Estero confirm\u00f3 que este martes los colectivos funcionar\u00e1n de manera normal - Nativa Info\",\"isPartOf\":{\"@id\":\"https:\/\/nativainfo.com\/#website\"},\"primaryImageOfPage\":{\"@id\":\"https:\/\/nativainfo.com\/?p=4808#primaryimage\"},\"image\":{\"@id\":\"https:\/\/nativainfo.com\/?p=4808#primaryimage\"},\"thumbnailUrl\":\"http:\/\/nativainfo.com\/wp-content\/uploads\/2025\/05\/imagen_2025-05-05_215859991.png\",\"datePublished\":\"2025-05-06T00:59:04+00:00\",\"dateModified\":\"2025-05-06T00:59:05+00:00\",\"breadcrumb\":{\"@id\":\"https:\/\/nativainfo.com\/?p=4808#breadcrumb\"},\"inLanguage\":\"es-AR\",\"potentialAction\":[{\"@type\":\"ReadAction\",\"target\":[\"https:\/\/nativainfo.com\/?p=4808\"]}]},{\"@type\":\"ImageObject\",\"inLanguage\":\"es-AR\",\"@id\":\"https:\/\/nativainfo.com\/?p=4808#primaryimage\",\"url\":\"https:\/\/nativainfo.com\/wp-content\/uploads\/2025\/05\/imagen_2025-05-05_215859991.png\",\"contentUrl\":\"https:\/\/nativainfo.com\/wp-content\/uploads\/2025\/05\/imagen_2025-05-05_215859991.png\",\"width\":1010,\"height\":567},{\"@type\":\"BreadcrumbList\",\"@id\":\"https:\/\/nativainfo.com\/?p=4808#breadcrumb\",\"itemListElement\":[{\"@type\":\"ListItem\",\"position\":1,\"name\":\"Inicio\",\"item\":\"https:\/\/nativainfo.com\/\"},{\"@type\":\"ListItem\",\"position\":2,\"name\":\"UTA Santiago del Estero confirm\u00f3 que este martes los colectivos funcionar\u00e1n de manera normal\"}]},{\"@type\":\"WebSite\",\"@id\":\"https:\/\/nativainfo.com\/#website\",\"url\":\"https:\/\/nativainfo.com\/\",\"name\":\"Nativa Info\",\"description\":\"Diario Digital\",\"publisher\":{\"@id\":\"https:\/\/nativainfo.com\/#organization\"},\"potentialAction\":[{\"@type\":\"SearchAction\",\"target\":{\"@type\":\"EntryPoint\",\"urlTemplate\":\"https:\/\/nativainfo.com\/?s={search_term_string}\"},\"query-input\":{\"@type\":\"PropertyValueSpecification\",\"valueRequired\":true,\"valueName\":\"search_term_string\"}}],\"inLanguage\":\"es-AR\"},{\"@type\":\"Organization\",\"@id\":\"https:\/\/nativainfo.com\/#organization\",\"name\":\"Nativa Info\",\"url\":\"https:\/\/nativainfo.com\/\",\"logo\":{\"@type\":\"ImageObject\",\"inLanguage\":\"es-AR\",\"@id\":\"https:\/\/nativainfo.com\/#\/schema\/logo\/image\/\",\"url\":\"https:\/\/nativainfo.com\/wp-content\/uploads\/2025\/08\/LOGO-NATIVA-FACE.jpg\",\"contentUrl\":\"https:\/\/nativainfo.com\/wp-content\/uploads\/2025\/08\/LOGO-NATIVA-FACE.jpg\",\"width\":400,\"height\":400,\"caption\":\"Nativa Info\"},\"image\":{\"@id\":\"https:\/\/nativainfo.com\/#\/schema\/logo\/image\/\"},\"sameAs\":[\"https:\/\/www.facebook.com\/profile.php?id=61578881597564\"]},{\"@type\":\"Person\",\"@id\":\"https:\/\/nativainfo.com\/#\/schema\/person\/24893b64a9cd564ddb5d102d36eb4b5c\",\"name\":\"Nativa Info\",\"image\":{\"@type\":\"ImageObject\",\"inLanguage\":\"es-AR\",\"@id\":\"https:\/\/nativainfo.com\/#\/schema\/person\/image\/\",\"url\":\"https:\/\/secure.gravatar.com\/avatar\/016fa1cf068d85136d938e1507b9b619cb766e2565cbb1faa1e571762460c785?s=96&d=mm&r=g\",\"contentUrl\":\"https:\/\/secure.gravatar.com\/avatar\/016fa1cf068d85136d938e1507b9b619cb766e2565cbb1faa1e571762460c785?s=96&d=mm&r=g\",\"caption\":\"Nativa Info\"},\"sameAs\":[\"http:\/\/nativainfo.com\"],\"url\":\"https:\/\/nativainfo.com\/?author=1\"}]}<\/script>\n<!-- \/ Yoast SEO plugin. -->","yoast_head_json":{"title":"UTA Santiago del Estero confirm\u00f3 que este martes los colectivos funcionar\u00e1n de manera normal - Nativa Info","robots":{"index":"index","follow":"follow","max-snippet":"max-snippet:-1","max-image-preview":"max-image-preview:large","max-video-preview":"max-video-preview:-1"},"canonical":"https:\/\/nativainfo.com\/?p=4808","og_locale":"es_ES","og_type":"article","og_title":"UTA Santiago del Estero confirm\u00f3 que este martes los colectivos funcionar\u00e1n de manera normal - Nativa Info","og_description":"As\u00ed lo confirm\u00f3 a Diario Panorama Eduardo Palma, secretario general de UTA Santiago del Estero. Luego de que la\u00a0Uni\u00f3n Tranviarios... Continue reading","og_url":"https:\/\/nativainfo.com\/?p=4808","og_site_name":"Nativa Info","article_publisher":"https:\/\/www.facebook.com\/profile.php?id=61578881597564","article_published_time":"2025-05-06T00:59:04+00:00","article_modified_time":"2025-05-06T00:59:05+00:00","og_image":[{"url":"http:\/\/nativainfo.com\/wp-content\/uploads\/2025\/05\/imagen_2025-05-05_215859991.png","type":"","width":"","height":""}],"author":"Nativa Info","twitter_card":"summary_large_image","twitter_misc":{"Escrito por":"Nativa Info","Tiempo de lectura":"1 minuto"},"schema":{"@context":"https:\/\/schema.org","@graph":[{"@type":"Article","@id":"https:\/\/nativainfo.com\/?p=4808#article","isPartOf":{"@id":"https:\/\/nativainfo.com\/?p=4808"},"author":{"name":"Nativa Info","@id":"https:\/\/nativainfo.com\/#\/schema\/person\/24893b64a9cd564ddb5d102d36eb4b5c"},"headline":"UTA Santiago del Estero confirm\u00f3 que este martes los colectivos funcionar\u00e1n de manera normal","datePublished":"2025-05-06T00:59:04+00:00","dateModified":"2025-05-06T00:59:05+00:00","mainEntityOfPage":{"@id":"https:\/\/nativainfo.com\/?p=4808"},"wordCount":122,"commentCount":0,"publisher":{"@id":"https:\/\/nativainfo.com\/#organization"},"image":{"@id":"https:\/\/nativainfo.com\/?p=4808#primaryimage"},"thumbnailUrl":"http:\/\/nativainfo.com\/wp-content\/uploads\/2025\/05\/imagen_2025-05-05_215859991.png","articleSection":["Noticias"],"inLanguage":"es-AR","potentialAction":[{"@type":"CommentAction","name":"Comment","target":["https:\/\/nativainfo.com\/?p=4808#respond"]}]},{"@type":"WebPage","@id":"https:\/\/nativainfo.com\/?p=4808","url":"https:\/\/nativainfo.com\/?p=4808","name":"UTA Santiago del Estero confirm\u00f3 que este martes los colectivos funcionar\u00e1n de manera normal - Nativa Info","isPartOf":{"@id":"https:\/\/nativainfo.com\/#website"},"primaryImageOfPage":{"@id":"https:\/\/nativainfo.com\/?p=4808#primaryimage"},"image":{"@id":"https:\/\/nativainfo.com\/?p=4808#primaryimage"},"thumbnailUrl":"http:\/\/nativainfo.com\/wp-content\/uploads\/2025\/05\/imagen_2025-05-05_215859991.png","datePublished":"2025-05-06T00:59:04+00:00","dateModified":"2025-05-06T00:59:05+00:00","breadcrumb":{"@id":"https:\/\/nativainfo.com\/?p=4808#breadcrumb"},"inLanguage":"es-AR","potentialAction":[{"@type":"ReadAction","target":["https:\/\/nativainfo.com\/?p=4808"]}]},{"@type":"ImageObject","inLanguage":"es-AR","@id":"https:\/\/nativainfo.com\/?p=4808#primaryimage","url":"https:\/\/nativainfo.com\/wp-content\/uploads\/2025\/05\/imagen_2025-05-05_215859991.png","contentUrl":"https:\/\/nativainfo.com\/wp-content\/uploads\/2025\/05\/imagen_2025-05-05_215859991.png","width":1010,"height":567},{"@type":"BreadcrumbList","@id":"https:\/\/nativainfo.com\/?p=4808#breadcrumb","itemListElement":[{"@type":"ListItem","position":1,"name":"Inicio","item":"https:\/\/nativainfo.com\/"},{"@type":"ListItem","position":2,"name":"UTA Santiago del Estero confirm\u00f3 que este martes los colectivos funcionar\u00e1n de manera normal"}]},{"@type":"WebSite","@id":"https:\/\/nativainfo.com\/#website","url":"https:\/\/nativainfo.com\/","name":"Nativa Info","description":"Diario Digital","publisher":{"@id":"https:\/\/nativainfo.com\/#organization"},"potentialAction":[{"@type":"SearchAction","target":{"@type":"EntryPoint","urlTemplate":"https:\/\/nativainfo.com\/?s={search_term_string}"},"query-input":{"@type":"PropertyValueSpecification","valueRequired":true,"valueName":"search_term_string"}}],"inLanguage":"es-AR"},{"@type":"Organization","@id":"https:\/\/nativainfo.com\/#organization","name":"Nativa Info","url":"https:\/\/nativainfo.com\/","logo":{"@type":"ImageObject","inLanguage":"es-AR","@id":"https:\/\/nativainfo.com\/#\/schema\/logo\/image\/","url":"https:\/\/nativainfo.com\/wp-content\/uploads\/2025\/08\/LOGO-NATIVA-FACE.jpg","contentUrl":"https:\/\/nativainfo.com\/wp-content\/uploads\/2025\/08\/LOGO-NATIVA-FACE.jpg","width":400,"height":400,"caption":"Nativa Info"},"image":{"@id":"https:\/\/nativainfo.com\/#\/schema\/logo\/image\/"},"sameAs":["https:\/\/www.facebook.com\/profile.php?id=61578881597564"]},{"@type":"Person","@id":"https:\/\/nativainfo.com\/#\/schema\/person\/24893b64a9cd564ddb5d102d36eb4b5c","name":"Nativa Info","image":{"@type":"ImageObject","inLanguage":"es-AR","@id":"https:\/\/nativainfo.com\/#\/schema\/person\/image\/","url":"https:\/\/secure.gravatar.com\/avatar\/016fa1cf068d85136d938e1507b9b619cb766e2565cbb1faa1e571762460c785?s=96&d=mm&r=g","contentUrl":"https:\/\/secure.gravatar.com\/avatar\/016fa1cf068d85136d938e1507b9b619cb766e2565cbb1faa1e571762460c785?s=96&d=mm&r=g","caption":"Nativa Info"},"sameAs":["http:\/\/nativainfo.com"],"url":"https:\/\/nativainfo.com\/?author=1"}]}},"jetpack_publicize_connections":[],"_links":{"self":[{"href":"https:\/\/nativainfo.com\/index.php?rest_route=\/wp\/v2\/posts\/4808","targetHints":{"allow":["GET"]}}],"collection":[{"href":"https:\/\/nativainfo.com\/index.php?rest_route=\/wp\/v2\/posts"}],"about":[{"href":"https:\/\/nativainfo.com\/index.php?rest_route=\/wp\/v2\/types\/post"}],"author":[{"embeddable":true,"href":"https:\/\/nativainfo.com\/index.php?rest_route=\/wp\/v2\/users\/1"}],"replies":[{"embeddable":true,"href":"https:\/\/nativainfo.com\/index.php?rest_route=%2Fwp%2Fv2%2Fcomments&post=4808"}],"version-history":[{"count":1,"href":"https:\/\/nativainfo.com\/index.php?rest_route=\/wp\/v2\/posts\/4808\/revisions"}],"predecessor-version":[{"id":4812,"href":"https:\/\/nativainfo.com\/index.php?rest_route=\/wp\/v2\/posts\/4808\/revisions\/4812"}],"wp:attachment":[{"href":"https:\/\/nativainfo.com\/index.php?rest_route=%2Fwp%2Fv2%2Fmedia&parent=4808"}],"wp:term":[{"taxonomy":"category","embeddable":true,"href":"https:\/\/nativainfo.com\/index.php?rest_route=%2Fwp%2Fv2%2Fcategories&post=4808"},{"taxonomy":"post_tag","embeddable":true,"href":"https:\/\/nativainfo.com\/index.php?rest_route=%2Fwp%2Fv2%2Ftags&post=4808"}],"curies":[{"name":"wp","href":"https:\/\/api.w.org\/{rel}","templated":true}]}}