{"id":4807,"date":"2025-05-05T21:58:23","date_gmt":"2025-05-06T00:58:23","guid":{"rendered":"http:\/\/nativainfo.com\/?p=4807"},"modified":"2025-05-05T21:58:23","modified_gmt":"2025-05-06T00:58:23","slug":"el-regreso-de-franco-colapinto-a-la-formula-1-seria-anunciado-la-semana-que-viene","status":"publish","type":"post","link":"https:\/\/nativainfo.com\/?p=4807","title":{"rendered":"El regreso de Franco Colapinto a la F\u00f3rmula 1 ser\u00eda anunciado la semana que viene"},"content":{"rendered":"\n<p>Todo indica que el argentino estar\u00e1 en el Gran Premio de Imola, el pr\u00f3ximo 18 de mayo. Las malas actuaciones de Jack Doohan habr\u00edan obligado a las autoridades del equipo Alpine a decidir el reemplazo.<\/p>\n\n\n\n<figure class=\"wp-block-image size-full\"><img fetchpriority=\"high\" decoding=\"async\" width=\"1010\" height=\"567\" src=\"http:\/\/nativainfo.com\/wp-content\/uploads\/2025\/05\/imagen_2025-05-05_215817953.png\" alt=\"\" class=\"wp-image-4809\" srcset=\"https:\/\/nativainfo.com\/wp-content\/uploads\/2025\/05\/imagen_2025-05-05_215817953.png 1010w, https:\/\/nativainfo.com\/wp-content\/uploads\/2025\/05\/imagen_2025-05-05_215817953-300x168.png 300w, https:\/\/nativainfo.com\/wp-content\/uploads\/2025\/05\/imagen_2025-05-05_215817953-768x431.png 768w, https:\/\/nativainfo.com\/wp-content\/uploads\/2025\/05\/imagen_2025-05-05_215817953-623x350.png 623w, https:\/\/nativainfo.com\/wp-content\/uploads\/2025\/05\/imagen_2025-05-05_215817953-150x84.png 150w\" sizes=\"(max-width: 1010px) 100vw, 1010px\" \/><\/figure>\n\n\n\n<p>Luego de otro abandono antes de cumplir la primera vuelta de Doohan,\u00a0<strong>la suspensi\u00f3n de la rueda de prensa del jefe del equipo, Oliver Oakes, y la sugestiva respuesta del asesor ejecutivo del team franc\u00e9s, Flavio Briatore, en la noche de Miami le habr\u00edan comunicado al piloto australiano que estaba abajo<\/strong>.\u00a0<em>\u201cUna imagen vale m\u00e1s que mil palabras\u201d<\/em>, afirma el conocido refr\u00e1n, y la foto de Doohan que poste\u00f3 Alpine en sus redes sociales fue contundente: alguien abatido y con matices de despedida.<\/p>\n\n\n\n<p><strong>Seg\u00fan informa Infobae, en los pr\u00f3ximos d\u00edas llegar\u00eda el esperado anuncio del ascenso como titular de Colapinto<\/strong>\u00a0quien, seg\u00fan Motorsport Italia, este mi\u00e9rcoles llevar\u00eda a cabo otro test TPC (Test Previous Cars) en Silverstone, con un A523; el mismo circuito donde hace 75 a\u00f1os la F1 corri\u00f3 su primera carrera y donde Franco tuvo su bautismo en un fin de semana oficial de Gran Premio, el 5 de julio de 2024, en la pr\u00e1ctica libre 1 a bordo de un Williams FW 46.<\/p>\n","protected":false},"excerpt":{"rendered":"<p>Todo indica que el argentino estar\u00e1 en el Gran Premio de Imola, el pr\u00f3ximo 18 de mayo. Las malas actuaciones&#8230; <a class=\"continue-reading-link\" href=\"https:\/\/nativainfo.com\/?p=4807\">Continue reading<\/a><\/p>\n","protected":false},"author":1,"featured_media":0,"comment_status":"open","ping_status":"open","sticky":false,"template":"","format":"standard","meta":{"rop_custom_images_group":[],"rop_custom_messages_group":[],"rop_publish_now":"initial","rop_publish_now_accounts":[],"rop_publish_now_history":[],"rop_publish_now_status":"pending","footnotes":"","jetpack_publicize_message":"","jetpack_publicize_feature_enabled":true,"jetpack_social_post_already_shared":false,"jetpack_social_options":{"image_generator_settings":{"template":"highway","default_image_id":0,"font":"","enabled":false},"version":2}},"categories":[75],"tags":[],"class_list":["post-4807","post","type-post","status-publish","format-standard","hentry","category-formula-1-2"],"yoast_head":"<!-- This site is optimized with the Yoast SEO plugin v25.6 - https:\/\/yoast.com\/wordpress\/plugins\/seo\/ -->\n<title>El regreso de Franco Colapinto a la F\u00f3rmula 1 ser\u00eda anunciado la semana que viene - Nativa Info<\/title>\n<meta name=\"robots\" content=\"index, follow, max-snippet:-1, max-image-preview:large, max-video-preview:-1\" \/>\n<link rel=\"canonical\" href=\"https:\/\/nativainfo.com\/?p=4807\" \/>\n<meta property=\"og:locale\" content=\"es_ES\" \/>\n<meta property=\"og:type\" content=\"article\" \/>\n<meta property=\"og:title\" content=\"El regreso de Franco Colapinto a la F\u00f3rmula 1 ser\u00eda anunciado la semana que viene - Nativa Info\" \/>\n<meta property=\"og:description\" content=\"Todo indica que el argentino estar\u00e1 en el Gran Premio de Imola, el pr\u00f3ximo 18 de mayo. Las malas actuaciones... Continue reading\" \/>\n<meta property=\"og:url\" content=\"https:\/\/nativainfo.com\/?p=4807\" \/>\n<meta property=\"og:site_name\" content=\"Nativa Info\" \/>\n<meta property=\"article:publisher\" content=\"https:\/\/www.facebook.com\/profile.php?id=61578881597564\" \/>\n<meta property=\"article:published_time\" content=\"2025-05-06T00:58:23+00:00\" \/>\n<meta property=\"og:image\" content=\"http:\/\/nativainfo.com\/wp-content\/uploads\/2025\/05\/imagen_2025-05-05_215817953.png\" \/>\n<meta name=\"author\" content=\"Nativa Info\" \/>\n<meta name=\"twitter:card\" content=\"summary_large_image\" \/>\n<meta name=\"twitter:label1\" content=\"Escrito por\" \/>\n\t<meta name=\"twitter:data1\" content=\"Nativa Info\" \/>\n\t<meta name=\"twitter:label2\" content=\"Tiempo de lectura\" \/>\n\t<meta name=\"twitter:data2\" content=\"1 minuto\" \/>\n<script type=\"application\/ld+json\" class=\"yoast-schema-graph\">{\"@context\":\"https:\/\/schema.org\",\"@graph\":[{\"@type\":\"Article\",\"@id\":\"https:\/\/nativainfo.com\/?p=4807#article\",\"isPartOf\":{\"@id\":\"https:\/\/nativainfo.com\/?p=4807\"},\"author\":{\"name\":\"Nativa Info\",\"@id\":\"https:\/\/nativainfo.com\/#\/schema\/person\/24893b64a9cd564ddb5d102d36eb4b5c\"},\"headline\":\"El regreso de Franco Colapinto a la F\u00f3rmula 1 ser\u00eda anunciado la semana que viene\",\"datePublished\":\"2025-05-06T00:58:23+00:00\",\"mainEntityOfPage\":{\"@id\":\"https:\/\/nativainfo.com\/?p=4807\"},\"wordCount\":227,\"commentCount\":0,\"publisher\":{\"@id\":\"https:\/\/nativainfo.com\/#organization\"},\"image\":{\"@id\":\"https:\/\/nativainfo.com\/?p=4807#primaryimage\"},\"thumbnailUrl\":\"http:\/\/nativainfo.com\/wp-content\/uploads\/2025\/05\/imagen_2025-05-05_215817953.png\",\"articleSection\":[\"F\u00f3rmula 1\"],\"inLanguage\":\"es-AR\",\"potentialAction\":[{\"@type\":\"CommentAction\",\"name\":\"Comment\",\"target\":[\"https:\/\/nativainfo.com\/?p=4807#respond\"]}]},{\"@type\":\"WebPage\",\"@id\":\"https:\/\/nativainfo.com\/?p=4807\",\"url\":\"https:\/\/nativainfo.com\/?p=4807\",\"name\":\"El regreso de Franco Colapinto a la F\u00f3rmula 1 ser\u00eda anunciado la semana que viene - Nativa Info\",\"isPartOf\":{\"@id\":\"https:\/\/nativainfo.com\/#website\"},\"primaryImageOfPage\":{\"@id\":\"https:\/\/nativainfo.com\/?p=4807#primaryimage\"},\"image\":{\"@id\":\"https:\/\/nativainfo.com\/?p=4807#primaryimage\"},\"thumbnailUrl\":\"http:\/\/nativainfo.com\/wp-content\/uploads\/2025\/05\/imagen_2025-05-05_215817953.png\",\"datePublished\":\"2025-05-06T00:58:23+00:00\",\"breadcrumb\":{\"@id\":\"https:\/\/nativainfo.com\/?p=4807#breadcrumb\"},\"inLanguage\":\"es-AR\",\"potentialAction\":[{\"@type\":\"ReadAction\",\"target\":[\"https:\/\/nativainfo.com\/?p=4807\"]}]},{\"@type\":\"ImageObject\",\"inLanguage\":\"es-AR\",\"@id\":\"https:\/\/nativainfo.com\/?p=4807#primaryimage\",\"url\":\"https:\/\/nativainfo.com\/wp-content\/uploads\/2025\/05\/imagen_2025-05-05_215817953.png\",\"contentUrl\":\"https:\/\/nativainfo.com\/wp-content\/uploads\/2025\/05\/imagen_2025-05-05_215817953.png\",\"width\":1010,\"height\":567},{\"@type\":\"BreadcrumbList\",\"@id\":\"https:\/\/nativainfo.com\/?p=4807#breadcrumb\",\"itemListElement\":[{\"@type\":\"ListItem\",\"position\":1,\"name\":\"Inicio\",\"item\":\"https:\/\/nativainfo.com\/\"},{\"@type\":\"ListItem\",\"position\":2,\"name\":\"El regreso de Franco Colapinto a la F\u00f3rmula 1 ser\u00eda anunciado la semana que viene\"}]},{\"@type\":\"WebSite\",\"@id\":\"https:\/\/nativainfo.com\/#website\",\"url\":\"https:\/\/nativainfo.com\/\",\"name\":\"Nativa Info\",\"description\":\"Diario Digital\",\"publisher\":{\"@id\":\"https:\/\/nativainfo.com\/#organization\"},\"potentialAction\":[{\"@type\":\"SearchAction\",\"target\":{\"@type\":\"EntryPoint\",\"urlTemplate\":\"https:\/\/nativainfo.com\/?s={search_term_string}\"},\"query-input\":{\"@type\":\"PropertyValueSpecification\",\"valueRequired\":true,\"valueName\":\"search_term_string\"}}],\"inLanguage\":\"es-AR\"},{\"@type\":\"Organization\",\"@id\":\"https:\/\/nativainfo.com\/#organization\",\"name\":\"Nativa Info\",\"url\":\"https:\/\/nativainfo.com\/\",\"logo\":{\"@type\":\"ImageObject\",\"inLanguage\":\"es-AR\",\"@id\":\"https:\/\/nativainfo.com\/#\/schema\/logo\/image\/\",\"url\":\"https:\/\/nativainfo.com\/wp-content\/uploads\/2025\/08\/LOGO-NATIVA-FACE.jpg\",\"contentUrl\":\"https:\/\/nativainfo.com\/wp-content\/uploads\/2025\/08\/LOGO-NATIVA-FACE.jpg\",\"width\":400,\"height\":400,\"caption\":\"Nativa Info\"},\"image\":{\"@id\":\"https:\/\/nativainfo.com\/#\/schema\/logo\/image\/\"},\"sameAs\":[\"https:\/\/www.facebook.com\/profile.php?id=61578881597564\"]},{\"@type\":\"Person\",\"@id\":\"https:\/\/nativainfo.com\/#\/schema\/person\/24893b64a9cd564ddb5d102d36eb4b5c\",\"name\":\"Nativa Info\",\"image\":{\"@type\":\"ImageObject\",\"inLanguage\":\"es-AR\",\"@id\":\"https:\/\/nativainfo.com\/#\/schema\/person\/image\/\",\"url\":\"https:\/\/secure.gravatar.com\/avatar\/016fa1cf068d85136d938e1507b9b619cb766e2565cbb1faa1e571762460c785?s=96&d=mm&r=g\",\"contentUrl\":\"https:\/\/secure.gravatar.com\/avatar\/016fa1cf068d85136d938e1507b9b619cb766e2565cbb1faa1e571762460c785?s=96&d=mm&r=g\",\"caption\":\"Nativa Info\"},\"sameAs\":[\"http:\/\/nativainfo.com\"],\"url\":\"https:\/\/nativainfo.com\/?author=1\"}]}<\/script>\n<!-- \/ Yoast SEO plugin. -->","yoast_head_json":{"title":"El regreso de Franco Colapinto a la F\u00f3rmula 1 ser\u00eda anunciado la semana que viene - Nativa Info","robots":{"index":"index","follow":"follow","max-snippet":"max-snippet:-1","max-image-preview":"max-image-preview:large","max-video-preview":"max-video-preview:-1"},"canonical":"https:\/\/nativainfo.com\/?p=4807","og_locale":"es_ES","og_type":"article","og_title":"El regreso de Franco Colapinto a la F\u00f3rmula 1 ser\u00eda anunciado la semana que viene - Nativa Info","og_description":"Todo indica que el argentino estar\u00e1 en el Gran Premio de Imola, el pr\u00f3ximo 18 de mayo. Las malas actuaciones... Continue reading","og_url":"https:\/\/nativainfo.com\/?p=4807","og_site_name":"Nativa Info","article_publisher":"https:\/\/www.facebook.com\/profile.php?id=61578881597564","article_published_time":"2025-05-06T00:58:23+00:00","og_image":[{"url":"http:\/\/nativainfo.com\/wp-content\/uploads\/2025\/05\/imagen_2025-05-05_215817953.png","type":"","width":"","height":""}],"author":"Nativa Info","twitter_card":"summary_large_image","twitter_misc":{"Escrito por":"Nativa Info","Tiempo de lectura":"1 minuto"},"schema":{"@context":"https:\/\/schema.org","@graph":[{"@type":"Article","@id":"https:\/\/nativainfo.com\/?p=4807#article","isPartOf":{"@id":"https:\/\/nativainfo.com\/?p=4807"},"author":{"name":"Nativa Info","@id":"https:\/\/nativainfo.com\/#\/schema\/person\/24893b64a9cd564ddb5d102d36eb4b5c"},"headline":"El regreso de Franco Colapinto a la F\u00f3rmula 1 ser\u00eda anunciado la semana que viene","datePublished":"2025-05-06T00:58:23+00:00","mainEntityOfPage":{"@id":"https:\/\/nativainfo.com\/?p=4807"},"wordCount":227,"commentCount":0,"publisher":{"@id":"https:\/\/nativainfo.com\/#organization"},"image":{"@id":"https:\/\/nativainfo.com\/?p=4807#primaryimage"},"thumbnailUrl":"http:\/\/nativainfo.com\/wp-content\/uploads\/2025\/05\/imagen_2025-05-05_215817953.png","articleSection":["F\u00f3rmula 1"],"inLanguage":"es-AR","potentialAction":[{"@type":"CommentAction","name":"Comment","target":["https:\/\/nativainfo.com\/?p=4807#respond"]}]},{"@type":"WebPage","@id":"https:\/\/nativainfo.com\/?p=4807","url":"https:\/\/nativainfo.com\/?p=4807","name":"El regreso de Franco Colapinto a la F\u00f3rmula 1 ser\u00eda anunciado la semana que viene - Nativa Info","isPartOf":{"@id":"https:\/\/nativainfo.com\/#website"},"primaryImageOfPage":{"@id":"https:\/\/nativainfo.com\/?p=4807#primaryimage"},"image":{"@id":"https:\/\/nativainfo.com\/?p=4807#primaryimage"},"thumbnailUrl":"http:\/\/nativainfo.com\/wp-content\/uploads\/2025\/05\/imagen_2025-05-05_215817953.png","datePublished":"2025-05-06T00:58:23+00:00","breadcrumb":{"@id":"https:\/\/nativainfo.com\/?p=4807#breadcrumb"},"inLanguage":"es-AR","potentialAction":[{"@type":"ReadAction","target":["https:\/\/nativainfo.com\/?p=4807"]}]},{"@type":"ImageObject","inLanguage":"es-AR","@id":"https:\/\/nativainfo.com\/?p=4807#primaryimage","url":"https:\/\/nativainfo.com\/wp-content\/uploads\/2025\/05\/imagen_2025-05-05_215817953.png","contentUrl":"https:\/\/nativainfo.com\/wp-content\/uploads\/2025\/05\/imagen_2025-05-05_215817953.png","width":1010,"height":567},{"@type":"BreadcrumbList","@id":"https:\/\/nativainfo.com\/?p=4807#breadcrumb","itemListElement":[{"@type":"ListItem","position":1,"name":"Inicio","item":"https:\/\/nativainfo.com\/"},{"@type":"ListItem","position":2,"name":"El regreso de Franco Colapinto a la F\u00f3rmula 1 ser\u00eda anunciado la semana que viene"}]},{"@type":"WebSite","@id":"https:\/\/nativainfo.com\/#website","url":"https:\/\/nativainfo.com\/","name":"Nativa Info","description":"Diario Digital","publisher":{"@id":"https:\/\/nativainfo.com\/#organization"},"potentialAction":[{"@type":"SearchAction","target":{"@type":"EntryPoint","urlTemplate":"https:\/\/nativainfo.com\/?s={search_term_string}"},"query-input":{"@type":"PropertyValueSpecification","valueRequired":true,"valueName":"search_term_string"}}],"inLanguage":"es-AR"},{"@type":"Organization","@id":"https:\/\/nativainfo.com\/#organization","name":"Nativa Info","url":"https:\/\/nativainfo.com\/","logo":{"@type":"ImageObject","inLanguage":"es-AR","@id":"https:\/\/nativainfo.com\/#\/schema\/logo\/image\/","url":"https:\/\/nativainfo.com\/wp-content\/uploads\/2025\/08\/LOGO-NATIVA-FACE.jpg","contentUrl":"https:\/\/nativainfo.com\/wp-content\/uploads\/2025\/08\/LOGO-NATIVA-FACE.jpg","width":400,"height":400,"caption":"Nativa Info"},"image":{"@id":"https:\/\/nativainfo.com\/#\/schema\/logo\/image\/"},"sameAs":["https:\/\/www.facebook.com\/profile.php?id=61578881597564"]},{"@type":"Person","@id":"https:\/\/nativainfo.com\/#\/schema\/person\/24893b64a9cd564ddb5d102d36eb4b5c","name":"Nativa Info","image":{"@type":"ImageObject","inLanguage":"es-AR","@id":"https:\/\/nativainfo.com\/#\/schema\/person\/image\/","url":"https:\/\/secure.gravatar.com\/avatar\/016fa1cf068d85136d938e1507b9b619cb766e2565cbb1faa1e571762460c785?s=96&d=mm&r=g","contentUrl":"https:\/\/secure.gravatar.com\/avatar\/016fa1cf068d85136d938e1507b9b619cb766e2565cbb1faa1e571762460c785?s=96&d=mm&r=g","caption":"Nativa Info"},"sameAs":["http:\/\/nativainfo.com"],"url":"https:\/\/nativainfo.com\/?author=1"}]}},"jetpack_publicize_connections":[],"_links":{"self":[{"href":"https:\/\/nativainfo.com\/index.php?rest_route=\/wp\/v2\/posts\/4807","targetHints":{"allow":["GET"]}}],"collection":[{"href":"https:\/\/nativainfo.com\/index.php?rest_route=\/wp\/v2\/posts"}],"about":[{"href":"https:\/\/nativainfo.com\/index.php?rest_route=\/wp\/v2\/types\/post"}],"author":[{"embeddable":true,"href":"https:\/\/nativainfo.com\/index.php?rest_route=\/wp\/v2\/users\/1"}],"replies":[{"embeddable":true,"href":"https:\/\/nativainfo.com\/index.php?rest_route=%2Fwp%2Fv2%2Fcomments&post=4807"}],"version-history":[{"count":1,"href":"https:\/\/nativainfo.com\/index.php?rest_route=\/wp\/v2\/posts\/4807\/revisions"}],"predecessor-version":[{"id":4810,"href":"https:\/\/nativainfo.com\/index.php?rest_route=\/wp\/v2\/posts\/4807\/revisions\/4810"}],"wp:attachment":[{"href":"https:\/\/nativainfo.com\/index.php?rest_route=%2Fwp%2Fv2%2Fmedia&parent=4807"}],"wp:term":[{"taxonomy":"category","embeddable":true,"href":"https:\/\/nativainfo.com\/index.php?rest_route=%2Fwp%2Fv2%2Fcategories&post=4807"},{"taxonomy":"post_tag","embeddable":true,"href":"https:\/\/nativainfo.com\/index.php?rest_route=%2Fwp%2Fv2%2Ftags&post=4807"}],"curies":[{"name":"wp","href":"https:\/\/api.w.org\/{rel}","templated":true}]}}