{"id":479,"date":"2020-08-10T08:16:37","date_gmt":"2020-08-10T11:16:37","guid":{"rendered":"https:\/\/nativainfo.com\/?p=479"},"modified":"2020-08-10T08:16:40","modified_gmt":"2020-08-10T11:16:40","slug":"san-juan-la-primera-provincia-en-volver-a-clases-como-es-el-protocolo-que-se-aplicara-desde-hoy","status":"publish","type":"post","link":"https:\/\/nativainfo.com\/?p=479","title":{"rendered":"San Juan, la primera provincia en volver a clases: c\u00f3mo es el protocolo que se aplicar\u00e1 desde hoy"},"content":{"rendered":"\n<figure class=\"wp-block-image size-large\"><img fetchpriority=\"high\" decoding=\"async\" width=\"420\" height=\"236\" src=\"https:\/\/nativainfo.com\/wp-content\/uploads\/2020\/08\/img_6865.jpg\" alt=\"\" class=\"wp-image-478\" srcset=\"https:\/\/nativainfo.com\/wp-content\/uploads\/2020\/08\/img_6865.jpg 420w, https:\/\/nativainfo.com\/wp-content\/uploads\/2020\/08\/img_6865-300x169.jpg 300w, https:\/\/nativainfo.com\/wp-content\/uploads\/2020\/08\/img_6865-150x84.jpg 150w\" sizes=\"(max-width: 420px) 100vw, 420px\" \/><\/figure>\n\n\n\n<p class=\"font_tertiary paragraph\"><br class=\"Apple-interchange-newline\" \/>Tras varios meses en los que las escuelas de esta provincia permanecieron cerradas como consecuencia de la pandemia del coronavirus, m\u00e1s de 10.000 alumnos vuelven hoy a clases en 14 departamentos de San Juan, luego de que estos establecimientos se adaptaran para funcionar bajo el modelo de \u201caulas burbuja\u201d.<\/p>\n\n\n\n<p class=\"font_tertiary paragraph\">As\u00ed lo hab\u00edan acordado el gobernador local, <strong>Sergio U\u00f1ac<\/strong>, y el ministro de Educaci\u00f3n de la Naci\u00f3n, <strong>Nicol\u00e1s Trotta<\/strong>, durante una reuni\u00f3n virtual que mantuvieron d\u00edas atr\u00e1s, en la que se ultimaron los detalles para que este lunes regresara el ciclo lectivo de forma presencial, siendo el primer lugar en la Argentina donde ocurre esto<\/p>\n\n\n\n<p>-Fuente: Infobae-<\/p>\n","protected":false},"excerpt":{"rendered":"<p>Tras varios meses en los que las escuelas de esta provincia permanecieron cerradas como consecuencia de la pandemia del coronavirus,&#8230; <a class=\"continue-reading-link\" href=\"https:\/\/nativainfo.com\/?p=479\">Continue reading<\/a><\/p>\n","protected":false},"author":1,"featured_media":0,"comment_status":"open","ping_status":"open","sticky":false,"template":"","format":"standard","meta":{"rop_custom_images_group":[],"rop_custom_messages_group":[],"rop_publish_now":"initial","rop_publish_now_accounts":[],"rop_publish_now_history":[],"rop_publish_now_status":"pending","footnotes":"","jetpack_publicize_message":"","jetpack_publicize_feature_enabled":true,"jetpack_social_post_already_shared":false,"jetpack_social_options":{"image_generator_settings":{"template":"highway","default_image_id":0,"font":"","enabled":false},"version":2}},"categories":[24,9],"tags":[],"class_list":["post-479","post","type-post","status-publish","format-standard","hentry","category-educacion","category-pais"],"yoast_head":"<!-- This site is optimized with the Yoast SEO plugin v25.6 - https:\/\/yoast.com\/wordpress\/plugins\/seo\/ -->\n<title>San Juan, la primera provincia en volver a clases: c\u00f3mo es el protocolo que se aplicar\u00e1 desde hoy - Nativa Info<\/title>\n<meta name=\"robots\" content=\"index, follow, max-snippet:-1, max-image-preview:large, max-video-preview:-1\" \/>\n<link rel=\"canonical\" href=\"https:\/\/nativainfo.com\/?p=479\" \/>\n<meta property=\"og:locale\" content=\"es_ES\" \/>\n<meta property=\"og:type\" content=\"article\" \/>\n<meta property=\"og:title\" content=\"San Juan, la primera provincia en volver a clases: c\u00f3mo es el protocolo que se aplicar\u00e1 desde hoy - Nativa Info\" \/>\n<meta property=\"og:description\" content=\"Tras varios meses en los que las escuelas de esta provincia permanecieron cerradas como consecuencia de la pandemia del coronavirus,... Continue reading\" \/>\n<meta property=\"og:url\" content=\"https:\/\/nativainfo.com\/?p=479\" \/>\n<meta property=\"og:site_name\" content=\"Nativa Info\" \/>\n<meta property=\"article:publisher\" content=\"https:\/\/www.facebook.com\/profile.php?id=61578881597564\" \/>\n<meta property=\"article:published_time\" content=\"2020-08-10T11:16:37+00:00\" \/>\n<meta property=\"article:modified_time\" content=\"2020-08-10T11:16:40+00:00\" \/>\n<meta property=\"og:image\" content=\"https:\/\/nativainfo.com\/wp-content\/uploads\/2020\/08\/img_6865.jpg\" \/>\n<meta name=\"author\" content=\"Nativa Info\" \/>\n<meta name=\"twitter:card\" content=\"summary_large_image\" \/>\n<meta name=\"twitter:label1\" content=\"Escrito por\" \/>\n\t<meta name=\"twitter:data1\" content=\"Nativa Info\" \/>\n\t<meta name=\"twitter:label2\" content=\"Tiempo de lectura\" \/>\n\t<meta name=\"twitter:data2\" content=\"1 minuto\" \/>\n<script type=\"application\/ld+json\" class=\"yoast-schema-graph\">{\"@context\":\"https:\/\/schema.org\",\"@graph\":[{\"@type\":\"Article\",\"@id\":\"https:\/\/nativainfo.com\/?p=479#article\",\"isPartOf\":{\"@id\":\"https:\/\/nativainfo.com\/?p=479\"},\"author\":{\"name\":\"Nativa Info\",\"@id\":\"https:\/\/nativainfo.com\/#\/schema\/person\/24893b64a9cd564ddb5d102d36eb4b5c\"},\"headline\":\"San Juan, la primera provincia en volver a clases: c\u00f3mo es el protocolo que se aplicar\u00e1 desde hoy\",\"datePublished\":\"2020-08-10T11:16:37+00:00\",\"dateModified\":\"2020-08-10T11:16:40+00:00\",\"mainEntityOfPage\":{\"@id\":\"https:\/\/nativainfo.com\/?p=479\"},\"wordCount\":132,\"commentCount\":0,\"publisher\":{\"@id\":\"https:\/\/nativainfo.com\/#organization\"},\"image\":{\"@id\":\"https:\/\/nativainfo.com\/?p=479#primaryimage\"},\"thumbnailUrl\":\"https:\/\/nativainfo.com\/wp-content\/uploads\/2020\/08\/img_6865.jpg\",\"articleSection\":[\"Educaci\u00f3n\",\"Pa\u00eds\"],\"inLanguage\":\"es-AR\",\"potentialAction\":[{\"@type\":\"CommentAction\",\"name\":\"Comment\",\"target\":[\"https:\/\/nativainfo.com\/?p=479#respond\"]}]},{\"@type\":\"WebPage\",\"@id\":\"https:\/\/nativainfo.com\/?p=479\",\"url\":\"https:\/\/nativainfo.com\/?p=479\",\"name\":\"San Juan, la primera provincia en volver a clases: c\u00f3mo es el protocolo que se aplicar\u00e1 desde hoy - Nativa Info\",\"isPartOf\":{\"@id\":\"https:\/\/nativainfo.com\/#website\"},\"primaryImageOfPage\":{\"@id\":\"https:\/\/nativainfo.com\/?p=479#primaryimage\"},\"image\":{\"@id\":\"https:\/\/nativainfo.com\/?p=479#primaryimage\"},\"thumbnailUrl\":\"https:\/\/nativainfo.com\/wp-content\/uploads\/2020\/08\/img_6865.jpg\",\"datePublished\":\"2020-08-10T11:16:37+00:00\",\"dateModified\":\"2020-08-10T11:16:40+00:00\",\"breadcrumb\":{\"@id\":\"https:\/\/nativainfo.com\/?p=479#breadcrumb\"},\"inLanguage\":\"es-AR\",\"potentialAction\":[{\"@type\":\"ReadAction\",\"target\":[\"https:\/\/nativainfo.com\/?p=479\"]}]},{\"@type\":\"ImageObject\",\"inLanguage\":\"es-AR\",\"@id\":\"https:\/\/nativainfo.com\/?p=479#primaryimage\",\"url\":\"https:\/\/nativainfo.com\/wp-content\/uploads\/2020\/08\/img_6865.jpg\",\"contentUrl\":\"https:\/\/nativainfo.com\/wp-content\/uploads\/2020\/08\/img_6865.jpg\"},{\"@type\":\"BreadcrumbList\",\"@id\":\"https:\/\/nativainfo.com\/?p=479#breadcrumb\",\"itemListElement\":[{\"@type\":\"ListItem\",\"position\":1,\"name\":\"Inicio\",\"item\":\"https:\/\/nativainfo.com\/\"},{\"@type\":\"ListItem\",\"position\":2,\"name\":\"San Juan, la primera provincia en volver a clases: c\u00f3mo es el protocolo que se aplicar\u00e1 desde hoy\"}]},{\"@type\":\"WebSite\",\"@id\":\"https:\/\/nativainfo.com\/#website\",\"url\":\"https:\/\/nativainfo.com\/\",\"name\":\"Nativa Info\",\"description\":\"Diario Digital\",\"publisher\":{\"@id\":\"https:\/\/nativainfo.com\/#organization\"},\"potentialAction\":[{\"@type\":\"SearchAction\",\"target\":{\"@type\":\"EntryPoint\",\"urlTemplate\":\"https:\/\/nativainfo.com\/?s={search_term_string}\"},\"query-input\":{\"@type\":\"PropertyValueSpecification\",\"valueRequired\":true,\"valueName\":\"search_term_string\"}}],\"inLanguage\":\"es-AR\"},{\"@type\":\"Organization\",\"@id\":\"https:\/\/nativainfo.com\/#organization\",\"name\":\"Nativa Info\",\"url\":\"https:\/\/nativainfo.com\/\",\"logo\":{\"@type\":\"ImageObject\",\"inLanguage\":\"es-AR\",\"@id\":\"https:\/\/nativainfo.com\/#\/schema\/logo\/image\/\",\"url\":\"https:\/\/nativainfo.com\/wp-content\/uploads\/2025\/08\/LOGO-NATIVA-FACE.jpg\",\"contentUrl\":\"https:\/\/nativainfo.com\/wp-content\/uploads\/2025\/08\/LOGO-NATIVA-FACE.jpg\",\"width\":400,\"height\":400,\"caption\":\"Nativa Info\"},\"image\":{\"@id\":\"https:\/\/nativainfo.com\/#\/schema\/logo\/image\/\"},\"sameAs\":[\"https:\/\/www.facebook.com\/profile.php?id=61578881597564\"]},{\"@type\":\"Person\",\"@id\":\"https:\/\/nativainfo.com\/#\/schema\/person\/24893b64a9cd564ddb5d102d36eb4b5c\",\"name\":\"Nativa Info\",\"image\":{\"@type\":\"ImageObject\",\"inLanguage\":\"es-AR\",\"@id\":\"https:\/\/nativainfo.com\/#\/schema\/person\/image\/\",\"url\":\"https:\/\/secure.gravatar.com\/avatar\/016fa1cf068d85136d938e1507b9b619cb766e2565cbb1faa1e571762460c785?s=96&d=mm&r=g\",\"contentUrl\":\"https:\/\/secure.gravatar.com\/avatar\/016fa1cf068d85136d938e1507b9b619cb766e2565cbb1faa1e571762460c785?s=96&d=mm&r=g\",\"caption\":\"Nativa Info\"},\"sameAs\":[\"http:\/\/nativainfo.com\"],\"url\":\"https:\/\/nativainfo.com\/?author=1\"}]}<\/script>\n<!-- \/ Yoast SEO plugin. -->","yoast_head_json":{"title":"San Juan, la primera provincia en volver a clases: c\u00f3mo es el protocolo que se aplicar\u00e1 desde hoy - Nativa Info","robots":{"index":"index","follow":"follow","max-snippet":"max-snippet:-1","max-image-preview":"max-image-preview:large","max-video-preview":"max-video-preview:-1"},"canonical":"https:\/\/nativainfo.com\/?p=479","og_locale":"es_ES","og_type":"article","og_title":"San Juan, la primera provincia en volver a clases: c\u00f3mo es el protocolo que se aplicar\u00e1 desde hoy - Nativa Info","og_description":"Tras varios meses en los que las escuelas de esta provincia permanecieron cerradas como consecuencia de la pandemia del coronavirus,... Continue reading","og_url":"https:\/\/nativainfo.com\/?p=479","og_site_name":"Nativa Info","article_publisher":"https:\/\/www.facebook.com\/profile.php?id=61578881597564","article_published_time":"2020-08-10T11:16:37+00:00","article_modified_time":"2020-08-10T11:16:40+00:00","og_image":[{"url":"https:\/\/nativainfo.com\/wp-content\/uploads\/2020\/08\/img_6865.jpg","type":"","width":"","height":""}],"author":"Nativa Info","twitter_card":"summary_large_image","twitter_misc":{"Escrito por":"Nativa Info","Tiempo de lectura":"1 minuto"},"schema":{"@context":"https:\/\/schema.org","@graph":[{"@type":"Article","@id":"https:\/\/nativainfo.com\/?p=479#article","isPartOf":{"@id":"https:\/\/nativainfo.com\/?p=479"},"author":{"name":"Nativa Info","@id":"https:\/\/nativainfo.com\/#\/schema\/person\/24893b64a9cd564ddb5d102d36eb4b5c"},"headline":"San Juan, la primera provincia en volver a clases: c\u00f3mo es el protocolo que se aplicar\u00e1 desde hoy","datePublished":"2020-08-10T11:16:37+00:00","dateModified":"2020-08-10T11:16:40+00:00","mainEntityOfPage":{"@id":"https:\/\/nativainfo.com\/?p=479"},"wordCount":132,"commentCount":0,"publisher":{"@id":"https:\/\/nativainfo.com\/#organization"},"image":{"@id":"https:\/\/nativainfo.com\/?p=479#primaryimage"},"thumbnailUrl":"https:\/\/nativainfo.com\/wp-content\/uploads\/2020\/08\/img_6865.jpg","articleSection":["Educaci\u00f3n","Pa\u00eds"],"inLanguage":"es-AR","potentialAction":[{"@type":"CommentAction","name":"Comment","target":["https:\/\/nativainfo.com\/?p=479#respond"]}]},{"@type":"WebPage","@id":"https:\/\/nativainfo.com\/?p=479","url":"https:\/\/nativainfo.com\/?p=479","name":"San Juan, la primera provincia en volver a clases: c\u00f3mo es el protocolo que se aplicar\u00e1 desde hoy - Nativa Info","isPartOf":{"@id":"https:\/\/nativainfo.com\/#website"},"primaryImageOfPage":{"@id":"https:\/\/nativainfo.com\/?p=479#primaryimage"},"image":{"@id":"https:\/\/nativainfo.com\/?p=479#primaryimage"},"thumbnailUrl":"https:\/\/nativainfo.com\/wp-content\/uploads\/2020\/08\/img_6865.jpg","datePublished":"2020-08-10T11:16:37+00:00","dateModified":"2020-08-10T11:16:40+00:00","breadcrumb":{"@id":"https:\/\/nativainfo.com\/?p=479#breadcrumb"},"inLanguage":"es-AR","potentialAction":[{"@type":"ReadAction","target":["https:\/\/nativainfo.com\/?p=479"]}]},{"@type":"ImageObject","inLanguage":"es-AR","@id":"https:\/\/nativainfo.com\/?p=479#primaryimage","url":"https:\/\/nativainfo.com\/wp-content\/uploads\/2020\/08\/img_6865.jpg","contentUrl":"https:\/\/nativainfo.com\/wp-content\/uploads\/2020\/08\/img_6865.jpg"},{"@type":"BreadcrumbList","@id":"https:\/\/nativainfo.com\/?p=479#breadcrumb","itemListElement":[{"@type":"ListItem","position":1,"name":"Inicio","item":"https:\/\/nativainfo.com\/"},{"@type":"ListItem","position":2,"name":"San Juan, la primera provincia en volver a clases: c\u00f3mo es el protocolo que se aplicar\u00e1 desde hoy"}]},{"@type":"WebSite","@id":"https:\/\/nativainfo.com\/#website","url":"https:\/\/nativainfo.com\/","name":"Nativa Info","description":"Diario Digital","publisher":{"@id":"https:\/\/nativainfo.com\/#organization"},"potentialAction":[{"@type":"SearchAction","target":{"@type":"EntryPoint","urlTemplate":"https:\/\/nativainfo.com\/?s={search_term_string}"},"query-input":{"@type":"PropertyValueSpecification","valueRequired":true,"valueName":"search_term_string"}}],"inLanguage":"es-AR"},{"@type":"Organization","@id":"https:\/\/nativainfo.com\/#organization","name":"Nativa Info","url":"https:\/\/nativainfo.com\/","logo":{"@type":"ImageObject","inLanguage":"es-AR","@id":"https:\/\/nativainfo.com\/#\/schema\/logo\/image\/","url":"https:\/\/nativainfo.com\/wp-content\/uploads\/2025\/08\/LOGO-NATIVA-FACE.jpg","contentUrl":"https:\/\/nativainfo.com\/wp-content\/uploads\/2025\/08\/LOGO-NATIVA-FACE.jpg","width":400,"height":400,"caption":"Nativa Info"},"image":{"@id":"https:\/\/nativainfo.com\/#\/schema\/logo\/image\/"},"sameAs":["https:\/\/www.facebook.com\/profile.php?id=61578881597564"]},{"@type":"Person","@id":"https:\/\/nativainfo.com\/#\/schema\/person\/24893b64a9cd564ddb5d102d36eb4b5c","name":"Nativa Info","image":{"@type":"ImageObject","inLanguage":"es-AR","@id":"https:\/\/nativainfo.com\/#\/schema\/person\/image\/","url":"https:\/\/secure.gravatar.com\/avatar\/016fa1cf068d85136d938e1507b9b619cb766e2565cbb1faa1e571762460c785?s=96&d=mm&r=g","contentUrl":"https:\/\/secure.gravatar.com\/avatar\/016fa1cf068d85136d938e1507b9b619cb766e2565cbb1faa1e571762460c785?s=96&d=mm&r=g","caption":"Nativa Info"},"sameAs":["http:\/\/nativainfo.com"],"url":"https:\/\/nativainfo.com\/?author=1"}]}},"jetpack_publicize_connections":[],"_links":{"self":[{"href":"https:\/\/nativainfo.com\/index.php?rest_route=\/wp\/v2\/posts\/479","targetHints":{"allow":["GET"]}}],"collection":[{"href":"https:\/\/nativainfo.com\/index.php?rest_route=\/wp\/v2\/posts"}],"about":[{"href":"https:\/\/nativainfo.com\/index.php?rest_route=\/wp\/v2\/types\/post"}],"author":[{"embeddable":true,"href":"https:\/\/nativainfo.com\/index.php?rest_route=\/wp\/v2\/users\/1"}],"replies":[{"embeddable":true,"href":"https:\/\/nativainfo.com\/index.php?rest_route=%2Fwp%2Fv2%2Fcomments&post=479"}],"version-history":[{"count":1,"href":"https:\/\/nativainfo.com\/index.php?rest_route=\/wp\/v2\/posts\/479\/revisions"}],"predecessor-version":[{"id":480,"href":"https:\/\/nativainfo.com\/index.php?rest_route=\/wp\/v2\/posts\/479\/revisions\/480"}],"wp:attachment":[{"href":"https:\/\/nativainfo.com\/index.php?rest_route=%2Fwp%2Fv2%2Fmedia&parent=479"}],"wp:term":[{"taxonomy":"category","embeddable":true,"href":"https:\/\/nativainfo.com\/index.php?rest_route=%2Fwp%2Fv2%2Fcategories&post=479"},{"taxonomy":"post_tag","embeddable":true,"href":"https:\/\/nativainfo.com\/index.php?rest_route=%2Fwp%2Fv2%2Ftags&post=479"}],"curies":[{"name":"wp","href":"https:\/\/api.w.org\/{rel}","templated":true}]}}