{"id":4764,"date":"2025-04-10T17:42:45","date_gmt":"2025-04-10T20:42:45","guid":{"rendered":"http:\/\/nativainfo.com\/?p=4764"},"modified":"2025-04-10T17:42:45","modified_gmt":"2025-04-10T20:42:45","slug":"de-felippe-abascia-y-angulo-valoraron-el-inolvidable-triunfo-ante-flamengo-en-el-maracana","status":"publish","type":"post","link":"https:\/\/nativainfo.com\/?p=4764","title":{"rendered":"De Felippe, Abascia y Angulo valoraron el inolvidable triunfo ante Flamengo en el Maracan\u00e1"},"content":{"rendered":"\n<p>El entrenador de Central C\u00f3rdoba y los jugadores expresaron sus sensaciones tras regresar a Santiago del Estero.<\/p>\n\n\n\n<figure class=\"wp-block-image size-full\"><img fetchpriority=\"high\" decoding=\"async\" width=\"1010\" height=\"567\" src=\"http:\/\/nativainfo.com\/wp-content\/uploads\/2025\/04\/imagen_2025-04-10_174227599.png\" alt=\"\" class=\"wp-image-4769\" srcset=\"https:\/\/nativainfo.com\/wp-content\/uploads\/2025\/04\/imagen_2025-04-10_174227599.png 1010w, https:\/\/nativainfo.com\/wp-content\/uploads\/2025\/04\/imagen_2025-04-10_174227599-300x168.png 300w, https:\/\/nativainfo.com\/wp-content\/uploads\/2025\/04\/imagen_2025-04-10_174227599-768x431.png 768w, https:\/\/nativainfo.com\/wp-content\/uploads\/2025\/04\/imagen_2025-04-10_174227599-623x350.png 623w, https:\/\/nativainfo.com\/wp-content\/uploads\/2025\/04\/imagen_2025-04-10_174227599-150x84.png 150w\" sizes=\"(max-width: 1010px) 100vw, 1010px\" \/><\/figure>\n\n\n\n<p>Luego de la resonante victoria por 2-1 frente a\u00a0<strong>Flamengo en el Maracan\u00e1, el plantel de Central C\u00f3rdoba regres\u00f3 a Santiago del Estero\u00a0<\/strong>con el \u00e1nimo en alza y el orgullo de haber hecho historia en la\u00a0<strong>Copa Libertadores.<\/strong>\u00a0El\u00a0<strong>entrenador Omar De Felippe, el delantero Luis Angulo y el defensor Lucas Abascia\u00a0<\/strong>compartieron sus sensaciones tras el triunfo que conmovi\u00f3 al f\u00fatbol sudamericano.<\/p>\n\n\n\n<p>\u201cFue un partido muy especial, tanto para nosotros como para la hinchada, que se merece estas cosas. Estamos muy contentos de poder otorgarles esta victoria\u201d, expres\u00f3 Angulo, autor de uno de los goles del Ferro. El colombiano celebr\u00f3 el golpe de autoridad en tierras brasile\u00f1as: \u201cLos brasile\u00f1os estaban desconcertados por el resultado, pensaban que eran favoritos, pero nosotros ten\u00edamos otra idea. Esperemos seguir sumando y poder clasificar\u201d, cerr\u00f3 con confianza.<\/p>\n","protected":false},"excerpt":{"rendered":"<p>El entrenador de Central C\u00f3rdoba y los jugadores expresaron sus sensaciones tras regresar a Santiago del Estero. Luego de la&#8230; <a class=\"continue-reading-link\" href=\"https:\/\/nativainfo.com\/?p=4764\">Continue reading<\/a><\/p>\n","protected":false},"author":1,"featured_media":0,"comment_status":"open","ping_status":"open","sticky":false,"template":"","format":"standard","meta":{"rop_custom_images_group":[],"rop_custom_messages_group":[],"rop_publish_now":"initial","rop_publish_now_accounts":[],"rop_publish_now_history":[],"rop_publish_now_status":"pending","footnotes":"","jetpack_publicize_message":"","jetpack_publicize_feature_enabled":true,"jetpack_social_post_already_shared":false,"jetpack_social_options":{"image_generator_settings":{"template":"highway","default_image_id":0,"font":"","enabled":false},"version":2}},"categories":[78,41],"tags":[],"class_list":["post-4764","post","type-post","status-publish","format-standard","hentry","category-copa-libertadores","category-futbol"],"yoast_head":"<!-- This site is optimized with the Yoast SEO plugin v25.6 - https:\/\/yoast.com\/wordpress\/plugins\/seo\/ -->\n<title>De Felippe, Abascia y Angulo valoraron el inolvidable triunfo ante Flamengo en el Maracan\u00e1 - Nativa Info<\/title>\n<meta name=\"robots\" content=\"index, follow, max-snippet:-1, max-image-preview:large, max-video-preview:-1\" \/>\n<link rel=\"canonical\" href=\"https:\/\/nativainfo.com\/?p=4764\" \/>\n<meta property=\"og:locale\" content=\"es_ES\" \/>\n<meta property=\"og:type\" content=\"article\" \/>\n<meta property=\"og:title\" content=\"De Felippe, Abascia y Angulo valoraron el inolvidable triunfo ante Flamengo en el Maracan\u00e1 - Nativa Info\" \/>\n<meta property=\"og:description\" content=\"El entrenador de Central C\u00f3rdoba y los jugadores expresaron sus sensaciones tras regresar a Santiago del Estero. Luego de la... Continue reading\" \/>\n<meta property=\"og:url\" content=\"https:\/\/nativainfo.com\/?p=4764\" \/>\n<meta property=\"og:site_name\" content=\"Nativa Info\" \/>\n<meta property=\"article:publisher\" content=\"https:\/\/www.facebook.com\/profile.php?id=61578881597564\" \/>\n<meta property=\"article:published_time\" content=\"2025-04-10T20:42:45+00:00\" \/>\n<meta property=\"og:image\" content=\"http:\/\/nativainfo.com\/wp-content\/uploads\/2025\/04\/imagen_2025-04-10_174227599.png\" \/>\n<meta name=\"author\" content=\"Nativa Info\" \/>\n<meta name=\"twitter:card\" content=\"summary_large_image\" \/>\n<meta name=\"twitter:label1\" content=\"Escrito por\" \/>\n\t<meta name=\"twitter:data1\" content=\"Nativa Info\" \/>\n\t<meta name=\"twitter:label2\" content=\"Tiempo de lectura\" \/>\n\t<meta name=\"twitter:data2\" content=\"1 minuto\" \/>\n<script type=\"application\/ld+json\" class=\"yoast-schema-graph\">{\"@context\":\"https:\/\/schema.org\",\"@graph\":[{\"@type\":\"Article\",\"@id\":\"https:\/\/nativainfo.com\/?p=4764#article\",\"isPartOf\":{\"@id\":\"https:\/\/nativainfo.com\/?p=4764\"},\"author\":{\"name\":\"Nativa Info\",\"@id\":\"https:\/\/nativainfo.com\/#\/schema\/person\/24893b64a9cd564ddb5d102d36eb4b5c\"},\"headline\":\"De Felippe, Abascia y Angulo valoraron el inolvidable triunfo ante Flamengo en el Maracan\u00e1\",\"datePublished\":\"2025-04-10T20:42:45+00:00\",\"mainEntityOfPage\":{\"@id\":\"https:\/\/nativainfo.com\/?p=4764\"},\"wordCount\":171,\"commentCount\":0,\"publisher\":{\"@id\":\"https:\/\/nativainfo.com\/#organization\"},\"image\":{\"@id\":\"https:\/\/nativainfo.com\/?p=4764#primaryimage\"},\"thumbnailUrl\":\"http:\/\/nativainfo.com\/wp-content\/uploads\/2025\/04\/imagen_2025-04-10_174227599.png\",\"articleSection\":[\"Copa Libertadores\",\"F\u00fatbol\"],\"inLanguage\":\"es-AR\",\"potentialAction\":[{\"@type\":\"CommentAction\",\"name\":\"Comment\",\"target\":[\"https:\/\/nativainfo.com\/?p=4764#respond\"]}]},{\"@type\":\"WebPage\",\"@id\":\"https:\/\/nativainfo.com\/?p=4764\",\"url\":\"https:\/\/nativainfo.com\/?p=4764\",\"name\":\"De Felippe, Abascia y Angulo valoraron el inolvidable triunfo ante Flamengo en el Maracan\u00e1 - Nativa Info\",\"isPartOf\":{\"@id\":\"https:\/\/nativainfo.com\/#website\"},\"primaryImageOfPage\":{\"@id\":\"https:\/\/nativainfo.com\/?p=4764#primaryimage\"},\"image\":{\"@id\":\"https:\/\/nativainfo.com\/?p=4764#primaryimage\"},\"thumbnailUrl\":\"http:\/\/nativainfo.com\/wp-content\/uploads\/2025\/04\/imagen_2025-04-10_174227599.png\",\"datePublished\":\"2025-04-10T20:42:45+00:00\",\"breadcrumb\":{\"@id\":\"https:\/\/nativainfo.com\/?p=4764#breadcrumb\"},\"inLanguage\":\"es-AR\",\"potentialAction\":[{\"@type\":\"ReadAction\",\"target\":[\"https:\/\/nativainfo.com\/?p=4764\"]}]},{\"@type\":\"ImageObject\",\"inLanguage\":\"es-AR\",\"@id\":\"https:\/\/nativainfo.com\/?p=4764#primaryimage\",\"url\":\"https:\/\/nativainfo.com\/wp-content\/uploads\/2025\/04\/imagen_2025-04-10_174227599.png\",\"contentUrl\":\"https:\/\/nativainfo.com\/wp-content\/uploads\/2025\/04\/imagen_2025-04-10_174227599.png\",\"width\":1010,\"height\":567},{\"@type\":\"BreadcrumbList\",\"@id\":\"https:\/\/nativainfo.com\/?p=4764#breadcrumb\",\"itemListElement\":[{\"@type\":\"ListItem\",\"position\":1,\"name\":\"Inicio\",\"item\":\"https:\/\/nativainfo.com\/\"},{\"@type\":\"ListItem\",\"position\":2,\"name\":\"De Felippe, Abascia y Angulo valoraron el inolvidable triunfo ante Flamengo en el Maracan\u00e1\"}]},{\"@type\":\"WebSite\",\"@id\":\"https:\/\/nativainfo.com\/#website\",\"url\":\"https:\/\/nativainfo.com\/\",\"name\":\"Nativa Info\",\"description\":\"Diario Digital\",\"publisher\":{\"@id\":\"https:\/\/nativainfo.com\/#organization\"},\"potentialAction\":[{\"@type\":\"SearchAction\",\"target\":{\"@type\":\"EntryPoint\",\"urlTemplate\":\"https:\/\/nativainfo.com\/?s={search_term_string}\"},\"query-input\":{\"@type\":\"PropertyValueSpecification\",\"valueRequired\":true,\"valueName\":\"search_term_string\"}}],\"inLanguage\":\"es-AR\"},{\"@type\":\"Organization\",\"@id\":\"https:\/\/nativainfo.com\/#organization\",\"name\":\"Nativa Info\",\"url\":\"https:\/\/nativainfo.com\/\",\"logo\":{\"@type\":\"ImageObject\",\"inLanguage\":\"es-AR\",\"@id\":\"https:\/\/nativainfo.com\/#\/schema\/logo\/image\/\",\"url\":\"https:\/\/nativainfo.com\/wp-content\/uploads\/2025\/08\/LOGO-NATIVA-FACE.jpg\",\"contentUrl\":\"https:\/\/nativainfo.com\/wp-content\/uploads\/2025\/08\/LOGO-NATIVA-FACE.jpg\",\"width\":400,\"height\":400,\"caption\":\"Nativa Info\"},\"image\":{\"@id\":\"https:\/\/nativainfo.com\/#\/schema\/logo\/image\/\"},\"sameAs\":[\"https:\/\/www.facebook.com\/profile.php?id=61578881597564\"]},{\"@type\":\"Person\",\"@id\":\"https:\/\/nativainfo.com\/#\/schema\/person\/24893b64a9cd564ddb5d102d36eb4b5c\",\"name\":\"Nativa Info\",\"image\":{\"@type\":\"ImageObject\",\"inLanguage\":\"es-AR\",\"@id\":\"https:\/\/nativainfo.com\/#\/schema\/person\/image\/\",\"url\":\"https:\/\/secure.gravatar.com\/avatar\/016fa1cf068d85136d938e1507b9b619cb766e2565cbb1faa1e571762460c785?s=96&d=mm&r=g\",\"contentUrl\":\"https:\/\/secure.gravatar.com\/avatar\/016fa1cf068d85136d938e1507b9b619cb766e2565cbb1faa1e571762460c785?s=96&d=mm&r=g\",\"caption\":\"Nativa Info\"},\"sameAs\":[\"http:\/\/nativainfo.com\"],\"url\":\"https:\/\/nativainfo.com\/?author=1\"}]}<\/script>\n<!-- \/ Yoast SEO plugin. -->","yoast_head_json":{"title":"De Felippe, Abascia y Angulo valoraron el inolvidable triunfo ante Flamengo en el Maracan\u00e1 - Nativa Info","robots":{"index":"index","follow":"follow","max-snippet":"max-snippet:-1","max-image-preview":"max-image-preview:large","max-video-preview":"max-video-preview:-1"},"canonical":"https:\/\/nativainfo.com\/?p=4764","og_locale":"es_ES","og_type":"article","og_title":"De Felippe, Abascia y Angulo valoraron el inolvidable triunfo ante Flamengo en el Maracan\u00e1 - Nativa Info","og_description":"El entrenador de Central C\u00f3rdoba y los jugadores expresaron sus sensaciones tras regresar a Santiago del Estero. Luego de la... Continue reading","og_url":"https:\/\/nativainfo.com\/?p=4764","og_site_name":"Nativa Info","article_publisher":"https:\/\/www.facebook.com\/profile.php?id=61578881597564","article_published_time":"2025-04-10T20:42:45+00:00","og_image":[{"url":"http:\/\/nativainfo.com\/wp-content\/uploads\/2025\/04\/imagen_2025-04-10_174227599.png","type":"","width":"","height":""}],"author":"Nativa Info","twitter_card":"summary_large_image","twitter_misc":{"Escrito por":"Nativa Info","Tiempo de lectura":"1 minuto"},"schema":{"@context":"https:\/\/schema.org","@graph":[{"@type":"Article","@id":"https:\/\/nativainfo.com\/?p=4764#article","isPartOf":{"@id":"https:\/\/nativainfo.com\/?p=4764"},"author":{"name":"Nativa Info","@id":"https:\/\/nativainfo.com\/#\/schema\/person\/24893b64a9cd564ddb5d102d36eb4b5c"},"headline":"De Felippe, Abascia y Angulo valoraron el inolvidable triunfo ante Flamengo en el Maracan\u00e1","datePublished":"2025-04-10T20:42:45+00:00","mainEntityOfPage":{"@id":"https:\/\/nativainfo.com\/?p=4764"},"wordCount":171,"commentCount":0,"publisher":{"@id":"https:\/\/nativainfo.com\/#organization"},"image":{"@id":"https:\/\/nativainfo.com\/?p=4764#primaryimage"},"thumbnailUrl":"http:\/\/nativainfo.com\/wp-content\/uploads\/2025\/04\/imagen_2025-04-10_174227599.png","articleSection":["Copa Libertadores","F\u00fatbol"],"inLanguage":"es-AR","potentialAction":[{"@type":"CommentAction","name":"Comment","target":["https:\/\/nativainfo.com\/?p=4764#respond"]}]},{"@type":"WebPage","@id":"https:\/\/nativainfo.com\/?p=4764","url":"https:\/\/nativainfo.com\/?p=4764","name":"De Felippe, Abascia y Angulo valoraron el inolvidable triunfo ante Flamengo en el Maracan\u00e1 - Nativa Info","isPartOf":{"@id":"https:\/\/nativainfo.com\/#website"},"primaryImageOfPage":{"@id":"https:\/\/nativainfo.com\/?p=4764#primaryimage"},"image":{"@id":"https:\/\/nativainfo.com\/?p=4764#primaryimage"},"thumbnailUrl":"http:\/\/nativainfo.com\/wp-content\/uploads\/2025\/04\/imagen_2025-04-10_174227599.png","datePublished":"2025-04-10T20:42:45+00:00","breadcrumb":{"@id":"https:\/\/nativainfo.com\/?p=4764#breadcrumb"},"inLanguage":"es-AR","potentialAction":[{"@type":"ReadAction","target":["https:\/\/nativainfo.com\/?p=4764"]}]},{"@type":"ImageObject","inLanguage":"es-AR","@id":"https:\/\/nativainfo.com\/?p=4764#primaryimage","url":"https:\/\/nativainfo.com\/wp-content\/uploads\/2025\/04\/imagen_2025-04-10_174227599.png","contentUrl":"https:\/\/nativainfo.com\/wp-content\/uploads\/2025\/04\/imagen_2025-04-10_174227599.png","width":1010,"height":567},{"@type":"BreadcrumbList","@id":"https:\/\/nativainfo.com\/?p=4764#breadcrumb","itemListElement":[{"@type":"ListItem","position":1,"name":"Inicio","item":"https:\/\/nativainfo.com\/"},{"@type":"ListItem","position":2,"name":"De Felippe, Abascia y Angulo valoraron el inolvidable triunfo ante Flamengo en el Maracan\u00e1"}]},{"@type":"WebSite","@id":"https:\/\/nativainfo.com\/#website","url":"https:\/\/nativainfo.com\/","name":"Nativa Info","description":"Diario Digital","publisher":{"@id":"https:\/\/nativainfo.com\/#organization"},"potentialAction":[{"@type":"SearchAction","target":{"@type":"EntryPoint","urlTemplate":"https:\/\/nativainfo.com\/?s={search_term_string}"},"query-input":{"@type":"PropertyValueSpecification","valueRequired":true,"valueName":"search_term_string"}}],"inLanguage":"es-AR"},{"@type":"Organization","@id":"https:\/\/nativainfo.com\/#organization","name":"Nativa Info","url":"https:\/\/nativainfo.com\/","logo":{"@type":"ImageObject","inLanguage":"es-AR","@id":"https:\/\/nativainfo.com\/#\/schema\/logo\/image\/","url":"https:\/\/nativainfo.com\/wp-content\/uploads\/2025\/08\/LOGO-NATIVA-FACE.jpg","contentUrl":"https:\/\/nativainfo.com\/wp-content\/uploads\/2025\/08\/LOGO-NATIVA-FACE.jpg","width":400,"height":400,"caption":"Nativa Info"},"image":{"@id":"https:\/\/nativainfo.com\/#\/schema\/logo\/image\/"},"sameAs":["https:\/\/www.facebook.com\/profile.php?id=61578881597564"]},{"@type":"Person","@id":"https:\/\/nativainfo.com\/#\/schema\/person\/24893b64a9cd564ddb5d102d36eb4b5c","name":"Nativa Info","image":{"@type":"ImageObject","inLanguage":"es-AR","@id":"https:\/\/nativainfo.com\/#\/schema\/person\/image\/","url":"https:\/\/secure.gravatar.com\/avatar\/016fa1cf068d85136d938e1507b9b619cb766e2565cbb1faa1e571762460c785?s=96&d=mm&r=g","contentUrl":"https:\/\/secure.gravatar.com\/avatar\/016fa1cf068d85136d938e1507b9b619cb766e2565cbb1faa1e571762460c785?s=96&d=mm&r=g","caption":"Nativa Info"},"sameAs":["http:\/\/nativainfo.com"],"url":"https:\/\/nativainfo.com\/?author=1"}]}},"jetpack_publicize_connections":[],"_links":{"self":[{"href":"https:\/\/nativainfo.com\/index.php?rest_route=\/wp\/v2\/posts\/4764","targetHints":{"allow":["GET"]}}],"collection":[{"href":"https:\/\/nativainfo.com\/index.php?rest_route=\/wp\/v2\/posts"}],"about":[{"href":"https:\/\/nativainfo.com\/index.php?rest_route=\/wp\/v2\/types\/post"}],"author":[{"embeddable":true,"href":"https:\/\/nativainfo.com\/index.php?rest_route=\/wp\/v2\/users\/1"}],"replies":[{"embeddable":true,"href":"https:\/\/nativainfo.com\/index.php?rest_route=%2Fwp%2Fv2%2Fcomments&post=4764"}],"version-history":[{"count":1,"href":"https:\/\/nativainfo.com\/index.php?rest_route=\/wp\/v2\/posts\/4764\/revisions"}],"predecessor-version":[{"id":4770,"href":"https:\/\/nativainfo.com\/index.php?rest_route=\/wp\/v2\/posts\/4764\/revisions\/4770"}],"wp:attachment":[{"href":"https:\/\/nativainfo.com\/index.php?rest_route=%2Fwp%2Fv2%2Fmedia&parent=4764"}],"wp:term":[{"taxonomy":"category","embeddable":true,"href":"https:\/\/nativainfo.com\/index.php?rest_route=%2Fwp%2Fv2%2Fcategories&post=4764"},{"taxonomy":"post_tag","embeddable":true,"href":"https:\/\/nativainfo.com\/index.php?rest_route=%2Fwp%2Fv2%2Ftags&post=4764"}],"curies":[{"name":"wp","href":"https:\/\/api.w.org\/{rel}","templated":true}]}}