{"id":4763,"date":"2025-04-10T17:41:58","date_gmt":"2025-04-10T20:41:58","guid":{"rendered":"http:\/\/nativainfo.com\/?p=4763"},"modified":"2025-04-10T17:41:58","modified_gmt":"2025-04-10T20:41:58","slug":"central-cordoba-regreso-a-santiago-tras-la-hazana-ante-flamengo-en-el-maracana","status":"publish","type":"post","link":"https:\/\/nativainfo.com\/?p=4763","title":{"rendered":"Central C\u00f3rdoba regres\u00f3 a Santiago tras la haza\u00f1a ante Flamengo en el Maracan\u00e1"},"content":{"rendered":"\n<p>El plantel ferroviario arrib\u00f3 a nuestra ciudad pasadas las 9 luego del hist\u00f3rico triunfo en Brasil.<\/p>\n\n\n\n<figure class=\"wp-block-image size-large\"><img fetchpriority=\"high\" decoding=\"async\" width=\"1024\" height=\"576\" src=\"http:\/\/nativainfo.com\/wp-content\/uploads\/2025\/04\/imagen_2025-04-10_174149831-1024x576.png\" alt=\"\" class=\"wp-image-4767\" srcset=\"https:\/\/nativainfo.com\/wp-content\/uploads\/2025\/04\/imagen_2025-04-10_174149831-1024x576.png 1024w, https:\/\/nativainfo.com\/wp-content\/uploads\/2025\/04\/imagen_2025-04-10_174149831-300x169.png 300w, https:\/\/nativainfo.com\/wp-content\/uploads\/2025\/04\/imagen_2025-04-10_174149831-768x432.png 768w, https:\/\/nativainfo.com\/wp-content\/uploads\/2025\/04\/imagen_2025-04-10_174149831-622x350.png 622w, https:\/\/nativainfo.com\/wp-content\/uploads\/2025\/04\/imagen_2025-04-10_174149831-150x84.png 150w, https:\/\/nativainfo.com\/wp-content\/uploads\/2025\/04\/imagen_2025-04-10_174149831.png 1200w\" sizes=\"(max-width: 1024px) 100vw, 1024px\" \/><\/figure>\n\n\n\n<p><strong>Central C\u00f3rdoba&nbsp;<\/strong>escribi\u00f3 una de las p\u00e1ginas m\u00e1s gloriosas de su historia al vencer anoche a&nbsp;<strong>Flamengo&nbsp;<\/strong>por 2-1 en su segunda presentaci\u00f3n en la&nbsp;<strong>Copa Libertadores de Am\u00e9rica.<\/strong><\/p>\n\n\n\n<p>Tras el \u00e9pico triunfo en tierras brasile\u00f1as, la delegaci\u00f3n ferroviaria regres\u00f3 a Santiago del Estero arribando al aeropuerto&nbsp;<strong>\u201cVicecomodoro \u00c1ngel de la Paz Aragon\u00e9s\u201d pasadas las 9.<\/strong><\/p>\n\n\n\n<p>El plantel dirigido por\u00a0<strong>Omar De Felippe<\/strong>\u00a0retomar\u00e1 los entrenamientos por la tarde para dar vuelta la p\u00e1gina y enfocarse en el choque del pr\u00f3ximo\u00a0<strong>lunes ante Hurac\u00e1n que se disputar\u00e1 desde las 18 en el Estadio \u00danico \u201cMadre de Ciudades\u201d por la fecha 13 del Torneo Apertura.<\/strong><\/p>\n","protected":false},"excerpt":{"rendered":"<p>El plantel ferroviario arrib\u00f3 a nuestra ciudad pasadas las 9 luego del hist\u00f3rico triunfo en Brasil. Central C\u00f3rdoba&nbsp;escribi\u00f3 una de&#8230; <a class=\"continue-reading-link\" href=\"https:\/\/nativainfo.com\/?p=4763\">Continue reading<\/a><\/p>\n","protected":false},"author":1,"featured_media":0,"comment_status":"open","ping_status":"open","sticky":false,"template":"","format":"standard","meta":{"rop_custom_images_group":[],"rop_custom_messages_group":[],"rop_publish_now":"initial","rop_publish_now_accounts":[],"rop_publish_now_history":[],"rop_publish_now_status":"pending","footnotes":"","jetpack_publicize_message":"","jetpack_publicize_feature_enabled":true,"jetpack_social_post_already_shared":false,"jetpack_social_options":{"image_generator_settings":{"template":"highway","default_image_id":0,"font":"","enabled":false},"version":2}},"categories":[41],"tags":[],"class_list":["post-4763","post","type-post","status-publish","format-standard","hentry","category-futbol"],"yoast_head":"<!-- This site is optimized with the Yoast SEO plugin v25.6 - https:\/\/yoast.com\/wordpress\/plugins\/seo\/ -->\n<title>Central C\u00f3rdoba regres\u00f3 a Santiago tras la haza\u00f1a ante Flamengo en el Maracan\u00e1 - Nativa Info<\/title>\n<meta name=\"robots\" content=\"index, follow, max-snippet:-1, max-image-preview:large, max-video-preview:-1\" \/>\n<link rel=\"canonical\" href=\"https:\/\/nativainfo.com\/?p=4763\" \/>\n<meta property=\"og:locale\" content=\"es_ES\" \/>\n<meta property=\"og:type\" content=\"article\" \/>\n<meta property=\"og:title\" content=\"Central C\u00f3rdoba regres\u00f3 a Santiago tras la haza\u00f1a ante Flamengo en el Maracan\u00e1 - Nativa Info\" \/>\n<meta property=\"og:description\" content=\"El plantel ferroviario arrib\u00f3 a nuestra ciudad pasadas las 9 luego del hist\u00f3rico triunfo en Brasil. Central C\u00f3rdoba&nbsp;escribi\u00f3 una de... Continue reading\" \/>\n<meta property=\"og:url\" content=\"https:\/\/nativainfo.com\/?p=4763\" \/>\n<meta property=\"og:site_name\" content=\"Nativa Info\" \/>\n<meta property=\"article:publisher\" content=\"https:\/\/www.facebook.com\/profile.php?id=61578881597564\" \/>\n<meta property=\"article:published_time\" content=\"2025-04-10T20:41:58+00:00\" \/>\n<meta property=\"og:image\" content=\"http:\/\/nativainfo.com\/wp-content\/uploads\/2025\/04\/imagen_2025-04-10_174149831-1024x576.png\" \/>\n<meta name=\"author\" content=\"Nativa Info\" \/>\n<meta name=\"twitter:card\" content=\"summary_large_image\" \/>\n<meta name=\"twitter:label1\" content=\"Escrito por\" \/>\n\t<meta name=\"twitter:data1\" content=\"Nativa Info\" \/>\n\t<meta name=\"twitter:label2\" content=\"Tiempo de lectura\" \/>\n\t<meta name=\"twitter:data2\" content=\"1 minuto\" \/>\n<script type=\"application\/ld+json\" class=\"yoast-schema-graph\">{\"@context\":\"https:\/\/schema.org\",\"@graph\":[{\"@type\":\"Article\",\"@id\":\"https:\/\/nativainfo.com\/?p=4763#article\",\"isPartOf\":{\"@id\":\"https:\/\/nativainfo.com\/?p=4763\"},\"author\":{\"name\":\"Nativa Info\",\"@id\":\"https:\/\/nativainfo.com\/#\/schema\/person\/24893b64a9cd564ddb5d102d36eb4b5c\"},\"headline\":\"Central C\u00f3rdoba regres\u00f3 a Santiago tras la haza\u00f1a ante Flamengo en el Maracan\u00e1\",\"datePublished\":\"2025-04-10T20:41:58+00:00\",\"mainEntityOfPage\":{\"@id\":\"https:\/\/nativainfo.com\/?p=4763\"},\"wordCount\":148,\"commentCount\":0,\"publisher\":{\"@id\":\"https:\/\/nativainfo.com\/#organization\"},\"image\":{\"@id\":\"https:\/\/nativainfo.com\/?p=4763#primaryimage\"},\"thumbnailUrl\":\"http:\/\/nativainfo.com\/wp-content\/uploads\/2025\/04\/imagen_2025-04-10_174149831-1024x576.png\",\"articleSection\":[\"F\u00fatbol\"],\"inLanguage\":\"es-AR\",\"potentialAction\":[{\"@type\":\"CommentAction\",\"name\":\"Comment\",\"target\":[\"https:\/\/nativainfo.com\/?p=4763#respond\"]}]},{\"@type\":\"WebPage\",\"@id\":\"https:\/\/nativainfo.com\/?p=4763\",\"url\":\"https:\/\/nativainfo.com\/?p=4763\",\"name\":\"Central C\u00f3rdoba regres\u00f3 a Santiago tras la haza\u00f1a ante Flamengo en el Maracan\u00e1 - Nativa Info\",\"isPartOf\":{\"@id\":\"https:\/\/nativainfo.com\/#website\"},\"primaryImageOfPage\":{\"@id\":\"https:\/\/nativainfo.com\/?p=4763#primaryimage\"},\"image\":{\"@id\":\"https:\/\/nativainfo.com\/?p=4763#primaryimage\"},\"thumbnailUrl\":\"http:\/\/nativainfo.com\/wp-content\/uploads\/2025\/04\/imagen_2025-04-10_174149831-1024x576.png\",\"datePublished\":\"2025-04-10T20:41:58+00:00\",\"breadcrumb\":{\"@id\":\"https:\/\/nativainfo.com\/?p=4763#breadcrumb\"},\"inLanguage\":\"es-AR\",\"potentialAction\":[{\"@type\":\"ReadAction\",\"target\":[\"https:\/\/nativainfo.com\/?p=4763\"]}]},{\"@type\":\"ImageObject\",\"inLanguage\":\"es-AR\",\"@id\":\"https:\/\/nativainfo.com\/?p=4763#primaryimage\",\"url\":\"https:\/\/nativainfo.com\/wp-content\/uploads\/2025\/04\/imagen_2025-04-10_174149831.png\",\"contentUrl\":\"https:\/\/nativainfo.com\/wp-content\/uploads\/2025\/04\/imagen_2025-04-10_174149831.png\",\"width\":1200,\"height\":675},{\"@type\":\"BreadcrumbList\",\"@id\":\"https:\/\/nativainfo.com\/?p=4763#breadcrumb\",\"itemListElement\":[{\"@type\":\"ListItem\",\"position\":1,\"name\":\"Inicio\",\"item\":\"https:\/\/nativainfo.com\/\"},{\"@type\":\"ListItem\",\"position\":2,\"name\":\"Central C\u00f3rdoba regres\u00f3 a Santiago tras la haza\u00f1a ante Flamengo en el Maracan\u00e1\"}]},{\"@type\":\"WebSite\",\"@id\":\"https:\/\/nativainfo.com\/#website\",\"url\":\"https:\/\/nativainfo.com\/\",\"name\":\"Nativa Info\",\"description\":\"Diario Digital\",\"publisher\":{\"@id\":\"https:\/\/nativainfo.com\/#organization\"},\"potentialAction\":[{\"@type\":\"SearchAction\",\"target\":{\"@type\":\"EntryPoint\",\"urlTemplate\":\"https:\/\/nativainfo.com\/?s={search_term_string}\"},\"query-input\":{\"@type\":\"PropertyValueSpecification\",\"valueRequired\":true,\"valueName\":\"search_term_string\"}}],\"inLanguage\":\"es-AR\"},{\"@type\":\"Organization\",\"@id\":\"https:\/\/nativainfo.com\/#organization\",\"name\":\"Nativa Info\",\"url\":\"https:\/\/nativainfo.com\/\",\"logo\":{\"@type\":\"ImageObject\",\"inLanguage\":\"es-AR\",\"@id\":\"https:\/\/nativainfo.com\/#\/schema\/logo\/image\/\",\"url\":\"https:\/\/nativainfo.com\/wp-content\/uploads\/2025\/08\/LOGO-NATIVA-FACE.jpg\",\"contentUrl\":\"https:\/\/nativainfo.com\/wp-content\/uploads\/2025\/08\/LOGO-NATIVA-FACE.jpg\",\"width\":400,\"height\":400,\"caption\":\"Nativa Info\"},\"image\":{\"@id\":\"https:\/\/nativainfo.com\/#\/schema\/logo\/image\/\"},\"sameAs\":[\"https:\/\/www.facebook.com\/profile.php?id=61578881597564\"]},{\"@type\":\"Person\",\"@id\":\"https:\/\/nativainfo.com\/#\/schema\/person\/24893b64a9cd564ddb5d102d36eb4b5c\",\"name\":\"Nativa Info\",\"image\":{\"@type\":\"ImageObject\",\"inLanguage\":\"es-AR\",\"@id\":\"https:\/\/nativainfo.com\/#\/schema\/person\/image\/\",\"url\":\"https:\/\/secure.gravatar.com\/avatar\/016fa1cf068d85136d938e1507b9b619cb766e2565cbb1faa1e571762460c785?s=96&d=mm&r=g\",\"contentUrl\":\"https:\/\/secure.gravatar.com\/avatar\/016fa1cf068d85136d938e1507b9b619cb766e2565cbb1faa1e571762460c785?s=96&d=mm&r=g\",\"caption\":\"Nativa Info\"},\"sameAs\":[\"http:\/\/nativainfo.com\"],\"url\":\"https:\/\/nativainfo.com\/?author=1\"}]}<\/script>\n<!-- \/ Yoast SEO plugin. -->","yoast_head_json":{"title":"Central C\u00f3rdoba regres\u00f3 a Santiago tras la haza\u00f1a ante Flamengo en el Maracan\u00e1 - Nativa Info","robots":{"index":"index","follow":"follow","max-snippet":"max-snippet:-1","max-image-preview":"max-image-preview:large","max-video-preview":"max-video-preview:-1"},"canonical":"https:\/\/nativainfo.com\/?p=4763","og_locale":"es_ES","og_type":"article","og_title":"Central C\u00f3rdoba regres\u00f3 a Santiago tras la haza\u00f1a ante Flamengo en el Maracan\u00e1 - Nativa Info","og_description":"El plantel ferroviario arrib\u00f3 a nuestra ciudad pasadas las 9 luego del hist\u00f3rico triunfo en Brasil. Central C\u00f3rdoba&nbsp;escribi\u00f3 una de... Continue reading","og_url":"https:\/\/nativainfo.com\/?p=4763","og_site_name":"Nativa Info","article_publisher":"https:\/\/www.facebook.com\/profile.php?id=61578881597564","article_published_time":"2025-04-10T20:41:58+00:00","og_image":[{"url":"http:\/\/nativainfo.com\/wp-content\/uploads\/2025\/04\/imagen_2025-04-10_174149831-1024x576.png","type":"","width":"","height":""}],"author":"Nativa Info","twitter_card":"summary_large_image","twitter_misc":{"Escrito por":"Nativa Info","Tiempo de lectura":"1 minuto"},"schema":{"@context":"https:\/\/schema.org","@graph":[{"@type":"Article","@id":"https:\/\/nativainfo.com\/?p=4763#article","isPartOf":{"@id":"https:\/\/nativainfo.com\/?p=4763"},"author":{"name":"Nativa Info","@id":"https:\/\/nativainfo.com\/#\/schema\/person\/24893b64a9cd564ddb5d102d36eb4b5c"},"headline":"Central C\u00f3rdoba regres\u00f3 a Santiago tras la haza\u00f1a ante Flamengo en el Maracan\u00e1","datePublished":"2025-04-10T20:41:58+00:00","mainEntityOfPage":{"@id":"https:\/\/nativainfo.com\/?p=4763"},"wordCount":148,"commentCount":0,"publisher":{"@id":"https:\/\/nativainfo.com\/#organization"},"image":{"@id":"https:\/\/nativainfo.com\/?p=4763#primaryimage"},"thumbnailUrl":"http:\/\/nativainfo.com\/wp-content\/uploads\/2025\/04\/imagen_2025-04-10_174149831-1024x576.png","articleSection":["F\u00fatbol"],"inLanguage":"es-AR","potentialAction":[{"@type":"CommentAction","name":"Comment","target":["https:\/\/nativainfo.com\/?p=4763#respond"]}]},{"@type":"WebPage","@id":"https:\/\/nativainfo.com\/?p=4763","url":"https:\/\/nativainfo.com\/?p=4763","name":"Central C\u00f3rdoba regres\u00f3 a Santiago tras la haza\u00f1a ante Flamengo en el Maracan\u00e1 - Nativa Info","isPartOf":{"@id":"https:\/\/nativainfo.com\/#website"},"primaryImageOfPage":{"@id":"https:\/\/nativainfo.com\/?p=4763#primaryimage"},"image":{"@id":"https:\/\/nativainfo.com\/?p=4763#primaryimage"},"thumbnailUrl":"http:\/\/nativainfo.com\/wp-content\/uploads\/2025\/04\/imagen_2025-04-10_174149831-1024x576.png","datePublished":"2025-04-10T20:41:58+00:00","breadcrumb":{"@id":"https:\/\/nativainfo.com\/?p=4763#breadcrumb"},"inLanguage":"es-AR","potentialAction":[{"@type":"ReadAction","target":["https:\/\/nativainfo.com\/?p=4763"]}]},{"@type":"ImageObject","inLanguage":"es-AR","@id":"https:\/\/nativainfo.com\/?p=4763#primaryimage","url":"https:\/\/nativainfo.com\/wp-content\/uploads\/2025\/04\/imagen_2025-04-10_174149831.png","contentUrl":"https:\/\/nativainfo.com\/wp-content\/uploads\/2025\/04\/imagen_2025-04-10_174149831.png","width":1200,"height":675},{"@type":"BreadcrumbList","@id":"https:\/\/nativainfo.com\/?p=4763#breadcrumb","itemListElement":[{"@type":"ListItem","position":1,"name":"Inicio","item":"https:\/\/nativainfo.com\/"},{"@type":"ListItem","position":2,"name":"Central C\u00f3rdoba regres\u00f3 a Santiago tras la haza\u00f1a ante Flamengo en el Maracan\u00e1"}]},{"@type":"WebSite","@id":"https:\/\/nativainfo.com\/#website","url":"https:\/\/nativainfo.com\/","name":"Nativa Info","description":"Diario Digital","publisher":{"@id":"https:\/\/nativainfo.com\/#organization"},"potentialAction":[{"@type":"SearchAction","target":{"@type":"EntryPoint","urlTemplate":"https:\/\/nativainfo.com\/?s={search_term_string}"},"query-input":{"@type":"PropertyValueSpecification","valueRequired":true,"valueName":"search_term_string"}}],"inLanguage":"es-AR"},{"@type":"Organization","@id":"https:\/\/nativainfo.com\/#organization","name":"Nativa Info","url":"https:\/\/nativainfo.com\/","logo":{"@type":"ImageObject","inLanguage":"es-AR","@id":"https:\/\/nativainfo.com\/#\/schema\/logo\/image\/","url":"https:\/\/nativainfo.com\/wp-content\/uploads\/2025\/08\/LOGO-NATIVA-FACE.jpg","contentUrl":"https:\/\/nativainfo.com\/wp-content\/uploads\/2025\/08\/LOGO-NATIVA-FACE.jpg","width":400,"height":400,"caption":"Nativa Info"},"image":{"@id":"https:\/\/nativainfo.com\/#\/schema\/logo\/image\/"},"sameAs":["https:\/\/www.facebook.com\/profile.php?id=61578881597564"]},{"@type":"Person","@id":"https:\/\/nativainfo.com\/#\/schema\/person\/24893b64a9cd564ddb5d102d36eb4b5c","name":"Nativa Info","image":{"@type":"ImageObject","inLanguage":"es-AR","@id":"https:\/\/nativainfo.com\/#\/schema\/person\/image\/","url":"https:\/\/secure.gravatar.com\/avatar\/016fa1cf068d85136d938e1507b9b619cb766e2565cbb1faa1e571762460c785?s=96&d=mm&r=g","contentUrl":"https:\/\/secure.gravatar.com\/avatar\/016fa1cf068d85136d938e1507b9b619cb766e2565cbb1faa1e571762460c785?s=96&d=mm&r=g","caption":"Nativa Info"},"sameAs":["http:\/\/nativainfo.com"],"url":"https:\/\/nativainfo.com\/?author=1"}]}},"jetpack_publicize_connections":[],"_links":{"self":[{"href":"https:\/\/nativainfo.com\/index.php?rest_route=\/wp\/v2\/posts\/4763","targetHints":{"allow":["GET"]}}],"collection":[{"href":"https:\/\/nativainfo.com\/index.php?rest_route=\/wp\/v2\/posts"}],"about":[{"href":"https:\/\/nativainfo.com\/index.php?rest_route=\/wp\/v2\/types\/post"}],"author":[{"embeddable":true,"href":"https:\/\/nativainfo.com\/index.php?rest_route=\/wp\/v2\/users\/1"}],"replies":[{"embeddable":true,"href":"https:\/\/nativainfo.com\/index.php?rest_route=%2Fwp%2Fv2%2Fcomments&post=4763"}],"version-history":[{"count":1,"href":"https:\/\/nativainfo.com\/index.php?rest_route=\/wp\/v2\/posts\/4763\/revisions"}],"predecessor-version":[{"id":4768,"href":"https:\/\/nativainfo.com\/index.php?rest_route=\/wp\/v2\/posts\/4763\/revisions\/4768"}],"wp:attachment":[{"href":"https:\/\/nativainfo.com\/index.php?rest_route=%2Fwp%2Fv2%2Fmedia&parent=4763"}],"wp:term":[{"taxonomy":"category","embeddable":true,"href":"https:\/\/nativainfo.com\/index.php?rest_route=%2Fwp%2Fv2%2Fcategories&post=4763"},{"taxonomy":"post_tag","embeddable":true,"href":"https:\/\/nativainfo.com\/index.php?rest_route=%2Fwp%2Fv2%2Ftags&post=4763"}],"curies":[{"name":"wp","href":"https:\/\/api.w.org\/{rel}","templated":true}]}}