{"id":4744,"date":"2025-03-26T23:47:17","date_gmt":"2025-03-27T02:47:17","guid":{"rendered":"http:\/\/nativainfo.com\/?p=4744"},"modified":"2025-03-26T23:47:18","modified_gmt":"2025-03-27T02:47:18","slug":"fecha-confirmada-para-la-supercopa-argentina-entre-central-cordoba-y-velez","status":"publish","type":"post","link":"https:\/\/nativainfo.com\/?p=4744","title":{"rendered":"Fecha confirmada para la Supercopa Argentina entre Central C\u00f3rdoba y V\u00e9lez"},"content":{"rendered":"\n<p>El Ferroviario, campe\u00f3n de la Copa de la Liga, buscar\u00e1 un nuevo t\u00edtulo ante el Fort\u00edn, que se qued\u00f3 con la Liga Profesional.<\/p>\n\n\n\n<figure class=\"wp-block-image size-full\"><img fetchpriority=\"high\" decoding=\"async\" width=\"1010\" height=\"567\" src=\"http:\/\/nativainfo.com\/wp-content\/uploads\/2025\/03\/imagen_2025-03-26_234711605.png\" alt=\"\" class=\"wp-image-4747\" srcset=\"https:\/\/nativainfo.com\/wp-content\/uploads\/2025\/03\/imagen_2025-03-26_234711605.png 1010w, https:\/\/nativainfo.com\/wp-content\/uploads\/2025\/03\/imagen_2025-03-26_234711605-300x168.png 300w, https:\/\/nativainfo.com\/wp-content\/uploads\/2025\/03\/imagen_2025-03-26_234711605-768x431.png 768w, https:\/\/nativainfo.com\/wp-content\/uploads\/2025\/03\/imagen_2025-03-26_234711605-623x350.png 623w, https:\/\/nativainfo.com\/wp-content\/uploads\/2025\/03\/imagen_2025-03-26_234711605-150x84.png 150w\" sizes=\"(max-width: 1010px) 100vw, 1010px\" \/><\/figure>\n\n\n\n<p>La\u00a0<strong>Supercopa Argentina 2024<\/strong>\u00a0ya tiene fecha confirmada.\u00a0<strong>Central C\u00f3rdoba, campe\u00f3n de la Copa Argentina, y V\u00e9lez Sarsfield, ganador de la Liga Profesional<\/strong>, se enfrentar\u00e1n el 6 de septiembre en un estadio a\u00fan por definir.<\/p>\n\n\n\n<p>El enfrentamiento ser\u00e1 una revancha especial, ya que ambos equipos se vieron las caras en la final de la Copa Argentina 2024. En aquella ocasi\u00f3n, el Ferroviario se consagr\u00f3 campe\u00f3n con un triunfo memorable por 1-0 en la cancha de Uni\u00f3n de Santa Fe. Ahora, el conjunto santiague\u00f1o buscar\u00e1 a\u00f1adir una nueva estrella a su palmar\u00e9s, mientras que el Fort\u00edn intentar\u00e1 saldar cuentas pendientes y conquistar el t\u00edtulo.<\/p>\n\n\n\n<p>Fuente: Diario Panorama<\/p>\n","protected":false},"excerpt":{"rendered":"<p>El Ferroviario, campe\u00f3n de la Copa de la Liga, buscar\u00e1 un nuevo t\u00edtulo ante el Fort\u00edn, que se qued\u00f3 con&#8230; <a class=\"continue-reading-link\" href=\"https:\/\/nativainfo.com\/?p=4744\">Continue reading<\/a><\/p>\n","protected":false},"author":1,"featured_media":0,"comment_status":"open","ping_status":"open","sticky":false,"template":"","format":"standard","meta":{"rop_custom_images_group":[],"rop_custom_messages_group":[],"rop_publish_now":"initial","rop_publish_now_accounts":[],"rop_publish_now_history":[],"rop_publish_now_status":"pending","footnotes":"","jetpack_publicize_message":"","jetpack_publicize_feature_enabled":true,"jetpack_social_post_already_shared":false,"jetpack_social_options":{"image_generator_settings":{"template":"highway","default_image_id":0,"font":"","enabled":false},"version":2}},"categories":[41],"tags":[],"class_list":["post-4744","post","type-post","status-publish","format-standard","hentry","category-futbol"],"yoast_head":"<!-- This site is optimized with the Yoast SEO plugin v25.6 - https:\/\/yoast.com\/wordpress\/plugins\/seo\/ -->\n<title>Fecha confirmada para la Supercopa Argentina entre Central C\u00f3rdoba y V\u00e9lez - Nativa Info<\/title>\n<meta name=\"robots\" content=\"index, follow, max-snippet:-1, max-image-preview:large, max-video-preview:-1\" \/>\n<link rel=\"canonical\" href=\"https:\/\/nativainfo.com\/?p=4744\" \/>\n<meta property=\"og:locale\" content=\"es_ES\" \/>\n<meta property=\"og:type\" content=\"article\" \/>\n<meta property=\"og:title\" content=\"Fecha confirmada para la Supercopa Argentina entre Central C\u00f3rdoba y V\u00e9lez - Nativa Info\" \/>\n<meta property=\"og:description\" content=\"El Ferroviario, campe\u00f3n de la Copa de la Liga, buscar\u00e1 un nuevo t\u00edtulo ante el Fort\u00edn, que se qued\u00f3 con... Continue reading\" \/>\n<meta property=\"og:url\" content=\"https:\/\/nativainfo.com\/?p=4744\" \/>\n<meta property=\"og:site_name\" content=\"Nativa Info\" \/>\n<meta property=\"article:publisher\" content=\"https:\/\/www.facebook.com\/profile.php?id=61578881597564\" \/>\n<meta property=\"article:published_time\" content=\"2025-03-27T02:47:17+00:00\" \/>\n<meta property=\"article:modified_time\" content=\"2025-03-27T02:47:18+00:00\" \/>\n<meta property=\"og:image\" content=\"http:\/\/nativainfo.com\/wp-content\/uploads\/2025\/03\/imagen_2025-03-26_234711605.png\" \/>\n<meta name=\"author\" content=\"Nativa Info\" \/>\n<meta name=\"twitter:card\" content=\"summary_large_image\" \/>\n<meta name=\"twitter:label1\" content=\"Escrito por\" \/>\n\t<meta name=\"twitter:data1\" content=\"Nativa Info\" \/>\n\t<meta name=\"twitter:label2\" content=\"Tiempo de lectura\" \/>\n\t<meta name=\"twitter:data2\" content=\"1 minuto\" \/>\n<script type=\"application\/ld+json\" class=\"yoast-schema-graph\">{\"@context\":\"https:\/\/schema.org\",\"@graph\":[{\"@type\":\"Article\",\"@id\":\"https:\/\/nativainfo.com\/?p=4744#article\",\"isPartOf\":{\"@id\":\"https:\/\/nativainfo.com\/?p=4744\"},\"author\":{\"name\":\"Nativa Info\",\"@id\":\"https:\/\/nativainfo.com\/#\/schema\/person\/24893b64a9cd564ddb5d102d36eb4b5c\"},\"headline\":\"Fecha confirmada para la Supercopa Argentina entre Central C\u00f3rdoba y V\u00e9lez\",\"datePublished\":\"2025-03-27T02:47:17+00:00\",\"dateModified\":\"2025-03-27T02:47:18+00:00\",\"mainEntityOfPage\":{\"@id\":\"https:\/\/nativainfo.com\/?p=4744\"},\"wordCount\":155,\"commentCount\":0,\"publisher\":{\"@id\":\"https:\/\/nativainfo.com\/#organization\"},\"image\":{\"@id\":\"https:\/\/nativainfo.com\/?p=4744#primaryimage\"},\"thumbnailUrl\":\"http:\/\/nativainfo.com\/wp-content\/uploads\/2025\/03\/imagen_2025-03-26_234711605.png\",\"articleSection\":[\"F\u00fatbol\"],\"inLanguage\":\"es-AR\",\"potentialAction\":[{\"@type\":\"CommentAction\",\"name\":\"Comment\",\"target\":[\"https:\/\/nativainfo.com\/?p=4744#respond\"]}]},{\"@type\":\"WebPage\",\"@id\":\"https:\/\/nativainfo.com\/?p=4744\",\"url\":\"https:\/\/nativainfo.com\/?p=4744\",\"name\":\"Fecha confirmada para la Supercopa Argentina entre Central C\u00f3rdoba y V\u00e9lez - Nativa Info\",\"isPartOf\":{\"@id\":\"https:\/\/nativainfo.com\/#website\"},\"primaryImageOfPage\":{\"@id\":\"https:\/\/nativainfo.com\/?p=4744#primaryimage\"},\"image\":{\"@id\":\"https:\/\/nativainfo.com\/?p=4744#primaryimage\"},\"thumbnailUrl\":\"http:\/\/nativainfo.com\/wp-content\/uploads\/2025\/03\/imagen_2025-03-26_234711605.png\",\"datePublished\":\"2025-03-27T02:47:17+00:00\",\"dateModified\":\"2025-03-27T02:47:18+00:00\",\"breadcrumb\":{\"@id\":\"https:\/\/nativainfo.com\/?p=4744#breadcrumb\"},\"inLanguage\":\"es-AR\",\"potentialAction\":[{\"@type\":\"ReadAction\",\"target\":[\"https:\/\/nativainfo.com\/?p=4744\"]}]},{\"@type\":\"ImageObject\",\"inLanguage\":\"es-AR\",\"@id\":\"https:\/\/nativainfo.com\/?p=4744#primaryimage\",\"url\":\"https:\/\/nativainfo.com\/wp-content\/uploads\/2025\/03\/imagen_2025-03-26_234711605.png\",\"contentUrl\":\"https:\/\/nativainfo.com\/wp-content\/uploads\/2025\/03\/imagen_2025-03-26_234711605.png\",\"width\":1010,\"height\":567},{\"@type\":\"BreadcrumbList\",\"@id\":\"https:\/\/nativainfo.com\/?p=4744#breadcrumb\",\"itemListElement\":[{\"@type\":\"ListItem\",\"position\":1,\"name\":\"Inicio\",\"item\":\"https:\/\/nativainfo.com\/\"},{\"@type\":\"ListItem\",\"position\":2,\"name\":\"Fecha confirmada para la Supercopa Argentina entre Central C\u00f3rdoba y V\u00e9lez\"}]},{\"@type\":\"WebSite\",\"@id\":\"https:\/\/nativainfo.com\/#website\",\"url\":\"https:\/\/nativainfo.com\/\",\"name\":\"Nativa Info\",\"description\":\"Diario Digital\",\"publisher\":{\"@id\":\"https:\/\/nativainfo.com\/#organization\"},\"potentialAction\":[{\"@type\":\"SearchAction\",\"target\":{\"@type\":\"EntryPoint\",\"urlTemplate\":\"https:\/\/nativainfo.com\/?s={search_term_string}\"},\"query-input\":{\"@type\":\"PropertyValueSpecification\",\"valueRequired\":true,\"valueName\":\"search_term_string\"}}],\"inLanguage\":\"es-AR\"},{\"@type\":\"Organization\",\"@id\":\"https:\/\/nativainfo.com\/#organization\",\"name\":\"Nativa Info\",\"url\":\"https:\/\/nativainfo.com\/\",\"logo\":{\"@type\":\"ImageObject\",\"inLanguage\":\"es-AR\",\"@id\":\"https:\/\/nativainfo.com\/#\/schema\/logo\/image\/\",\"url\":\"https:\/\/nativainfo.com\/wp-content\/uploads\/2025\/08\/LOGO-NATIVA-FACE.jpg\",\"contentUrl\":\"https:\/\/nativainfo.com\/wp-content\/uploads\/2025\/08\/LOGO-NATIVA-FACE.jpg\",\"width\":400,\"height\":400,\"caption\":\"Nativa Info\"},\"image\":{\"@id\":\"https:\/\/nativainfo.com\/#\/schema\/logo\/image\/\"},\"sameAs\":[\"https:\/\/www.facebook.com\/profile.php?id=61578881597564\"]},{\"@type\":\"Person\",\"@id\":\"https:\/\/nativainfo.com\/#\/schema\/person\/24893b64a9cd564ddb5d102d36eb4b5c\",\"name\":\"Nativa Info\",\"image\":{\"@type\":\"ImageObject\",\"inLanguage\":\"es-AR\",\"@id\":\"https:\/\/nativainfo.com\/#\/schema\/person\/image\/\",\"url\":\"https:\/\/secure.gravatar.com\/avatar\/016fa1cf068d85136d938e1507b9b619cb766e2565cbb1faa1e571762460c785?s=96&d=mm&r=g\",\"contentUrl\":\"https:\/\/secure.gravatar.com\/avatar\/016fa1cf068d85136d938e1507b9b619cb766e2565cbb1faa1e571762460c785?s=96&d=mm&r=g\",\"caption\":\"Nativa Info\"},\"sameAs\":[\"http:\/\/nativainfo.com\"],\"url\":\"https:\/\/nativainfo.com\/?author=1\"}]}<\/script>\n<!-- \/ Yoast SEO plugin. -->","yoast_head_json":{"title":"Fecha confirmada para la Supercopa Argentina entre Central C\u00f3rdoba y V\u00e9lez - Nativa Info","robots":{"index":"index","follow":"follow","max-snippet":"max-snippet:-1","max-image-preview":"max-image-preview:large","max-video-preview":"max-video-preview:-1"},"canonical":"https:\/\/nativainfo.com\/?p=4744","og_locale":"es_ES","og_type":"article","og_title":"Fecha confirmada para la Supercopa Argentina entre Central C\u00f3rdoba y V\u00e9lez - Nativa Info","og_description":"El Ferroviario, campe\u00f3n de la Copa de la Liga, buscar\u00e1 un nuevo t\u00edtulo ante el Fort\u00edn, que se qued\u00f3 con... Continue reading","og_url":"https:\/\/nativainfo.com\/?p=4744","og_site_name":"Nativa Info","article_publisher":"https:\/\/www.facebook.com\/profile.php?id=61578881597564","article_published_time":"2025-03-27T02:47:17+00:00","article_modified_time":"2025-03-27T02:47:18+00:00","og_image":[{"url":"http:\/\/nativainfo.com\/wp-content\/uploads\/2025\/03\/imagen_2025-03-26_234711605.png","type":"","width":"","height":""}],"author":"Nativa Info","twitter_card":"summary_large_image","twitter_misc":{"Escrito por":"Nativa Info","Tiempo de lectura":"1 minuto"},"schema":{"@context":"https:\/\/schema.org","@graph":[{"@type":"Article","@id":"https:\/\/nativainfo.com\/?p=4744#article","isPartOf":{"@id":"https:\/\/nativainfo.com\/?p=4744"},"author":{"name":"Nativa Info","@id":"https:\/\/nativainfo.com\/#\/schema\/person\/24893b64a9cd564ddb5d102d36eb4b5c"},"headline":"Fecha confirmada para la Supercopa Argentina entre Central C\u00f3rdoba y V\u00e9lez","datePublished":"2025-03-27T02:47:17+00:00","dateModified":"2025-03-27T02:47:18+00:00","mainEntityOfPage":{"@id":"https:\/\/nativainfo.com\/?p=4744"},"wordCount":155,"commentCount":0,"publisher":{"@id":"https:\/\/nativainfo.com\/#organization"},"image":{"@id":"https:\/\/nativainfo.com\/?p=4744#primaryimage"},"thumbnailUrl":"http:\/\/nativainfo.com\/wp-content\/uploads\/2025\/03\/imagen_2025-03-26_234711605.png","articleSection":["F\u00fatbol"],"inLanguage":"es-AR","potentialAction":[{"@type":"CommentAction","name":"Comment","target":["https:\/\/nativainfo.com\/?p=4744#respond"]}]},{"@type":"WebPage","@id":"https:\/\/nativainfo.com\/?p=4744","url":"https:\/\/nativainfo.com\/?p=4744","name":"Fecha confirmada para la Supercopa Argentina entre Central C\u00f3rdoba y V\u00e9lez - Nativa Info","isPartOf":{"@id":"https:\/\/nativainfo.com\/#website"},"primaryImageOfPage":{"@id":"https:\/\/nativainfo.com\/?p=4744#primaryimage"},"image":{"@id":"https:\/\/nativainfo.com\/?p=4744#primaryimage"},"thumbnailUrl":"http:\/\/nativainfo.com\/wp-content\/uploads\/2025\/03\/imagen_2025-03-26_234711605.png","datePublished":"2025-03-27T02:47:17+00:00","dateModified":"2025-03-27T02:47:18+00:00","breadcrumb":{"@id":"https:\/\/nativainfo.com\/?p=4744#breadcrumb"},"inLanguage":"es-AR","potentialAction":[{"@type":"ReadAction","target":["https:\/\/nativainfo.com\/?p=4744"]}]},{"@type":"ImageObject","inLanguage":"es-AR","@id":"https:\/\/nativainfo.com\/?p=4744#primaryimage","url":"https:\/\/nativainfo.com\/wp-content\/uploads\/2025\/03\/imagen_2025-03-26_234711605.png","contentUrl":"https:\/\/nativainfo.com\/wp-content\/uploads\/2025\/03\/imagen_2025-03-26_234711605.png","width":1010,"height":567},{"@type":"BreadcrumbList","@id":"https:\/\/nativainfo.com\/?p=4744#breadcrumb","itemListElement":[{"@type":"ListItem","position":1,"name":"Inicio","item":"https:\/\/nativainfo.com\/"},{"@type":"ListItem","position":2,"name":"Fecha confirmada para la Supercopa Argentina entre Central C\u00f3rdoba y V\u00e9lez"}]},{"@type":"WebSite","@id":"https:\/\/nativainfo.com\/#website","url":"https:\/\/nativainfo.com\/","name":"Nativa Info","description":"Diario Digital","publisher":{"@id":"https:\/\/nativainfo.com\/#organization"},"potentialAction":[{"@type":"SearchAction","target":{"@type":"EntryPoint","urlTemplate":"https:\/\/nativainfo.com\/?s={search_term_string}"},"query-input":{"@type":"PropertyValueSpecification","valueRequired":true,"valueName":"search_term_string"}}],"inLanguage":"es-AR"},{"@type":"Organization","@id":"https:\/\/nativainfo.com\/#organization","name":"Nativa Info","url":"https:\/\/nativainfo.com\/","logo":{"@type":"ImageObject","inLanguage":"es-AR","@id":"https:\/\/nativainfo.com\/#\/schema\/logo\/image\/","url":"https:\/\/nativainfo.com\/wp-content\/uploads\/2025\/08\/LOGO-NATIVA-FACE.jpg","contentUrl":"https:\/\/nativainfo.com\/wp-content\/uploads\/2025\/08\/LOGO-NATIVA-FACE.jpg","width":400,"height":400,"caption":"Nativa Info"},"image":{"@id":"https:\/\/nativainfo.com\/#\/schema\/logo\/image\/"},"sameAs":["https:\/\/www.facebook.com\/profile.php?id=61578881597564"]},{"@type":"Person","@id":"https:\/\/nativainfo.com\/#\/schema\/person\/24893b64a9cd564ddb5d102d36eb4b5c","name":"Nativa Info","image":{"@type":"ImageObject","inLanguage":"es-AR","@id":"https:\/\/nativainfo.com\/#\/schema\/person\/image\/","url":"https:\/\/secure.gravatar.com\/avatar\/016fa1cf068d85136d938e1507b9b619cb766e2565cbb1faa1e571762460c785?s=96&d=mm&r=g","contentUrl":"https:\/\/secure.gravatar.com\/avatar\/016fa1cf068d85136d938e1507b9b619cb766e2565cbb1faa1e571762460c785?s=96&d=mm&r=g","caption":"Nativa Info"},"sameAs":["http:\/\/nativainfo.com"],"url":"https:\/\/nativainfo.com\/?author=1"}]}},"jetpack_publicize_connections":[],"_links":{"self":[{"href":"https:\/\/nativainfo.com\/index.php?rest_route=\/wp\/v2\/posts\/4744","targetHints":{"allow":["GET"]}}],"collection":[{"href":"https:\/\/nativainfo.com\/index.php?rest_route=\/wp\/v2\/posts"}],"about":[{"href":"https:\/\/nativainfo.com\/index.php?rest_route=\/wp\/v2\/types\/post"}],"author":[{"embeddable":true,"href":"https:\/\/nativainfo.com\/index.php?rest_route=\/wp\/v2\/users\/1"}],"replies":[{"embeddable":true,"href":"https:\/\/nativainfo.com\/index.php?rest_route=%2Fwp%2Fv2%2Fcomments&post=4744"}],"version-history":[{"count":1,"href":"https:\/\/nativainfo.com\/index.php?rest_route=\/wp\/v2\/posts\/4744\/revisions"}],"predecessor-version":[{"id":4748,"href":"https:\/\/nativainfo.com\/index.php?rest_route=\/wp\/v2\/posts\/4744\/revisions\/4748"}],"wp:attachment":[{"href":"https:\/\/nativainfo.com\/index.php?rest_route=%2Fwp%2Fv2%2Fmedia&parent=4744"}],"wp:term":[{"taxonomy":"category","embeddable":true,"href":"https:\/\/nativainfo.com\/index.php?rest_route=%2Fwp%2Fv2%2Fcategories&post=4744"},{"taxonomy":"post_tag","embeddable":true,"href":"https:\/\/nativainfo.com\/index.php?rest_route=%2Fwp%2Fv2%2Ftags&post=4744"}],"curies":[{"name":"wp","href":"https:\/\/api.w.org\/{rel}","templated":true}]}}