{"id":474,"date":"2020-08-07T08:44:29","date_gmt":"2020-08-07T11:44:29","guid":{"rendered":"http:\/\/nativainfo.com\/?p=474"},"modified":"2020-08-07T08:45:25","modified_gmt":"2020-08-07T11:45:25","slug":"el-comite-de-emergencia-de-la-ciudad-de-fernandez-busca-llevar-tranquilidad-a-la-poblacion","status":"publish","type":"post","link":"https:\/\/nativainfo.com\/?p=474","title":{"rendered":"El Comit\u00e9 de Emergencia de la ciudad de Fern\u00e1ndez busca llevar tranquilidad a la poblaci\u00f3n"},"content":{"rendered":"\n<figure class=\"wp-block-image size-large\"><img fetchpriority=\"high\" decoding=\"async\" width=\"937\" height=\"553\" src=\"http:\/\/nativainfo.com\/wp-content\/uploads\/2020\/08\/fdez.jpg\" alt=\"\" class=\"wp-image-475\" srcset=\"https:\/\/nativainfo.com\/wp-content\/uploads\/2020\/08\/fdez.jpg 937w, https:\/\/nativainfo.com\/wp-content\/uploads\/2020\/08\/fdez-300x177.jpg 300w, https:\/\/nativainfo.com\/wp-content\/uploads\/2020\/08\/fdez-768x453.jpg 768w, https:\/\/nativainfo.com\/wp-content\/uploads\/2020\/08\/fdez-593x350.jpg 593w, https:\/\/nativainfo.com\/wp-content\/uploads\/2020\/08\/fdez-150x89.jpg 150w\" sizes=\"(max-width: 937px) 100vw, 937px\" \/><\/figure>\n\n\n\n<p>A trav\u00e9s de un comunicado, el&nbsp;<strong>Comit\u00e9 de Emergencia de la ciudad de Fern\u00e1ndez<\/strong>&nbsp;report\u00f3 la situaci\u00f3n con respecto a los casos de coronavirus que all\u00ed se registraron.&nbsp;<\/p>\n\n\n\n<p>Este es el comunicado completo:<\/p>\n\n\n\n<p><em>A los fines de llevar tranquilidad a la poblaci\u00f3n de nuestra ciudad informamos la situaci\u00f3n actual referida a covid 19:<\/em><\/p>\n\n\n\n<p><em>*&nbsp;<strong>Se mantiene en 2 los casos positivos actuales en la ciudad<\/strong>, los cuales llevan aislados mas de 10 d\u00edas estando pr\u00f3ximos a ser dados de alta, en buen estado de salud, haciendo un total de 7 casos positivos en la ciudad desde el inicio de la pandemia.<\/em><\/p>\n\n\n\n<p><em>* Actualmente&nbsp;<strong>se encuentran aislados 21 personas provenientes de otras provincias<\/strong>&nbsp;por cuestiones de prevenci\u00f3n, hasta cumplir los 14 d\u00edas obligatorios.<\/em><\/p>\n\n\n\n<p><em>* Ocho personas aisladas por prevenci\u00f3n, por Contacto indirecto con el caso 41 de ciudad capital. Estas 8 personas acaban de informarnos que dio negativo la persona con la cual hab\u00edan estado en contacto, por lo que se les dar\u00e1 el alta inmediatamente ya que hab\u00edan sido aisladas por 72 hs de manera preventiva.<\/em><\/p>\n\n\n\n<p><em>La situaci\u00f3n nos obliga a&nbsp;<strong>mantener mas que nunca las medidas de distanciamiento<\/strong>, tapa bocas y lavado de manos. Vivimos horas decisivas y donde el compromiso ciudadano se vuelve cada vez m\u00e1s determinante.<\/em><\/p>\n\n\n\n<p><em>Evitemos salir de nuestras viviendas, haci\u00e9ndolo solo en caso de ser necesario<\/em><\/p>\n\n\n\n<p>-Fuente: El Liberal-<\/p>\n","protected":false},"excerpt":{"rendered":"<p>A trav\u00e9s de un comunicado, el&nbsp;Comit\u00e9 de Emergencia de la ciudad de Fern\u00e1ndez&nbsp;report\u00f3 la situaci\u00f3n con respecto a los casos&#8230; <a class=\"continue-reading-link\" href=\"https:\/\/nativainfo.com\/?p=474\">Continue reading<\/a><\/p>\n","protected":false},"author":1,"featured_media":0,"comment_status":"open","ping_status":"open","sticky":false,"template":"","format":"standard","meta":{"rop_custom_images_group":[],"rop_custom_messages_group":[],"rop_publish_now":"initial","rop_publish_now_accounts":[],"rop_publish_now_history":[],"rop_publish_now_status":"pending","footnotes":"","jetpack_publicize_message":"","jetpack_publicize_feature_enabled":true,"jetpack_social_post_already_shared":false,"jetpack_social_options":{"image_generator_settings":{"template":"highway","default_image_id":0,"font":"","enabled":false},"version":2}},"categories":[14,13,8],"tags":[],"class_list":["post-474","post","type-post","status-publish","format-standard","hentry","category-coronavirus","category-fernandez","category-noticias"],"yoast_head":"<!-- This site is optimized with the Yoast SEO plugin v25.6 - https:\/\/yoast.com\/wordpress\/plugins\/seo\/ -->\n<title>El Comit\u00e9 de Emergencia de la ciudad de Fern\u00e1ndez busca llevar tranquilidad a la poblaci\u00f3n - Nativa Info<\/title>\n<meta name=\"robots\" content=\"index, follow, max-snippet:-1, max-image-preview:large, max-video-preview:-1\" \/>\n<link rel=\"canonical\" href=\"https:\/\/nativainfo.com\/?p=474\" \/>\n<meta property=\"og:locale\" content=\"es_ES\" \/>\n<meta property=\"og:type\" content=\"article\" \/>\n<meta property=\"og:title\" content=\"El Comit\u00e9 de Emergencia de la ciudad de Fern\u00e1ndez busca llevar tranquilidad a la poblaci\u00f3n - Nativa Info\" \/>\n<meta property=\"og:description\" content=\"A trav\u00e9s de un comunicado, el&nbsp;Comit\u00e9 de Emergencia de la ciudad de Fern\u00e1ndez&nbsp;report\u00f3 la situaci\u00f3n con respecto a los casos... Continue reading\" \/>\n<meta property=\"og:url\" content=\"https:\/\/nativainfo.com\/?p=474\" \/>\n<meta property=\"og:site_name\" content=\"Nativa Info\" \/>\n<meta property=\"article:publisher\" content=\"https:\/\/www.facebook.com\/profile.php?id=61578881597564\" \/>\n<meta property=\"article:published_time\" content=\"2020-08-07T11:44:29+00:00\" \/>\n<meta property=\"article:modified_time\" content=\"2020-08-07T11:45:25+00:00\" \/>\n<meta property=\"og:image\" content=\"http:\/\/nativainfo.com\/wp-content\/uploads\/2020\/08\/fdez.jpg\" \/>\n<meta name=\"author\" content=\"Nativa Info\" \/>\n<meta name=\"twitter:card\" content=\"summary_large_image\" \/>\n<meta name=\"twitter:label1\" content=\"Escrito por\" \/>\n\t<meta name=\"twitter:data1\" content=\"Nativa Info\" \/>\n\t<meta name=\"twitter:label2\" content=\"Tiempo de lectura\" \/>\n\t<meta name=\"twitter:data2\" content=\"1 minuto\" \/>\n<script type=\"application\/ld+json\" class=\"yoast-schema-graph\">{\"@context\":\"https:\/\/schema.org\",\"@graph\":[{\"@type\":\"Article\",\"@id\":\"https:\/\/nativainfo.com\/?p=474#article\",\"isPartOf\":{\"@id\":\"https:\/\/nativainfo.com\/?p=474\"},\"author\":{\"name\":\"Nativa Info\",\"@id\":\"https:\/\/nativainfo.com\/#\/schema\/person\/24893b64a9cd564ddb5d102d36eb4b5c\"},\"headline\":\"El Comit\u00e9 de Emergencia de la ciudad de Fern\u00e1ndez busca llevar tranquilidad a la poblaci\u00f3n\",\"datePublished\":\"2020-08-07T11:44:29+00:00\",\"dateModified\":\"2020-08-07T11:45:25+00:00\",\"mainEntityOfPage\":{\"@id\":\"https:\/\/nativainfo.com\/?p=474\"},\"wordCount\":251,\"commentCount\":0,\"publisher\":{\"@id\":\"https:\/\/nativainfo.com\/#organization\"},\"image\":{\"@id\":\"https:\/\/nativainfo.com\/?p=474#primaryimage\"},\"thumbnailUrl\":\"http:\/\/nativainfo.com\/wp-content\/uploads\/2020\/08\/fdez.jpg\",\"articleSection\":[\"Coronavirus\",\"Fern\u00e1ndez\",\"Noticias\"],\"inLanguage\":\"es-AR\",\"potentialAction\":[{\"@type\":\"CommentAction\",\"name\":\"Comment\",\"target\":[\"https:\/\/nativainfo.com\/?p=474#respond\"]}]},{\"@type\":\"WebPage\",\"@id\":\"https:\/\/nativainfo.com\/?p=474\",\"url\":\"https:\/\/nativainfo.com\/?p=474\",\"name\":\"El Comit\u00e9 de Emergencia de la ciudad de Fern\u00e1ndez busca llevar tranquilidad a la poblaci\u00f3n - Nativa Info\",\"isPartOf\":{\"@id\":\"https:\/\/nativainfo.com\/#website\"},\"primaryImageOfPage\":{\"@id\":\"https:\/\/nativainfo.com\/?p=474#primaryimage\"},\"image\":{\"@id\":\"https:\/\/nativainfo.com\/?p=474#primaryimage\"},\"thumbnailUrl\":\"http:\/\/nativainfo.com\/wp-content\/uploads\/2020\/08\/fdez.jpg\",\"datePublished\":\"2020-08-07T11:44:29+00:00\",\"dateModified\":\"2020-08-07T11:45:25+00:00\",\"breadcrumb\":{\"@id\":\"https:\/\/nativainfo.com\/?p=474#breadcrumb\"},\"inLanguage\":\"es-AR\",\"potentialAction\":[{\"@type\":\"ReadAction\",\"target\":[\"https:\/\/nativainfo.com\/?p=474\"]}]},{\"@type\":\"ImageObject\",\"inLanguage\":\"es-AR\",\"@id\":\"https:\/\/nativainfo.com\/?p=474#primaryimage\",\"url\":\"https:\/\/nativainfo.com\/wp-content\/uploads\/2020\/08\/fdez.jpg\",\"contentUrl\":\"https:\/\/nativainfo.com\/wp-content\/uploads\/2020\/08\/fdez.jpg\",\"width\":937,\"height\":553},{\"@type\":\"BreadcrumbList\",\"@id\":\"https:\/\/nativainfo.com\/?p=474#breadcrumb\",\"itemListElement\":[{\"@type\":\"ListItem\",\"position\":1,\"name\":\"Inicio\",\"item\":\"https:\/\/nativainfo.com\/\"},{\"@type\":\"ListItem\",\"position\":2,\"name\":\"El Comit\u00e9 de Emergencia de la ciudad de Fern\u00e1ndez busca llevar tranquilidad a la poblaci\u00f3n\"}]},{\"@type\":\"WebSite\",\"@id\":\"https:\/\/nativainfo.com\/#website\",\"url\":\"https:\/\/nativainfo.com\/\",\"name\":\"Nativa Info\",\"description\":\"Diario Digital\",\"publisher\":{\"@id\":\"https:\/\/nativainfo.com\/#organization\"},\"potentialAction\":[{\"@type\":\"SearchAction\",\"target\":{\"@type\":\"EntryPoint\",\"urlTemplate\":\"https:\/\/nativainfo.com\/?s={search_term_string}\"},\"query-input\":{\"@type\":\"PropertyValueSpecification\",\"valueRequired\":true,\"valueName\":\"search_term_string\"}}],\"inLanguage\":\"es-AR\"},{\"@type\":\"Organization\",\"@id\":\"https:\/\/nativainfo.com\/#organization\",\"name\":\"Nativa Info\",\"url\":\"https:\/\/nativainfo.com\/\",\"logo\":{\"@type\":\"ImageObject\",\"inLanguage\":\"es-AR\",\"@id\":\"https:\/\/nativainfo.com\/#\/schema\/logo\/image\/\",\"url\":\"https:\/\/nativainfo.com\/wp-content\/uploads\/2025\/08\/LOGO-NATIVA-FACE.jpg\",\"contentUrl\":\"https:\/\/nativainfo.com\/wp-content\/uploads\/2025\/08\/LOGO-NATIVA-FACE.jpg\",\"width\":400,\"height\":400,\"caption\":\"Nativa Info\"},\"image\":{\"@id\":\"https:\/\/nativainfo.com\/#\/schema\/logo\/image\/\"},\"sameAs\":[\"https:\/\/www.facebook.com\/profile.php?id=61578881597564\"]},{\"@type\":\"Person\",\"@id\":\"https:\/\/nativainfo.com\/#\/schema\/person\/24893b64a9cd564ddb5d102d36eb4b5c\",\"name\":\"Nativa Info\",\"image\":{\"@type\":\"ImageObject\",\"inLanguage\":\"es-AR\",\"@id\":\"https:\/\/nativainfo.com\/#\/schema\/person\/image\/\",\"url\":\"https:\/\/secure.gravatar.com\/avatar\/016fa1cf068d85136d938e1507b9b619cb766e2565cbb1faa1e571762460c785?s=96&d=mm&r=g\",\"contentUrl\":\"https:\/\/secure.gravatar.com\/avatar\/016fa1cf068d85136d938e1507b9b619cb766e2565cbb1faa1e571762460c785?s=96&d=mm&r=g\",\"caption\":\"Nativa Info\"},\"sameAs\":[\"http:\/\/nativainfo.com\"],\"url\":\"https:\/\/nativainfo.com\/?author=1\"}]}<\/script>\n<!-- \/ Yoast SEO plugin. -->","yoast_head_json":{"title":"El Comit\u00e9 de Emergencia de la ciudad de Fern\u00e1ndez busca llevar tranquilidad a la poblaci\u00f3n - Nativa Info","robots":{"index":"index","follow":"follow","max-snippet":"max-snippet:-1","max-image-preview":"max-image-preview:large","max-video-preview":"max-video-preview:-1"},"canonical":"https:\/\/nativainfo.com\/?p=474","og_locale":"es_ES","og_type":"article","og_title":"El Comit\u00e9 de Emergencia de la ciudad de Fern\u00e1ndez busca llevar tranquilidad a la poblaci\u00f3n - Nativa Info","og_description":"A trav\u00e9s de un comunicado, el&nbsp;Comit\u00e9 de Emergencia de la ciudad de Fern\u00e1ndez&nbsp;report\u00f3 la situaci\u00f3n con respecto a los casos... Continue reading","og_url":"https:\/\/nativainfo.com\/?p=474","og_site_name":"Nativa Info","article_publisher":"https:\/\/www.facebook.com\/profile.php?id=61578881597564","article_published_time":"2020-08-07T11:44:29+00:00","article_modified_time":"2020-08-07T11:45:25+00:00","og_image":[{"url":"http:\/\/nativainfo.com\/wp-content\/uploads\/2020\/08\/fdez.jpg","type":"","width":"","height":""}],"author":"Nativa Info","twitter_card":"summary_large_image","twitter_misc":{"Escrito por":"Nativa Info","Tiempo de lectura":"1 minuto"},"schema":{"@context":"https:\/\/schema.org","@graph":[{"@type":"Article","@id":"https:\/\/nativainfo.com\/?p=474#article","isPartOf":{"@id":"https:\/\/nativainfo.com\/?p=474"},"author":{"name":"Nativa Info","@id":"https:\/\/nativainfo.com\/#\/schema\/person\/24893b64a9cd564ddb5d102d36eb4b5c"},"headline":"El Comit\u00e9 de Emergencia de la ciudad de Fern\u00e1ndez busca llevar tranquilidad a la poblaci\u00f3n","datePublished":"2020-08-07T11:44:29+00:00","dateModified":"2020-08-07T11:45:25+00:00","mainEntityOfPage":{"@id":"https:\/\/nativainfo.com\/?p=474"},"wordCount":251,"commentCount":0,"publisher":{"@id":"https:\/\/nativainfo.com\/#organization"},"image":{"@id":"https:\/\/nativainfo.com\/?p=474#primaryimage"},"thumbnailUrl":"http:\/\/nativainfo.com\/wp-content\/uploads\/2020\/08\/fdez.jpg","articleSection":["Coronavirus","Fern\u00e1ndez","Noticias"],"inLanguage":"es-AR","potentialAction":[{"@type":"CommentAction","name":"Comment","target":["https:\/\/nativainfo.com\/?p=474#respond"]}]},{"@type":"WebPage","@id":"https:\/\/nativainfo.com\/?p=474","url":"https:\/\/nativainfo.com\/?p=474","name":"El Comit\u00e9 de Emergencia de la ciudad de Fern\u00e1ndez busca llevar tranquilidad a la poblaci\u00f3n - Nativa Info","isPartOf":{"@id":"https:\/\/nativainfo.com\/#website"},"primaryImageOfPage":{"@id":"https:\/\/nativainfo.com\/?p=474#primaryimage"},"image":{"@id":"https:\/\/nativainfo.com\/?p=474#primaryimage"},"thumbnailUrl":"http:\/\/nativainfo.com\/wp-content\/uploads\/2020\/08\/fdez.jpg","datePublished":"2020-08-07T11:44:29+00:00","dateModified":"2020-08-07T11:45:25+00:00","breadcrumb":{"@id":"https:\/\/nativainfo.com\/?p=474#breadcrumb"},"inLanguage":"es-AR","potentialAction":[{"@type":"ReadAction","target":["https:\/\/nativainfo.com\/?p=474"]}]},{"@type":"ImageObject","inLanguage":"es-AR","@id":"https:\/\/nativainfo.com\/?p=474#primaryimage","url":"https:\/\/nativainfo.com\/wp-content\/uploads\/2020\/08\/fdez.jpg","contentUrl":"https:\/\/nativainfo.com\/wp-content\/uploads\/2020\/08\/fdez.jpg","width":937,"height":553},{"@type":"BreadcrumbList","@id":"https:\/\/nativainfo.com\/?p=474#breadcrumb","itemListElement":[{"@type":"ListItem","position":1,"name":"Inicio","item":"https:\/\/nativainfo.com\/"},{"@type":"ListItem","position":2,"name":"El Comit\u00e9 de Emergencia de la ciudad de Fern\u00e1ndez busca llevar tranquilidad a la poblaci\u00f3n"}]},{"@type":"WebSite","@id":"https:\/\/nativainfo.com\/#website","url":"https:\/\/nativainfo.com\/","name":"Nativa Info","description":"Diario Digital","publisher":{"@id":"https:\/\/nativainfo.com\/#organization"},"potentialAction":[{"@type":"SearchAction","target":{"@type":"EntryPoint","urlTemplate":"https:\/\/nativainfo.com\/?s={search_term_string}"},"query-input":{"@type":"PropertyValueSpecification","valueRequired":true,"valueName":"search_term_string"}}],"inLanguage":"es-AR"},{"@type":"Organization","@id":"https:\/\/nativainfo.com\/#organization","name":"Nativa Info","url":"https:\/\/nativainfo.com\/","logo":{"@type":"ImageObject","inLanguage":"es-AR","@id":"https:\/\/nativainfo.com\/#\/schema\/logo\/image\/","url":"https:\/\/nativainfo.com\/wp-content\/uploads\/2025\/08\/LOGO-NATIVA-FACE.jpg","contentUrl":"https:\/\/nativainfo.com\/wp-content\/uploads\/2025\/08\/LOGO-NATIVA-FACE.jpg","width":400,"height":400,"caption":"Nativa Info"},"image":{"@id":"https:\/\/nativainfo.com\/#\/schema\/logo\/image\/"},"sameAs":["https:\/\/www.facebook.com\/profile.php?id=61578881597564"]},{"@type":"Person","@id":"https:\/\/nativainfo.com\/#\/schema\/person\/24893b64a9cd564ddb5d102d36eb4b5c","name":"Nativa Info","image":{"@type":"ImageObject","inLanguage":"es-AR","@id":"https:\/\/nativainfo.com\/#\/schema\/person\/image\/","url":"https:\/\/secure.gravatar.com\/avatar\/016fa1cf068d85136d938e1507b9b619cb766e2565cbb1faa1e571762460c785?s=96&d=mm&r=g","contentUrl":"https:\/\/secure.gravatar.com\/avatar\/016fa1cf068d85136d938e1507b9b619cb766e2565cbb1faa1e571762460c785?s=96&d=mm&r=g","caption":"Nativa Info"},"sameAs":["http:\/\/nativainfo.com"],"url":"https:\/\/nativainfo.com\/?author=1"}]}},"jetpack_publicize_connections":[],"_links":{"self":[{"href":"https:\/\/nativainfo.com\/index.php?rest_route=\/wp\/v2\/posts\/474","targetHints":{"allow":["GET"]}}],"collection":[{"href":"https:\/\/nativainfo.com\/index.php?rest_route=\/wp\/v2\/posts"}],"about":[{"href":"https:\/\/nativainfo.com\/index.php?rest_route=\/wp\/v2\/types\/post"}],"author":[{"embeddable":true,"href":"https:\/\/nativainfo.com\/index.php?rest_route=\/wp\/v2\/users\/1"}],"replies":[{"embeddable":true,"href":"https:\/\/nativainfo.com\/index.php?rest_route=%2Fwp%2Fv2%2Fcomments&post=474"}],"version-history":[{"count":2,"href":"https:\/\/nativainfo.com\/index.php?rest_route=\/wp\/v2\/posts\/474\/revisions"}],"predecessor-version":[{"id":477,"href":"https:\/\/nativainfo.com\/index.php?rest_route=\/wp\/v2\/posts\/474\/revisions\/477"}],"wp:attachment":[{"href":"https:\/\/nativainfo.com\/index.php?rest_route=%2Fwp%2Fv2%2Fmedia&parent=474"}],"wp:term":[{"taxonomy":"category","embeddable":true,"href":"https:\/\/nativainfo.com\/index.php?rest_route=%2Fwp%2Fv2%2Fcategories&post=474"},{"taxonomy":"post_tag","embeddable":true,"href":"https:\/\/nativainfo.com\/index.php?rest_route=%2Fwp%2Fv2%2Ftags&post=474"}],"curies":[{"name":"wp","href":"https:\/\/api.w.org\/{rel}","templated":true}]}}