{"id":4708,"date":"2025-03-14T02:52:04","date_gmt":"2025-03-14T05:52:04","guid":{"rendered":"http:\/\/nativainfo.com\/?p=4708"},"modified":"2025-03-14T02:52:04","modified_gmt":"2025-03-14T05:52:04","slug":"marc-marquez-en-las-termas-el-gran-premio-de-argentina-debe-seguir-en-el-motogp","status":"publish","type":"post","link":"https:\/\/nativainfo.com\/?p=4708","title":{"rendered":"Marc M\u00e1rquez en Las Termas: \u201cEl Gran Premio de Argentina debe seguir en el MotoGP\u201d"},"content":{"rendered":"\n<p>El m\u00faltiple campe\u00f3n enfatiz\u00f3 la importancia de la fecha en Sudam\u00e9rica y elogi\u00f3 el Circuito Internacional de Santiago del Estero como una sede clave para la competencia.<\/p>\n\n\n\n<figure class=\"wp-block-image size-full\"><img fetchpriority=\"high\" decoding=\"async\" width=\"1010\" height=\"567\" src=\"http:\/\/nativainfo.com\/wp-content\/uploads\/2025\/03\/imagen_2025-03-14_025154112.png\" alt=\"\" class=\"wp-image-4710\" srcset=\"https:\/\/nativainfo.com\/wp-content\/uploads\/2025\/03\/imagen_2025-03-14_025154112.png 1010w, https:\/\/nativainfo.com\/wp-content\/uploads\/2025\/03\/imagen_2025-03-14_025154112-300x168.png 300w, https:\/\/nativainfo.com\/wp-content\/uploads\/2025\/03\/imagen_2025-03-14_025154112-768x431.png 768w, https:\/\/nativainfo.com\/wp-content\/uploads\/2025\/03\/imagen_2025-03-14_025154112-623x350.png 623w, https:\/\/nativainfo.com\/wp-content\/uploads\/2025\/03\/imagen_2025-03-14_025154112-150x84.png 150w\" sizes=\"(max-width: 1010px) 100vw, 1010px\" \/><\/figure>\n\n\n\n<p>El piloto espa\u00f1ol\u00a0<strong>Marc M\u00e1rquez<\/strong>, de Ducati Lenovo Team, junto con\u00a0<strong>Francesco Bagnaia<\/strong>, de Ducati Lenovo Team, y\u00a0<strong>Alex M\u00e1rquez<\/strong>\u00a0de BK8 Gresini Racing MotoGP, ofrecieron este jueves una conferencia de prensa en la cual destacaron las condiciones del\u00a0<strong>Circuito Internacional de Las Termas de R\u00edo Hondo<\/strong>\u00a0y expresaron sus expectativas de cara al\u00a0<strong>Gran Premio YPF Energ\u00eda de la Rep\u00fablica Argentina<\/strong>\u00a0que se disputar\u00e1 el domingo en la segunda fecha del\u00a0<strong>Campeonato Mundial del Moto GP.<\/strong><\/p>\n\n\n\n<p>Marc M\u00e1rquez, que&nbsp;<em>vuelve a correr en Santiago del Estero despu\u00e9s de 6 a\u00f1os<\/em>, anticip\u00f3 que ser\u00e1 un gran espect\u00e1culo y destac\u00f3 la importancia de seguir contando con el gran premio de Argentina, especialmente en Las Termas de R\u00edo Hondo.&nbsp;<strong>\u201cEs muy bueno, no solo asentarse en Europa y en parte de As\u00eda, sino que tambi\u00e9n en todo lo que es Am\u00e9rica y Sudam\u00e9rica, as\u00ed que yo personalmente lo mantendr\u00eda\u201d,<\/strong>&nbsp;se\u00f1al\u00f3.<\/p>\n\n\n\n<p>Adem\u00e1s, el piloto espa\u00f1ol de Ducati hizo un balance de sus carreras en el circuito santiague\u00f1o.&nbsp;<strong>\u201cTuve de todo, domingos locos como el del a\u00f1o 2018 que tuve una carrera extra\u00f1a donde me dej\u00e9 llevar por la adrenalina; hubo carreras como en el 2019 que gan\u00e9 por mucha distancia, y hubo otras, que no recuerdo el a\u00f1o, que me ca\u00ed con 2 o 3 segundos de ventaja. Eso significa que en el deporte hay que estar atentos desde que comienza hasta que se acaba e intentaremos este fin de semana tener una buena labor\u201d<\/strong>, se\u00f1al\u00f3.<\/p>\n\n\n\n<p>Por \u00faltimo, palpitando el domingo Marc dijo:&nbsp;<strong>\u201cIntentaremos adaptar el estilo de pilotaje y encontrarnos c\u00f3modo para realizar una buena carrera\u201d.<\/strong><\/p>\n","protected":false},"excerpt":{"rendered":"<p>El m\u00faltiple campe\u00f3n enfatiz\u00f3 la importancia de la fecha en Sudam\u00e9rica y elogi\u00f3 el Circuito Internacional de Santiago del Estero&#8230; <a class=\"continue-reading-link\" href=\"https:\/\/nativainfo.com\/?p=4708\">Continue reading<\/a><\/p>\n","protected":false},"author":1,"featured_media":0,"comment_status":"open","ping_status":"open","sticky":false,"template":"","format":"standard","meta":{"rop_custom_images_group":[],"rop_custom_messages_group":[],"rop_publish_now":"initial","rop_publish_now_accounts":[],"rop_publish_now_history":[],"rop_publish_now_status":"pending","footnotes":"","jetpack_publicize_message":"","jetpack_publicize_feature_enabled":true,"jetpack_social_post_already_shared":false,"jetpack_social_options":{"image_generator_settings":{"template":"highway","default_image_id":0,"font":"","enabled":false},"version":2}},"categories":[54],"tags":[],"class_list":["post-4708","post","type-post","status-publish","format-standard","hentry","category-motogp"],"yoast_head":"<!-- This site is optimized with the Yoast SEO plugin v25.6 - https:\/\/yoast.com\/wordpress\/plugins\/seo\/ -->\n<title>Marc M\u00e1rquez en Las Termas: \u201cEl Gran Premio de Argentina debe seguir en el MotoGP\u201d - Nativa Info<\/title>\n<meta name=\"robots\" content=\"index, follow, max-snippet:-1, max-image-preview:large, max-video-preview:-1\" \/>\n<link rel=\"canonical\" href=\"https:\/\/nativainfo.com\/?p=4708\" \/>\n<meta property=\"og:locale\" content=\"es_ES\" \/>\n<meta property=\"og:type\" content=\"article\" \/>\n<meta property=\"og:title\" content=\"Marc M\u00e1rquez en Las Termas: \u201cEl Gran Premio de Argentina debe seguir en el MotoGP\u201d - Nativa Info\" \/>\n<meta property=\"og:description\" content=\"El m\u00faltiple campe\u00f3n enfatiz\u00f3 la importancia de la fecha en Sudam\u00e9rica y elogi\u00f3 el Circuito Internacional de Santiago del Estero... Continue reading\" \/>\n<meta property=\"og:url\" content=\"https:\/\/nativainfo.com\/?p=4708\" \/>\n<meta property=\"og:site_name\" content=\"Nativa Info\" \/>\n<meta property=\"article:publisher\" content=\"https:\/\/www.facebook.com\/profile.php?id=61578881597564\" \/>\n<meta property=\"article:published_time\" content=\"2025-03-14T05:52:04+00:00\" \/>\n<meta property=\"og:image\" content=\"http:\/\/nativainfo.com\/wp-content\/uploads\/2025\/03\/imagen_2025-03-14_025154112.png\" \/>\n<meta name=\"author\" content=\"Nativa Info\" \/>\n<meta name=\"twitter:card\" content=\"summary_large_image\" \/>\n<meta name=\"twitter:label1\" content=\"Escrito por\" \/>\n\t<meta name=\"twitter:data1\" content=\"Nativa Info\" \/>\n\t<meta name=\"twitter:label2\" content=\"Tiempo de lectura\" \/>\n\t<meta name=\"twitter:data2\" content=\"2 minutos\" \/>\n<script type=\"application\/ld+json\" class=\"yoast-schema-graph\">{\"@context\":\"https:\/\/schema.org\",\"@graph\":[{\"@type\":\"Article\",\"@id\":\"https:\/\/nativainfo.com\/?p=4708#article\",\"isPartOf\":{\"@id\":\"https:\/\/nativainfo.com\/?p=4708\"},\"author\":{\"name\":\"Nativa Info\",\"@id\":\"https:\/\/nativainfo.com\/#\/schema\/person\/24893b64a9cd564ddb5d102d36eb4b5c\"},\"headline\":\"Marc M\u00e1rquez en Las Termas: \u201cEl Gran Premio de Argentina debe seguir en el MotoGP\u201d\",\"datePublished\":\"2025-03-14T05:52:04+00:00\",\"mainEntityOfPage\":{\"@id\":\"https:\/\/nativainfo.com\/?p=4708\"},\"wordCount\":335,\"commentCount\":0,\"publisher\":{\"@id\":\"https:\/\/nativainfo.com\/#organization\"},\"image\":{\"@id\":\"https:\/\/nativainfo.com\/?p=4708#primaryimage\"},\"thumbnailUrl\":\"http:\/\/nativainfo.com\/wp-content\/uploads\/2025\/03\/imagen_2025-03-14_025154112.png\",\"articleSection\":[\"MotoGP\"],\"inLanguage\":\"es-AR\",\"potentialAction\":[{\"@type\":\"CommentAction\",\"name\":\"Comment\",\"target\":[\"https:\/\/nativainfo.com\/?p=4708#respond\"]}]},{\"@type\":\"WebPage\",\"@id\":\"https:\/\/nativainfo.com\/?p=4708\",\"url\":\"https:\/\/nativainfo.com\/?p=4708\",\"name\":\"Marc M\u00e1rquez en Las Termas: \u201cEl Gran Premio de Argentina debe seguir en el MotoGP\u201d - Nativa Info\",\"isPartOf\":{\"@id\":\"https:\/\/nativainfo.com\/#website\"},\"primaryImageOfPage\":{\"@id\":\"https:\/\/nativainfo.com\/?p=4708#primaryimage\"},\"image\":{\"@id\":\"https:\/\/nativainfo.com\/?p=4708#primaryimage\"},\"thumbnailUrl\":\"http:\/\/nativainfo.com\/wp-content\/uploads\/2025\/03\/imagen_2025-03-14_025154112.png\",\"datePublished\":\"2025-03-14T05:52:04+00:00\",\"breadcrumb\":{\"@id\":\"https:\/\/nativainfo.com\/?p=4708#breadcrumb\"},\"inLanguage\":\"es-AR\",\"potentialAction\":[{\"@type\":\"ReadAction\",\"target\":[\"https:\/\/nativainfo.com\/?p=4708\"]}]},{\"@type\":\"ImageObject\",\"inLanguage\":\"es-AR\",\"@id\":\"https:\/\/nativainfo.com\/?p=4708#primaryimage\",\"url\":\"https:\/\/nativainfo.com\/wp-content\/uploads\/2025\/03\/imagen_2025-03-14_025154112.png\",\"contentUrl\":\"https:\/\/nativainfo.com\/wp-content\/uploads\/2025\/03\/imagen_2025-03-14_025154112.png\",\"width\":1010,\"height\":567},{\"@type\":\"BreadcrumbList\",\"@id\":\"https:\/\/nativainfo.com\/?p=4708#breadcrumb\",\"itemListElement\":[{\"@type\":\"ListItem\",\"position\":1,\"name\":\"Inicio\",\"item\":\"https:\/\/nativainfo.com\/\"},{\"@type\":\"ListItem\",\"position\":2,\"name\":\"Marc M\u00e1rquez en Las Termas: \u201cEl Gran Premio de Argentina debe seguir en el MotoGP\u201d\"}]},{\"@type\":\"WebSite\",\"@id\":\"https:\/\/nativainfo.com\/#website\",\"url\":\"https:\/\/nativainfo.com\/\",\"name\":\"Nativa Info\",\"description\":\"Diario Digital\",\"publisher\":{\"@id\":\"https:\/\/nativainfo.com\/#organization\"},\"potentialAction\":[{\"@type\":\"SearchAction\",\"target\":{\"@type\":\"EntryPoint\",\"urlTemplate\":\"https:\/\/nativainfo.com\/?s={search_term_string}\"},\"query-input\":{\"@type\":\"PropertyValueSpecification\",\"valueRequired\":true,\"valueName\":\"search_term_string\"}}],\"inLanguage\":\"es-AR\"},{\"@type\":\"Organization\",\"@id\":\"https:\/\/nativainfo.com\/#organization\",\"name\":\"Nativa Info\",\"url\":\"https:\/\/nativainfo.com\/\",\"logo\":{\"@type\":\"ImageObject\",\"inLanguage\":\"es-AR\",\"@id\":\"https:\/\/nativainfo.com\/#\/schema\/logo\/image\/\",\"url\":\"https:\/\/nativainfo.com\/wp-content\/uploads\/2025\/08\/LOGO-NATIVA-FACE.jpg\",\"contentUrl\":\"https:\/\/nativainfo.com\/wp-content\/uploads\/2025\/08\/LOGO-NATIVA-FACE.jpg\",\"width\":400,\"height\":400,\"caption\":\"Nativa Info\"},\"image\":{\"@id\":\"https:\/\/nativainfo.com\/#\/schema\/logo\/image\/\"},\"sameAs\":[\"https:\/\/www.facebook.com\/profile.php?id=61578881597564\"]},{\"@type\":\"Person\",\"@id\":\"https:\/\/nativainfo.com\/#\/schema\/person\/24893b64a9cd564ddb5d102d36eb4b5c\",\"name\":\"Nativa Info\",\"image\":{\"@type\":\"ImageObject\",\"inLanguage\":\"es-AR\",\"@id\":\"https:\/\/nativainfo.com\/#\/schema\/person\/image\/\",\"url\":\"https:\/\/secure.gravatar.com\/avatar\/016fa1cf068d85136d938e1507b9b619cb766e2565cbb1faa1e571762460c785?s=96&d=mm&r=g\",\"contentUrl\":\"https:\/\/secure.gravatar.com\/avatar\/016fa1cf068d85136d938e1507b9b619cb766e2565cbb1faa1e571762460c785?s=96&d=mm&r=g\",\"caption\":\"Nativa Info\"},\"sameAs\":[\"http:\/\/nativainfo.com\"],\"url\":\"https:\/\/nativainfo.com\/?author=1\"}]}<\/script>\n<!-- \/ Yoast SEO plugin. -->","yoast_head_json":{"title":"Marc M\u00e1rquez en Las Termas: \u201cEl Gran Premio de Argentina debe seguir en el MotoGP\u201d - Nativa Info","robots":{"index":"index","follow":"follow","max-snippet":"max-snippet:-1","max-image-preview":"max-image-preview:large","max-video-preview":"max-video-preview:-1"},"canonical":"https:\/\/nativainfo.com\/?p=4708","og_locale":"es_ES","og_type":"article","og_title":"Marc M\u00e1rquez en Las Termas: \u201cEl Gran Premio de Argentina debe seguir en el MotoGP\u201d - Nativa Info","og_description":"El m\u00faltiple campe\u00f3n enfatiz\u00f3 la importancia de la fecha en Sudam\u00e9rica y elogi\u00f3 el Circuito Internacional de Santiago del Estero... Continue reading","og_url":"https:\/\/nativainfo.com\/?p=4708","og_site_name":"Nativa Info","article_publisher":"https:\/\/www.facebook.com\/profile.php?id=61578881597564","article_published_time":"2025-03-14T05:52:04+00:00","og_image":[{"url":"http:\/\/nativainfo.com\/wp-content\/uploads\/2025\/03\/imagen_2025-03-14_025154112.png","type":"","width":"","height":""}],"author":"Nativa Info","twitter_card":"summary_large_image","twitter_misc":{"Escrito por":"Nativa Info","Tiempo de lectura":"2 minutos"},"schema":{"@context":"https:\/\/schema.org","@graph":[{"@type":"Article","@id":"https:\/\/nativainfo.com\/?p=4708#article","isPartOf":{"@id":"https:\/\/nativainfo.com\/?p=4708"},"author":{"name":"Nativa Info","@id":"https:\/\/nativainfo.com\/#\/schema\/person\/24893b64a9cd564ddb5d102d36eb4b5c"},"headline":"Marc M\u00e1rquez en Las Termas: \u201cEl Gran Premio de Argentina debe seguir en el MotoGP\u201d","datePublished":"2025-03-14T05:52:04+00:00","mainEntityOfPage":{"@id":"https:\/\/nativainfo.com\/?p=4708"},"wordCount":335,"commentCount":0,"publisher":{"@id":"https:\/\/nativainfo.com\/#organization"},"image":{"@id":"https:\/\/nativainfo.com\/?p=4708#primaryimage"},"thumbnailUrl":"http:\/\/nativainfo.com\/wp-content\/uploads\/2025\/03\/imagen_2025-03-14_025154112.png","articleSection":["MotoGP"],"inLanguage":"es-AR","potentialAction":[{"@type":"CommentAction","name":"Comment","target":["https:\/\/nativainfo.com\/?p=4708#respond"]}]},{"@type":"WebPage","@id":"https:\/\/nativainfo.com\/?p=4708","url":"https:\/\/nativainfo.com\/?p=4708","name":"Marc M\u00e1rquez en Las Termas: \u201cEl Gran Premio de Argentina debe seguir en el MotoGP\u201d - Nativa Info","isPartOf":{"@id":"https:\/\/nativainfo.com\/#website"},"primaryImageOfPage":{"@id":"https:\/\/nativainfo.com\/?p=4708#primaryimage"},"image":{"@id":"https:\/\/nativainfo.com\/?p=4708#primaryimage"},"thumbnailUrl":"http:\/\/nativainfo.com\/wp-content\/uploads\/2025\/03\/imagen_2025-03-14_025154112.png","datePublished":"2025-03-14T05:52:04+00:00","breadcrumb":{"@id":"https:\/\/nativainfo.com\/?p=4708#breadcrumb"},"inLanguage":"es-AR","potentialAction":[{"@type":"ReadAction","target":["https:\/\/nativainfo.com\/?p=4708"]}]},{"@type":"ImageObject","inLanguage":"es-AR","@id":"https:\/\/nativainfo.com\/?p=4708#primaryimage","url":"https:\/\/nativainfo.com\/wp-content\/uploads\/2025\/03\/imagen_2025-03-14_025154112.png","contentUrl":"https:\/\/nativainfo.com\/wp-content\/uploads\/2025\/03\/imagen_2025-03-14_025154112.png","width":1010,"height":567},{"@type":"BreadcrumbList","@id":"https:\/\/nativainfo.com\/?p=4708#breadcrumb","itemListElement":[{"@type":"ListItem","position":1,"name":"Inicio","item":"https:\/\/nativainfo.com\/"},{"@type":"ListItem","position":2,"name":"Marc M\u00e1rquez en Las Termas: \u201cEl Gran Premio de Argentina debe seguir en el MotoGP\u201d"}]},{"@type":"WebSite","@id":"https:\/\/nativainfo.com\/#website","url":"https:\/\/nativainfo.com\/","name":"Nativa Info","description":"Diario Digital","publisher":{"@id":"https:\/\/nativainfo.com\/#organization"},"potentialAction":[{"@type":"SearchAction","target":{"@type":"EntryPoint","urlTemplate":"https:\/\/nativainfo.com\/?s={search_term_string}"},"query-input":{"@type":"PropertyValueSpecification","valueRequired":true,"valueName":"search_term_string"}}],"inLanguage":"es-AR"},{"@type":"Organization","@id":"https:\/\/nativainfo.com\/#organization","name":"Nativa Info","url":"https:\/\/nativainfo.com\/","logo":{"@type":"ImageObject","inLanguage":"es-AR","@id":"https:\/\/nativainfo.com\/#\/schema\/logo\/image\/","url":"https:\/\/nativainfo.com\/wp-content\/uploads\/2025\/08\/LOGO-NATIVA-FACE.jpg","contentUrl":"https:\/\/nativainfo.com\/wp-content\/uploads\/2025\/08\/LOGO-NATIVA-FACE.jpg","width":400,"height":400,"caption":"Nativa Info"},"image":{"@id":"https:\/\/nativainfo.com\/#\/schema\/logo\/image\/"},"sameAs":["https:\/\/www.facebook.com\/profile.php?id=61578881597564"]},{"@type":"Person","@id":"https:\/\/nativainfo.com\/#\/schema\/person\/24893b64a9cd564ddb5d102d36eb4b5c","name":"Nativa Info","image":{"@type":"ImageObject","inLanguage":"es-AR","@id":"https:\/\/nativainfo.com\/#\/schema\/person\/image\/","url":"https:\/\/secure.gravatar.com\/avatar\/016fa1cf068d85136d938e1507b9b619cb766e2565cbb1faa1e571762460c785?s=96&d=mm&r=g","contentUrl":"https:\/\/secure.gravatar.com\/avatar\/016fa1cf068d85136d938e1507b9b619cb766e2565cbb1faa1e571762460c785?s=96&d=mm&r=g","caption":"Nativa Info"},"sameAs":["http:\/\/nativainfo.com"],"url":"https:\/\/nativainfo.com\/?author=1"}]}},"jetpack_publicize_connections":[],"_links":{"self":[{"href":"https:\/\/nativainfo.com\/index.php?rest_route=\/wp\/v2\/posts\/4708","targetHints":{"allow":["GET"]}}],"collection":[{"href":"https:\/\/nativainfo.com\/index.php?rest_route=\/wp\/v2\/posts"}],"about":[{"href":"https:\/\/nativainfo.com\/index.php?rest_route=\/wp\/v2\/types\/post"}],"author":[{"embeddable":true,"href":"https:\/\/nativainfo.com\/index.php?rest_route=\/wp\/v2\/users\/1"}],"replies":[{"embeddable":true,"href":"https:\/\/nativainfo.com\/index.php?rest_route=%2Fwp%2Fv2%2Fcomments&post=4708"}],"version-history":[{"count":1,"href":"https:\/\/nativainfo.com\/index.php?rest_route=\/wp\/v2\/posts\/4708\/revisions"}],"predecessor-version":[{"id":4711,"href":"https:\/\/nativainfo.com\/index.php?rest_route=\/wp\/v2\/posts\/4708\/revisions\/4711"}],"wp:attachment":[{"href":"https:\/\/nativainfo.com\/index.php?rest_route=%2Fwp%2Fv2%2Fmedia&parent=4708"}],"wp:term":[{"taxonomy":"category","embeddable":true,"href":"https:\/\/nativainfo.com\/index.php?rest_route=%2Fwp%2Fv2%2Fcategories&post=4708"},{"taxonomy":"post_tag","embeddable":true,"href":"https:\/\/nativainfo.com\/index.php?rest_route=%2Fwp%2Fv2%2Ftags&post=4708"}],"curies":[{"name":"wp","href":"https:\/\/api.w.org\/{rel}","templated":true}]}}