{"id":4693,"date":"2025-03-11T00:37:36","date_gmt":"2025-03-11T03:37:36","guid":{"rendered":"http:\/\/nativainfo.com\/?p=4693"},"modified":"2025-03-11T00:37:37","modified_gmt":"2025-03-11T03:37:37","slug":"confirmado-river-jugara-por-la-copa-argentina-en-santiago-del-estero","status":"publish","type":"post","link":"https:\/\/nativainfo.com\/?p=4693","title":{"rendered":"Confirmado: River jugar\u00e1 por la Copa Argentina en Santiago del Estero"},"content":{"rendered":"\n<p>La AFA oficializ\u00f3 el anticipo de Diario Panorama. El pr\u00f3ximo 19 de marzo, el Millo se medir\u00e1 con Ciudad Bolivar en el Estadio \u00danico Madre de Ciudades.<\/p>\n\n\n\n<figure class=\"wp-block-image size-full\"><img fetchpriority=\"high\" decoding=\"async\" width=\"1010\" height=\"567\" src=\"http:\/\/nativainfo.com\/wp-content\/uploads\/2025\/03\/imagen_2025-03-11_003728896.png\" alt=\"\" class=\"wp-image-4698\" srcset=\"https:\/\/nativainfo.com\/wp-content\/uploads\/2025\/03\/imagen_2025-03-11_003728896.png 1010w, https:\/\/nativainfo.com\/wp-content\/uploads\/2025\/03\/imagen_2025-03-11_003728896-300x168.png 300w, https:\/\/nativainfo.com\/wp-content\/uploads\/2025\/03\/imagen_2025-03-11_003728896-768x431.png 768w, https:\/\/nativainfo.com\/wp-content\/uploads\/2025\/03\/imagen_2025-03-11_003728896-623x350.png 623w, https:\/\/nativainfo.com\/wp-content\/uploads\/2025\/03\/imagen_2025-03-11_003728896-150x84.png 150w\" sizes=\"(max-width: 1010px) 100vw, 1010px\" \/><\/figure>\n\n\n\n<p><strong>River Plate<\/strong>&nbsp;iniciar\u00e1 su camino en la&nbsp;<strong>Copa Argentina 2025<\/strong>&nbsp;en&nbsp;<strong>Santiago del Estero<\/strong>. Su debut ser\u00e1 ante&nbsp;<strong>Ciudad Bol\u00edvar<\/strong>&nbsp;el mi\u00e9rcoles 19 de marzo a las 21:15 en el&nbsp;<strong>Estadio \u00danico Madre de Ciudades<\/strong>, un escenario que vuelve a recibir al equipo de&nbsp;<strong>Marcelo Gallardo<\/strong>.<\/p>\n\n\n\n<p>Inicialmente, el partido estaba programado para el s\u00e1bado 22, pero la Asociaci\u00f3n del F\u00fatbol Argentino decidi\u00f3 adelantarlo, manteni\u00e9ndolo dentro de la Fecha FIFA. De esta manera, el p\u00fablico santiague\u00f1o tendr\u00e1 la oportunidad de ver nuevamente al Millonario en acci\u00f3n en un estadio que ha albergado grandes eventos nacionales e internacionales.<\/p>\n\n\n\n<p>Ser\u00e1 la primera vez que River enfrente a Ciudad Bol\u00edvar, un equipo fundado en 2002 y que actualmente compite en el Torneo Federal A. En caso de avanzar a los 16avos de final, el conjunto dirigido por Gallardo se medir\u00e1 ante San Mart\u00edn de Tucum\u00e1n, que elimin\u00f3 a Col\u00f3n en la fase previa.<\/p>\n","protected":false},"excerpt":{"rendered":"<p>La AFA oficializ\u00f3 el anticipo de Diario Panorama. El pr\u00f3ximo 19 de marzo, el Millo se medir\u00e1 con Ciudad Bolivar&#8230; <a class=\"continue-reading-link\" href=\"https:\/\/nativainfo.com\/?p=4693\">Continue reading<\/a><\/p>\n","protected":false},"author":1,"featured_media":0,"comment_status":"open","ping_status":"open","sticky":false,"template":"","format":"standard","meta":{"rop_custom_images_group":[],"rop_custom_messages_group":[],"rop_publish_now":"initial","rop_publish_now_accounts":[],"rop_publish_now_history":[],"rop_publish_now_status":"pending","footnotes":"","jetpack_publicize_message":"","jetpack_publicize_feature_enabled":true,"jetpack_social_post_already_shared":false,"jetpack_social_options":{"image_generator_settings":{"template":"highway","default_image_id":0,"font":"","enabled":false},"version":2}},"categories":[41],"tags":[],"class_list":["post-4693","post","type-post","status-publish","format-standard","hentry","category-futbol"],"yoast_head":"<!-- This site is optimized with the Yoast SEO plugin v25.6 - https:\/\/yoast.com\/wordpress\/plugins\/seo\/ -->\n<title>Confirmado: River jugar\u00e1 por la Copa Argentina en Santiago del Estero - Nativa Info<\/title>\n<meta name=\"robots\" content=\"index, follow, max-snippet:-1, max-image-preview:large, max-video-preview:-1\" \/>\n<link rel=\"canonical\" href=\"https:\/\/nativainfo.com\/?p=4693\" \/>\n<meta property=\"og:locale\" content=\"es_ES\" \/>\n<meta property=\"og:type\" content=\"article\" \/>\n<meta property=\"og:title\" content=\"Confirmado: River jugar\u00e1 por la Copa Argentina en Santiago del Estero - Nativa Info\" \/>\n<meta property=\"og:description\" content=\"La AFA oficializ\u00f3 el anticipo de Diario Panorama. El pr\u00f3ximo 19 de marzo, el Millo se medir\u00e1 con Ciudad Bolivar... Continue reading\" \/>\n<meta property=\"og:url\" content=\"https:\/\/nativainfo.com\/?p=4693\" \/>\n<meta property=\"og:site_name\" content=\"Nativa Info\" \/>\n<meta property=\"article:publisher\" content=\"https:\/\/www.facebook.com\/profile.php?id=61578881597564\" \/>\n<meta property=\"article:published_time\" content=\"2025-03-11T03:37:36+00:00\" \/>\n<meta property=\"article:modified_time\" content=\"2025-03-11T03:37:37+00:00\" \/>\n<meta property=\"og:image\" content=\"http:\/\/nativainfo.com\/wp-content\/uploads\/2025\/03\/imagen_2025-03-11_003728896.png\" \/>\n<meta name=\"author\" content=\"Nativa Info\" \/>\n<meta name=\"twitter:card\" content=\"summary_large_image\" \/>\n<meta name=\"twitter:label1\" content=\"Escrito por\" \/>\n\t<meta name=\"twitter:data1\" content=\"Nativa Info\" \/>\n\t<meta name=\"twitter:label2\" content=\"Tiempo de lectura\" \/>\n\t<meta name=\"twitter:data2\" content=\"1 minuto\" \/>\n<script type=\"application\/ld+json\" class=\"yoast-schema-graph\">{\"@context\":\"https:\/\/schema.org\",\"@graph\":[{\"@type\":\"Article\",\"@id\":\"https:\/\/nativainfo.com\/?p=4693#article\",\"isPartOf\":{\"@id\":\"https:\/\/nativainfo.com\/?p=4693\"},\"author\":{\"name\":\"Nativa Info\",\"@id\":\"https:\/\/nativainfo.com\/#\/schema\/person\/24893b64a9cd564ddb5d102d36eb4b5c\"},\"headline\":\"Confirmado: River jugar\u00e1 por la Copa Argentina en Santiago del Estero\",\"datePublished\":\"2025-03-11T03:37:36+00:00\",\"dateModified\":\"2025-03-11T03:37:37+00:00\",\"mainEntityOfPage\":{\"@id\":\"https:\/\/nativainfo.com\/?p=4693\"},\"wordCount\":203,\"commentCount\":0,\"publisher\":{\"@id\":\"https:\/\/nativainfo.com\/#organization\"},\"image\":{\"@id\":\"https:\/\/nativainfo.com\/?p=4693#primaryimage\"},\"thumbnailUrl\":\"http:\/\/nativainfo.com\/wp-content\/uploads\/2025\/03\/imagen_2025-03-11_003728896.png\",\"articleSection\":[\"F\u00fatbol\"],\"inLanguage\":\"es-AR\",\"potentialAction\":[{\"@type\":\"CommentAction\",\"name\":\"Comment\",\"target\":[\"https:\/\/nativainfo.com\/?p=4693#respond\"]}]},{\"@type\":\"WebPage\",\"@id\":\"https:\/\/nativainfo.com\/?p=4693\",\"url\":\"https:\/\/nativainfo.com\/?p=4693\",\"name\":\"Confirmado: River jugar\u00e1 por la Copa Argentina en Santiago del Estero - Nativa Info\",\"isPartOf\":{\"@id\":\"https:\/\/nativainfo.com\/#website\"},\"primaryImageOfPage\":{\"@id\":\"https:\/\/nativainfo.com\/?p=4693#primaryimage\"},\"image\":{\"@id\":\"https:\/\/nativainfo.com\/?p=4693#primaryimage\"},\"thumbnailUrl\":\"http:\/\/nativainfo.com\/wp-content\/uploads\/2025\/03\/imagen_2025-03-11_003728896.png\",\"datePublished\":\"2025-03-11T03:37:36+00:00\",\"dateModified\":\"2025-03-11T03:37:37+00:00\",\"breadcrumb\":{\"@id\":\"https:\/\/nativainfo.com\/?p=4693#breadcrumb\"},\"inLanguage\":\"es-AR\",\"potentialAction\":[{\"@type\":\"ReadAction\",\"target\":[\"https:\/\/nativainfo.com\/?p=4693\"]}]},{\"@type\":\"ImageObject\",\"inLanguage\":\"es-AR\",\"@id\":\"https:\/\/nativainfo.com\/?p=4693#primaryimage\",\"url\":\"https:\/\/nativainfo.com\/wp-content\/uploads\/2025\/03\/imagen_2025-03-11_003728896.png\",\"contentUrl\":\"https:\/\/nativainfo.com\/wp-content\/uploads\/2025\/03\/imagen_2025-03-11_003728896.png\",\"width\":1010,\"height\":567},{\"@type\":\"BreadcrumbList\",\"@id\":\"https:\/\/nativainfo.com\/?p=4693#breadcrumb\",\"itemListElement\":[{\"@type\":\"ListItem\",\"position\":1,\"name\":\"Inicio\",\"item\":\"https:\/\/nativainfo.com\/\"},{\"@type\":\"ListItem\",\"position\":2,\"name\":\"Confirmado: River jugar\u00e1 por la Copa Argentina en Santiago del Estero\"}]},{\"@type\":\"WebSite\",\"@id\":\"https:\/\/nativainfo.com\/#website\",\"url\":\"https:\/\/nativainfo.com\/\",\"name\":\"Nativa Info\",\"description\":\"Diario Digital\",\"publisher\":{\"@id\":\"https:\/\/nativainfo.com\/#organization\"},\"potentialAction\":[{\"@type\":\"SearchAction\",\"target\":{\"@type\":\"EntryPoint\",\"urlTemplate\":\"https:\/\/nativainfo.com\/?s={search_term_string}\"},\"query-input\":{\"@type\":\"PropertyValueSpecification\",\"valueRequired\":true,\"valueName\":\"search_term_string\"}}],\"inLanguage\":\"es-AR\"},{\"@type\":\"Organization\",\"@id\":\"https:\/\/nativainfo.com\/#organization\",\"name\":\"Nativa Info\",\"url\":\"https:\/\/nativainfo.com\/\",\"logo\":{\"@type\":\"ImageObject\",\"inLanguage\":\"es-AR\",\"@id\":\"https:\/\/nativainfo.com\/#\/schema\/logo\/image\/\",\"url\":\"https:\/\/nativainfo.com\/wp-content\/uploads\/2025\/08\/LOGO-NATIVA-FACE.jpg\",\"contentUrl\":\"https:\/\/nativainfo.com\/wp-content\/uploads\/2025\/08\/LOGO-NATIVA-FACE.jpg\",\"width\":400,\"height\":400,\"caption\":\"Nativa Info\"},\"image\":{\"@id\":\"https:\/\/nativainfo.com\/#\/schema\/logo\/image\/\"},\"sameAs\":[\"https:\/\/www.facebook.com\/profile.php?id=61578881597564\"]},{\"@type\":\"Person\",\"@id\":\"https:\/\/nativainfo.com\/#\/schema\/person\/24893b64a9cd564ddb5d102d36eb4b5c\",\"name\":\"Nativa Info\",\"image\":{\"@type\":\"ImageObject\",\"inLanguage\":\"es-AR\",\"@id\":\"https:\/\/nativainfo.com\/#\/schema\/person\/image\/\",\"url\":\"https:\/\/secure.gravatar.com\/avatar\/016fa1cf068d85136d938e1507b9b619cb766e2565cbb1faa1e571762460c785?s=96&d=mm&r=g\",\"contentUrl\":\"https:\/\/secure.gravatar.com\/avatar\/016fa1cf068d85136d938e1507b9b619cb766e2565cbb1faa1e571762460c785?s=96&d=mm&r=g\",\"caption\":\"Nativa Info\"},\"sameAs\":[\"http:\/\/nativainfo.com\"],\"url\":\"https:\/\/nativainfo.com\/?author=1\"}]}<\/script>\n<!-- \/ Yoast SEO plugin. -->","yoast_head_json":{"title":"Confirmado: River jugar\u00e1 por la Copa Argentina en Santiago del Estero - Nativa Info","robots":{"index":"index","follow":"follow","max-snippet":"max-snippet:-1","max-image-preview":"max-image-preview:large","max-video-preview":"max-video-preview:-1"},"canonical":"https:\/\/nativainfo.com\/?p=4693","og_locale":"es_ES","og_type":"article","og_title":"Confirmado: River jugar\u00e1 por la Copa Argentina en Santiago del Estero - Nativa Info","og_description":"La AFA oficializ\u00f3 el anticipo de Diario Panorama. El pr\u00f3ximo 19 de marzo, el Millo se medir\u00e1 con Ciudad Bolivar... Continue reading","og_url":"https:\/\/nativainfo.com\/?p=4693","og_site_name":"Nativa Info","article_publisher":"https:\/\/www.facebook.com\/profile.php?id=61578881597564","article_published_time":"2025-03-11T03:37:36+00:00","article_modified_time":"2025-03-11T03:37:37+00:00","og_image":[{"url":"http:\/\/nativainfo.com\/wp-content\/uploads\/2025\/03\/imagen_2025-03-11_003728896.png","type":"","width":"","height":""}],"author":"Nativa Info","twitter_card":"summary_large_image","twitter_misc":{"Escrito por":"Nativa Info","Tiempo de lectura":"1 minuto"},"schema":{"@context":"https:\/\/schema.org","@graph":[{"@type":"Article","@id":"https:\/\/nativainfo.com\/?p=4693#article","isPartOf":{"@id":"https:\/\/nativainfo.com\/?p=4693"},"author":{"name":"Nativa Info","@id":"https:\/\/nativainfo.com\/#\/schema\/person\/24893b64a9cd564ddb5d102d36eb4b5c"},"headline":"Confirmado: River jugar\u00e1 por la Copa Argentina en Santiago del Estero","datePublished":"2025-03-11T03:37:36+00:00","dateModified":"2025-03-11T03:37:37+00:00","mainEntityOfPage":{"@id":"https:\/\/nativainfo.com\/?p=4693"},"wordCount":203,"commentCount":0,"publisher":{"@id":"https:\/\/nativainfo.com\/#organization"},"image":{"@id":"https:\/\/nativainfo.com\/?p=4693#primaryimage"},"thumbnailUrl":"http:\/\/nativainfo.com\/wp-content\/uploads\/2025\/03\/imagen_2025-03-11_003728896.png","articleSection":["F\u00fatbol"],"inLanguage":"es-AR","potentialAction":[{"@type":"CommentAction","name":"Comment","target":["https:\/\/nativainfo.com\/?p=4693#respond"]}]},{"@type":"WebPage","@id":"https:\/\/nativainfo.com\/?p=4693","url":"https:\/\/nativainfo.com\/?p=4693","name":"Confirmado: River jugar\u00e1 por la Copa Argentina en Santiago del Estero - Nativa Info","isPartOf":{"@id":"https:\/\/nativainfo.com\/#website"},"primaryImageOfPage":{"@id":"https:\/\/nativainfo.com\/?p=4693#primaryimage"},"image":{"@id":"https:\/\/nativainfo.com\/?p=4693#primaryimage"},"thumbnailUrl":"http:\/\/nativainfo.com\/wp-content\/uploads\/2025\/03\/imagen_2025-03-11_003728896.png","datePublished":"2025-03-11T03:37:36+00:00","dateModified":"2025-03-11T03:37:37+00:00","breadcrumb":{"@id":"https:\/\/nativainfo.com\/?p=4693#breadcrumb"},"inLanguage":"es-AR","potentialAction":[{"@type":"ReadAction","target":["https:\/\/nativainfo.com\/?p=4693"]}]},{"@type":"ImageObject","inLanguage":"es-AR","@id":"https:\/\/nativainfo.com\/?p=4693#primaryimage","url":"https:\/\/nativainfo.com\/wp-content\/uploads\/2025\/03\/imagen_2025-03-11_003728896.png","contentUrl":"https:\/\/nativainfo.com\/wp-content\/uploads\/2025\/03\/imagen_2025-03-11_003728896.png","width":1010,"height":567},{"@type":"BreadcrumbList","@id":"https:\/\/nativainfo.com\/?p=4693#breadcrumb","itemListElement":[{"@type":"ListItem","position":1,"name":"Inicio","item":"https:\/\/nativainfo.com\/"},{"@type":"ListItem","position":2,"name":"Confirmado: River jugar\u00e1 por la Copa Argentina en Santiago del Estero"}]},{"@type":"WebSite","@id":"https:\/\/nativainfo.com\/#website","url":"https:\/\/nativainfo.com\/","name":"Nativa Info","description":"Diario Digital","publisher":{"@id":"https:\/\/nativainfo.com\/#organization"},"potentialAction":[{"@type":"SearchAction","target":{"@type":"EntryPoint","urlTemplate":"https:\/\/nativainfo.com\/?s={search_term_string}"},"query-input":{"@type":"PropertyValueSpecification","valueRequired":true,"valueName":"search_term_string"}}],"inLanguage":"es-AR"},{"@type":"Organization","@id":"https:\/\/nativainfo.com\/#organization","name":"Nativa Info","url":"https:\/\/nativainfo.com\/","logo":{"@type":"ImageObject","inLanguage":"es-AR","@id":"https:\/\/nativainfo.com\/#\/schema\/logo\/image\/","url":"https:\/\/nativainfo.com\/wp-content\/uploads\/2025\/08\/LOGO-NATIVA-FACE.jpg","contentUrl":"https:\/\/nativainfo.com\/wp-content\/uploads\/2025\/08\/LOGO-NATIVA-FACE.jpg","width":400,"height":400,"caption":"Nativa Info"},"image":{"@id":"https:\/\/nativainfo.com\/#\/schema\/logo\/image\/"},"sameAs":["https:\/\/www.facebook.com\/profile.php?id=61578881597564"]},{"@type":"Person","@id":"https:\/\/nativainfo.com\/#\/schema\/person\/24893b64a9cd564ddb5d102d36eb4b5c","name":"Nativa Info","image":{"@type":"ImageObject","inLanguage":"es-AR","@id":"https:\/\/nativainfo.com\/#\/schema\/person\/image\/","url":"https:\/\/secure.gravatar.com\/avatar\/016fa1cf068d85136d938e1507b9b619cb766e2565cbb1faa1e571762460c785?s=96&d=mm&r=g","contentUrl":"https:\/\/secure.gravatar.com\/avatar\/016fa1cf068d85136d938e1507b9b619cb766e2565cbb1faa1e571762460c785?s=96&d=mm&r=g","caption":"Nativa Info"},"sameAs":["http:\/\/nativainfo.com"],"url":"https:\/\/nativainfo.com\/?author=1"}]}},"jetpack_publicize_connections":[],"_links":{"self":[{"href":"https:\/\/nativainfo.com\/index.php?rest_route=\/wp\/v2\/posts\/4693","targetHints":{"allow":["GET"]}}],"collection":[{"href":"https:\/\/nativainfo.com\/index.php?rest_route=\/wp\/v2\/posts"}],"about":[{"href":"https:\/\/nativainfo.com\/index.php?rest_route=\/wp\/v2\/types\/post"}],"author":[{"embeddable":true,"href":"https:\/\/nativainfo.com\/index.php?rest_route=\/wp\/v2\/users\/1"}],"replies":[{"embeddable":true,"href":"https:\/\/nativainfo.com\/index.php?rest_route=%2Fwp%2Fv2%2Fcomments&post=4693"}],"version-history":[{"count":1,"href":"https:\/\/nativainfo.com\/index.php?rest_route=\/wp\/v2\/posts\/4693\/revisions"}],"predecessor-version":[{"id":4699,"href":"https:\/\/nativainfo.com\/index.php?rest_route=\/wp\/v2\/posts\/4693\/revisions\/4699"}],"wp:attachment":[{"href":"https:\/\/nativainfo.com\/index.php?rest_route=%2Fwp%2Fv2%2Fmedia&parent=4693"}],"wp:term":[{"taxonomy":"category","embeddable":true,"href":"https:\/\/nativainfo.com\/index.php?rest_route=%2Fwp%2Fv2%2Fcategories&post=4693"},{"taxonomy":"post_tag","embeddable":true,"href":"https:\/\/nativainfo.com\/index.php?rest_route=%2Fwp%2Fv2%2Ftags&post=4693"}],"curies":[{"name":"wp","href":"https:\/\/api.w.org\/{rel}","templated":true}]}}