{"id":4692,"date":"2025-03-11T00:36:45","date_gmt":"2025-03-11T03:36:45","guid":{"rendered":"http:\/\/nativainfo.com\/?p=4692"},"modified":"2025-03-11T00:36:46","modified_gmt":"2025-03-11T03:36:46","slug":"firma-de-convenio-para-sumar-quirofanos-y-ejecutar-obras-de-refuncionalizacion-en-el-cepsi","status":"publish","type":"post","link":"https:\/\/nativainfo.com\/?p=4692","title":{"rendered":"Firma de convenio para sumar quir\u00f3fanos y ejecutar obras de refuncionalizaci\u00f3n en el CEPSI"},"content":{"rendered":"\n<figure class=\"wp-block-image size-large\"><img fetchpriority=\"high\" decoding=\"async\" width=\"1024\" height=\"682\" src=\"http:\/\/nativainfo.com\/wp-content\/uploads\/2025\/03\/imagen_2025-03-11_003611399-1024x682.png\" alt=\"\" class=\"wp-image-4695\" srcset=\"https:\/\/nativainfo.com\/wp-content\/uploads\/2025\/03\/imagen_2025-03-11_003611399-1024x682.png 1024w, https:\/\/nativainfo.com\/wp-content\/uploads\/2025\/03\/imagen_2025-03-11_003611399-300x200.png 300w, https:\/\/nativainfo.com\/wp-content\/uploads\/2025\/03\/imagen_2025-03-11_003611399-768x512.png 768w, https:\/\/nativainfo.com\/wp-content\/uploads\/2025\/03\/imagen_2025-03-11_003611399-1536x1023.png 1536w, https:\/\/nativainfo.com\/wp-content\/uploads\/2025\/03\/imagen_2025-03-11_003611399-526x350.png 526w, https:\/\/nativainfo.com\/wp-content\/uploads\/2025\/03\/imagen_2025-03-11_003611399-150x100.png 150w, https:\/\/nativainfo.com\/wp-content\/uploads\/2025\/03\/imagen_2025-03-11_003611399.png 2048w\" sizes=\"(max-width: 1024px) 100vw, 1024px\" \/><\/figure>\n\n\n\n<p>El jefe de Gabinete, Elias Su\u00e1rez, encabez\u00f3 la misma para la ejecuci\u00f3n de la obra de reparaci\u00f3n integral, ampliaci\u00f3n de quir\u00f3fanos y refuncionalizaci\u00f3n de \u00e1reas quir\u00fargicas del Centro Provincial de Salud Infantil Cepsi \u201cEva Per\u00f3n\u201d para contar con mayor capacidad en la atenci\u00f3n de pacientes.<\/p>\n\n\n\n<p>Los trabajos est\u00e1n dise\u00f1ados para cumplir las normativas en infraestructura hospitalaria, garantizando seguridad radiol\u00f3gica, condiciones \u00f3ptimas de asepsia y eficiencia funcional.<\/p>\n\n\n\n<figure class=\"wp-block-image size-large\"><img decoding=\"async\" width=\"1024\" height=\"682\" src=\"http:\/\/nativainfo.com\/wp-content\/uploads\/2025\/03\/imagen_2025-03-11_003636145-1024x682.png\" alt=\"\" class=\"wp-image-4696\" srcset=\"https:\/\/nativainfo.com\/wp-content\/uploads\/2025\/03\/imagen_2025-03-11_003636145-1024x682.png 1024w, https:\/\/nativainfo.com\/wp-content\/uploads\/2025\/03\/imagen_2025-03-11_003636145-300x200.png 300w, https:\/\/nativainfo.com\/wp-content\/uploads\/2025\/03\/imagen_2025-03-11_003636145-768x512.png 768w, https:\/\/nativainfo.com\/wp-content\/uploads\/2025\/03\/imagen_2025-03-11_003636145-1536x1023.png 1536w, https:\/\/nativainfo.com\/wp-content\/uploads\/2025\/03\/imagen_2025-03-11_003636145-526x350.png 526w, https:\/\/nativainfo.com\/wp-content\/uploads\/2025\/03\/imagen_2025-03-11_003636145-150x100.png 150w, https:\/\/nativainfo.com\/wp-content\/uploads\/2025\/03\/imagen_2025-03-11_003636145.png 2048w\" sizes=\"(max-width: 1024px) 100vw, 1024px\" \/><\/figure>\n\n\n\n<p>La obra mejorar\u00e1 significativamente las condiciones operativas y funcionales del hospital, adem\u00e1s de las condiciones laborales del personal m\u00e9dico, con espacios modernizados, ergon\u00f3micos y seguros, y ampliando la capacidad operativa con quir\u00f3fanos listos para recibir tecnolog\u00eda de avanzada y atender mayores vol\u00famenes de pacientes.<\/p>\n\n\n\n<p>Tambi\u00e9n participaron del acto la ministra de Salud, Natividad Nassif; el secretario de Salud, Gustavo Sabalza; la directora M\u00e9dica del Cepsi, Eugenia Gauna, y la directora administrativa adjunta, Daniela Vaca Japaze. Adem\u00e1s del coordinador general del Ministerio de Salud, Norberto Zanni, y Ricardo Lo Bruno en representaci\u00f3n de la empresa que llevar\u00e1 adelante los trabajos.<\/p>\n","protected":false},"excerpt":{"rendered":"<p>El jefe de Gabinete, Elias Su\u00e1rez, encabez\u00f3 la misma para la ejecuci\u00f3n de la obra de reparaci\u00f3n integral, ampliaci\u00f3n de&#8230; <a class=\"continue-reading-link\" href=\"https:\/\/nativainfo.com\/?p=4692\">Continue reading<\/a><\/p>\n","protected":false},"author":1,"featured_media":0,"comment_status":"open","ping_status":"open","sticky":false,"template":"","format":"standard","meta":{"rop_custom_images_group":[],"rop_custom_messages_group":[],"rop_publish_now":"initial","rop_publish_now_accounts":[],"rop_publish_now_history":[],"rop_publish_now_status":"pending","footnotes":"","jetpack_publicize_message":"","jetpack_publicize_feature_enabled":true,"jetpack_social_post_already_shared":false,"jetpack_social_options":{"image_generator_settings":{"template":"highway","default_image_id":0,"font":"","enabled":false},"version":2}},"categories":[15],"tags":[],"class_list":["post-4692","post","type-post","status-publish","format-standard","hentry","category-salud"],"yoast_head":"<!-- This site is optimized with the Yoast SEO plugin v25.6 - https:\/\/yoast.com\/wordpress\/plugins\/seo\/ -->\n<title>Firma de convenio para sumar quir\u00f3fanos y ejecutar obras de refuncionalizaci\u00f3n en el CEPSI - Nativa Info<\/title>\n<meta name=\"robots\" content=\"index, follow, max-snippet:-1, max-image-preview:large, max-video-preview:-1\" \/>\n<link rel=\"canonical\" href=\"https:\/\/nativainfo.com\/?p=4692\" \/>\n<meta property=\"og:locale\" content=\"es_ES\" \/>\n<meta property=\"og:type\" content=\"article\" \/>\n<meta property=\"og:title\" content=\"Firma de convenio para sumar quir\u00f3fanos y ejecutar obras de refuncionalizaci\u00f3n en el CEPSI - Nativa Info\" \/>\n<meta property=\"og:description\" content=\"El jefe de Gabinete, Elias Su\u00e1rez, encabez\u00f3 la misma para la ejecuci\u00f3n de la obra de reparaci\u00f3n integral, ampliaci\u00f3n de... Continue reading\" \/>\n<meta property=\"og:url\" content=\"https:\/\/nativainfo.com\/?p=4692\" \/>\n<meta property=\"og:site_name\" content=\"Nativa Info\" \/>\n<meta property=\"article:publisher\" content=\"https:\/\/www.facebook.com\/profile.php?id=61578881597564\" \/>\n<meta property=\"article:published_time\" content=\"2025-03-11T03:36:45+00:00\" \/>\n<meta property=\"article:modified_time\" content=\"2025-03-11T03:36:46+00:00\" \/>\n<meta property=\"og:image\" content=\"http:\/\/nativainfo.com\/wp-content\/uploads\/2025\/03\/imagen_2025-03-11_003611399-1024x682.png\" \/>\n<meta name=\"author\" content=\"Nativa Info\" \/>\n<meta name=\"twitter:card\" content=\"summary_large_image\" \/>\n<meta name=\"twitter:label1\" content=\"Escrito por\" \/>\n\t<meta name=\"twitter:data1\" content=\"Nativa Info\" \/>\n\t<meta name=\"twitter:label2\" content=\"Tiempo de lectura\" \/>\n\t<meta name=\"twitter:data2\" content=\"1 minuto\" \/>\n<script type=\"application\/ld+json\" class=\"yoast-schema-graph\">{\"@context\":\"https:\/\/schema.org\",\"@graph\":[{\"@type\":\"Article\",\"@id\":\"https:\/\/nativainfo.com\/?p=4692#article\",\"isPartOf\":{\"@id\":\"https:\/\/nativainfo.com\/?p=4692\"},\"author\":{\"name\":\"Nativa Info\",\"@id\":\"https:\/\/nativainfo.com\/#\/schema\/person\/24893b64a9cd564ddb5d102d36eb4b5c\"},\"headline\":\"Firma de convenio para sumar quir\u00f3fanos y ejecutar obras de refuncionalizaci\u00f3n en el CEPSI\",\"datePublished\":\"2025-03-11T03:36:45+00:00\",\"dateModified\":\"2025-03-11T03:36:46+00:00\",\"mainEntityOfPage\":{\"@id\":\"https:\/\/nativainfo.com\/?p=4692\"},\"wordCount\":203,\"commentCount\":0,\"publisher\":{\"@id\":\"https:\/\/nativainfo.com\/#organization\"},\"image\":{\"@id\":\"https:\/\/nativainfo.com\/?p=4692#primaryimage\"},\"thumbnailUrl\":\"http:\/\/nativainfo.com\/wp-content\/uploads\/2025\/03\/imagen_2025-03-11_003611399-1024x682.png\",\"articleSection\":[\"Salud\"],\"inLanguage\":\"es-AR\",\"potentialAction\":[{\"@type\":\"CommentAction\",\"name\":\"Comment\",\"target\":[\"https:\/\/nativainfo.com\/?p=4692#respond\"]}]},{\"@type\":\"WebPage\",\"@id\":\"https:\/\/nativainfo.com\/?p=4692\",\"url\":\"https:\/\/nativainfo.com\/?p=4692\",\"name\":\"Firma de convenio para sumar quir\u00f3fanos y ejecutar obras de refuncionalizaci\u00f3n en el CEPSI - Nativa Info\",\"isPartOf\":{\"@id\":\"https:\/\/nativainfo.com\/#website\"},\"primaryImageOfPage\":{\"@id\":\"https:\/\/nativainfo.com\/?p=4692#primaryimage\"},\"image\":{\"@id\":\"https:\/\/nativainfo.com\/?p=4692#primaryimage\"},\"thumbnailUrl\":\"http:\/\/nativainfo.com\/wp-content\/uploads\/2025\/03\/imagen_2025-03-11_003611399-1024x682.png\",\"datePublished\":\"2025-03-11T03:36:45+00:00\",\"dateModified\":\"2025-03-11T03:36:46+00:00\",\"breadcrumb\":{\"@id\":\"https:\/\/nativainfo.com\/?p=4692#breadcrumb\"},\"inLanguage\":\"es-AR\",\"potentialAction\":[{\"@type\":\"ReadAction\",\"target\":[\"https:\/\/nativainfo.com\/?p=4692\"]}]},{\"@type\":\"ImageObject\",\"inLanguage\":\"es-AR\",\"@id\":\"https:\/\/nativainfo.com\/?p=4692#primaryimage\",\"url\":\"https:\/\/nativainfo.com\/wp-content\/uploads\/2025\/03\/imagen_2025-03-11_003611399.png\",\"contentUrl\":\"https:\/\/nativainfo.com\/wp-content\/uploads\/2025\/03\/imagen_2025-03-11_003611399.png\",\"width\":2048,\"height\":1364},{\"@type\":\"BreadcrumbList\",\"@id\":\"https:\/\/nativainfo.com\/?p=4692#breadcrumb\",\"itemListElement\":[{\"@type\":\"ListItem\",\"position\":1,\"name\":\"Inicio\",\"item\":\"https:\/\/nativainfo.com\/\"},{\"@type\":\"ListItem\",\"position\":2,\"name\":\"Firma de convenio para sumar quir\u00f3fanos y ejecutar obras de refuncionalizaci\u00f3n en el CEPSI\"}]},{\"@type\":\"WebSite\",\"@id\":\"https:\/\/nativainfo.com\/#website\",\"url\":\"https:\/\/nativainfo.com\/\",\"name\":\"Nativa Info\",\"description\":\"Diario Digital\",\"publisher\":{\"@id\":\"https:\/\/nativainfo.com\/#organization\"},\"potentialAction\":[{\"@type\":\"SearchAction\",\"target\":{\"@type\":\"EntryPoint\",\"urlTemplate\":\"https:\/\/nativainfo.com\/?s={search_term_string}\"},\"query-input\":{\"@type\":\"PropertyValueSpecification\",\"valueRequired\":true,\"valueName\":\"search_term_string\"}}],\"inLanguage\":\"es-AR\"},{\"@type\":\"Organization\",\"@id\":\"https:\/\/nativainfo.com\/#organization\",\"name\":\"Nativa Info\",\"url\":\"https:\/\/nativainfo.com\/\",\"logo\":{\"@type\":\"ImageObject\",\"inLanguage\":\"es-AR\",\"@id\":\"https:\/\/nativainfo.com\/#\/schema\/logo\/image\/\",\"url\":\"https:\/\/nativainfo.com\/wp-content\/uploads\/2025\/08\/LOGO-NATIVA-FACE.jpg\",\"contentUrl\":\"https:\/\/nativainfo.com\/wp-content\/uploads\/2025\/08\/LOGO-NATIVA-FACE.jpg\",\"width\":400,\"height\":400,\"caption\":\"Nativa Info\"},\"image\":{\"@id\":\"https:\/\/nativainfo.com\/#\/schema\/logo\/image\/\"},\"sameAs\":[\"https:\/\/www.facebook.com\/profile.php?id=61578881597564\"]},{\"@type\":\"Person\",\"@id\":\"https:\/\/nativainfo.com\/#\/schema\/person\/24893b64a9cd564ddb5d102d36eb4b5c\",\"name\":\"Nativa Info\",\"image\":{\"@type\":\"ImageObject\",\"inLanguage\":\"es-AR\",\"@id\":\"https:\/\/nativainfo.com\/#\/schema\/person\/image\/\",\"url\":\"https:\/\/secure.gravatar.com\/avatar\/016fa1cf068d85136d938e1507b9b619cb766e2565cbb1faa1e571762460c785?s=96&d=mm&r=g\",\"contentUrl\":\"https:\/\/secure.gravatar.com\/avatar\/016fa1cf068d85136d938e1507b9b619cb766e2565cbb1faa1e571762460c785?s=96&d=mm&r=g\",\"caption\":\"Nativa Info\"},\"sameAs\":[\"http:\/\/nativainfo.com\"],\"url\":\"https:\/\/nativainfo.com\/?author=1\"}]}<\/script>\n<!-- \/ Yoast SEO plugin. -->","yoast_head_json":{"title":"Firma de convenio para sumar quir\u00f3fanos y ejecutar obras de refuncionalizaci\u00f3n en el CEPSI - Nativa Info","robots":{"index":"index","follow":"follow","max-snippet":"max-snippet:-1","max-image-preview":"max-image-preview:large","max-video-preview":"max-video-preview:-1"},"canonical":"https:\/\/nativainfo.com\/?p=4692","og_locale":"es_ES","og_type":"article","og_title":"Firma de convenio para sumar quir\u00f3fanos y ejecutar obras de refuncionalizaci\u00f3n en el CEPSI - Nativa Info","og_description":"El jefe de Gabinete, Elias Su\u00e1rez, encabez\u00f3 la misma para la ejecuci\u00f3n de la obra de reparaci\u00f3n integral, ampliaci\u00f3n de... Continue reading","og_url":"https:\/\/nativainfo.com\/?p=4692","og_site_name":"Nativa Info","article_publisher":"https:\/\/www.facebook.com\/profile.php?id=61578881597564","article_published_time":"2025-03-11T03:36:45+00:00","article_modified_time":"2025-03-11T03:36:46+00:00","og_image":[{"url":"http:\/\/nativainfo.com\/wp-content\/uploads\/2025\/03\/imagen_2025-03-11_003611399-1024x682.png","type":"","width":"","height":""}],"author":"Nativa Info","twitter_card":"summary_large_image","twitter_misc":{"Escrito por":"Nativa Info","Tiempo de lectura":"1 minuto"},"schema":{"@context":"https:\/\/schema.org","@graph":[{"@type":"Article","@id":"https:\/\/nativainfo.com\/?p=4692#article","isPartOf":{"@id":"https:\/\/nativainfo.com\/?p=4692"},"author":{"name":"Nativa Info","@id":"https:\/\/nativainfo.com\/#\/schema\/person\/24893b64a9cd564ddb5d102d36eb4b5c"},"headline":"Firma de convenio para sumar quir\u00f3fanos y ejecutar obras de refuncionalizaci\u00f3n en el CEPSI","datePublished":"2025-03-11T03:36:45+00:00","dateModified":"2025-03-11T03:36:46+00:00","mainEntityOfPage":{"@id":"https:\/\/nativainfo.com\/?p=4692"},"wordCount":203,"commentCount":0,"publisher":{"@id":"https:\/\/nativainfo.com\/#organization"},"image":{"@id":"https:\/\/nativainfo.com\/?p=4692#primaryimage"},"thumbnailUrl":"http:\/\/nativainfo.com\/wp-content\/uploads\/2025\/03\/imagen_2025-03-11_003611399-1024x682.png","articleSection":["Salud"],"inLanguage":"es-AR","potentialAction":[{"@type":"CommentAction","name":"Comment","target":["https:\/\/nativainfo.com\/?p=4692#respond"]}]},{"@type":"WebPage","@id":"https:\/\/nativainfo.com\/?p=4692","url":"https:\/\/nativainfo.com\/?p=4692","name":"Firma de convenio para sumar quir\u00f3fanos y ejecutar obras de refuncionalizaci\u00f3n en el CEPSI - Nativa Info","isPartOf":{"@id":"https:\/\/nativainfo.com\/#website"},"primaryImageOfPage":{"@id":"https:\/\/nativainfo.com\/?p=4692#primaryimage"},"image":{"@id":"https:\/\/nativainfo.com\/?p=4692#primaryimage"},"thumbnailUrl":"http:\/\/nativainfo.com\/wp-content\/uploads\/2025\/03\/imagen_2025-03-11_003611399-1024x682.png","datePublished":"2025-03-11T03:36:45+00:00","dateModified":"2025-03-11T03:36:46+00:00","breadcrumb":{"@id":"https:\/\/nativainfo.com\/?p=4692#breadcrumb"},"inLanguage":"es-AR","potentialAction":[{"@type":"ReadAction","target":["https:\/\/nativainfo.com\/?p=4692"]}]},{"@type":"ImageObject","inLanguage":"es-AR","@id":"https:\/\/nativainfo.com\/?p=4692#primaryimage","url":"https:\/\/nativainfo.com\/wp-content\/uploads\/2025\/03\/imagen_2025-03-11_003611399.png","contentUrl":"https:\/\/nativainfo.com\/wp-content\/uploads\/2025\/03\/imagen_2025-03-11_003611399.png","width":2048,"height":1364},{"@type":"BreadcrumbList","@id":"https:\/\/nativainfo.com\/?p=4692#breadcrumb","itemListElement":[{"@type":"ListItem","position":1,"name":"Inicio","item":"https:\/\/nativainfo.com\/"},{"@type":"ListItem","position":2,"name":"Firma de convenio para sumar quir\u00f3fanos y ejecutar obras de refuncionalizaci\u00f3n en el CEPSI"}]},{"@type":"WebSite","@id":"https:\/\/nativainfo.com\/#website","url":"https:\/\/nativainfo.com\/","name":"Nativa Info","description":"Diario Digital","publisher":{"@id":"https:\/\/nativainfo.com\/#organization"},"potentialAction":[{"@type":"SearchAction","target":{"@type":"EntryPoint","urlTemplate":"https:\/\/nativainfo.com\/?s={search_term_string}"},"query-input":{"@type":"PropertyValueSpecification","valueRequired":true,"valueName":"search_term_string"}}],"inLanguage":"es-AR"},{"@type":"Organization","@id":"https:\/\/nativainfo.com\/#organization","name":"Nativa Info","url":"https:\/\/nativainfo.com\/","logo":{"@type":"ImageObject","inLanguage":"es-AR","@id":"https:\/\/nativainfo.com\/#\/schema\/logo\/image\/","url":"https:\/\/nativainfo.com\/wp-content\/uploads\/2025\/08\/LOGO-NATIVA-FACE.jpg","contentUrl":"https:\/\/nativainfo.com\/wp-content\/uploads\/2025\/08\/LOGO-NATIVA-FACE.jpg","width":400,"height":400,"caption":"Nativa Info"},"image":{"@id":"https:\/\/nativainfo.com\/#\/schema\/logo\/image\/"},"sameAs":["https:\/\/www.facebook.com\/profile.php?id=61578881597564"]},{"@type":"Person","@id":"https:\/\/nativainfo.com\/#\/schema\/person\/24893b64a9cd564ddb5d102d36eb4b5c","name":"Nativa Info","image":{"@type":"ImageObject","inLanguage":"es-AR","@id":"https:\/\/nativainfo.com\/#\/schema\/person\/image\/","url":"https:\/\/secure.gravatar.com\/avatar\/016fa1cf068d85136d938e1507b9b619cb766e2565cbb1faa1e571762460c785?s=96&d=mm&r=g","contentUrl":"https:\/\/secure.gravatar.com\/avatar\/016fa1cf068d85136d938e1507b9b619cb766e2565cbb1faa1e571762460c785?s=96&d=mm&r=g","caption":"Nativa Info"},"sameAs":["http:\/\/nativainfo.com"],"url":"https:\/\/nativainfo.com\/?author=1"}]}},"jetpack_publicize_connections":[],"_links":{"self":[{"href":"https:\/\/nativainfo.com\/index.php?rest_route=\/wp\/v2\/posts\/4692","targetHints":{"allow":["GET"]}}],"collection":[{"href":"https:\/\/nativainfo.com\/index.php?rest_route=\/wp\/v2\/posts"}],"about":[{"href":"https:\/\/nativainfo.com\/index.php?rest_route=\/wp\/v2\/types\/post"}],"author":[{"embeddable":true,"href":"https:\/\/nativainfo.com\/index.php?rest_route=\/wp\/v2\/users\/1"}],"replies":[{"embeddable":true,"href":"https:\/\/nativainfo.com\/index.php?rest_route=%2Fwp%2Fv2%2Fcomments&post=4692"}],"version-history":[{"count":1,"href":"https:\/\/nativainfo.com\/index.php?rest_route=\/wp\/v2\/posts\/4692\/revisions"}],"predecessor-version":[{"id":4697,"href":"https:\/\/nativainfo.com\/index.php?rest_route=\/wp\/v2\/posts\/4692\/revisions\/4697"}],"wp:attachment":[{"href":"https:\/\/nativainfo.com\/index.php?rest_route=%2Fwp%2Fv2%2Fmedia&parent=4692"}],"wp:term":[{"taxonomy":"category","embeddable":true,"href":"https:\/\/nativainfo.com\/index.php?rest_route=%2Fwp%2Fv2%2Fcategories&post=4692"},{"taxonomy":"post_tag","embeddable":true,"href":"https:\/\/nativainfo.com\/index.php?rest_route=%2Fwp%2Fv2%2Ftags&post=4692"}],"curies":[{"name":"wp","href":"https:\/\/api.w.org\/{rel}","templated":true}]}}