{"id":4679,"date":"2025-03-05T23:59:51","date_gmt":"2025-03-06T02:59:51","guid":{"rendered":"http:\/\/nativainfo.com\/?p=4679"},"modified":"2025-03-05T23:59:51","modified_gmt":"2025-03-06T02:59:51","slug":"belen-abdala-presidio-el-acto-de-apertura-del-ciclo-lectivo-2025-en-forres","status":"publish","type":"post","link":"https:\/\/nativainfo.com\/?p=4679","title":{"rendered":"Bel\u00e9n Abdala presidi\u00f3 el acto de apertura del ciclo lectivo 2025 en Forres"},"content":{"rendered":"\n<figure class=\"wp-block-image size-large\"><img fetchpriority=\"high\" decoding=\"async\" width=\"1024\" height=\"458\" src=\"http:\/\/nativainfo.com\/wp-content\/uploads\/2025\/03\/imagen_2025-03-05_235944362-1024x458.png\" alt=\"\" class=\"wp-image-4684\" srcset=\"https:\/\/nativainfo.com\/wp-content\/uploads\/2025\/03\/imagen_2025-03-05_235944362-1024x458.png 1024w, https:\/\/nativainfo.com\/wp-content\/uploads\/2025\/03\/imagen_2025-03-05_235944362-300x134.png 300w, https:\/\/nativainfo.com\/wp-content\/uploads\/2025\/03\/imagen_2025-03-05_235944362-768x343.png 768w, https:\/\/nativainfo.com\/wp-content\/uploads\/2025\/03\/imagen_2025-03-05_235944362-1536x686.png 1536w, https:\/\/nativainfo.com\/wp-content\/uploads\/2025\/03\/imagen_2025-03-05_235944362-783x350.png 783w, https:\/\/nativainfo.com\/wp-content\/uploads\/2025\/03\/imagen_2025-03-05_235944362-150x67.png 150w, https:\/\/nativainfo.com\/wp-content\/uploads\/2025\/03\/imagen_2025-03-05_235944362.png 1600w\" sizes=\"(max-width: 1024px) 100vw, 1024px\" \/><\/figure>\n\n\n\n<p>La Intendente de la ciudad de Forres, Bel\u00e9n Abdala, presidi\u00f3 el acto oficial de apertura del Ciclo Lectivo 2025, en el Departamento Robles, que se desarroll\u00f3 en la Escuela Primaria Nro 1247 \u00abJorge Achad\u00bb, instituci\u00f3n con cinco a\u00f1os de trayectoria educando a los ni\u00f1os de la ciudad.<\/p>\n\n\n\n<p>La Intendente, estuvo acompa\u00f1ada por director del establecimiento, docentes, personal administrativo, miembros de la cooperadora y padres. En tanto, dem\u00e1s funcionarios de Departamento Ejecutivo hicieron lo propio en los dem\u00e1s establecimientos educacionales que cumplieron con igual prop\u00f3sito.<\/p>\n\n\n\n<p>En la oportunidad, el director de la escuela, Rolando Almar\u00e1z, convoc\u00f3 a los padres e instituciones intermedias, como as\u00ed lo hace la Municipalidad de Forres, en generar actividades que apunten a fortalecer \u00ablas relaciones e integraci\u00f3n familia-escuela, como lo es la lucha contra la ludopat\u00eda. Merecemos darnos la oportunidad de caminar juntos y poder buscar las herramientas para erradicar este flagelo que afecta a los educandos y a sus familias\u00bb se\u00f1al\u00f3.<\/p>\n","protected":false},"excerpt":{"rendered":"<p>La Intendente de la ciudad de Forres, Bel\u00e9n Abdala, presidi\u00f3 el acto oficial de apertura del Ciclo Lectivo 2025, en&#8230; <a class=\"continue-reading-link\" href=\"https:\/\/nativainfo.com\/?p=4679\">Continue reading<\/a><\/p>\n","protected":false},"author":1,"featured_media":0,"comment_status":"open","ping_status":"open","sticky":false,"template":"","format":"standard","meta":{"rop_custom_images_group":[],"rop_custom_messages_group":[],"rop_publish_now":"initial","rop_publish_now_accounts":[],"rop_publish_now_history":[],"rop_publish_now_status":"pending","footnotes":"","jetpack_publicize_message":"","jetpack_publicize_feature_enabled":true,"jetpack_social_post_already_shared":false,"jetpack_social_options":{"image_generator_settings":{"template":"highway","default_image_id":0,"font":"","enabled":false},"version":2}},"categories":[70],"tags":[],"class_list":["post-4679","post","type-post","status-publish","format-standard","hentry","category-forres"],"yoast_head":"<!-- This site is optimized with the Yoast SEO plugin v25.6 - https:\/\/yoast.com\/wordpress\/plugins\/seo\/ -->\n<title>Bel\u00e9n Abdala presidi\u00f3 el acto de apertura del ciclo lectivo 2025 en Forres - Nativa Info<\/title>\n<meta name=\"robots\" content=\"index, follow, max-snippet:-1, max-image-preview:large, max-video-preview:-1\" \/>\n<link rel=\"canonical\" href=\"https:\/\/nativainfo.com\/?p=4679\" \/>\n<meta property=\"og:locale\" content=\"es_ES\" \/>\n<meta property=\"og:type\" content=\"article\" \/>\n<meta property=\"og:title\" content=\"Bel\u00e9n Abdala presidi\u00f3 el acto de apertura del ciclo lectivo 2025 en Forres - Nativa Info\" \/>\n<meta property=\"og:description\" content=\"La Intendente de la ciudad de Forres, Bel\u00e9n Abdala, presidi\u00f3 el acto oficial de apertura del Ciclo Lectivo 2025, en... Continue reading\" \/>\n<meta property=\"og:url\" content=\"https:\/\/nativainfo.com\/?p=4679\" \/>\n<meta property=\"og:site_name\" content=\"Nativa Info\" \/>\n<meta property=\"article:publisher\" content=\"https:\/\/www.facebook.com\/profile.php?id=61578881597564\" \/>\n<meta property=\"article:published_time\" content=\"2025-03-06T02:59:51+00:00\" \/>\n<meta property=\"og:image\" content=\"http:\/\/nativainfo.com\/wp-content\/uploads\/2025\/03\/imagen_2025-03-05_235944362-1024x458.png\" \/>\n<meta name=\"author\" content=\"Nativa Info\" \/>\n<meta name=\"twitter:card\" content=\"summary_large_image\" \/>\n<meta name=\"twitter:label1\" content=\"Escrito por\" \/>\n\t<meta name=\"twitter:data1\" content=\"Nativa Info\" \/>\n\t<meta name=\"twitter:label2\" content=\"Tiempo de lectura\" \/>\n\t<meta name=\"twitter:data2\" content=\"1 minuto\" \/>\n<script type=\"application\/ld+json\" class=\"yoast-schema-graph\">{\"@context\":\"https:\/\/schema.org\",\"@graph\":[{\"@type\":\"Article\",\"@id\":\"https:\/\/nativainfo.com\/?p=4679#article\",\"isPartOf\":{\"@id\":\"https:\/\/nativainfo.com\/?p=4679\"},\"author\":{\"name\":\"Nativa Info\",\"@id\":\"https:\/\/nativainfo.com\/#\/schema\/person\/24893b64a9cd564ddb5d102d36eb4b5c\"},\"headline\":\"Bel\u00e9n Abdala presidi\u00f3 el acto de apertura del ciclo lectivo 2025 en Forres\",\"datePublished\":\"2025-03-06T02:59:51+00:00\",\"mainEntityOfPage\":{\"@id\":\"https:\/\/nativainfo.com\/?p=4679\"},\"wordCount\":178,\"commentCount\":0,\"publisher\":{\"@id\":\"https:\/\/nativainfo.com\/#organization\"},\"image\":{\"@id\":\"https:\/\/nativainfo.com\/?p=4679#primaryimage\"},\"thumbnailUrl\":\"http:\/\/nativainfo.com\/wp-content\/uploads\/2025\/03\/imagen_2025-03-05_235944362-1024x458.png\",\"articleSection\":[\"Forres\"],\"inLanguage\":\"es-AR\",\"potentialAction\":[{\"@type\":\"CommentAction\",\"name\":\"Comment\",\"target\":[\"https:\/\/nativainfo.com\/?p=4679#respond\"]}]},{\"@type\":\"WebPage\",\"@id\":\"https:\/\/nativainfo.com\/?p=4679\",\"url\":\"https:\/\/nativainfo.com\/?p=4679\",\"name\":\"Bel\u00e9n Abdala presidi\u00f3 el acto de apertura del ciclo lectivo 2025 en Forres - Nativa Info\",\"isPartOf\":{\"@id\":\"https:\/\/nativainfo.com\/#website\"},\"primaryImageOfPage\":{\"@id\":\"https:\/\/nativainfo.com\/?p=4679#primaryimage\"},\"image\":{\"@id\":\"https:\/\/nativainfo.com\/?p=4679#primaryimage\"},\"thumbnailUrl\":\"http:\/\/nativainfo.com\/wp-content\/uploads\/2025\/03\/imagen_2025-03-05_235944362-1024x458.png\",\"datePublished\":\"2025-03-06T02:59:51+00:00\",\"breadcrumb\":{\"@id\":\"https:\/\/nativainfo.com\/?p=4679#breadcrumb\"},\"inLanguage\":\"es-AR\",\"potentialAction\":[{\"@type\":\"ReadAction\",\"target\":[\"https:\/\/nativainfo.com\/?p=4679\"]}]},{\"@type\":\"ImageObject\",\"inLanguage\":\"es-AR\",\"@id\":\"https:\/\/nativainfo.com\/?p=4679#primaryimage\",\"url\":\"https:\/\/nativainfo.com\/wp-content\/uploads\/2025\/03\/imagen_2025-03-05_235944362.png\",\"contentUrl\":\"https:\/\/nativainfo.com\/wp-content\/uploads\/2025\/03\/imagen_2025-03-05_235944362.png\",\"width\":1600,\"height\":715},{\"@type\":\"BreadcrumbList\",\"@id\":\"https:\/\/nativainfo.com\/?p=4679#breadcrumb\",\"itemListElement\":[{\"@type\":\"ListItem\",\"position\":1,\"name\":\"Inicio\",\"item\":\"https:\/\/nativainfo.com\/\"},{\"@type\":\"ListItem\",\"position\":2,\"name\":\"Bel\u00e9n Abdala presidi\u00f3 el acto de apertura del ciclo lectivo 2025 en Forres\"}]},{\"@type\":\"WebSite\",\"@id\":\"https:\/\/nativainfo.com\/#website\",\"url\":\"https:\/\/nativainfo.com\/\",\"name\":\"Nativa Info\",\"description\":\"Diario Digital\",\"publisher\":{\"@id\":\"https:\/\/nativainfo.com\/#organization\"},\"potentialAction\":[{\"@type\":\"SearchAction\",\"target\":{\"@type\":\"EntryPoint\",\"urlTemplate\":\"https:\/\/nativainfo.com\/?s={search_term_string}\"},\"query-input\":{\"@type\":\"PropertyValueSpecification\",\"valueRequired\":true,\"valueName\":\"search_term_string\"}}],\"inLanguage\":\"es-AR\"},{\"@type\":\"Organization\",\"@id\":\"https:\/\/nativainfo.com\/#organization\",\"name\":\"Nativa Info\",\"url\":\"https:\/\/nativainfo.com\/\",\"logo\":{\"@type\":\"ImageObject\",\"inLanguage\":\"es-AR\",\"@id\":\"https:\/\/nativainfo.com\/#\/schema\/logo\/image\/\",\"url\":\"https:\/\/nativainfo.com\/wp-content\/uploads\/2025\/08\/LOGO-NATIVA-FACE.jpg\",\"contentUrl\":\"https:\/\/nativainfo.com\/wp-content\/uploads\/2025\/08\/LOGO-NATIVA-FACE.jpg\",\"width\":400,\"height\":400,\"caption\":\"Nativa Info\"},\"image\":{\"@id\":\"https:\/\/nativainfo.com\/#\/schema\/logo\/image\/\"},\"sameAs\":[\"https:\/\/www.facebook.com\/profile.php?id=61578881597564\"]},{\"@type\":\"Person\",\"@id\":\"https:\/\/nativainfo.com\/#\/schema\/person\/24893b64a9cd564ddb5d102d36eb4b5c\",\"name\":\"Nativa Info\",\"image\":{\"@type\":\"ImageObject\",\"inLanguage\":\"es-AR\",\"@id\":\"https:\/\/nativainfo.com\/#\/schema\/person\/image\/\",\"url\":\"https:\/\/secure.gravatar.com\/avatar\/016fa1cf068d85136d938e1507b9b619cb766e2565cbb1faa1e571762460c785?s=96&d=mm&r=g\",\"contentUrl\":\"https:\/\/secure.gravatar.com\/avatar\/016fa1cf068d85136d938e1507b9b619cb766e2565cbb1faa1e571762460c785?s=96&d=mm&r=g\",\"caption\":\"Nativa Info\"},\"sameAs\":[\"http:\/\/nativainfo.com\"],\"url\":\"https:\/\/nativainfo.com\/?author=1\"}]}<\/script>\n<!-- \/ Yoast SEO plugin. -->","yoast_head_json":{"title":"Bel\u00e9n Abdala presidi\u00f3 el acto de apertura del ciclo lectivo 2025 en Forres - Nativa Info","robots":{"index":"index","follow":"follow","max-snippet":"max-snippet:-1","max-image-preview":"max-image-preview:large","max-video-preview":"max-video-preview:-1"},"canonical":"https:\/\/nativainfo.com\/?p=4679","og_locale":"es_ES","og_type":"article","og_title":"Bel\u00e9n Abdala presidi\u00f3 el acto de apertura del ciclo lectivo 2025 en Forres - Nativa Info","og_description":"La Intendente de la ciudad de Forres, Bel\u00e9n Abdala, presidi\u00f3 el acto oficial de apertura del Ciclo Lectivo 2025, en... Continue reading","og_url":"https:\/\/nativainfo.com\/?p=4679","og_site_name":"Nativa Info","article_publisher":"https:\/\/www.facebook.com\/profile.php?id=61578881597564","article_published_time":"2025-03-06T02:59:51+00:00","og_image":[{"url":"http:\/\/nativainfo.com\/wp-content\/uploads\/2025\/03\/imagen_2025-03-05_235944362-1024x458.png","type":"","width":"","height":""}],"author":"Nativa Info","twitter_card":"summary_large_image","twitter_misc":{"Escrito por":"Nativa Info","Tiempo de lectura":"1 minuto"},"schema":{"@context":"https:\/\/schema.org","@graph":[{"@type":"Article","@id":"https:\/\/nativainfo.com\/?p=4679#article","isPartOf":{"@id":"https:\/\/nativainfo.com\/?p=4679"},"author":{"name":"Nativa Info","@id":"https:\/\/nativainfo.com\/#\/schema\/person\/24893b64a9cd564ddb5d102d36eb4b5c"},"headline":"Bel\u00e9n Abdala presidi\u00f3 el acto de apertura del ciclo lectivo 2025 en Forres","datePublished":"2025-03-06T02:59:51+00:00","mainEntityOfPage":{"@id":"https:\/\/nativainfo.com\/?p=4679"},"wordCount":178,"commentCount":0,"publisher":{"@id":"https:\/\/nativainfo.com\/#organization"},"image":{"@id":"https:\/\/nativainfo.com\/?p=4679#primaryimage"},"thumbnailUrl":"http:\/\/nativainfo.com\/wp-content\/uploads\/2025\/03\/imagen_2025-03-05_235944362-1024x458.png","articleSection":["Forres"],"inLanguage":"es-AR","potentialAction":[{"@type":"CommentAction","name":"Comment","target":["https:\/\/nativainfo.com\/?p=4679#respond"]}]},{"@type":"WebPage","@id":"https:\/\/nativainfo.com\/?p=4679","url":"https:\/\/nativainfo.com\/?p=4679","name":"Bel\u00e9n Abdala presidi\u00f3 el acto de apertura del ciclo lectivo 2025 en Forres - Nativa Info","isPartOf":{"@id":"https:\/\/nativainfo.com\/#website"},"primaryImageOfPage":{"@id":"https:\/\/nativainfo.com\/?p=4679#primaryimage"},"image":{"@id":"https:\/\/nativainfo.com\/?p=4679#primaryimage"},"thumbnailUrl":"http:\/\/nativainfo.com\/wp-content\/uploads\/2025\/03\/imagen_2025-03-05_235944362-1024x458.png","datePublished":"2025-03-06T02:59:51+00:00","breadcrumb":{"@id":"https:\/\/nativainfo.com\/?p=4679#breadcrumb"},"inLanguage":"es-AR","potentialAction":[{"@type":"ReadAction","target":["https:\/\/nativainfo.com\/?p=4679"]}]},{"@type":"ImageObject","inLanguage":"es-AR","@id":"https:\/\/nativainfo.com\/?p=4679#primaryimage","url":"https:\/\/nativainfo.com\/wp-content\/uploads\/2025\/03\/imagen_2025-03-05_235944362.png","contentUrl":"https:\/\/nativainfo.com\/wp-content\/uploads\/2025\/03\/imagen_2025-03-05_235944362.png","width":1600,"height":715},{"@type":"BreadcrumbList","@id":"https:\/\/nativainfo.com\/?p=4679#breadcrumb","itemListElement":[{"@type":"ListItem","position":1,"name":"Inicio","item":"https:\/\/nativainfo.com\/"},{"@type":"ListItem","position":2,"name":"Bel\u00e9n Abdala presidi\u00f3 el acto de apertura del ciclo lectivo 2025 en Forres"}]},{"@type":"WebSite","@id":"https:\/\/nativainfo.com\/#website","url":"https:\/\/nativainfo.com\/","name":"Nativa Info","description":"Diario Digital","publisher":{"@id":"https:\/\/nativainfo.com\/#organization"},"potentialAction":[{"@type":"SearchAction","target":{"@type":"EntryPoint","urlTemplate":"https:\/\/nativainfo.com\/?s={search_term_string}"},"query-input":{"@type":"PropertyValueSpecification","valueRequired":true,"valueName":"search_term_string"}}],"inLanguage":"es-AR"},{"@type":"Organization","@id":"https:\/\/nativainfo.com\/#organization","name":"Nativa Info","url":"https:\/\/nativainfo.com\/","logo":{"@type":"ImageObject","inLanguage":"es-AR","@id":"https:\/\/nativainfo.com\/#\/schema\/logo\/image\/","url":"https:\/\/nativainfo.com\/wp-content\/uploads\/2025\/08\/LOGO-NATIVA-FACE.jpg","contentUrl":"https:\/\/nativainfo.com\/wp-content\/uploads\/2025\/08\/LOGO-NATIVA-FACE.jpg","width":400,"height":400,"caption":"Nativa Info"},"image":{"@id":"https:\/\/nativainfo.com\/#\/schema\/logo\/image\/"},"sameAs":["https:\/\/www.facebook.com\/profile.php?id=61578881597564"]},{"@type":"Person","@id":"https:\/\/nativainfo.com\/#\/schema\/person\/24893b64a9cd564ddb5d102d36eb4b5c","name":"Nativa Info","image":{"@type":"ImageObject","inLanguage":"es-AR","@id":"https:\/\/nativainfo.com\/#\/schema\/person\/image\/","url":"https:\/\/secure.gravatar.com\/avatar\/016fa1cf068d85136d938e1507b9b619cb766e2565cbb1faa1e571762460c785?s=96&d=mm&r=g","contentUrl":"https:\/\/secure.gravatar.com\/avatar\/016fa1cf068d85136d938e1507b9b619cb766e2565cbb1faa1e571762460c785?s=96&d=mm&r=g","caption":"Nativa Info"},"sameAs":["http:\/\/nativainfo.com"],"url":"https:\/\/nativainfo.com\/?author=1"}]}},"jetpack_publicize_connections":[],"_links":{"self":[{"href":"https:\/\/nativainfo.com\/index.php?rest_route=\/wp\/v2\/posts\/4679","targetHints":{"allow":["GET"]}}],"collection":[{"href":"https:\/\/nativainfo.com\/index.php?rest_route=\/wp\/v2\/posts"}],"about":[{"href":"https:\/\/nativainfo.com\/index.php?rest_route=\/wp\/v2\/types\/post"}],"author":[{"embeddable":true,"href":"https:\/\/nativainfo.com\/index.php?rest_route=\/wp\/v2\/users\/1"}],"replies":[{"embeddable":true,"href":"https:\/\/nativainfo.com\/index.php?rest_route=%2Fwp%2Fv2%2Fcomments&post=4679"}],"version-history":[{"count":1,"href":"https:\/\/nativainfo.com\/index.php?rest_route=\/wp\/v2\/posts\/4679\/revisions"}],"predecessor-version":[{"id":4685,"href":"https:\/\/nativainfo.com\/index.php?rest_route=\/wp\/v2\/posts\/4679\/revisions\/4685"}],"wp:attachment":[{"href":"https:\/\/nativainfo.com\/index.php?rest_route=%2Fwp%2Fv2%2Fmedia&parent=4679"}],"wp:term":[{"taxonomy":"category","embeddable":true,"href":"https:\/\/nativainfo.com\/index.php?rest_route=%2Fwp%2Fv2%2Fcategories&post=4679"},{"taxonomy":"post_tag","embeddable":true,"href":"https:\/\/nativainfo.com\/index.php?rest_route=%2Fwp%2Fv2%2Ftags&post=4679"}],"curies":[{"name":"wp","href":"https:\/\/api.w.org\/{rel}","templated":true}]}}