{"id":4651,"date":"2025-02-26T00:36:44","date_gmt":"2025-02-26T03:36:44","guid":{"rendered":"http:\/\/nativainfo.com\/?p=4651"},"modified":"2025-02-26T00:36:44","modified_gmt":"2025-02-26T03:36:44","slug":"illya-kuryaki-the-valderramas-en-el-buena-vibra-una-noche-unica-llena-de-rap-funk-y-hits-eternos","status":"publish","type":"post","link":"https:\/\/nativainfo.com\/?p=4651","title":{"rendered":"Illya Kuryaki &amp; The Valderramas en el Buena Vibra: una noche \u00fanica llena de rap, funk y hits eternos"},"content":{"rendered":"\n<figure class=\"wp-block-image size-large\"><img fetchpriority=\"high\" decoding=\"async\" width=\"1024\" height=\"616\" src=\"http:\/\/nativainfo.com\/wp-content\/uploads\/2025\/02\/imagen_2025-02-26_003601923-1024x616.png\" alt=\"\" class=\"wp-image-4653\" srcset=\"https:\/\/nativainfo.com\/wp-content\/uploads\/2025\/02\/imagen_2025-02-26_003601923-1024x616.png 1024w, https:\/\/nativainfo.com\/wp-content\/uploads\/2025\/02\/imagen_2025-02-26_003601923-300x180.png 300w, https:\/\/nativainfo.com\/wp-content\/uploads\/2025\/02\/imagen_2025-02-26_003601923-768x462.png 768w, https:\/\/nativainfo.com\/wp-content\/uploads\/2025\/02\/imagen_2025-02-26_003601923-582x350.png 582w, https:\/\/nativainfo.com\/wp-content\/uploads\/2025\/02\/imagen_2025-02-26_003601923-150x90.png 150w, https:\/\/nativainfo.com\/wp-content\/uploads\/2025\/02\/imagen_2025-02-26_003601923.png 1280w\" sizes=\"(max-width: 1024px) 100vw, 1024px\" \/><\/figure>\n\n\n\n<p>Dante Spinetta y Emmanuel Horvilleur materializaron a IKV por una \u00fanica vez, con destacadas performances de Mat\u00edas Rada y Francisco Fattoruso en la banda, que transformaron al recital en un paseo por mojones de una educaci\u00f3n sentimental<\/p>\n\n\n\n<figure class=\"wp-block-image size-full\"><img decoding=\"async\" width=\"767\" height=\"430\" src=\"http:\/\/nativainfo.com\/wp-content\/uploads\/2025\/02\/imagen_2025-02-26_003638575.png\" alt=\"\" class=\"wp-image-4654\" srcset=\"https:\/\/nativainfo.com\/wp-content\/uploads\/2025\/02\/imagen_2025-02-26_003638575.png 767w, https:\/\/nativainfo.com\/wp-content\/uploads\/2025\/02\/imagen_2025-02-26_003638575-300x168.png 300w, https:\/\/nativainfo.com\/wp-content\/uploads\/2025\/02\/imagen_2025-02-26_003638575-624x350.png 624w, https:\/\/nativainfo.com\/wp-content\/uploads\/2025\/02\/imagen_2025-02-26_003638575-150x84.png 150w\" sizes=\"(max-width: 767px) 100vw, 767px\" \/><\/figure>\n\n\n\n<p>Una \u00fanica noche: esa era la consigna. Despu\u00e9s de ocho a\u00f1os,\u00a0<strong>Emmanuel Horvilleur<\/strong>\u00a0y\u00a0<strong>Dante Spinetta<\/strong>\u00a0volvieron a unir sus anillos de gemelos fant\u00e1sticos y materializaron a\u00a0<strong>Illya Kuryaki &amp; The Valderramos<\/strong>\u00a0sobre un escenario. El contexto, un festival que ya desde el t\u00edtulo,\u00a0<strong>Buena Vibra<\/strong>, parece una burbuja, un refugio musical contra todos los males de la ciudad, del pa\u00eds y del mundo. Un muestrario del talento nacional, de la encantadora\u00a0<strong>Juana Molina<\/strong>\u00a0al hinp\u00f3tico\u00a0<strong>Marttein<\/strong>, de la electr\u00f3nica potente de\u00a0<strong>Evlay<\/strong>\u00a0a la poderosa presencia esc\u00e9nica de\u00a0<strong>Marilina Bertoldi<\/strong>, entre otros highlights. A ocho a\u00f1os de su \u00faltimo concierto, esta \u201cburbuja en el tiempo\u201d (Soda dixit), funciona como la confirmaci\u00f3n de que los otrora enfants-terribles del rock argentino se transformaron en un faro para m\u00fasicos de generaciones posteriores.\u00a0<\/p>\n","protected":false},"excerpt":{"rendered":"<p>Dante Spinetta y Emmanuel Horvilleur materializaron a IKV por una \u00fanica vez, con destacadas performances de Mat\u00edas Rada y Francisco&#8230; <a class=\"continue-reading-link\" href=\"https:\/\/nativainfo.com\/?p=4651\">Continue reading<\/a><\/p>\n","protected":false},"author":1,"featured_media":0,"comment_status":"open","ping_status":"open","sticky":false,"template":"","format":"standard","meta":{"rop_custom_images_group":[],"rop_custom_messages_group":[],"rop_publish_now":"initial","rop_publish_now_accounts":[],"rop_publish_now_history":[],"rop_publish_now_status":"pending","footnotes":"","jetpack_publicize_message":"","jetpack_publicize_feature_enabled":true,"jetpack_social_post_already_shared":false,"jetpack_social_options":{"image_generator_settings":{"template":"highway","default_image_id":0,"font":"","enabled":false},"version":2}},"categories":[7],"tags":[],"class_list":["post-4651","post","type-post","status-publish","format-standard","hentry","category-musica"],"yoast_head":"<!-- This site is optimized with the Yoast SEO plugin v25.6 - https:\/\/yoast.com\/wordpress\/plugins\/seo\/ -->\n<title>Illya Kuryaki &amp; The Valderramas en el Buena Vibra: una noche \u00fanica llena de rap, funk y hits eternos - Nativa Info<\/title>\n<meta name=\"robots\" content=\"index, follow, max-snippet:-1, max-image-preview:large, max-video-preview:-1\" \/>\n<link rel=\"canonical\" href=\"https:\/\/nativainfo.com\/?p=4651\" \/>\n<meta property=\"og:locale\" content=\"es_ES\" \/>\n<meta property=\"og:type\" content=\"article\" \/>\n<meta property=\"og:title\" content=\"Illya Kuryaki &amp; The Valderramas en el Buena Vibra: una noche \u00fanica llena de rap, funk y hits eternos - Nativa Info\" \/>\n<meta property=\"og:description\" content=\"Dante Spinetta y Emmanuel Horvilleur materializaron a IKV por una \u00fanica vez, con destacadas performances de Mat\u00edas Rada y Francisco... Continue reading\" \/>\n<meta property=\"og:url\" content=\"https:\/\/nativainfo.com\/?p=4651\" \/>\n<meta property=\"og:site_name\" content=\"Nativa Info\" \/>\n<meta property=\"article:publisher\" content=\"https:\/\/www.facebook.com\/profile.php?id=61578881597564\" \/>\n<meta property=\"article:published_time\" content=\"2025-02-26T03:36:44+00:00\" \/>\n<meta property=\"og:image\" content=\"http:\/\/nativainfo.com\/wp-content\/uploads\/2025\/02\/imagen_2025-02-26_003601923-1024x616.png\" \/>\n<meta name=\"author\" content=\"Nativa Info\" \/>\n<meta name=\"twitter:card\" content=\"summary_large_image\" \/>\n<meta name=\"twitter:label1\" content=\"Escrito por\" \/>\n\t<meta name=\"twitter:data1\" content=\"Nativa Info\" \/>\n\t<meta name=\"twitter:label2\" content=\"Tiempo de lectura\" \/>\n\t<meta name=\"twitter:data2\" content=\"1 minuto\" \/>\n<script type=\"application\/ld+json\" class=\"yoast-schema-graph\">{\"@context\":\"https:\/\/schema.org\",\"@graph\":[{\"@type\":\"Article\",\"@id\":\"https:\/\/nativainfo.com\/?p=4651#article\",\"isPartOf\":{\"@id\":\"https:\/\/nativainfo.com\/?p=4651\"},\"author\":{\"name\":\"Nativa Info\",\"@id\":\"https:\/\/nativainfo.com\/#\/schema\/person\/24893b64a9cd564ddb5d102d36eb4b5c\"},\"headline\":\"Illya Kuryaki &amp; The Valderramas en el Buena Vibra: una noche \u00fanica llena de rap, funk y hits eternos\",\"datePublished\":\"2025-02-26T03:36:44+00:00\",\"mainEntityOfPage\":{\"@id\":\"https:\/\/nativainfo.com\/?p=4651\"},\"wordCount\":199,\"commentCount\":0,\"publisher\":{\"@id\":\"https:\/\/nativainfo.com\/#organization\"},\"image\":{\"@id\":\"https:\/\/nativainfo.com\/?p=4651#primaryimage\"},\"thumbnailUrl\":\"http:\/\/nativainfo.com\/wp-content\/uploads\/2025\/02\/imagen_2025-02-26_003601923-1024x616.png\",\"articleSection\":[\"M\u00fasica\"],\"inLanguage\":\"es-AR\",\"potentialAction\":[{\"@type\":\"CommentAction\",\"name\":\"Comment\",\"target\":[\"https:\/\/nativainfo.com\/?p=4651#respond\"]}]},{\"@type\":\"WebPage\",\"@id\":\"https:\/\/nativainfo.com\/?p=4651\",\"url\":\"https:\/\/nativainfo.com\/?p=4651\",\"name\":\"Illya Kuryaki &amp; The Valderramas en el Buena Vibra: una noche \u00fanica llena de rap, funk y hits eternos - Nativa Info\",\"isPartOf\":{\"@id\":\"https:\/\/nativainfo.com\/#website\"},\"primaryImageOfPage\":{\"@id\":\"https:\/\/nativainfo.com\/?p=4651#primaryimage\"},\"image\":{\"@id\":\"https:\/\/nativainfo.com\/?p=4651#primaryimage\"},\"thumbnailUrl\":\"http:\/\/nativainfo.com\/wp-content\/uploads\/2025\/02\/imagen_2025-02-26_003601923-1024x616.png\",\"datePublished\":\"2025-02-26T03:36:44+00:00\",\"breadcrumb\":{\"@id\":\"https:\/\/nativainfo.com\/?p=4651#breadcrumb\"},\"inLanguage\":\"es-AR\",\"potentialAction\":[{\"@type\":\"ReadAction\",\"target\":[\"https:\/\/nativainfo.com\/?p=4651\"]}]},{\"@type\":\"ImageObject\",\"inLanguage\":\"es-AR\",\"@id\":\"https:\/\/nativainfo.com\/?p=4651#primaryimage\",\"url\":\"https:\/\/nativainfo.com\/wp-content\/uploads\/2025\/02\/imagen_2025-02-26_003601923.png\",\"contentUrl\":\"https:\/\/nativainfo.com\/wp-content\/uploads\/2025\/02\/imagen_2025-02-26_003601923.png\",\"width\":1280,\"height\":770},{\"@type\":\"BreadcrumbList\",\"@id\":\"https:\/\/nativainfo.com\/?p=4651#breadcrumb\",\"itemListElement\":[{\"@type\":\"ListItem\",\"position\":1,\"name\":\"Inicio\",\"item\":\"https:\/\/nativainfo.com\/\"},{\"@type\":\"ListItem\",\"position\":2,\"name\":\"Illya Kuryaki &amp; The Valderramas en el Buena Vibra: una noche \u00fanica llena de rap, funk y hits eternos\"}]},{\"@type\":\"WebSite\",\"@id\":\"https:\/\/nativainfo.com\/#website\",\"url\":\"https:\/\/nativainfo.com\/\",\"name\":\"Nativa Info\",\"description\":\"Diario Digital\",\"publisher\":{\"@id\":\"https:\/\/nativainfo.com\/#organization\"},\"potentialAction\":[{\"@type\":\"SearchAction\",\"target\":{\"@type\":\"EntryPoint\",\"urlTemplate\":\"https:\/\/nativainfo.com\/?s={search_term_string}\"},\"query-input\":{\"@type\":\"PropertyValueSpecification\",\"valueRequired\":true,\"valueName\":\"search_term_string\"}}],\"inLanguage\":\"es-AR\"},{\"@type\":\"Organization\",\"@id\":\"https:\/\/nativainfo.com\/#organization\",\"name\":\"Nativa Info\",\"url\":\"https:\/\/nativainfo.com\/\",\"logo\":{\"@type\":\"ImageObject\",\"inLanguage\":\"es-AR\",\"@id\":\"https:\/\/nativainfo.com\/#\/schema\/logo\/image\/\",\"url\":\"https:\/\/nativainfo.com\/wp-content\/uploads\/2025\/08\/LOGO-NATIVA-FACE.jpg\",\"contentUrl\":\"https:\/\/nativainfo.com\/wp-content\/uploads\/2025\/08\/LOGO-NATIVA-FACE.jpg\",\"width\":400,\"height\":400,\"caption\":\"Nativa Info\"},\"image\":{\"@id\":\"https:\/\/nativainfo.com\/#\/schema\/logo\/image\/\"},\"sameAs\":[\"https:\/\/www.facebook.com\/profile.php?id=61578881597564\"]},{\"@type\":\"Person\",\"@id\":\"https:\/\/nativainfo.com\/#\/schema\/person\/24893b64a9cd564ddb5d102d36eb4b5c\",\"name\":\"Nativa Info\",\"image\":{\"@type\":\"ImageObject\",\"inLanguage\":\"es-AR\",\"@id\":\"https:\/\/nativainfo.com\/#\/schema\/person\/image\/\",\"url\":\"https:\/\/secure.gravatar.com\/avatar\/016fa1cf068d85136d938e1507b9b619cb766e2565cbb1faa1e571762460c785?s=96&d=mm&r=g\",\"contentUrl\":\"https:\/\/secure.gravatar.com\/avatar\/016fa1cf068d85136d938e1507b9b619cb766e2565cbb1faa1e571762460c785?s=96&d=mm&r=g\",\"caption\":\"Nativa Info\"},\"sameAs\":[\"http:\/\/nativainfo.com\"],\"url\":\"https:\/\/nativainfo.com\/?author=1\"}]}<\/script>\n<!-- \/ Yoast SEO plugin. -->","yoast_head_json":{"title":"Illya Kuryaki &amp; The Valderramas en el Buena Vibra: una noche \u00fanica llena de rap, funk y hits eternos - Nativa Info","robots":{"index":"index","follow":"follow","max-snippet":"max-snippet:-1","max-image-preview":"max-image-preview:large","max-video-preview":"max-video-preview:-1"},"canonical":"https:\/\/nativainfo.com\/?p=4651","og_locale":"es_ES","og_type":"article","og_title":"Illya Kuryaki &amp; The Valderramas en el Buena Vibra: una noche \u00fanica llena de rap, funk y hits eternos - Nativa Info","og_description":"Dante Spinetta y Emmanuel Horvilleur materializaron a IKV por una \u00fanica vez, con destacadas performances de Mat\u00edas Rada y Francisco... Continue reading","og_url":"https:\/\/nativainfo.com\/?p=4651","og_site_name":"Nativa Info","article_publisher":"https:\/\/www.facebook.com\/profile.php?id=61578881597564","article_published_time":"2025-02-26T03:36:44+00:00","og_image":[{"url":"http:\/\/nativainfo.com\/wp-content\/uploads\/2025\/02\/imagen_2025-02-26_003601923-1024x616.png","type":"","width":"","height":""}],"author":"Nativa Info","twitter_card":"summary_large_image","twitter_misc":{"Escrito por":"Nativa Info","Tiempo de lectura":"1 minuto"},"schema":{"@context":"https:\/\/schema.org","@graph":[{"@type":"Article","@id":"https:\/\/nativainfo.com\/?p=4651#article","isPartOf":{"@id":"https:\/\/nativainfo.com\/?p=4651"},"author":{"name":"Nativa Info","@id":"https:\/\/nativainfo.com\/#\/schema\/person\/24893b64a9cd564ddb5d102d36eb4b5c"},"headline":"Illya Kuryaki &amp; The Valderramas en el Buena Vibra: una noche \u00fanica llena de rap, funk y hits eternos","datePublished":"2025-02-26T03:36:44+00:00","mainEntityOfPage":{"@id":"https:\/\/nativainfo.com\/?p=4651"},"wordCount":199,"commentCount":0,"publisher":{"@id":"https:\/\/nativainfo.com\/#organization"},"image":{"@id":"https:\/\/nativainfo.com\/?p=4651#primaryimage"},"thumbnailUrl":"http:\/\/nativainfo.com\/wp-content\/uploads\/2025\/02\/imagen_2025-02-26_003601923-1024x616.png","articleSection":["M\u00fasica"],"inLanguage":"es-AR","potentialAction":[{"@type":"CommentAction","name":"Comment","target":["https:\/\/nativainfo.com\/?p=4651#respond"]}]},{"@type":"WebPage","@id":"https:\/\/nativainfo.com\/?p=4651","url":"https:\/\/nativainfo.com\/?p=4651","name":"Illya Kuryaki &amp; The Valderramas en el Buena Vibra: una noche \u00fanica llena de rap, funk y hits eternos - Nativa Info","isPartOf":{"@id":"https:\/\/nativainfo.com\/#website"},"primaryImageOfPage":{"@id":"https:\/\/nativainfo.com\/?p=4651#primaryimage"},"image":{"@id":"https:\/\/nativainfo.com\/?p=4651#primaryimage"},"thumbnailUrl":"http:\/\/nativainfo.com\/wp-content\/uploads\/2025\/02\/imagen_2025-02-26_003601923-1024x616.png","datePublished":"2025-02-26T03:36:44+00:00","breadcrumb":{"@id":"https:\/\/nativainfo.com\/?p=4651#breadcrumb"},"inLanguage":"es-AR","potentialAction":[{"@type":"ReadAction","target":["https:\/\/nativainfo.com\/?p=4651"]}]},{"@type":"ImageObject","inLanguage":"es-AR","@id":"https:\/\/nativainfo.com\/?p=4651#primaryimage","url":"https:\/\/nativainfo.com\/wp-content\/uploads\/2025\/02\/imagen_2025-02-26_003601923.png","contentUrl":"https:\/\/nativainfo.com\/wp-content\/uploads\/2025\/02\/imagen_2025-02-26_003601923.png","width":1280,"height":770},{"@type":"BreadcrumbList","@id":"https:\/\/nativainfo.com\/?p=4651#breadcrumb","itemListElement":[{"@type":"ListItem","position":1,"name":"Inicio","item":"https:\/\/nativainfo.com\/"},{"@type":"ListItem","position":2,"name":"Illya Kuryaki &amp; The Valderramas en el Buena Vibra: una noche \u00fanica llena de rap, funk y hits eternos"}]},{"@type":"WebSite","@id":"https:\/\/nativainfo.com\/#website","url":"https:\/\/nativainfo.com\/","name":"Nativa Info","description":"Diario Digital","publisher":{"@id":"https:\/\/nativainfo.com\/#organization"},"potentialAction":[{"@type":"SearchAction","target":{"@type":"EntryPoint","urlTemplate":"https:\/\/nativainfo.com\/?s={search_term_string}"},"query-input":{"@type":"PropertyValueSpecification","valueRequired":true,"valueName":"search_term_string"}}],"inLanguage":"es-AR"},{"@type":"Organization","@id":"https:\/\/nativainfo.com\/#organization","name":"Nativa Info","url":"https:\/\/nativainfo.com\/","logo":{"@type":"ImageObject","inLanguage":"es-AR","@id":"https:\/\/nativainfo.com\/#\/schema\/logo\/image\/","url":"https:\/\/nativainfo.com\/wp-content\/uploads\/2025\/08\/LOGO-NATIVA-FACE.jpg","contentUrl":"https:\/\/nativainfo.com\/wp-content\/uploads\/2025\/08\/LOGO-NATIVA-FACE.jpg","width":400,"height":400,"caption":"Nativa Info"},"image":{"@id":"https:\/\/nativainfo.com\/#\/schema\/logo\/image\/"},"sameAs":["https:\/\/www.facebook.com\/profile.php?id=61578881597564"]},{"@type":"Person","@id":"https:\/\/nativainfo.com\/#\/schema\/person\/24893b64a9cd564ddb5d102d36eb4b5c","name":"Nativa Info","image":{"@type":"ImageObject","inLanguage":"es-AR","@id":"https:\/\/nativainfo.com\/#\/schema\/person\/image\/","url":"https:\/\/secure.gravatar.com\/avatar\/016fa1cf068d85136d938e1507b9b619cb766e2565cbb1faa1e571762460c785?s=96&d=mm&r=g","contentUrl":"https:\/\/secure.gravatar.com\/avatar\/016fa1cf068d85136d938e1507b9b619cb766e2565cbb1faa1e571762460c785?s=96&d=mm&r=g","caption":"Nativa Info"},"sameAs":["http:\/\/nativainfo.com"],"url":"https:\/\/nativainfo.com\/?author=1"}]}},"jetpack_publicize_connections":[],"_links":{"self":[{"href":"https:\/\/nativainfo.com\/index.php?rest_route=\/wp\/v2\/posts\/4651","targetHints":{"allow":["GET"]}}],"collection":[{"href":"https:\/\/nativainfo.com\/index.php?rest_route=\/wp\/v2\/posts"}],"about":[{"href":"https:\/\/nativainfo.com\/index.php?rest_route=\/wp\/v2\/types\/post"}],"author":[{"embeddable":true,"href":"https:\/\/nativainfo.com\/index.php?rest_route=\/wp\/v2\/users\/1"}],"replies":[{"embeddable":true,"href":"https:\/\/nativainfo.com\/index.php?rest_route=%2Fwp%2Fv2%2Fcomments&post=4651"}],"version-history":[{"count":1,"href":"https:\/\/nativainfo.com\/index.php?rest_route=\/wp\/v2\/posts\/4651\/revisions"}],"predecessor-version":[{"id":4655,"href":"https:\/\/nativainfo.com\/index.php?rest_route=\/wp\/v2\/posts\/4651\/revisions\/4655"}],"wp:attachment":[{"href":"https:\/\/nativainfo.com\/index.php?rest_route=%2Fwp%2Fv2%2Fmedia&parent=4651"}],"wp:term":[{"taxonomy":"category","embeddable":true,"href":"https:\/\/nativainfo.com\/index.php?rest_route=%2Fwp%2Fv2%2Fcategories&post=4651"},{"taxonomy":"post_tag","embeddable":true,"href":"https:\/\/nativainfo.com\/index.php?rest_route=%2Fwp%2Fv2%2Ftags&post=4651"}],"curies":[{"name":"wp","href":"https:\/\/api.w.org\/{rel}","templated":true}]}}