{"id":4635,"date":"2025-02-21T00:12:11","date_gmt":"2025-02-21T03:12:11","guid":{"rendered":"http:\/\/nativainfo.com\/?p=4635"},"modified":"2025-02-21T00:12:11","modified_gmt":"2025-02-21T03:12:11","slug":"se-viene-la-28-edicion-del-festivaldelartesano-en-villa-ojo-de-agua","status":"publish","type":"post","link":"https:\/\/nativainfo.com\/?p=4635","title":{"rendered":"\u00a1Se viene la 28\u00b0 edici\u00f3n del #FestivalDelArtesano en Villa Ojo de Agua!"},"content":{"rendered":"\n<p>La misma se llevar\u00e1 a cabo el viernes 28 de febrero y s\u00e1bado 1 de marzo bajo el lema \u201cPor los Ni\u00f1os\u201d, en el Club Independiente de esa ciudad. <\/p>\n\n\n\n<figure class=\"wp-block-image size-large\"><img fetchpriority=\"high\" decoding=\"async\" width=\"1024\" height=\"638\" src=\"http:\/\/nativainfo.com\/wp-content\/uploads\/2025\/02\/imagen_2025-02-21_001205456-1024x638.png\" alt=\"\" class=\"wp-image-4641\" srcset=\"https:\/\/nativainfo.com\/wp-content\/uploads\/2025\/02\/imagen_2025-02-21_001205456-1024x638.png 1024w, https:\/\/nativainfo.com\/wp-content\/uploads\/2025\/02\/imagen_2025-02-21_001205456-300x187.png 300w, https:\/\/nativainfo.com\/wp-content\/uploads\/2025\/02\/imagen_2025-02-21_001205456-768x479.png 768w, https:\/\/nativainfo.com\/wp-content\/uploads\/2025\/02\/imagen_2025-02-21_001205456-562x350.png 562w, https:\/\/nativainfo.com\/wp-content\/uploads\/2025\/02\/imagen_2025-02-21_001205456-150x93.png 150w, https:\/\/nativainfo.com\/wp-content\/uploads\/2025\/02\/imagen_2025-02-21_001205456.png 1149w\" sizes=\"(max-width: 1024px) 100vw, 1024px\" \/><\/figure>\n\n\n\n<p>Este festival ser\u00e1 de car\u00e1cter solidario, ya que el 100% de sus ganancias ser\u00e1 destinadas a 29 instituciones educativas de la zona. <\/p>\n\n\n\n<p> Ser\u00e1n parte de la cartelera: Christian Herrera, La Barra, D\u00fao Coplanacu, La Banda de Potencia, Marcelo V\u00e9liz, Claudio Acosta, L\u00e1zaro Caballero, Orellana Lucca, Los Hermanos Mattar y Los Alfiles, entre otros.<\/p>\n\n\n\n<p>La presentaci\u00f3n, a cargo del Municipio de Villa Ojo de Agua, se realiz\u00f3 en el auditorio del Centro de Convenciones del Bicentenario, con la presencia de la intendente M\u00f3nica Bustamante, acompa\u00f1ada por el ministro de Producci\u00f3n, Miguel Mandrille, y los subsecretarios de Turismo, Nelson Bravo, y de Cultura, Juan Leguizam\u00f3n, adem\u00e1s de los m\u00fasicos Marcelo Veliz y Claudio Acosta.<\/p>\n","protected":false},"excerpt":{"rendered":"<p>La misma se llevar\u00e1 a cabo el viernes 28 de febrero y s\u00e1bado 1 de marzo bajo el lema \u201cPor&#8230; <a class=\"continue-reading-link\" href=\"https:\/\/nativainfo.com\/?p=4635\">Continue reading<\/a><\/p>\n","protected":false},"author":1,"featured_media":0,"comment_status":"open","ping_status":"open","sticky":false,"template":"","format":"standard","meta":{"rop_custom_images_group":[],"rop_custom_messages_group":[],"rop_publish_now":"initial","rop_publish_now_accounts":[],"rop_publish_now_history":[],"rop_publish_now_status":"pending","footnotes":"","jetpack_publicize_message":"","jetpack_publicize_feature_enabled":true,"jetpack_social_post_already_shared":false,"jetpack_social_options":{"image_generator_settings":{"template":"highway","default_image_id":0,"font":"","enabled":false},"version":2}},"categories":[77],"tags":[],"class_list":["post-4635","post","type-post","status-publish","format-standard","hentry","category-villa-ojo-de-agua"],"yoast_head":"<!-- This site is optimized with the Yoast SEO plugin v25.6 - https:\/\/yoast.com\/wordpress\/plugins\/seo\/ -->\n<title>\u00a1Se viene la 28\u00b0 edici\u00f3n del #FestivalDelArtesano en Villa Ojo de Agua! - Nativa Info<\/title>\n<meta name=\"robots\" content=\"index, follow, max-snippet:-1, max-image-preview:large, max-video-preview:-1\" \/>\n<link rel=\"canonical\" href=\"https:\/\/nativainfo.com\/?p=4635\" \/>\n<meta property=\"og:locale\" content=\"es_ES\" \/>\n<meta property=\"og:type\" content=\"article\" \/>\n<meta property=\"og:title\" content=\"\u00a1Se viene la 28\u00b0 edici\u00f3n del #FestivalDelArtesano en Villa Ojo de Agua! - Nativa Info\" \/>\n<meta property=\"og:description\" content=\"La misma se llevar\u00e1 a cabo el viernes 28 de febrero y s\u00e1bado 1 de marzo bajo el lema \u201cPor... Continue reading\" \/>\n<meta property=\"og:url\" content=\"https:\/\/nativainfo.com\/?p=4635\" \/>\n<meta property=\"og:site_name\" content=\"Nativa Info\" \/>\n<meta property=\"article:publisher\" content=\"https:\/\/www.facebook.com\/profile.php?id=61578881597564\" \/>\n<meta property=\"article:published_time\" content=\"2025-02-21T03:12:11+00:00\" \/>\n<meta property=\"og:image\" content=\"http:\/\/nativainfo.com\/wp-content\/uploads\/2025\/02\/imagen_2025-02-21_001205456-1024x638.png\" \/>\n<meta name=\"author\" content=\"Nativa Info\" \/>\n<meta name=\"twitter:card\" content=\"summary_large_image\" \/>\n<meta name=\"twitter:label1\" content=\"Escrito por\" \/>\n\t<meta name=\"twitter:data1\" content=\"Nativa Info\" \/>\n\t<meta name=\"twitter:label2\" content=\"Tiempo de lectura\" \/>\n\t<meta name=\"twitter:data2\" content=\"1 minuto\" \/>\n<script type=\"application\/ld+json\" class=\"yoast-schema-graph\">{\"@context\":\"https:\/\/schema.org\",\"@graph\":[{\"@type\":\"Article\",\"@id\":\"https:\/\/nativainfo.com\/?p=4635#article\",\"isPartOf\":{\"@id\":\"https:\/\/nativainfo.com\/?p=4635\"},\"author\":{\"name\":\"Nativa Info\",\"@id\":\"https:\/\/nativainfo.com\/#\/schema\/person\/24893b64a9cd564ddb5d102d36eb4b5c\"},\"headline\":\"\u00a1Se viene la 28\u00b0 edici\u00f3n del #FestivalDelArtesano en Villa Ojo de Agua!\",\"datePublished\":\"2025-02-21T03:12:11+00:00\",\"mainEntityOfPage\":{\"@id\":\"https:\/\/nativainfo.com\/?p=4635\"},\"wordCount\":163,\"commentCount\":0,\"publisher\":{\"@id\":\"https:\/\/nativainfo.com\/#organization\"},\"image\":{\"@id\":\"https:\/\/nativainfo.com\/?p=4635#primaryimage\"},\"thumbnailUrl\":\"http:\/\/nativainfo.com\/wp-content\/uploads\/2025\/02\/imagen_2025-02-21_001205456-1024x638.png\",\"articleSection\":[\"Villa Ojo de Agua\"],\"inLanguage\":\"es-AR\",\"potentialAction\":[{\"@type\":\"CommentAction\",\"name\":\"Comment\",\"target\":[\"https:\/\/nativainfo.com\/?p=4635#respond\"]}]},{\"@type\":\"WebPage\",\"@id\":\"https:\/\/nativainfo.com\/?p=4635\",\"url\":\"https:\/\/nativainfo.com\/?p=4635\",\"name\":\"\u00a1Se viene la 28\u00b0 edici\u00f3n del #FestivalDelArtesano en Villa Ojo de Agua! - Nativa Info\",\"isPartOf\":{\"@id\":\"https:\/\/nativainfo.com\/#website\"},\"primaryImageOfPage\":{\"@id\":\"https:\/\/nativainfo.com\/?p=4635#primaryimage\"},\"image\":{\"@id\":\"https:\/\/nativainfo.com\/?p=4635#primaryimage\"},\"thumbnailUrl\":\"http:\/\/nativainfo.com\/wp-content\/uploads\/2025\/02\/imagen_2025-02-21_001205456-1024x638.png\",\"datePublished\":\"2025-02-21T03:12:11+00:00\",\"breadcrumb\":{\"@id\":\"https:\/\/nativainfo.com\/?p=4635#breadcrumb\"},\"inLanguage\":\"es-AR\",\"potentialAction\":[{\"@type\":\"ReadAction\",\"target\":[\"https:\/\/nativainfo.com\/?p=4635\"]}]},{\"@type\":\"ImageObject\",\"inLanguage\":\"es-AR\",\"@id\":\"https:\/\/nativainfo.com\/?p=4635#primaryimage\",\"url\":\"https:\/\/nativainfo.com\/wp-content\/uploads\/2025\/02\/imagen_2025-02-21_001205456.png\",\"contentUrl\":\"https:\/\/nativainfo.com\/wp-content\/uploads\/2025\/02\/imagen_2025-02-21_001205456.png\",\"width\":1149,\"height\":716},{\"@type\":\"BreadcrumbList\",\"@id\":\"https:\/\/nativainfo.com\/?p=4635#breadcrumb\",\"itemListElement\":[{\"@type\":\"ListItem\",\"position\":1,\"name\":\"Inicio\",\"item\":\"https:\/\/nativainfo.com\/\"},{\"@type\":\"ListItem\",\"position\":2,\"name\":\"\u00a1Se viene la 28\u00b0 edici\u00f3n del #FestivalDelArtesano en Villa Ojo de Agua!\"}]},{\"@type\":\"WebSite\",\"@id\":\"https:\/\/nativainfo.com\/#website\",\"url\":\"https:\/\/nativainfo.com\/\",\"name\":\"Nativa Info\",\"description\":\"Diario Digital\",\"publisher\":{\"@id\":\"https:\/\/nativainfo.com\/#organization\"},\"potentialAction\":[{\"@type\":\"SearchAction\",\"target\":{\"@type\":\"EntryPoint\",\"urlTemplate\":\"https:\/\/nativainfo.com\/?s={search_term_string}\"},\"query-input\":{\"@type\":\"PropertyValueSpecification\",\"valueRequired\":true,\"valueName\":\"search_term_string\"}}],\"inLanguage\":\"es-AR\"},{\"@type\":\"Organization\",\"@id\":\"https:\/\/nativainfo.com\/#organization\",\"name\":\"Nativa Info\",\"url\":\"https:\/\/nativainfo.com\/\",\"logo\":{\"@type\":\"ImageObject\",\"inLanguage\":\"es-AR\",\"@id\":\"https:\/\/nativainfo.com\/#\/schema\/logo\/image\/\",\"url\":\"https:\/\/nativainfo.com\/wp-content\/uploads\/2025\/08\/LOGO-NATIVA-FACE.jpg\",\"contentUrl\":\"https:\/\/nativainfo.com\/wp-content\/uploads\/2025\/08\/LOGO-NATIVA-FACE.jpg\",\"width\":400,\"height\":400,\"caption\":\"Nativa Info\"},\"image\":{\"@id\":\"https:\/\/nativainfo.com\/#\/schema\/logo\/image\/\"},\"sameAs\":[\"https:\/\/www.facebook.com\/profile.php?id=61578881597564\"]},{\"@type\":\"Person\",\"@id\":\"https:\/\/nativainfo.com\/#\/schema\/person\/24893b64a9cd564ddb5d102d36eb4b5c\",\"name\":\"Nativa Info\",\"image\":{\"@type\":\"ImageObject\",\"inLanguage\":\"es-AR\",\"@id\":\"https:\/\/nativainfo.com\/#\/schema\/person\/image\/\",\"url\":\"https:\/\/secure.gravatar.com\/avatar\/016fa1cf068d85136d938e1507b9b619cb766e2565cbb1faa1e571762460c785?s=96&d=mm&r=g\",\"contentUrl\":\"https:\/\/secure.gravatar.com\/avatar\/016fa1cf068d85136d938e1507b9b619cb766e2565cbb1faa1e571762460c785?s=96&d=mm&r=g\",\"caption\":\"Nativa Info\"},\"sameAs\":[\"http:\/\/nativainfo.com\"],\"url\":\"https:\/\/nativainfo.com\/?author=1\"}]}<\/script>\n<!-- \/ Yoast SEO plugin. -->","yoast_head_json":{"title":"\u00a1Se viene la 28\u00b0 edici\u00f3n del #FestivalDelArtesano en Villa Ojo de Agua! - Nativa Info","robots":{"index":"index","follow":"follow","max-snippet":"max-snippet:-1","max-image-preview":"max-image-preview:large","max-video-preview":"max-video-preview:-1"},"canonical":"https:\/\/nativainfo.com\/?p=4635","og_locale":"es_ES","og_type":"article","og_title":"\u00a1Se viene la 28\u00b0 edici\u00f3n del #FestivalDelArtesano en Villa Ojo de Agua! - Nativa Info","og_description":"La misma se llevar\u00e1 a cabo el viernes 28 de febrero y s\u00e1bado 1 de marzo bajo el lema \u201cPor... Continue reading","og_url":"https:\/\/nativainfo.com\/?p=4635","og_site_name":"Nativa Info","article_publisher":"https:\/\/www.facebook.com\/profile.php?id=61578881597564","article_published_time":"2025-02-21T03:12:11+00:00","og_image":[{"url":"http:\/\/nativainfo.com\/wp-content\/uploads\/2025\/02\/imagen_2025-02-21_001205456-1024x638.png","type":"","width":"","height":""}],"author":"Nativa Info","twitter_card":"summary_large_image","twitter_misc":{"Escrito por":"Nativa Info","Tiempo de lectura":"1 minuto"},"schema":{"@context":"https:\/\/schema.org","@graph":[{"@type":"Article","@id":"https:\/\/nativainfo.com\/?p=4635#article","isPartOf":{"@id":"https:\/\/nativainfo.com\/?p=4635"},"author":{"name":"Nativa Info","@id":"https:\/\/nativainfo.com\/#\/schema\/person\/24893b64a9cd564ddb5d102d36eb4b5c"},"headline":"\u00a1Se viene la 28\u00b0 edici\u00f3n del #FestivalDelArtesano en Villa Ojo de Agua!","datePublished":"2025-02-21T03:12:11+00:00","mainEntityOfPage":{"@id":"https:\/\/nativainfo.com\/?p=4635"},"wordCount":163,"commentCount":0,"publisher":{"@id":"https:\/\/nativainfo.com\/#organization"},"image":{"@id":"https:\/\/nativainfo.com\/?p=4635#primaryimage"},"thumbnailUrl":"http:\/\/nativainfo.com\/wp-content\/uploads\/2025\/02\/imagen_2025-02-21_001205456-1024x638.png","articleSection":["Villa Ojo de Agua"],"inLanguage":"es-AR","potentialAction":[{"@type":"CommentAction","name":"Comment","target":["https:\/\/nativainfo.com\/?p=4635#respond"]}]},{"@type":"WebPage","@id":"https:\/\/nativainfo.com\/?p=4635","url":"https:\/\/nativainfo.com\/?p=4635","name":"\u00a1Se viene la 28\u00b0 edici\u00f3n del #FestivalDelArtesano en Villa Ojo de Agua! - Nativa Info","isPartOf":{"@id":"https:\/\/nativainfo.com\/#website"},"primaryImageOfPage":{"@id":"https:\/\/nativainfo.com\/?p=4635#primaryimage"},"image":{"@id":"https:\/\/nativainfo.com\/?p=4635#primaryimage"},"thumbnailUrl":"http:\/\/nativainfo.com\/wp-content\/uploads\/2025\/02\/imagen_2025-02-21_001205456-1024x638.png","datePublished":"2025-02-21T03:12:11+00:00","breadcrumb":{"@id":"https:\/\/nativainfo.com\/?p=4635#breadcrumb"},"inLanguage":"es-AR","potentialAction":[{"@type":"ReadAction","target":["https:\/\/nativainfo.com\/?p=4635"]}]},{"@type":"ImageObject","inLanguage":"es-AR","@id":"https:\/\/nativainfo.com\/?p=4635#primaryimage","url":"https:\/\/nativainfo.com\/wp-content\/uploads\/2025\/02\/imagen_2025-02-21_001205456.png","contentUrl":"https:\/\/nativainfo.com\/wp-content\/uploads\/2025\/02\/imagen_2025-02-21_001205456.png","width":1149,"height":716},{"@type":"BreadcrumbList","@id":"https:\/\/nativainfo.com\/?p=4635#breadcrumb","itemListElement":[{"@type":"ListItem","position":1,"name":"Inicio","item":"https:\/\/nativainfo.com\/"},{"@type":"ListItem","position":2,"name":"\u00a1Se viene la 28\u00b0 edici\u00f3n del #FestivalDelArtesano en Villa Ojo de Agua!"}]},{"@type":"WebSite","@id":"https:\/\/nativainfo.com\/#website","url":"https:\/\/nativainfo.com\/","name":"Nativa Info","description":"Diario Digital","publisher":{"@id":"https:\/\/nativainfo.com\/#organization"},"potentialAction":[{"@type":"SearchAction","target":{"@type":"EntryPoint","urlTemplate":"https:\/\/nativainfo.com\/?s={search_term_string}"},"query-input":{"@type":"PropertyValueSpecification","valueRequired":true,"valueName":"search_term_string"}}],"inLanguage":"es-AR"},{"@type":"Organization","@id":"https:\/\/nativainfo.com\/#organization","name":"Nativa Info","url":"https:\/\/nativainfo.com\/","logo":{"@type":"ImageObject","inLanguage":"es-AR","@id":"https:\/\/nativainfo.com\/#\/schema\/logo\/image\/","url":"https:\/\/nativainfo.com\/wp-content\/uploads\/2025\/08\/LOGO-NATIVA-FACE.jpg","contentUrl":"https:\/\/nativainfo.com\/wp-content\/uploads\/2025\/08\/LOGO-NATIVA-FACE.jpg","width":400,"height":400,"caption":"Nativa Info"},"image":{"@id":"https:\/\/nativainfo.com\/#\/schema\/logo\/image\/"},"sameAs":["https:\/\/www.facebook.com\/profile.php?id=61578881597564"]},{"@type":"Person","@id":"https:\/\/nativainfo.com\/#\/schema\/person\/24893b64a9cd564ddb5d102d36eb4b5c","name":"Nativa Info","image":{"@type":"ImageObject","inLanguage":"es-AR","@id":"https:\/\/nativainfo.com\/#\/schema\/person\/image\/","url":"https:\/\/secure.gravatar.com\/avatar\/016fa1cf068d85136d938e1507b9b619cb766e2565cbb1faa1e571762460c785?s=96&d=mm&r=g","contentUrl":"https:\/\/secure.gravatar.com\/avatar\/016fa1cf068d85136d938e1507b9b619cb766e2565cbb1faa1e571762460c785?s=96&d=mm&r=g","caption":"Nativa Info"},"sameAs":["http:\/\/nativainfo.com"],"url":"https:\/\/nativainfo.com\/?author=1"}]}},"jetpack_publicize_connections":[],"_links":{"self":[{"href":"https:\/\/nativainfo.com\/index.php?rest_route=\/wp\/v2\/posts\/4635","targetHints":{"allow":["GET"]}}],"collection":[{"href":"https:\/\/nativainfo.com\/index.php?rest_route=\/wp\/v2\/posts"}],"about":[{"href":"https:\/\/nativainfo.com\/index.php?rest_route=\/wp\/v2\/types\/post"}],"author":[{"embeddable":true,"href":"https:\/\/nativainfo.com\/index.php?rest_route=\/wp\/v2\/users\/1"}],"replies":[{"embeddable":true,"href":"https:\/\/nativainfo.com\/index.php?rest_route=%2Fwp%2Fv2%2Fcomments&post=4635"}],"version-history":[{"count":1,"href":"https:\/\/nativainfo.com\/index.php?rest_route=\/wp\/v2\/posts\/4635\/revisions"}],"predecessor-version":[{"id":4642,"href":"https:\/\/nativainfo.com\/index.php?rest_route=\/wp\/v2\/posts\/4635\/revisions\/4642"}],"wp:attachment":[{"href":"https:\/\/nativainfo.com\/index.php?rest_route=%2Fwp%2Fv2%2Fmedia&parent=4635"}],"wp:term":[{"taxonomy":"category","embeddable":true,"href":"https:\/\/nativainfo.com\/index.php?rest_route=%2Fwp%2Fv2%2Fcategories&post=4635"},{"taxonomy":"post_tag","embeddable":true,"href":"https:\/\/nativainfo.com\/index.php?rest_route=%2Fwp%2Fv2%2Ftags&post=4635"}],"curies":[{"name":"wp","href":"https:\/\/api.w.org\/{rel}","templated":true}]}}