{"id":4633,"date":"2025-02-21T00:10:33","date_gmt":"2025-02-21T03:10:33","guid":{"rendered":"http:\/\/nativainfo.com\/?p=4633"},"modified":"2025-02-21T00:10:34","modified_gmt":"2025-02-21T03:10:34","slug":"senadora-rionegrina-agradecio-a-zamora-por-su-ayuda-durante-los-incendios-en-la-patagonia","status":"publish","type":"post","link":"https:\/\/nativainfo.com\/?p=4633","title":{"rendered":"Senadora rionegrina agradeci\u00f3 a Zamora por su ayuda durante los incendios en la Patagonia"},"content":{"rendered":"\n<p>Silvia Garc\u00eda Larrabaru dijo que todo el pueblo rionegrino est\u00e1 agradecido por el apoyo del gobernador santiague\u00f1o. Lo hizo durante la sesi\u00f3n de este jueves en el Congreso.<\/p>\n\n\n\n<figure class=\"wp-block-image size-full\"><img fetchpriority=\"high\" decoding=\"async\" width=\"1010\" height=\"567\" src=\"http:\/\/nativainfo.com\/wp-content\/uploads\/2025\/02\/imagen_2025-02-21_001010434.png\" alt=\"\" class=\"wp-image-4637\" srcset=\"https:\/\/nativainfo.com\/wp-content\/uploads\/2025\/02\/imagen_2025-02-21_001010434.png 1010w, https:\/\/nativainfo.com\/wp-content\/uploads\/2025\/02\/imagen_2025-02-21_001010434-300x168.png 300w, https:\/\/nativainfo.com\/wp-content\/uploads\/2025\/02\/imagen_2025-02-21_001010434-768x431.png 768w, https:\/\/nativainfo.com\/wp-content\/uploads\/2025\/02\/imagen_2025-02-21_001010434-623x350.png 623w, https:\/\/nativainfo.com\/wp-content\/uploads\/2025\/02\/imagen_2025-02-21_001010434-150x84.png 150w\" sizes=\"(max-width: 1010px) 100vw, 1010px\" \/><\/figure>\n\n\n\n<p>Fue durante la sesi\u00f3n de este jueves en el Congreso donde destac\u00f3 la decisi\u00f3n del mandatario santiague\u00f1o de enviar dos aviones hidrantes en diciembre pasado para colaborar en la lucha contra el fuego. \u201c<strong>Es un profundo agradecimiento del pueblo rionegrino y de esta parte de la Patagonia a un gobernador que nos ayuda y mucho<\/strong>\u201d, afirm\u00f3.<\/p>\n\n\n\n<p>Garc\u00eda<strong>&nbsp;Larrabaru tambi\u00e9n aprovech\u00f3 la oportunidad para cuestionar la respuesta del Gobierno Nacional&nbsp;<\/strong>ante la emergencia, apuntando directamente contra el presidente. \u201cLe pido que deje de lado las redes sociales y escuche, sin soberbia, para combatir los incendios que tanto nos afectaron. Esto es una muestra de que el presidente no tiene idea de lo que pasa en nuestro pa\u00eds\u201d, sentenci\u00f3 la legisladora.<\/p>\n","protected":false},"excerpt":{"rendered":"<p>Silvia Garc\u00eda Larrabaru dijo que todo el pueblo rionegrino est\u00e1 agradecido por el apoyo del gobernador santiague\u00f1o. Lo hizo durante&#8230; <a class=\"continue-reading-link\" href=\"https:\/\/nativainfo.com\/?p=4633\">Continue reading<\/a><\/p>\n","protected":false},"author":1,"featured_media":0,"comment_status":"open","ping_status":"open","sticky":false,"template":"","format":"standard","meta":{"rop_custom_images_group":[],"rop_custom_messages_group":[],"rop_publish_now":"initial","rop_publish_now_accounts":[],"rop_publish_now_history":[],"rop_publish_now_status":"pending","footnotes":"","jetpack_publicize_message":"","jetpack_publicize_feature_enabled":true,"jetpack_social_post_already_shared":false,"jetpack_social_options":{"image_generator_settings":{"template":"highway","default_image_id":0,"font":"","enabled":false},"version":2}},"categories":[8,36],"tags":[],"class_list":["post-4633","post","type-post","status-publish","format-standard","hentry","category-noticias","category-politica"],"yoast_head":"<!-- This site is optimized with the Yoast SEO plugin v25.6 - https:\/\/yoast.com\/wordpress\/plugins\/seo\/ -->\n<title>Senadora rionegrina agradeci\u00f3 a Zamora por su ayuda durante los incendios en la Patagonia - Nativa Info<\/title>\n<meta name=\"robots\" content=\"index, follow, max-snippet:-1, max-image-preview:large, max-video-preview:-1\" \/>\n<link rel=\"canonical\" href=\"https:\/\/nativainfo.com\/?p=4633\" \/>\n<meta property=\"og:locale\" content=\"es_ES\" \/>\n<meta property=\"og:type\" content=\"article\" \/>\n<meta property=\"og:title\" content=\"Senadora rionegrina agradeci\u00f3 a Zamora por su ayuda durante los incendios en la Patagonia - Nativa Info\" \/>\n<meta property=\"og:description\" content=\"Silvia Garc\u00eda Larrabaru dijo que todo el pueblo rionegrino est\u00e1 agradecido por el apoyo del gobernador santiague\u00f1o. Lo hizo durante... Continue reading\" \/>\n<meta property=\"og:url\" content=\"https:\/\/nativainfo.com\/?p=4633\" \/>\n<meta property=\"og:site_name\" content=\"Nativa Info\" \/>\n<meta property=\"article:publisher\" content=\"https:\/\/www.facebook.com\/profile.php?id=61578881597564\" \/>\n<meta property=\"article:published_time\" content=\"2025-02-21T03:10:33+00:00\" \/>\n<meta property=\"article:modified_time\" content=\"2025-02-21T03:10:34+00:00\" \/>\n<meta property=\"og:image\" content=\"http:\/\/nativainfo.com\/wp-content\/uploads\/2025\/02\/imagen_2025-02-21_001010434.png\" \/>\n<meta name=\"author\" content=\"Nativa Info\" \/>\n<meta name=\"twitter:card\" content=\"summary_large_image\" \/>\n<meta name=\"twitter:label1\" content=\"Escrito por\" \/>\n\t<meta name=\"twitter:data1\" content=\"Nativa Info\" \/>\n\t<meta name=\"twitter:label2\" content=\"Tiempo de lectura\" \/>\n\t<meta name=\"twitter:data2\" content=\"1 minuto\" \/>\n<script type=\"application\/ld+json\" class=\"yoast-schema-graph\">{\"@context\":\"https:\/\/schema.org\",\"@graph\":[{\"@type\":\"Article\",\"@id\":\"https:\/\/nativainfo.com\/?p=4633#article\",\"isPartOf\":{\"@id\":\"https:\/\/nativainfo.com\/?p=4633\"},\"author\":{\"name\":\"Nativa Info\",\"@id\":\"https:\/\/nativainfo.com\/#\/schema\/person\/24893b64a9cd564ddb5d102d36eb4b5c\"},\"headline\":\"Senadora rionegrina agradeci\u00f3 a Zamora por su ayuda durante los incendios en la Patagonia\",\"datePublished\":\"2025-02-21T03:10:33+00:00\",\"dateModified\":\"2025-02-21T03:10:34+00:00\",\"mainEntityOfPage\":{\"@id\":\"https:\/\/nativainfo.com\/?p=4633\"},\"wordCount\":172,\"commentCount\":0,\"publisher\":{\"@id\":\"https:\/\/nativainfo.com\/#organization\"},\"image\":{\"@id\":\"https:\/\/nativainfo.com\/?p=4633#primaryimage\"},\"thumbnailUrl\":\"http:\/\/nativainfo.com\/wp-content\/uploads\/2025\/02\/imagen_2025-02-21_001010434.png\",\"articleSection\":[\"Noticias\",\"Pol\u00edtica\"],\"inLanguage\":\"es-AR\",\"potentialAction\":[{\"@type\":\"CommentAction\",\"name\":\"Comment\",\"target\":[\"https:\/\/nativainfo.com\/?p=4633#respond\"]}]},{\"@type\":\"WebPage\",\"@id\":\"https:\/\/nativainfo.com\/?p=4633\",\"url\":\"https:\/\/nativainfo.com\/?p=4633\",\"name\":\"Senadora rionegrina agradeci\u00f3 a Zamora por su ayuda durante los incendios en la Patagonia - Nativa Info\",\"isPartOf\":{\"@id\":\"https:\/\/nativainfo.com\/#website\"},\"primaryImageOfPage\":{\"@id\":\"https:\/\/nativainfo.com\/?p=4633#primaryimage\"},\"image\":{\"@id\":\"https:\/\/nativainfo.com\/?p=4633#primaryimage\"},\"thumbnailUrl\":\"http:\/\/nativainfo.com\/wp-content\/uploads\/2025\/02\/imagen_2025-02-21_001010434.png\",\"datePublished\":\"2025-02-21T03:10:33+00:00\",\"dateModified\":\"2025-02-21T03:10:34+00:00\",\"breadcrumb\":{\"@id\":\"https:\/\/nativainfo.com\/?p=4633#breadcrumb\"},\"inLanguage\":\"es-AR\",\"potentialAction\":[{\"@type\":\"ReadAction\",\"target\":[\"https:\/\/nativainfo.com\/?p=4633\"]}]},{\"@type\":\"ImageObject\",\"inLanguage\":\"es-AR\",\"@id\":\"https:\/\/nativainfo.com\/?p=4633#primaryimage\",\"url\":\"https:\/\/nativainfo.com\/wp-content\/uploads\/2025\/02\/imagen_2025-02-21_001010434.png\",\"contentUrl\":\"https:\/\/nativainfo.com\/wp-content\/uploads\/2025\/02\/imagen_2025-02-21_001010434.png\",\"width\":1010,\"height\":567},{\"@type\":\"BreadcrumbList\",\"@id\":\"https:\/\/nativainfo.com\/?p=4633#breadcrumb\",\"itemListElement\":[{\"@type\":\"ListItem\",\"position\":1,\"name\":\"Inicio\",\"item\":\"https:\/\/nativainfo.com\/\"},{\"@type\":\"ListItem\",\"position\":2,\"name\":\"Senadora rionegrina agradeci\u00f3 a Zamora por su ayuda durante los incendios en la Patagonia\"}]},{\"@type\":\"WebSite\",\"@id\":\"https:\/\/nativainfo.com\/#website\",\"url\":\"https:\/\/nativainfo.com\/\",\"name\":\"Nativa Info\",\"description\":\"Diario Digital\",\"publisher\":{\"@id\":\"https:\/\/nativainfo.com\/#organization\"},\"potentialAction\":[{\"@type\":\"SearchAction\",\"target\":{\"@type\":\"EntryPoint\",\"urlTemplate\":\"https:\/\/nativainfo.com\/?s={search_term_string}\"},\"query-input\":{\"@type\":\"PropertyValueSpecification\",\"valueRequired\":true,\"valueName\":\"search_term_string\"}}],\"inLanguage\":\"es-AR\"},{\"@type\":\"Organization\",\"@id\":\"https:\/\/nativainfo.com\/#organization\",\"name\":\"Nativa Info\",\"url\":\"https:\/\/nativainfo.com\/\",\"logo\":{\"@type\":\"ImageObject\",\"inLanguage\":\"es-AR\",\"@id\":\"https:\/\/nativainfo.com\/#\/schema\/logo\/image\/\",\"url\":\"https:\/\/nativainfo.com\/wp-content\/uploads\/2025\/08\/LOGO-NATIVA-FACE.jpg\",\"contentUrl\":\"https:\/\/nativainfo.com\/wp-content\/uploads\/2025\/08\/LOGO-NATIVA-FACE.jpg\",\"width\":400,\"height\":400,\"caption\":\"Nativa Info\"},\"image\":{\"@id\":\"https:\/\/nativainfo.com\/#\/schema\/logo\/image\/\"},\"sameAs\":[\"https:\/\/www.facebook.com\/profile.php?id=61578881597564\"]},{\"@type\":\"Person\",\"@id\":\"https:\/\/nativainfo.com\/#\/schema\/person\/24893b64a9cd564ddb5d102d36eb4b5c\",\"name\":\"Nativa Info\",\"image\":{\"@type\":\"ImageObject\",\"inLanguage\":\"es-AR\",\"@id\":\"https:\/\/nativainfo.com\/#\/schema\/person\/image\/\",\"url\":\"https:\/\/secure.gravatar.com\/avatar\/016fa1cf068d85136d938e1507b9b619cb766e2565cbb1faa1e571762460c785?s=96&d=mm&r=g\",\"contentUrl\":\"https:\/\/secure.gravatar.com\/avatar\/016fa1cf068d85136d938e1507b9b619cb766e2565cbb1faa1e571762460c785?s=96&d=mm&r=g\",\"caption\":\"Nativa Info\"},\"sameAs\":[\"http:\/\/nativainfo.com\"],\"url\":\"https:\/\/nativainfo.com\/?author=1\"}]}<\/script>\n<!-- \/ Yoast SEO plugin. -->","yoast_head_json":{"title":"Senadora rionegrina agradeci\u00f3 a Zamora por su ayuda durante los incendios en la Patagonia - Nativa Info","robots":{"index":"index","follow":"follow","max-snippet":"max-snippet:-1","max-image-preview":"max-image-preview:large","max-video-preview":"max-video-preview:-1"},"canonical":"https:\/\/nativainfo.com\/?p=4633","og_locale":"es_ES","og_type":"article","og_title":"Senadora rionegrina agradeci\u00f3 a Zamora por su ayuda durante los incendios en la Patagonia - Nativa Info","og_description":"Silvia Garc\u00eda Larrabaru dijo que todo el pueblo rionegrino est\u00e1 agradecido por el apoyo del gobernador santiague\u00f1o. Lo hizo durante... Continue reading","og_url":"https:\/\/nativainfo.com\/?p=4633","og_site_name":"Nativa Info","article_publisher":"https:\/\/www.facebook.com\/profile.php?id=61578881597564","article_published_time":"2025-02-21T03:10:33+00:00","article_modified_time":"2025-02-21T03:10:34+00:00","og_image":[{"url":"http:\/\/nativainfo.com\/wp-content\/uploads\/2025\/02\/imagen_2025-02-21_001010434.png","type":"","width":"","height":""}],"author":"Nativa Info","twitter_card":"summary_large_image","twitter_misc":{"Escrito por":"Nativa Info","Tiempo de lectura":"1 minuto"},"schema":{"@context":"https:\/\/schema.org","@graph":[{"@type":"Article","@id":"https:\/\/nativainfo.com\/?p=4633#article","isPartOf":{"@id":"https:\/\/nativainfo.com\/?p=4633"},"author":{"name":"Nativa Info","@id":"https:\/\/nativainfo.com\/#\/schema\/person\/24893b64a9cd564ddb5d102d36eb4b5c"},"headline":"Senadora rionegrina agradeci\u00f3 a Zamora por su ayuda durante los incendios en la Patagonia","datePublished":"2025-02-21T03:10:33+00:00","dateModified":"2025-02-21T03:10:34+00:00","mainEntityOfPage":{"@id":"https:\/\/nativainfo.com\/?p=4633"},"wordCount":172,"commentCount":0,"publisher":{"@id":"https:\/\/nativainfo.com\/#organization"},"image":{"@id":"https:\/\/nativainfo.com\/?p=4633#primaryimage"},"thumbnailUrl":"http:\/\/nativainfo.com\/wp-content\/uploads\/2025\/02\/imagen_2025-02-21_001010434.png","articleSection":["Noticias","Pol\u00edtica"],"inLanguage":"es-AR","potentialAction":[{"@type":"CommentAction","name":"Comment","target":["https:\/\/nativainfo.com\/?p=4633#respond"]}]},{"@type":"WebPage","@id":"https:\/\/nativainfo.com\/?p=4633","url":"https:\/\/nativainfo.com\/?p=4633","name":"Senadora rionegrina agradeci\u00f3 a Zamora por su ayuda durante los incendios en la Patagonia - Nativa Info","isPartOf":{"@id":"https:\/\/nativainfo.com\/#website"},"primaryImageOfPage":{"@id":"https:\/\/nativainfo.com\/?p=4633#primaryimage"},"image":{"@id":"https:\/\/nativainfo.com\/?p=4633#primaryimage"},"thumbnailUrl":"http:\/\/nativainfo.com\/wp-content\/uploads\/2025\/02\/imagen_2025-02-21_001010434.png","datePublished":"2025-02-21T03:10:33+00:00","dateModified":"2025-02-21T03:10:34+00:00","breadcrumb":{"@id":"https:\/\/nativainfo.com\/?p=4633#breadcrumb"},"inLanguage":"es-AR","potentialAction":[{"@type":"ReadAction","target":["https:\/\/nativainfo.com\/?p=4633"]}]},{"@type":"ImageObject","inLanguage":"es-AR","@id":"https:\/\/nativainfo.com\/?p=4633#primaryimage","url":"https:\/\/nativainfo.com\/wp-content\/uploads\/2025\/02\/imagen_2025-02-21_001010434.png","contentUrl":"https:\/\/nativainfo.com\/wp-content\/uploads\/2025\/02\/imagen_2025-02-21_001010434.png","width":1010,"height":567},{"@type":"BreadcrumbList","@id":"https:\/\/nativainfo.com\/?p=4633#breadcrumb","itemListElement":[{"@type":"ListItem","position":1,"name":"Inicio","item":"https:\/\/nativainfo.com\/"},{"@type":"ListItem","position":2,"name":"Senadora rionegrina agradeci\u00f3 a Zamora por su ayuda durante los incendios en la Patagonia"}]},{"@type":"WebSite","@id":"https:\/\/nativainfo.com\/#website","url":"https:\/\/nativainfo.com\/","name":"Nativa Info","description":"Diario Digital","publisher":{"@id":"https:\/\/nativainfo.com\/#organization"},"potentialAction":[{"@type":"SearchAction","target":{"@type":"EntryPoint","urlTemplate":"https:\/\/nativainfo.com\/?s={search_term_string}"},"query-input":{"@type":"PropertyValueSpecification","valueRequired":true,"valueName":"search_term_string"}}],"inLanguage":"es-AR"},{"@type":"Organization","@id":"https:\/\/nativainfo.com\/#organization","name":"Nativa Info","url":"https:\/\/nativainfo.com\/","logo":{"@type":"ImageObject","inLanguage":"es-AR","@id":"https:\/\/nativainfo.com\/#\/schema\/logo\/image\/","url":"https:\/\/nativainfo.com\/wp-content\/uploads\/2025\/08\/LOGO-NATIVA-FACE.jpg","contentUrl":"https:\/\/nativainfo.com\/wp-content\/uploads\/2025\/08\/LOGO-NATIVA-FACE.jpg","width":400,"height":400,"caption":"Nativa Info"},"image":{"@id":"https:\/\/nativainfo.com\/#\/schema\/logo\/image\/"},"sameAs":["https:\/\/www.facebook.com\/profile.php?id=61578881597564"]},{"@type":"Person","@id":"https:\/\/nativainfo.com\/#\/schema\/person\/24893b64a9cd564ddb5d102d36eb4b5c","name":"Nativa Info","image":{"@type":"ImageObject","inLanguage":"es-AR","@id":"https:\/\/nativainfo.com\/#\/schema\/person\/image\/","url":"https:\/\/secure.gravatar.com\/avatar\/016fa1cf068d85136d938e1507b9b619cb766e2565cbb1faa1e571762460c785?s=96&d=mm&r=g","contentUrl":"https:\/\/secure.gravatar.com\/avatar\/016fa1cf068d85136d938e1507b9b619cb766e2565cbb1faa1e571762460c785?s=96&d=mm&r=g","caption":"Nativa Info"},"sameAs":["http:\/\/nativainfo.com"],"url":"https:\/\/nativainfo.com\/?author=1"}]}},"jetpack_publicize_connections":[],"_links":{"self":[{"href":"https:\/\/nativainfo.com\/index.php?rest_route=\/wp\/v2\/posts\/4633","targetHints":{"allow":["GET"]}}],"collection":[{"href":"https:\/\/nativainfo.com\/index.php?rest_route=\/wp\/v2\/posts"}],"about":[{"href":"https:\/\/nativainfo.com\/index.php?rest_route=\/wp\/v2\/types\/post"}],"author":[{"embeddable":true,"href":"https:\/\/nativainfo.com\/index.php?rest_route=\/wp\/v2\/users\/1"}],"replies":[{"embeddable":true,"href":"https:\/\/nativainfo.com\/index.php?rest_route=%2Fwp%2Fv2%2Fcomments&post=4633"}],"version-history":[{"count":1,"href":"https:\/\/nativainfo.com\/index.php?rest_route=\/wp\/v2\/posts\/4633\/revisions"}],"predecessor-version":[{"id":4638,"href":"https:\/\/nativainfo.com\/index.php?rest_route=\/wp\/v2\/posts\/4633\/revisions\/4638"}],"wp:attachment":[{"href":"https:\/\/nativainfo.com\/index.php?rest_route=%2Fwp%2Fv2%2Fmedia&parent=4633"}],"wp:term":[{"taxonomy":"category","embeddable":true,"href":"https:\/\/nativainfo.com\/index.php?rest_route=%2Fwp%2Fv2%2Fcategories&post=4633"},{"taxonomy":"post_tag","embeddable":true,"href":"https:\/\/nativainfo.com\/index.php?rest_route=%2Fwp%2Fv2%2Ftags&post=4633"}],"curies":[{"name":"wp","href":"https:\/\/api.w.org\/{rel}","templated":true}]}}