{"id":4612,"date":"2025-02-13T00:24:52","date_gmt":"2025-02-13T03:24:52","guid":{"rendered":"http:\/\/nativainfo.com\/?p=4612"},"modified":"2025-02-13T00:26:34","modified_gmt":"2025-02-13T03:26:34","slug":"mana-hace-historia-como-el-primer-grupo-en-espanol-nominado-al-salon-de-la-fama-del-rock-roll","status":"publish","type":"post","link":"https:\/\/nativainfo.com\/?p=4612","title":{"rendered":"Man\u00e1 hace historia como el primer grupo en espa\u00f1ol nominado al Sal\u00f3n de la Fama del Rock &amp; Roll"},"content":{"rendered":"\n<figure class=\"wp-block-image size-full\"><img fetchpriority=\"high\" decoding=\"async\" width=\"1024\" height=\"576\" src=\"http:\/\/nativainfo.com\/wp-content\/uploads\/2025\/02\/imagen_2025-02-13_002204183.png\" alt=\"\" class=\"wp-image-4614\" srcset=\"https:\/\/nativainfo.com\/wp-content\/uploads\/2025\/02\/imagen_2025-02-13_002204183.png 1024w, https:\/\/nativainfo.com\/wp-content\/uploads\/2025\/02\/imagen_2025-02-13_002204183-300x169.png 300w, https:\/\/nativainfo.com\/wp-content\/uploads\/2025\/02\/imagen_2025-02-13_002204183-768x432.png 768w, https:\/\/nativainfo.com\/wp-content\/uploads\/2025\/02\/imagen_2025-02-13_002204183-622x350.png 622w, https:\/\/nativainfo.com\/wp-content\/uploads\/2025\/02\/imagen_2025-02-13_002204183-150x84.png 150w\" sizes=\"(max-width: 1024px) 100vw, 1024px\" \/><\/figure>\n\n\n\n<h3 class=\"wp-block-heading\">La emblem\u00e1tica banda mexicana dedica la nominaci\u00f3n a los inmigrantes latinos<\/h3>\n\n\n\n<p><strong>Man\u00e1<\/strong>, la emblem\u00e1tica banda mexicana de rock en espa\u00f1ol, ha sido nominada al&nbsp;<strong>Sal\u00f3n de la Fama del Rock &amp; Roll,<\/strong>&nbsp;convirti\u00e9ndose en el primer grupo de habla hispana en alcanzar tan importante reconocimiento. Esta distinci\u00f3n los coloca junto a un selecto grupo de artistas de renombre mundial, siendo un reconocimiento a su impacto y legado en la m\u00fasica.<\/p>\n\n\n\n<p>Esta nominaci\u00f3n no solo destaca la trayectoria de&nbsp;<strong>Man\u00e1<\/strong>, tambi\u00e9n representa un hito sin precedentes ya que este lugar tan exclusivo cuenta con una presencia casi nula de artistas latinos, teniendo solo en su lista los nombres de&nbsp;<em>Santana y RichieValens<\/em>. Lo que hace que distinciones como la de Man\u00e1 sean hist\u00f3ricas, ya que abren las puertas a una mayor representaci\u00f3n hispana en un espacio dominado tradicionalmente por artistas anglosajones.<\/p>\n\n\n\n<p>\u200d<strong>Man\u00e1<\/strong>&nbsp;ha dejado claro que este logro es para todos los latinos del mundo, especialmente para aquellos que en las \u00faltimas semanas est\u00e1n enfrentando grandes dificultades: los inmigrantes.<\/p>\n\n\n\n<figure class=\"wp-block-embed is-type-rich is-provider-twitter wp-block-embed-twitter\"><div class=\"wp-block-embed__wrapper\">\n<blockquote class=\"twitter-tweet\" data-width=\"550\" data-dnt=\"true\"><p lang=\"es\" dir=\"ltr\">Somos 4 cuates que crecimos en M\u00e9xico escuchando rock &amp; roll \u2013 Los Beatles, Los Stones, Queen, Led Zeppelin, Los Eagles, Santana, etc etc. So\u00f1\u00e1bamos con compartir nuestra propia m\u00fasica con el mundo. Quer\u00edamos compartir los sonidos y el esp\u00edritu de M\u00e9xico y Latino Am\u00e9rica. <br><br>Ser\u2026 <a href=\"https:\/\/t.co\/suWK3Ij2ZF\">pic.twitter.com\/suWK3Ij2ZF<\/a><\/p>&mdash; Man\u00e1 (@manaoficial) <a href=\"https:\/\/twitter.com\/manaoficial\/status\/1889646833405927734?ref_src=twsrc%5Etfw\">February 12, 2025<\/a><\/blockquote><script async src=\"https:\/\/platform.twitter.com\/widgets.js\" charset=\"utf-8\"><\/script>\n<\/div><\/figure>\n\n\n\n<p><strong>\u200d<\/strong>Este momento no solo es un gran honor para Man\u00e1, sino para toda la comunidad latina que, a trav\u00e9s de este logro, ve reflejada su importancia y poder en la industria musical. Man\u00e1 contin\u00faa demostrando que la m\u00fasica no tiene fronteras y que los latinos tienen un lugar destacado en el escenario global.<\/p>\n","protected":false},"excerpt":{"rendered":"<p>La emblem\u00e1tica banda mexicana dedica la nominaci\u00f3n a los inmigrantes latinos Man\u00e1, la emblem\u00e1tica banda mexicana de rock en espa\u00f1ol,&#8230; <a class=\"continue-reading-link\" href=\"https:\/\/nativainfo.com\/?p=4612\">Continue reading<\/a><\/p>\n","protected":false},"author":1,"featured_media":0,"comment_status":"open","ping_status":"open","sticky":false,"template":"","format":"standard","meta":{"rop_custom_images_group":[],"rop_custom_messages_group":[],"rop_publish_now":"initial","rop_publish_now_accounts":[],"rop_publish_now_history":[],"rop_publish_now_status":"pending","footnotes":"","jetpack_publicize_message":"","jetpack_publicize_feature_enabled":true,"jetpack_social_post_already_shared":false,"jetpack_social_options":{"image_generator_settings":{"template":"highway","default_image_id":0,"font":"","enabled":false},"version":2}},"categories":[7],"tags":[],"class_list":["post-4612","post","type-post","status-publish","format-standard","hentry","category-musica"],"yoast_head":"<!-- This site is optimized with the Yoast SEO plugin v25.6 - https:\/\/yoast.com\/wordpress\/plugins\/seo\/ -->\n<title>Man\u00e1 hace historia como el primer grupo en espa\u00f1ol nominado al Sal\u00f3n de la Fama del Rock &amp; Roll - Nativa Info<\/title>\n<meta name=\"robots\" content=\"index, follow, max-snippet:-1, max-image-preview:large, max-video-preview:-1\" \/>\n<link rel=\"canonical\" href=\"https:\/\/nativainfo.com\/?p=4612\" \/>\n<meta property=\"og:locale\" content=\"es_ES\" \/>\n<meta property=\"og:type\" content=\"article\" \/>\n<meta property=\"og:title\" content=\"Man\u00e1 hace historia como el primer grupo en espa\u00f1ol nominado al Sal\u00f3n de la Fama del Rock &amp; Roll - Nativa Info\" \/>\n<meta property=\"og:description\" content=\"La emblem\u00e1tica banda mexicana dedica la nominaci\u00f3n a los inmigrantes latinos Man\u00e1, la emblem\u00e1tica banda mexicana de rock en espa\u00f1ol,... Continue reading\" \/>\n<meta property=\"og:url\" content=\"https:\/\/nativainfo.com\/?p=4612\" \/>\n<meta property=\"og:site_name\" content=\"Nativa Info\" \/>\n<meta property=\"article:publisher\" content=\"https:\/\/www.facebook.com\/profile.php?id=61578881597564\" \/>\n<meta property=\"article:published_time\" content=\"2025-02-13T03:24:52+00:00\" \/>\n<meta property=\"article:modified_time\" content=\"2025-02-13T03:26:34+00:00\" \/>\n<meta property=\"og:image\" content=\"http:\/\/nativainfo.com\/wp-content\/uploads\/2025\/02\/imagen_2025-02-13_002204183.png\" \/>\n<meta name=\"author\" content=\"Nativa Info\" \/>\n<meta name=\"twitter:card\" content=\"summary_large_image\" \/>\n<meta name=\"twitter:label1\" content=\"Escrito por\" \/>\n\t<meta name=\"twitter:data1\" content=\"Nativa Info\" \/>\n\t<meta name=\"twitter:label2\" content=\"Tiempo de lectura\" \/>\n\t<meta name=\"twitter:data2\" content=\"1 minuto\" \/>\n<script type=\"application\/ld+json\" class=\"yoast-schema-graph\">{\"@context\":\"https:\/\/schema.org\",\"@graph\":[{\"@type\":\"Article\",\"@id\":\"https:\/\/nativainfo.com\/?p=4612#article\",\"isPartOf\":{\"@id\":\"https:\/\/nativainfo.com\/?p=4612\"},\"author\":{\"name\":\"Nativa Info\",\"@id\":\"https:\/\/nativainfo.com\/#\/schema\/person\/24893b64a9cd564ddb5d102d36eb4b5c\"},\"headline\":\"Man\u00e1 hace historia como el primer grupo en espa\u00f1ol nominado al Sal\u00f3n de la Fama del Rock &amp; Roll\",\"datePublished\":\"2025-02-13T03:24:52+00:00\",\"dateModified\":\"2025-02-13T03:26:34+00:00\",\"mainEntityOfPage\":{\"@id\":\"https:\/\/nativainfo.com\/?p=4612\"},\"wordCount\":268,\"commentCount\":0,\"publisher\":{\"@id\":\"https:\/\/nativainfo.com\/#organization\"},\"image\":{\"@id\":\"https:\/\/nativainfo.com\/?p=4612#primaryimage\"},\"thumbnailUrl\":\"http:\/\/nativainfo.com\/wp-content\/uploads\/2025\/02\/imagen_2025-02-13_002204183.png\",\"articleSection\":[\"M\u00fasica\"],\"inLanguage\":\"es-AR\",\"potentialAction\":[{\"@type\":\"CommentAction\",\"name\":\"Comment\",\"target\":[\"https:\/\/nativainfo.com\/?p=4612#respond\"]}]},{\"@type\":\"WebPage\",\"@id\":\"https:\/\/nativainfo.com\/?p=4612\",\"url\":\"https:\/\/nativainfo.com\/?p=4612\",\"name\":\"Man\u00e1 hace historia como el primer grupo en espa\u00f1ol nominado al Sal\u00f3n de la Fama del Rock &amp; Roll - Nativa Info\",\"isPartOf\":{\"@id\":\"https:\/\/nativainfo.com\/#website\"},\"primaryImageOfPage\":{\"@id\":\"https:\/\/nativainfo.com\/?p=4612#primaryimage\"},\"image\":{\"@id\":\"https:\/\/nativainfo.com\/?p=4612#primaryimage\"},\"thumbnailUrl\":\"http:\/\/nativainfo.com\/wp-content\/uploads\/2025\/02\/imagen_2025-02-13_002204183.png\",\"datePublished\":\"2025-02-13T03:24:52+00:00\",\"dateModified\":\"2025-02-13T03:26:34+00:00\",\"breadcrumb\":{\"@id\":\"https:\/\/nativainfo.com\/?p=4612#breadcrumb\"},\"inLanguage\":\"es-AR\",\"potentialAction\":[{\"@type\":\"ReadAction\",\"target\":[\"https:\/\/nativainfo.com\/?p=4612\"]}]},{\"@type\":\"ImageObject\",\"inLanguage\":\"es-AR\",\"@id\":\"https:\/\/nativainfo.com\/?p=4612#primaryimage\",\"url\":\"https:\/\/nativainfo.com\/wp-content\/uploads\/2025\/02\/imagen_2025-02-13_002204183.png\",\"contentUrl\":\"https:\/\/nativainfo.com\/wp-content\/uploads\/2025\/02\/imagen_2025-02-13_002204183.png\",\"width\":1024,\"height\":576},{\"@type\":\"BreadcrumbList\",\"@id\":\"https:\/\/nativainfo.com\/?p=4612#breadcrumb\",\"itemListElement\":[{\"@type\":\"ListItem\",\"position\":1,\"name\":\"Inicio\",\"item\":\"https:\/\/nativainfo.com\/\"},{\"@type\":\"ListItem\",\"position\":2,\"name\":\"Man\u00e1 hace historia como el primer grupo en espa\u00f1ol nominado al Sal\u00f3n de la Fama del Rock &amp; Roll\"}]},{\"@type\":\"WebSite\",\"@id\":\"https:\/\/nativainfo.com\/#website\",\"url\":\"https:\/\/nativainfo.com\/\",\"name\":\"Nativa Info\",\"description\":\"Diario Digital\",\"publisher\":{\"@id\":\"https:\/\/nativainfo.com\/#organization\"},\"potentialAction\":[{\"@type\":\"SearchAction\",\"target\":{\"@type\":\"EntryPoint\",\"urlTemplate\":\"https:\/\/nativainfo.com\/?s={search_term_string}\"},\"query-input\":{\"@type\":\"PropertyValueSpecification\",\"valueRequired\":true,\"valueName\":\"search_term_string\"}}],\"inLanguage\":\"es-AR\"},{\"@type\":\"Organization\",\"@id\":\"https:\/\/nativainfo.com\/#organization\",\"name\":\"Nativa Info\",\"url\":\"https:\/\/nativainfo.com\/\",\"logo\":{\"@type\":\"ImageObject\",\"inLanguage\":\"es-AR\",\"@id\":\"https:\/\/nativainfo.com\/#\/schema\/logo\/image\/\",\"url\":\"https:\/\/nativainfo.com\/wp-content\/uploads\/2025\/08\/LOGO-NATIVA-FACE.jpg\",\"contentUrl\":\"https:\/\/nativainfo.com\/wp-content\/uploads\/2025\/08\/LOGO-NATIVA-FACE.jpg\",\"width\":400,\"height\":400,\"caption\":\"Nativa Info\"},\"image\":{\"@id\":\"https:\/\/nativainfo.com\/#\/schema\/logo\/image\/\"},\"sameAs\":[\"https:\/\/www.facebook.com\/profile.php?id=61578881597564\"]},{\"@type\":\"Person\",\"@id\":\"https:\/\/nativainfo.com\/#\/schema\/person\/24893b64a9cd564ddb5d102d36eb4b5c\",\"name\":\"Nativa Info\",\"image\":{\"@type\":\"ImageObject\",\"inLanguage\":\"es-AR\",\"@id\":\"https:\/\/nativainfo.com\/#\/schema\/person\/image\/\",\"url\":\"https:\/\/secure.gravatar.com\/avatar\/016fa1cf068d85136d938e1507b9b619cb766e2565cbb1faa1e571762460c785?s=96&d=mm&r=g\",\"contentUrl\":\"https:\/\/secure.gravatar.com\/avatar\/016fa1cf068d85136d938e1507b9b619cb766e2565cbb1faa1e571762460c785?s=96&d=mm&r=g\",\"caption\":\"Nativa Info\"},\"sameAs\":[\"http:\/\/nativainfo.com\"],\"url\":\"https:\/\/nativainfo.com\/?author=1\"}]}<\/script>\n<!-- \/ Yoast SEO plugin. -->","yoast_head_json":{"title":"Man\u00e1 hace historia como el primer grupo en espa\u00f1ol nominado al Sal\u00f3n de la Fama del Rock &amp; Roll - Nativa Info","robots":{"index":"index","follow":"follow","max-snippet":"max-snippet:-1","max-image-preview":"max-image-preview:large","max-video-preview":"max-video-preview:-1"},"canonical":"https:\/\/nativainfo.com\/?p=4612","og_locale":"es_ES","og_type":"article","og_title":"Man\u00e1 hace historia como el primer grupo en espa\u00f1ol nominado al Sal\u00f3n de la Fama del Rock &amp; Roll - Nativa Info","og_description":"La emblem\u00e1tica banda mexicana dedica la nominaci\u00f3n a los inmigrantes latinos Man\u00e1, la emblem\u00e1tica banda mexicana de rock en espa\u00f1ol,... Continue reading","og_url":"https:\/\/nativainfo.com\/?p=4612","og_site_name":"Nativa Info","article_publisher":"https:\/\/www.facebook.com\/profile.php?id=61578881597564","article_published_time":"2025-02-13T03:24:52+00:00","article_modified_time":"2025-02-13T03:26:34+00:00","og_image":[{"url":"http:\/\/nativainfo.com\/wp-content\/uploads\/2025\/02\/imagen_2025-02-13_002204183.png","type":"","width":"","height":""}],"author":"Nativa Info","twitter_card":"summary_large_image","twitter_misc":{"Escrito por":"Nativa Info","Tiempo de lectura":"1 minuto"},"schema":{"@context":"https:\/\/schema.org","@graph":[{"@type":"Article","@id":"https:\/\/nativainfo.com\/?p=4612#article","isPartOf":{"@id":"https:\/\/nativainfo.com\/?p=4612"},"author":{"name":"Nativa Info","@id":"https:\/\/nativainfo.com\/#\/schema\/person\/24893b64a9cd564ddb5d102d36eb4b5c"},"headline":"Man\u00e1 hace historia como el primer grupo en espa\u00f1ol nominado al Sal\u00f3n de la Fama del Rock &amp; Roll","datePublished":"2025-02-13T03:24:52+00:00","dateModified":"2025-02-13T03:26:34+00:00","mainEntityOfPage":{"@id":"https:\/\/nativainfo.com\/?p=4612"},"wordCount":268,"commentCount":0,"publisher":{"@id":"https:\/\/nativainfo.com\/#organization"},"image":{"@id":"https:\/\/nativainfo.com\/?p=4612#primaryimage"},"thumbnailUrl":"http:\/\/nativainfo.com\/wp-content\/uploads\/2025\/02\/imagen_2025-02-13_002204183.png","articleSection":["M\u00fasica"],"inLanguage":"es-AR","potentialAction":[{"@type":"CommentAction","name":"Comment","target":["https:\/\/nativainfo.com\/?p=4612#respond"]}]},{"@type":"WebPage","@id":"https:\/\/nativainfo.com\/?p=4612","url":"https:\/\/nativainfo.com\/?p=4612","name":"Man\u00e1 hace historia como el primer grupo en espa\u00f1ol nominado al Sal\u00f3n de la Fama del Rock &amp; Roll - Nativa Info","isPartOf":{"@id":"https:\/\/nativainfo.com\/#website"},"primaryImageOfPage":{"@id":"https:\/\/nativainfo.com\/?p=4612#primaryimage"},"image":{"@id":"https:\/\/nativainfo.com\/?p=4612#primaryimage"},"thumbnailUrl":"http:\/\/nativainfo.com\/wp-content\/uploads\/2025\/02\/imagen_2025-02-13_002204183.png","datePublished":"2025-02-13T03:24:52+00:00","dateModified":"2025-02-13T03:26:34+00:00","breadcrumb":{"@id":"https:\/\/nativainfo.com\/?p=4612#breadcrumb"},"inLanguage":"es-AR","potentialAction":[{"@type":"ReadAction","target":["https:\/\/nativainfo.com\/?p=4612"]}]},{"@type":"ImageObject","inLanguage":"es-AR","@id":"https:\/\/nativainfo.com\/?p=4612#primaryimage","url":"https:\/\/nativainfo.com\/wp-content\/uploads\/2025\/02\/imagen_2025-02-13_002204183.png","contentUrl":"https:\/\/nativainfo.com\/wp-content\/uploads\/2025\/02\/imagen_2025-02-13_002204183.png","width":1024,"height":576},{"@type":"BreadcrumbList","@id":"https:\/\/nativainfo.com\/?p=4612#breadcrumb","itemListElement":[{"@type":"ListItem","position":1,"name":"Inicio","item":"https:\/\/nativainfo.com\/"},{"@type":"ListItem","position":2,"name":"Man\u00e1 hace historia como el primer grupo en espa\u00f1ol nominado al Sal\u00f3n de la Fama del Rock &amp; Roll"}]},{"@type":"WebSite","@id":"https:\/\/nativainfo.com\/#website","url":"https:\/\/nativainfo.com\/","name":"Nativa Info","description":"Diario Digital","publisher":{"@id":"https:\/\/nativainfo.com\/#organization"},"potentialAction":[{"@type":"SearchAction","target":{"@type":"EntryPoint","urlTemplate":"https:\/\/nativainfo.com\/?s={search_term_string}"},"query-input":{"@type":"PropertyValueSpecification","valueRequired":true,"valueName":"search_term_string"}}],"inLanguage":"es-AR"},{"@type":"Organization","@id":"https:\/\/nativainfo.com\/#organization","name":"Nativa Info","url":"https:\/\/nativainfo.com\/","logo":{"@type":"ImageObject","inLanguage":"es-AR","@id":"https:\/\/nativainfo.com\/#\/schema\/logo\/image\/","url":"https:\/\/nativainfo.com\/wp-content\/uploads\/2025\/08\/LOGO-NATIVA-FACE.jpg","contentUrl":"https:\/\/nativainfo.com\/wp-content\/uploads\/2025\/08\/LOGO-NATIVA-FACE.jpg","width":400,"height":400,"caption":"Nativa Info"},"image":{"@id":"https:\/\/nativainfo.com\/#\/schema\/logo\/image\/"},"sameAs":["https:\/\/www.facebook.com\/profile.php?id=61578881597564"]},{"@type":"Person","@id":"https:\/\/nativainfo.com\/#\/schema\/person\/24893b64a9cd564ddb5d102d36eb4b5c","name":"Nativa Info","image":{"@type":"ImageObject","inLanguage":"es-AR","@id":"https:\/\/nativainfo.com\/#\/schema\/person\/image\/","url":"https:\/\/secure.gravatar.com\/avatar\/016fa1cf068d85136d938e1507b9b619cb766e2565cbb1faa1e571762460c785?s=96&d=mm&r=g","contentUrl":"https:\/\/secure.gravatar.com\/avatar\/016fa1cf068d85136d938e1507b9b619cb766e2565cbb1faa1e571762460c785?s=96&d=mm&r=g","caption":"Nativa Info"},"sameAs":["http:\/\/nativainfo.com"],"url":"https:\/\/nativainfo.com\/?author=1"}]}},"jetpack_publicize_connections":[],"_links":{"self":[{"href":"https:\/\/nativainfo.com\/index.php?rest_route=\/wp\/v2\/posts\/4612","targetHints":{"allow":["GET"]}}],"collection":[{"href":"https:\/\/nativainfo.com\/index.php?rest_route=\/wp\/v2\/posts"}],"about":[{"href":"https:\/\/nativainfo.com\/index.php?rest_route=\/wp\/v2\/types\/post"}],"author":[{"embeddable":true,"href":"https:\/\/nativainfo.com\/index.php?rest_route=\/wp\/v2\/users\/1"}],"replies":[{"embeddable":true,"href":"https:\/\/nativainfo.com\/index.php?rest_route=%2Fwp%2Fv2%2Fcomments&post=4612"}],"version-history":[{"count":3,"href":"https:\/\/nativainfo.com\/index.php?rest_route=\/wp\/v2\/posts\/4612\/revisions"}],"predecessor-version":[{"id":4619,"href":"https:\/\/nativainfo.com\/index.php?rest_route=\/wp\/v2\/posts\/4612\/revisions\/4619"}],"wp:attachment":[{"href":"https:\/\/nativainfo.com\/index.php?rest_route=%2Fwp%2Fv2%2Fmedia&parent=4612"}],"wp:term":[{"taxonomy":"category","embeddable":true,"href":"https:\/\/nativainfo.com\/index.php?rest_route=%2Fwp%2Fv2%2Fcategories&post=4612"},{"taxonomy":"post_tag","embeddable":true,"href":"https:\/\/nativainfo.com\/index.php?rest_route=%2Fwp%2Fv2%2Ftags&post=4612"}],"curies":[{"name":"wp","href":"https:\/\/api.w.org\/{rel}","templated":true}]}}