{"id":4600,"date":"2025-02-10T22:13:47","date_gmt":"2025-02-11T01:13:47","guid":{"rendered":"http:\/\/nativainfo.com\/?p=4600"},"modified":"2025-02-10T22:13:47","modified_gmt":"2025-02-11T01:13:47","slug":"gerardo-zamora-anuncio-aumentos-salariales-para-la-administracion-publica-provincial","status":"publish","type":"post","link":"https:\/\/nativainfo.com\/?p=4600","title":{"rendered":"Gerardo Zamora anunci\u00f3 aumentos salariales para la Administraci\u00f3n P\u00fablica provincial."},"content":{"rendered":"\n<p>1) Incremento salarial del 100% en el sueldo b\u00e1sico, a partir de febrero, para todos los trabajadores de la administraci\u00f3n p\u00fablica provincial de Santiago del Estero.<\/p>\n\n\n\n<figure class=\"wp-block-image size-large\"><img fetchpriority=\"high\" decoding=\"async\" width=\"1024\" height=\"650\" src=\"http:\/\/nativainfo.com\/wp-content\/uploads\/2025\/02\/imagen_2025-02-10_221332549-1024x650.png\" alt=\"\" class=\"wp-image-4602\" srcset=\"https:\/\/nativainfo.com\/wp-content\/uploads\/2025\/02\/imagen_2025-02-10_221332549-1024x650.png 1024w, https:\/\/nativainfo.com\/wp-content\/uploads\/2025\/02\/imagen_2025-02-10_221332549-300x190.png 300w, https:\/\/nativainfo.com\/wp-content\/uploads\/2025\/02\/imagen_2025-02-10_221332549-768x487.png 768w, https:\/\/nativainfo.com\/wp-content\/uploads\/2025\/02\/imagen_2025-02-10_221332549-552x350.png 552w, https:\/\/nativainfo.com\/wp-content\/uploads\/2025\/02\/imagen_2025-02-10_221332549-150x95.png 150w, https:\/\/nativainfo.com\/wp-content\/uploads\/2025\/02\/imagen_2025-02-10_221332549.png 1300w\" sizes=\"(max-width: 1024px) 100vw, 1024px\" \/><\/figure>\n\n\n\n<p>2) Aumento del 77,77% en la garant\u00eda del piso salarial provincial, que se eleva a $800.000 y hasta dos cargos para la docencia.<\/p>\n\n\n\n<p>3) Un aumento del 90% a todos los trabajadores con locaci\u00f3n de servicio.<\/p>\n\n\n\n<p>4) Incremento del 100% en la suma por hijo (que ascender\u00e1 a $180.000) otorgada en concepto de ayuda escolar correspondiente al per\u00edodo 2025, que se har\u00e1 efectiva en el mes de marzo.<\/p>\n\n\n\n<p>\u201cSe deja aclarado que este acuerdo alcanzado, es exclusivamente provincial, y que en el caso de los Municipios, queda la decisi\u00f3n, bajo su propio criterio y responsabilidad, de aplicar o no, cualquier medida salarial, de acuerdo a su autonom\u00eda y dentro de las posibilidades de sus propios recursos\u201d.<\/p>\n\n\n\n<p>5) Dejamos establecido dentro de este acuerdo (con montos a determinar) el pago 3 bonos extraordinarios, durante el corriente a\u00f1o, dentro del siguiente cronograma:<br>a) un bono en la v\u00edspera del d\u00eda del trabajador (1 de mayo);<br>b) Un bono \u201caguinaldo\u201d en el mes de julio;<br>c) Un bono de fin de a\u00f1o.<br>De esta manera se repetir\u00e1, durante lo que resta del presente a\u00f1o, estos beneficios otorgados en el 2024.<\/p>\n\n\n\n<p>Asimismo y por \u00fanica vez, ante la proximidad del ciclo lectivo, se otorgar\u00e1 un bono de $220.000, que se har\u00e1 efectivo este viernes 14 de febrero, que incluye a todos los empleados p\u00fablicos, con excepci\u00f3n de Ministros, Secretarios y Subsecretarios del Ejecutivo, Magistrados Judiciales y diputados Provinciales.<\/p>\n\n\n\n<p>6) Otros anuncios que tienen que ver con el incremento de programas sociales provinciales, tales como:<br>a) Plan de Emergencia<br>b) Tarjeta Alimentaria Provincial<br>Ser\u00e1n anunciados por Jefatura de gabinete y funcionarios de las \u00e1reas respectivas, en el d\u00eda de ma\u00f1ana.<\/p>\n\n\n\n<p>7) Creaci\u00f3n de un Fondo Estival Provincial extraordinario, por dos meses, que beneficiar\u00e1 a usuarios residenciales.<br>Con este aporte provincial, a partir de la fecha, las familias santiague\u00f1as recibir\u00e1n en su facturaci\u00f3n un 40 % de descuento, durante dos meses.<\/p>\n\n\n\n<p>Mesa de Di\u00e1logo y Trabajo &#8211; Santiago del Estero.<\/p>\n","protected":false},"excerpt":{"rendered":"<p>1) Incremento salarial del 100% en el sueldo b\u00e1sico, a partir de febrero, para todos los trabajadores de la administraci\u00f3n&#8230; <a class=\"continue-reading-link\" href=\"https:\/\/nativainfo.com\/?p=4600\">Continue reading<\/a><\/p>\n","protected":false},"author":1,"featured_media":0,"comment_status":"open","ping_status":"open","sticky":false,"template":"","format":"standard","meta":{"rop_custom_images_group":[],"rop_custom_messages_group":[],"rop_publish_now":"initial","rop_publish_now_accounts":[],"rop_publish_now_history":[],"rop_publish_now_status":"pending","footnotes":"","jetpack_publicize_message":"","jetpack_publicize_feature_enabled":true,"jetpack_social_post_already_shared":false,"jetpack_social_options":{"image_generator_settings":{"template":"highway","default_image_id":0,"font":"","enabled":false},"version":2}},"categories":[8,40],"tags":[],"class_list":["post-4600","post","type-post","status-publish","format-standard","hentry","category-noticias","category-santiago-del-estero"],"yoast_head":"<!-- This site is optimized with the Yoast SEO plugin v25.6 - https:\/\/yoast.com\/wordpress\/plugins\/seo\/ -->\n<title>Gerardo Zamora anunci\u00f3 aumentos salariales para la Administraci\u00f3n P\u00fablica provincial. - Nativa Info<\/title>\n<meta name=\"robots\" content=\"index, follow, max-snippet:-1, max-image-preview:large, max-video-preview:-1\" \/>\n<link rel=\"canonical\" href=\"https:\/\/nativainfo.com\/?p=4600\" \/>\n<meta property=\"og:locale\" content=\"es_ES\" \/>\n<meta property=\"og:type\" content=\"article\" \/>\n<meta property=\"og:title\" content=\"Gerardo Zamora anunci\u00f3 aumentos salariales para la Administraci\u00f3n P\u00fablica provincial. - Nativa Info\" \/>\n<meta property=\"og:description\" content=\"1) Incremento salarial del 100% en el sueldo b\u00e1sico, a partir de febrero, para todos los trabajadores de la administraci\u00f3n... Continue reading\" \/>\n<meta property=\"og:url\" content=\"https:\/\/nativainfo.com\/?p=4600\" \/>\n<meta property=\"og:site_name\" content=\"Nativa Info\" \/>\n<meta property=\"article:publisher\" content=\"https:\/\/www.facebook.com\/profile.php?id=61578881597564\" \/>\n<meta property=\"article:published_time\" content=\"2025-02-11T01:13:47+00:00\" \/>\n<meta property=\"og:image\" content=\"http:\/\/nativainfo.com\/wp-content\/uploads\/2025\/02\/imagen_2025-02-10_221332549-1024x650.png\" \/>\n<meta name=\"author\" content=\"Nativa Info\" \/>\n<meta name=\"twitter:card\" content=\"summary_large_image\" \/>\n<meta name=\"twitter:label1\" content=\"Escrito por\" \/>\n\t<meta name=\"twitter:data1\" content=\"Nativa Info\" \/>\n\t<meta name=\"twitter:label2\" content=\"Tiempo de lectura\" \/>\n\t<meta name=\"twitter:data2\" content=\"2 minutos\" \/>\n<script type=\"application\/ld+json\" class=\"yoast-schema-graph\">{\"@context\":\"https:\/\/schema.org\",\"@graph\":[{\"@type\":\"Article\",\"@id\":\"https:\/\/nativainfo.com\/?p=4600#article\",\"isPartOf\":{\"@id\":\"https:\/\/nativainfo.com\/?p=4600\"},\"author\":{\"name\":\"Nativa Info\",\"@id\":\"https:\/\/nativainfo.com\/#\/schema\/person\/24893b64a9cd564ddb5d102d36eb4b5c\"},\"headline\":\"Gerardo Zamora anunci\u00f3 aumentos salariales para la Administraci\u00f3n P\u00fablica provincial.\",\"datePublished\":\"2025-02-11T01:13:47+00:00\",\"mainEntityOfPage\":{\"@id\":\"https:\/\/nativainfo.com\/?p=4600\"},\"wordCount\":362,\"commentCount\":0,\"publisher\":{\"@id\":\"https:\/\/nativainfo.com\/#organization\"},\"image\":{\"@id\":\"https:\/\/nativainfo.com\/?p=4600#primaryimage\"},\"thumbnailUrl\":\"http:\/\/nativainfo.com\/wp-content\/uploads\/2025\/02\/imagen_2025-02-10_221332549-1024x650.png\",\"articleSection\":[\"Noticias\",\"Santiago del Estero\"],\"inLanguage\":\"es-AR\",\"potentialAction\":[{\"@type\":\"CommentAction\",\"name\":\"Comment\",\"target\":[\"https:\/\/nativainfo.com\/?p=4600#respond\"]}]},{\"@type\":\"WebPage\",\"@id\":\"https:\/\/nativainfo.com\/?p=4600\",\"url\":\"https:\/\/nativainfo.com\/?p=4600\",\"name\":\"Gerardo Zamora anunci\u00f3 aumentos salariales para la Administraci\u00f3n P\u00fablica provincial. - Nativa Info\",\"isPartOf\":{\"@id\":\"https:\/\/nativainfo.com\/#website\"},\"primaryImageOfPage\":{\"@id\":\"https:\/\/nativainfo.com\/?p=4600#primaryimage\"},\"image\":{\"@id\":\"https:\/\/nativainfo.com\/?p=4600#primaryimage\"},\"thumbnailUrl\":\"http:\/\/nativainfo.com\/wp-content\/uploads\/2025\/02\/imagen_2025-02-10_221332549-1024x650.png\",\"datePublished\":\"2025-02-11T01:13:47+00:00\",\"breadcrumb\":{\"@id\":\"https:\/\/nativainfo.com\/?p=4600#breadcrumb\"},\"inLanguage\":\"es-AR\",\"potentialAction\":[{\"@type\":\"ReadAction\",\"target\":[\"https:\/\/nativainfo.com\/?p=4600\"]}]},{\"@type\":\"ImageObject\",\"inLanguage\":\"es-AR\",\"@id\":\"https:\/\/nativainfo.com\/?p=4600#primaryimage\",\"url\":\"https:\/\/nativainfo.com\/wp-content\/uploads\/2025\/02\/imagen_2025-02-10_221332549.png\",\"contentUrl\":\"https:\/\/nativainfo.com\/wp-content\/uploads\/2025\/02\/imagen_2025-02-10_221332549.png\",\"width\":1300,\"height\":825},{\"@type\":\"BreadcrumbList\",\"@id\":\"https:\/\/nativainfo.com\/?p=4600#breadcrumb\",\"itemListElement\":[{\"@type\":\"ListItem\",\"position\":1,\"name\":\"Inicio\",\"item\":\"https:\/\/nativainfo.com\/\"},{\"@type\":\"ListItem\",\"position\":2,\"name\":\"Gerardo Zamora anunci\u00f3 aumentos salariales para la Administraci\u00f3n P\u00fablica provincial.\"}]},{\"@type\":\"WebSite\",\"@id\":\"https:\/\/nativainfo.com\/#website\",\"url\":\"https:\/\/nativainfo.com\/\",\"name\":\"Nativa Info\",\"description\":\"Diario Digital\",\"publisher\":{\"@id\":\"https:\/\/nativainfo.com\/#organization\"},\"potentialAction\":[{\"@type\":\"SearchAction\",\"target\":{\"@type\":\"EntryPoint\",\"urlTemplate\":\"https:\/\/nativainfo.com\/?s={search_term_string}\"},\"query-input\":{\"@type\":\"PropertyValueSpecification\",\"valueRequired\":true,\"valueName\":\"search_term_string\"}}],\"inLanguage\":\"es-AR\"},{\"@type\":\"Organization\",\"@id\":\"https:\/\/nativainfo.com\/#organization\",\"name\":\"Nativa Info\",\"url\":\"https:\/\/nativainfo.com\/\",\"logo\":{\"@type\":\"ImageObject\",\"inLanguage\":\"es-AR\",\"@id\":\"https:\/\/nativainfo.com\/#\/schema\/logo\/image\/\",\"url\":\"https:\/\/nativainfo.com\/wp-content\/uploads\/2025\/08\/LOGO-NATIVA-FACE.jpg\",\"contentUrl\":\"https:\/\/nativainfo.com\/wp-content\/uploads\/2025\/08\/LOGO-NATIVA-FACE.jpg\",\"width\":400,\"height\":400,\"caption\":\"Nativa Info\"},\"image\":{\"@id\":\"https:\/\/nativainfo.com\/#\/schema\/logo\/image\/\"},\"sameAs\":[\"https:\/\/www.facebook.com\/profile.php?id=61578881597564\"]},{\"@type\":\"Person\",\"@id\":\"https:\/\/nativainfo.com\/#\/schema\/person\/24893b64a9cd564ddb5d102d36eb4b5c\",\"name\":\"Nativa Info\",\"image\":{\"@type\":\"ImageObject\",\"inLanguage\":\"es-AR\",\"@id\":\"https:\/\/nativainfo.com\/#\/schema\/person\/image\/\",\"url\":\"https:\/\/secure.gravatar.com\/avatar\/016fa1cf068d85136d938e1507b9b619cb766e2565cbb1faa1e571762460c785?s=96&d=mm&r=g\",\"contentUrl\":\"https:\/\/secure.gravatar.com\/avatar\/016fa1cf068d85136d938e1507b9b619cb766e2565cbb1faa1e571762460c785?s=96&d=mm&r=g\",\"caption\":\"Nativa Info\"},\"sameAs\":[\"http:\/\/nativainfo.com\"],\"url\":\"https:\/\/nativainfo.com\/?author=1\"}]}<\/script>\n<!-- \/ Yoast SEO plugin. -->","yoast_head_json":{"title":"Gerardo Zamora anunci\u00f3 aumentos salariales para la Administraci\u00f3n P\u00fablica provincial. - Nativa Info","robots":{"index":"index","follow":"follow","max-snippet":"max-snippet:-1","max-image-preview":"max-image-preview:large","max-video-preview":"max-video-preview:-1"},"canonical":"https:\/\/nativainfo.com\/?p=4600","og_locale":"es_ES","og_type":"article","og_title":"Gerardo Zamora anunci\u00f3 aumentos salariales para la Administraci\u00f3n P\u00fablica provincial. - Nativa Info","og_description":"1) Incremento salarial del 100% en el sueldo b\u00e1sico, a partir de febrero, para todos los trabajadores de la administraci\u00f3n... Continue reading","og_url":"https:\/\/nativainfo.com\/?p=4600","og_site_name":"Nativa Info","article_publisher":"https:\/\/www.facebook.com\/profile.php?id=61578881597564","article_published_time":"2025-02-11T01:13:47+00:00","og_image":[{"url":"http:\/\/nativainfo.com\/wp-content\/uploads\/2025\/02\/imagen_2025-02-10_221332549-1024x650.png","type":"","width":"","height":""}],"author":"Nativa Info","twitter_card":"summary_large_image","twitter_misc":{"Escrito por":"Nativa Info","Tiempo de lectura":"2 minutos"},"schema":{"@context":"https:\/\/schema.org","@graph":[{"@type":"Article","@id":"https:\/\/nativainfo.com\/?p=4600#article","isPartOf":{"@id":"https:\/\/nativainfo.com\/?p=4600"},"author":{"name":"Nativa Info","@id":"https:\/\/nativainfo.com\/#\/schema\/person\/24893b64a9cd564ddb5d102d36eb4b5c"},"headline":"Gerardo Zamora anunci\u00f3 aumentos salariales para la Administraci\u00f3n P\u00fablica provincial.","datePublished":"2025-02-11T01:13:47+00:00","mainEntityOfPage":{"@id":"https:\/\/nativainfo.com\/?p=4600"},"wordCount":362,"commentCount":0,"publisher":{"@id":"https:\/\/nativainfo.com\/#organization"},"image":{"@id":"https:\/\/nativainfo.com\/?p=4600#primaryimage"},"thumbnailUrl":"http:\/\/nativainfo.com\/wp-content\/uploads\/2025\/02\/imagen_2025-02-10_221332549-1024x650.png","articleSection":["Noticias","Santiago del Estero"],"inLanguage":"es-AR","potentialAction":[{"@type":"CommentAction","name":"Comment","target":["https:\/\/nativainfo.com\/?p=4600#respond"]}]},{"@type":"WebPage","@id":"https:\/\/nativainfo.com\/?p=4600","url":"https:\/\/nativainfo.com\/?p=4600","name":"Gerardo Zamora anunci\u00f3 aumentos salariales para la Administraci\u00f3n P\u00fablica provincial. - Nativa Info","isPartOf":{"@id":"https:\/\/nativainfo.com\/#website"},"primaryImageOfPage":{"@id":"https:\/\/nativainfo.com\/?p=4600#primaryimage"},"image":{"@id":"https:\/\/nativainfo.com\/?p=4600#primaryimage"},"thumbnailUrl":"http:\/\/nativainfo.com\/wp-content\/uploads\/2025\/02\/imagen_2025-02-10_221332549-1024x650.png","datePublished":"2025-02-11T01:13:47+00:00","breadcrumb":{"@id":"https:\/\/nativainfo.com\/?p=4600#breadcrumb"},"inLanguage":"es-AR","potentialAction":[{"@type":"ReadAction","target":["https:\/\/nativainfo.com\/?p=4600"]}]},{"@type":"ImageObject","inLanguage":"es-AR","@id":"https:\/\/nativainfo.com\/?p=4600#primaryimage","url":"https:\/\/nativainfo.com\/wp-content\/uploads\/2025\/02\/imagen_2025-02-10_221332549.png","contentUrl":"https:\/\/nativainfo.com\/wp-content\/uploads\/2025\/02\/imagen_2025-02-10_221332549.png","width":1300,"height":825},{"@type":"BreadcrumbList","@id":"https:\/\/nativainfo.com\/?p=4600#breadcrumb","itemListElement":[{"@type":"ListItem","position":1,"name":"Inicio","item":"https:\/\/nativainfo.com\/"},{"@type":"ListItem","position":2,"name":"Gerardo Zamora anunci\u00f3 aumentos salariales para la Administraci\u00f3n P\u00fablica provincial."}]},{"@type":"WebSite","@id":"https:\/\/nativainfo.com\/#website","url":"https:\/\/nativainfo.com\/","name":"Nativa Info","description":"Diario Digital","publisher":{"@id":"https:\/\/nativainfo.com\/#organization"},"potentialAction":[{"@type":"SearchAction","target":{"@type":"EntryPoint","urlTemplate":"https:\/\/nativainfo.com\/?s={search_term_string}"},"query-input":{"@type":"PropertyValueSpecification","valueRequired":true,"valueName":"search_term_string"}}],"inLanguage":"es-AR"},{"@type":"Organization","@id":"https:\/\/nativainfo.com\/#organization","name":"Nativa Info","url":"https:\/\/nativainfo.com\/","logo":{"@type":"ImageObject","inLanguage":"es-AR","@id":"https:\/\/nativainfo.com\/#\/schema\/logo\/image\/","url":"https:\/\/nativainfo.com\/wp-content\/uploads\/2025\/08\/LOGO-NATIVA-FACE.jpg","contentUrl":"https:\/\/nativainfo.com\/wp-content\/uploads\/2025\/08\/LOGO-NATIVA-FACE.jpg","width":400,"height":400,"caption":"Nativa Info"},"image":{"@id":"https:\/\/nativainfo.com\/#\/schema\/logo\/image\/"},"sameAs":["https:\/\/www.facebook.com\/profile.php?id=61578881597564"]},{"@type":"Person","@id":"https:\/\/nativainfo.com\/#\/schema\/person\/24893b64a9cd564ddb5d102d36eb4b5c","name":"Nativa Info","image":{"@type":"ImageObject","inLanguage":"es-AR","@id":"https:\/\/nativainfo.com\/#\/schema\/person\/image\/","url":"https:\/\/secure.gravatar.com\/avatar\/016fa1cf068d85136d938e1507b9b619cb766e2565cbb1faa1e571762460c785?s=96&d=mm&r=g","contentUrl":"https:\/\/secure.gravatar.com\/avatar\/016fa1cf068d85136d938e1507b9b619cb766e2565cbb1faa1e571762460c785?s=96&d=mm&r=g","caption":"Nativa Info"},"sameAs":["http:\/\/nativainfo.com"],"url":"https:\/\/nativainfo.com\/?author=1"}]}},"jetpack_publicize_connections":[],"_links":{"self":[{"href":"https:\/\/nativainfo.com\/index.php?rest_route=\/wp\/v2\/posts\/4600","targetHints":{"allow":["GET"]}}],"collection":[{"href":"https:\/\/nativainfo.com\/index.php?rest_route=\/wp\/v2\/posts"}],"about":[{"href":"https:\/\/nativainfo.com\/index.php?rest_route=\/wp\/v2\/types\/post"}],"author":[{"embeddable":true,"href":"https:\/\/nativainfo.com\/index.php?rest_route=\/wp\/v2\/users\/1"}],"replies":[{"embeddable":true,"href":"https:\/\/nativainfo.com\/index.php?rest_route=%2Fwp%2Fv2%2Fcomments&post=4600"}],"version-history":[{"count":1,"href":"https:\/\/nativainfo.com\/index.php?rest_route=\/wp\/v2\/posts\/4600\/revisions"}],"predecessor-version":[{"id":4603,"href":"https:\/\/nativainfo.com\/index.php?rest_route=\/wp\/v2\/posts\/4600\/revisions\/4603"}],"wp:attachment":[{"href":"https:\/\/nativainfo.com\/index.php?rest_route=%2Fwp%2Fv2%2Fmedia&parent=4600"}],"wp:term":[{"taxonomy":"category","embeddable":true,"href":"https:\/\/nativainfo.com\/index.php?rest_route=%2Fwp%2Fv2%2Fcategories&post=4600"},{"taxonomy":"post_tag","embeddable":true,"href":"https:\/\/nativainfo.com\/index.php?rest_route=%2Fwp%2Fv2%2Ftags&post=4600"}],"curies":[{"name":"wp","href":"https:\/\/api.w.org\/{rel}","templated":true}]}}