{"id":4592,"date":"2025-02-09T16:59:00","date_gmt":"2025-02-09T19:59:00","guid":{"rendered":"http:\/\/nativainfo.com\/?p=4592"},"modified":"2025-02-10T17:01:45","modified_gmt":"2025-02-10T20:01:45","slug":"profundo-dolor-en-termas-fallecio-el-exintendente-miguel-mukdise","status":"publish","type":"post","link":"https:\/\/nativainfo.com\/?p=4592","title":{"rendered":"Profundo dolor en Termas: falleci\u00f3 el exintendente Miguel Mukdise"},"content":{"rendered":"\n<p>La Municipalidad de Termas de R\u00edo Hondo anunci\u00f3 el deceso del exjefe comunal y destac\u00f3 su legado en la comunidad.<\/p>\n\n\n\n<figure class=\"wp-block-image size-full\"><img fetchpriority=\"high\" decoding=\"async\" width=\"1010\" height=\"567\" src=\"http:\/\/nativainfo.com\/wp-content\/uploads\/2025\/02\/imagen_2025-02-10_170053106.png\" alt=\"\" class=\"wp-image-4594\" srcset=\"https:\/\/nativainfo.com\/wp-content\/uploads\/2025\/02\/imagen_2025-02-10_170053106.png 1010w, https:\/\/nativainfo.com\/wp-content\/uploads\/2025\/02\/imagen_2025-02-10_170053106-300x168.png 300w, https:\/\/nativainfo.com\/wp-content\/uploads\/2025\/02\/imagen_2025-02-10_170053106-768x431.png 768w, https:\/\/nativainfo.com\/wp-content\/uploads\/2025\/02\/imagen_2025-02-10_170053106-623x350.png 623w, https:\/\/nativainfo.com\/wp-content\/uploads\/2025\/02\/imagen_2025-02-10_170053106-150x84.png 150w\" sizes=\"(max-width: 1010px) 100vw, 1010px\" \/><\/figure>\n\n\n\n<p>Con profundo dolor, la\u00a0<strong>Municipalidad de Las Termas de R\u00edo Hondo<\/strong>\u00a0inform\u00f3 el fallecimiento del\u00a0<strong>Intendente\u00a0Mandato\u00a0Cumplido<\/strong>,<strong>\u00a0Arq. Miguel Roberto Mukdise<\/strong>, ocurrido este\u00a0<strong>domingo 9 de febrero<\/strong>\u00a0en horas de la tarde.<\/p>\n\n\n\n<p>A trav\u00e9s de un comunicado, expresaron sus condolencias y acompa\u00f1aron en este momento a su esposa,<strong>\u00a0Arq. Mercedes Neme de Mukdise<\/strong>, a sus hijos, el actual intendente\u00a0<strong>Dr. Jorge Mukdise<\/strong>, el\u00a0<strong>Arq. Marcos Mukdise<\/strong>, y a todos sus familiares.<\/p>\n","protected":false},"excerpt":{"rendered":"<p>La Municipalidad de Termas de R\u00edo Hondo anunci\u00f3 el deceso del exjefe comunal y destac\u00f3 su legado en la comunidad&#8230;. <a class=\"continue-reading-link\" href=\"https:\/\/nativainfo.com\/?p=4592\">Continue reading<\/a><\/p>\n","protected":false},"author":1,"featured_media":0,"comment_status":"open","ping_status":"open","sticky":false,"template":"","format":"standard","meta":{"rop_custom_images_group":[],"rop_custom_messages_group":[],"rop_publish_now":"initial","rop_publish_now_accounts":[],"rop_publish_now_history":[],"rop_publish_now_status":"pending","footnotes":"","jetpack_publicize_message":"","jetpack_publicize_feature_enabled":true,"jetpack_social_post_already_shared":false,"jetpack_social_options":{"image_generator_settings":{"template":"highway","default_image_id":0,"font":"","enabled":false},"version":2}},"categories":[8,76],"tags":[],"class_list":["post-4592","post","type-post","status-publish","format-standard","hentry","category-noticias","category-termas-de-rio-hondo"],"yoast_head":"<!-- This site is optimized with the Yoast SEO plugin v25.6 - https:\/\/yoast.com\/wordpress\/plugins\/seo\/ -->\n<title>Profundo dolor en Termas: falleci\u00f3 el exintendente Miguel Mukdise - Nativa Info<\/title>\n<meta name=\"robots\" content=\"index, follow, max-snippet:-1, max-image-preview:large, max-video-preview:-1\" \/>\n<link rel=\"canonical\" href=\"https:\/\/nativainfo.com\/?p=4592\" \/>\n<meta property=\"og:locale\" content=\"es_ES\" \/>\n<meta property=\"og:type\" content=\"article\" \/>\n<meta property=\"og:title\" content=\"Profundo dolor en Termas: falleci\u00f3 el exintendente Miguel Mukdise - Nativa Info\" \/>\n<meta property=\"og:description\" content=\"La Municipalidad de Termas de R\u00edo Hondo anunci\u00f3 el deceso del exjefe comunal y destac\u00f3 su legado en la comunidad.... Continue reading\" \/>\n<meta property=\"og:url\" content=\"https:\/\/nativainfo.com\/?p=4592\" \/>\n<meta property=\"og:site_name\" content=\"Nativa Info\" \/>\n<meta property=\"article:publisher\" content=\"https:\/\/www.facebook.com\/profile.php?id=61578881597564\" \/>\n<meta property=\"article:published_time\" content=\"2025-02-09T19:59:00+00:00\" \/>\n<meta property=\"article:modified_time\" content=\"2025-02-10T20:01:45+00:00\" \/>\n<meta property=\"og:image\" content=\"http:\/\/nativainfo.com\/wp-content\/uploads\/2025\/02\/imagen_2025-02-10_170053106.png\" \/>\n<meta name=\"author\" content=\"Nativa Info\" \/>\n<meta name=\"twitter:card\" content=\"summary_large_image\" \/>\n<meta name=\"twitter:label1\" content=\"Escrito por\" \/>\n\t<meta name=\"twitter:data1\" content=\"Nativa Info\" \/>\n<script type=\"application\/ld+json\" class=\"yoast-schema-graph\">{\"@context\":\"https:\/\/schema.org\",\"@graph\":[{\"@type\":\"Article\",\"@id\":\"https:\/\/nativainfo.com\/?p=4592#article\",\"isPartOf\":{\"@id\":\"https:\/\/nativainfo.com\/?p=4592\"},\"author\":{\"name\":\"Nativa Info\",\"@id\":\"https:\/\/nativainfo.com\/#\/schema\/person\/24893b64a9cd564ddb5d102d36eb4b5c\"},\"headline\":\"Profundo dolor en Termas: falleci\u00f3 el exintendente Miguel Mukdise\",\"datePublished\":\"2025-02-09T19:59:00+00:00\",\"dateModified\":\"2025-02-10T20:01:45+00:00\",\"mainEntityOfPage\":{\"@id\":\"https:\/\/nativainfo.com\/?p=4592\"},\"wordCount\":104,\"commentCount\":0,\"publisher\":{\"@id\":\"https:\/\/nativainfo.com\/#organization\"},\"image\":{\"@id\":\"https:\/\/nativainfo.com\/?p=4592#primaryimage\"},\"thumbnailUrl\":\"http:\/\/nativainfo.com\/wp-content\/uploads\/2025\/02\/imagen_2025-02-10_170053106.png\",\"articleSection\":[\"Noticias\",\"Termas de R\u00edo Hondo\"],\"inLanguage\":\"es-AR\",\"potentialAction\":[{\"@type\":\"CommentAction\",\"name\":\"Comment\",\"target\":[\"https:\/\/nativainfo.com\/?p=4592#respond\"]}]},{\"@type\":\"WebPage\",\"@id\":\"https:\/\/nativainfo.com\/?p=4592\",\"url\":\"https:\/\/nativainfo.com\/?p=4592\",\"name\":\"Profundo dolor en Termas: falleci\u00f3 el exintendente Miguel Mukdise - Nativa Info\",\"isPartOf\":{\"@id\":\"https:\/\/nativainfo.com\/#website\"},\"primaryImageOfPage\":{\"@id\":\"https:\/\/nativainfo.com\/?p=4592#primaryimage\"},\"image\":{\"@id\":\"https:\/\/nativainfo.com\/?p=4592#primaryimage\"},\"thumbnailUrl\":\"http:\/\/nativainfo.com\/wp-content\/uploads\/2025\/02\/imagen_2025-02-10_170053106.png\",\"datePublished\":\"2025-02-09T19:59:00+00:00\",\"dateModified\":\"2025-02-10T20:01:45+00:00\",\"breadcrumb\":{\"@id\":\"https:\/\/nativainfo.com\/?p=4592#breadcrumb\"},\"inLanguage\":\"es-AR\",\"potentialAction\":[{\"@type\":\"ReadAction\",\"target\":[\"https:\/\/nativainfo.com\/?p=4592\"]}]},{\"@type\":\"ImageObject\",\"inLanguage\":\"es-AR\",\"@id\":\"https:\/\/nativainfo.com\/?p=4592#primaryimage\",\"url\":\"https:\/\/nativainfo.com\/wp-content\/uploads\/2025\/02\/imagen_2025-02-10_170053106.png\",\"contentUrl\":\"https:\/\/nativainfo.com\/wp-content\/uploads\/2025\/02\/imagen_2025-02-10_170053106.png\",\"width\":1010,\"height\":567},{\"@type\":\"BreadcrumbList\",\"@id\":\"https:\/\/nativainfo.com\/?p=4592#breadcrumb\",\"itemListElement\":[{\"@type\":\"ListItem\",\"position\":1,\"name\":\"Inicio\",\"item\":\"https:\/\/nativainfo.com\/\"},{\"@type\":\"ListItem\",\"position\":2,\"name\":\"Profundo dolor en Termas: falleci\u00f3 el exintendente Miguel Mukdise\"}]},{\"@type\":\"WebSite\",\"@id\":\"https:\/\/nativainfo.com\/#website\",\"url\":\"https:\/\/nativainfo.com\/\",\"name\":\"Nativa Info\",\"description\":\"Diario Digital\",\"publisher\":{\"@id\":\"https:\/\/nativainfo.com\/#organization\"},\"potentialAction\":[{\"@type\":\"SearchAction\",\"target\":{\"@type\":\"EntryPoint\",\"urlTemplate\":\"https:\/\/nativainfo.com\/?s={search_term_string}\"},\"query-input\":{\"@type\":\"PropertyValueSpecification\",\"valueRequired\":true,\"valueName\":\"search_term_string\"}}],\"inLanguage\":\"es-AR\"},{\"@type\":\"Organization\",\"@id\":\"https:\/\/nativainfo.com\/#organization\",\"name\":\"Nativa Info\",\"url\":\"https:\/\/nativainfo.com\/\",\"logo\":{\"@type\":\"ImageObject\",\"inLanguage\":\"es-AR\",\"@id\":\"https:\/\/nativainfo.com\/#\/schema\/logo\/image\/\",\"url\":\"https:\/\/nativainfo.com\/wp-content\/uploads\/2025\/08\/LOGO-NATIVA-FACE.jpg\",\"contentUrl\":\"https:\/\/nativainfo.com\/wp-content\/uploads\/2025\/08\/LOGO-NATIVA-FACE.jpg\",\"width\":400,\"height\":400,\"caption\":\"Nativa Info\"},\"image\":{\"@id\":\"https:\/\/nativainfo.com\/#\/schema\/logo\/image\/\"},\"sameAs\":[\"https:\/\/www.facebook.com\/profile.php?id=61578881597564\"]},{\"@type\":\"Person\",\"@id\":\"https:\/\/nativainfo.com\/#\/schema\/person\/24893b64a9cd564ddb5d102d36eb4b5c\",\"name\":\"Nativa Info\",\"image\":{\"@type\":\"ImageObject\",\"inLanguage\":\"es-AR\",\"@id\":\"https:\/\/nativainfo.com\/#\/schema\/person\/image\/\",\"url\":\"https:\/\/secure.gravatar.com\/avatar\/016fa1cf068d85136d938e1507b9b619cb766e2565cbb1faa1e571762460c785?s=96&d=mm&r=g\",\"contentUrl\":\"https:\/\/secure.gravatar.com\/avatar\/016fa1cf068d85136d938e1507b9b619cb766e2565cbb1faa1e571762460c785?s=96&d=mm&r=g\",\"caption\":\"Nativa Info\"},\"sameAs\":[\"http:\/\/nativainfo.com\"],\"url\":\"https:\/\/nativainfo.com\/?author=1\"}]}<\/script>\n<!-- \/ Yoast SEO plugin. -->","yoast_head_json":{"title":"Profundo dolor en Termas: falleci\u00f3 el exintendente Miguel Mukdise - Nativa Info","robots":{"index":"index","follow":"follow","max-snippet":"max-snippet:-1","max-image-preview":"max-image-preview:large","max-video-preview":"max-video-preview:-1"},"canonical":"https:\/\/nativainfo.com\/?p=4592","og_locale":"es_ES","og_type":"article","og_title":"Profundo dolor en Termas: falleci\u00f3 el exintendente Miguel Mukdise - Nativa Info","og_description":"La Municipalidad de Termas de R\u00edo Hondo anunci\u00f3 el deceso del exjefe comunal y destac\u00f3 su legado en la comunidad.... Continue reading","og_url":"https:\/\/nativainfo.com\/?p=4592","og_site_name":"Nativa Info","article_publisher":"https:\/\/www.facebook.com\/profile.php?id=61578881597564","article_published_time":"2025-02-09T19:59:00+00:00","article_modified_time":"2025-02-10T20:01:45+00:00","og_image":[{"url":"http:\/\/nativainfo.com\/wp-content\/uploads\/2025\/02\/imagen_2025-02-10_170053106.png","type":"","width":"","height":""}],"author":"Nativa Info","twitter_card":"summary_large_image","twitter_misc":{"Escrito por":"Nativa Info"},"schema":{"@context":"https:\/\/schema.org","@graph":[{"@type":"Article","@id":"https:\/\/nativainfo.com\/?p=4592#article","isPartOf":{"@id":"https:\/\/nativainfo.com\/?p=4592"},"author":{"name":"Nativa Info","@id":"https:\/\/nativainfo.com\/#\/schema\/person\/24893b64a9cd564ddb5d102d36eb4b5c"},"headline":"Profundo dolor en Termas: falleci\u00f3 el exintendente Miguel Mukdise","datePublished":"2025-02-09T19:59:00+00:00","dateModified":"2025-02-10T20:01:45+00:00","mainEntityOfPage":{"@id":"https:\/\/nativainfo.com\/?p=4592"},"wordCount":104,"commentCount":0,"publisher":{"@id":"https:\/\/nativainfo.com\/#organization"},"image":{"@id":"https:\/\/nativainfo.com\/?p=4592#primaryimage"},"thumbnailUrl":"http:\/\/nativainfo.com\/wp-content\/uploads\/2025\/02\/imagen_2025-02-10_170053106.png","articleSection":["Noticias","Termas de R\u00edo Hondo"],"inLanguage":"es-AR","potentialAction":[{"@type":"CommentAction","name":"Comment","target":["https:\/\/nativainfo.com\/?p=4592#respond"]}]},{"@type":"WebPage","@id":"https:\/\/nativainfo.com\/?p=4592","url":"https:\/\/nativainfo.com\/?p=4592","name":"Profundo dolor en Termas: falleci\u00f3 el exintendente Miguel Mukdise - Nativa Info","isPartOf":{"@id":"https:\/\/nativainfo.com\/#website"},"primaryImageOfPage":{"@id":"https:\/\/nativainfo.com\/?p=4592#primaryimage"},"image":{"@id":"https:\/\/nativainfo.com\/?p=4592#primaryimage"},"thumbnailUrl":"http:\/\/nativainfo.com\/wp-content\/uploads\/2025\/02\/imagen_2025-02-10_170053106.png","datePublished":"2025-02-09T19:59:00+00:00","dateModified":"2025-02-10T20:01:45+00:00","breadcrumb":{"@id":"https:\/\/nativainfo.com\/?p=4592#breadcrumb"},"inLanguage":"es-AR","potentialAction":[{"@type":"ReadAction","target":["https:\/\/nativainfo.com\/?p=4592"]}]},{"@type":"ImageObject","inLanguage":"es-AR","@id":"https:\/\/nativainfo.com\/?p=4592#primaryimage","url":"https:\/\/nativainfo.com\/wp-content\/uploads\/2025\/02\/imagen_2025-02-10_170053106.png","contentUrl":"https:\/\/nativainfo.com\/wp-content\/uploads\/2025\/02\/imagen_2025-02-10_170053106.png","width":1010,"height":567},{"@type":"BreadcrumbList","@id":"https:\/\/nativainfo.com\/?p=4592#breadcrumb","itemListElement":[{"@type":"ListItem","position":1,"name":"Inicio","item":"https:\/\/nativainfo.com\/"},{"@type":"ListItem","position":2,"name":"Profundo dolor en Termas: falleci\u00f3 el exintendente Miguel Mukdise"}]},{"@type":"WebSite","@id":"https:\/\/nativainfo.com\/#website","url":"https:\/\/nativainfo.com\/","name":"Nativa Info","description":"Diario Digital","publisher":{"@id":"https:\/\/nativainfo.com\/#organization"},"potentialAction":[{"@type":"SearchAction","target":{"@type":"EntryPoint","urlTemplate":"https:\/\/nativainfo.com\/?s={search_term_string}"},"query-input":{"@type":"PropertyValueSpecification","valueRequired":true,"valueName":"search_term_string"}}],"inLanguage":"es-AR"},{"@type":"Organization","@id":"https:\/\/nativainfo.com\/#organization","name":"Nativa Info","url":"https:\/\/nativainfo.com\/","logo":{"@type":"ImageObject","inLanguage":"es-AR","@id":"https:\/\/nativainfo.com\/#\/schema\/logo\/image\/","url":"https:\/\/nativainfo.com\/wp-content\/uploads\/2025\/08\/LOGO-NATIVA-FACE.jpg","contentUrl":"https:\/\/nativainfo.com\/wp-content\/uploads\/2025\/08\/LOGO-NATIVA-FACE.jpg","width":400,"height":400,"caption":"Nativa Info"},"image":{"@id":"https:\/\/nativainfo.com\/#\/schema\/logo\/image\/"},"sameAs":["https:\/\/www.facebook.com\/profile.php?id=61578881597564"]},{"@type":"Person","@id":"https:\/\/nativainfo.com\/#\/schema\/person\/24893b64a9cd564ddb5d102d36eb4b5c","name":"Nativa Info","image":{"@type":"ImageObject","inLanguage":"es-AR","@id":"https:\/\/nativainfo.com\/#\/schema\/person\/image\/","url":"https:\/\/secure.gravatar.com\/avatar\/016fa1cf068d85136d938e1507b9b619cb766e2565cbb1faa1e571762460c785?s=96&d=mm&r=g","contentUrl":"https:\/\/secure.gravatar.com\/avatar\/016fa1cf068d85136d938e1507b9b619cb766e2565cbb1faa1e571762460c785?s=96&d=mm&r=g","caption":"Nativa Info"},"sameAs":["http:\/\/nativainfo.com"],"url":"https:\/\/nativainfo.com\/?author=1"}]}},"jetpack_publicize_connections":[],"_links":{"self":[{"href":"https:\/\/nativainfo.com\/index.php?rest_route=\/wp\/v2\/posts\/4592","targetHints":{"allow":["GET"]}}],"collection":[{"href":"https:\/\/nativainfo.com\/index.php?rest_route=\/wp\/v2\/posts"}],"about":[{"href":"https:\/\/nativainfo.com\/index.php?rest_route=\/wp\/v2\/types\/post"}],"author":[{"embeddable":true,"href":"https:\/\/nativainfo.com\/index.php?rest_route=\/wp\/v2\/users\/1"}],"replies":[{"embeddable":true,"href":"https:\/\/nativainfo.com\/index.php?rest_route=%2Fwp%2Fv2%2Fcomments&post=4592"}],"version-history":[{"count":1,"href":"https:\/\/nativainfo.com\/index.php?rest_route=\/wp\/v2\/posts\/4592\/revisions"}],"predecessor-version":[{"id":4595,"href":"https:\/\/nativainfo.com\/index.php?rest_route=\/wp\/v2\/posts\/4592\/revisions\/4595"}],"wp:attachment":[{"href":"https:\/\/nativainfo.com\/index.php?rest_route=%2Fwp%2Fv2%2Fmedia&parent=4592"}],"wp:term":[{"taxonomy":"category","embeddable":true,"href":"https:\/\/nativainfo.com\/index.php?rest_route=%2Fwp%2Fv2%2Fcategories&post=4592"},{"taxonomy":"post_tag","embeddable":true,"href":"https:\/\/nativainfo.com\/index.php?rest_route=%2Fwp%2Fv2%2Ftags&post=4592"}],"curies":[{"name":"wp","href":"https:\/\/api.w.org\/{rel}","templated":true}]}}