{"id":459,"date":"2020-08-05T00:15:25","date_gmt":"2020-08-05T03:15:25","guid":{"rendered":"http:\/\/nativainfo.com\/?p=459"},"modified":"2020-08-05T00:15:25","modified_gmt":"2020-08-05T03:15:25","slug":"confirman-17-nuevos-contagios-en-santiago-del-estero-record-desde-el-inicio-de-la-pandemia","status":"publish","type":"post","link":"https:\/\/nativainfo.com\/?p=459","title":{"rendered":"Confirman 17 nuevos contagios en Santiago del Estero: r\u00e9cord desde el inicio de la pandemia"},"content":{"rendered":"\n<p>El Ministerio de Salud inform\u00f3 que 16 de los nuevos infectados de Covid-19 corresponden a contactos estrechos del &#8220;caso 41&#8221;. Se registr\u00f3 la cifra m\u00e1s alta de contagios en un d\u00eda en la provincia que tiene 28 activos.<\/p>\n\n\n\n<figure class=\"wp-block-image size-large\"><img fetchpriority=\"high\" decoding=\"async\" width=\"715\" height=\"402\" src=\"http:\/\/nativainfo.com\/wp-content\/uploads\/2020\/08\/715x402_coronavirus-santiago-ambu-seas-357519-202313.jpg\" alt=\"\" class=\"wp-image-460\" srcset=\"https:\/\/nativainfo.com\/wp-content\/uploads\/2020\/08\/715x402_coronavirus-santiago-ambu-seas-357519-202313.jpg 715w, https:\/\/nativainfo.com\/wp-content\/uploads\/2020\/08\/715x402_coronavirus-santiago-ambu-seas-357519-202313-300x169.jpg 300w, https:\/\/nativainfo.com\/wp-content\/uploads\/2020\/08\/715x402_coronavirus-santiago-ambu-seas-357519-202313-623x350.jpg 623w, https:\/\/nativainfo.com\/wp-content\/uploads\/2020\/08\/715x402_coronavirus-santiago-ambu-seas-357519-202313-150x84.jpg 150w\" sizes=\"(max-width: 715px) 100vw, 715px\" \/><\/figure>\n\n\n\n<p>Este martes 4 de agosto, el Ministerio de Salud local confirm\u00f3&nbsp;<strong>17 nuevos infectados de coronavirus en Santiago del Estero, la cifra m\u00e1s alta desde el inicio de la pandemia<\/strong>. De esta manera,&nbsp;<strong>la provincia acumula 58 contagios<\/strong>, de los&nbsp;<strong>cuales 30 se recuperaron y 28 permanecen activos<\/strong>; a esto hay que sumarle un paciente tucumano, internado en Capital.<\/p>\n\n\n\n<p>Seg\u00fan la cartera sanitaria,\u00a0<strong>16 de los nuevos contagiados de Covid-19<\/strong>, corresponden\u00a0a\u00a0<strong>contactos estrechos de familiares con el &#8220;caso 41&#8221;.\u00a0Mientras que el restante es una persona que tuvo contacto estrecho con un transportista de Tucum\u00e1n<\/strong>, la que se encontraba ya fue aislada por tal motivo, y sin s\u00edntomas.<\/p>\n\n\n\n<p>-Fuente: Diario Panorama-<\/p>\n","protected":false},"excerpt":{"rendered":"<p>El Ministerio de Salud inform\u00f3 que 16 de los nuevos infectados de Covid-19 corresponden a contactos estrechos del &#8220;caso 41&#8221;&#8230;. <a class=\"continue-reading-link\" href=\"https:\/\/nativainfo.com\/?p=459\">Continue reading<\/a><\/p>\n","protected":false},"author":1,"featured_media":0,"comment_status":"open","ping_status":"open","sticky":false,"template":"","format":"standard","meta":{"rop_custom_images_group":[],"rop_custom_messages_group":[],"rop_publish_now":"initial","rop_publish_now_accounts":[],"rop_publish_now_history":[],"rop_publish_now_status":"pending","footnotes":"","jetpack_publicize_message":"","jetpack_publicize_feature_enabled":true,"jetpack_social_post_already_shared":false,"jetpack_social_options":{"image_generator_settings":{"template":"highway","default_image_id":0,"font":"","enabled":false},"version":2}},"categories":[14,12],"tags":[],"class_list":["post-459","post","type-post","status-publish","format-standard","hentry","category-coronavirus","category-provincia"],"yoast_head":"<!-- This site is optimized with the Yoast SEO plugin v25.6 - https:\/\/yoast.com\/wordpress\/plugins\/seo\/ -->\n<title>Confirman 17 nuevos contagios en Santiago del Estero: r\u00e9cord desde el inicio de la pandemia - Nativa Info<\/title>\n<meta name=\"robots\" content=\"index, follow, max-snippet:-1, max-image-preview:large, max-video-preview:-1\" \/>\n<link rel=\"canonical\" href=\"https:\/\/nativainfo.com\/?p=459\" \/>\n<meta property=\"og:locale\" content=\"es_ES\" \/>\n<meta property=\"og:type\" content=\"article\" \/>\n<meta property=\"og:title\" content=\"Confirman 17 nuevos contagios en Santiago del Estero: r\u00e9cord desde el inicio de la pandemia - Nativa Info\" \/>\n<meta property=\"og:description\" content=\"El Ministerio de Salud inform\u00f3 que 16 de los nuevos infectados de Covid-19 corresponden a contactos estrechos del &#8220;caso 41&#8221;.... Continue reading\" \/>\n<meta property=\"og:url\" content=\"https:\/\/nativainfo.com\/?p=459\" \/>\n<meta property=\"og:site_name\" content=\"Nativa Info\" \/>\n<meta property=\"article:publisher\" content=\"https:\/\/www.facebook.com\/profile.php?id=61578881597564\" \/>\n<meta property=\"article:published_time\" content=\"2020-08-05T03:15:25+00:00\" \/>\n<meta property=\"og:image\" content=\"http:\/\/nativainfo.com\/wp-content\/uploads\/2020\/08\/715x402_coronavirus-santiago-ambu-seas-357519-202313.jpg\" \/>\n<meta name=\"author\" content=\"Nativa Info\" \/>\n<meta name=\"twitter:card\" content=\"summary_large_image\" \/>\n<meta name=\"twitter:label1\" content=\"Escrito por\" \/>\n\t<meta name=\"twitter:data1\" content=\"Nativa Info\" \/>\n\t<meta name=\"twitter:label2\" content=\"Tiempo de lectura\" \/>\n\t<meta name=\"twitter:data2\" content=\"1 minuto\" \/>\n<script type=\"application\/ld+json\" class=\"yoast-schema-graph\">{\"@context\":\"https:\/\/schema.org\",\"@graph\":[{\"@type\":\"Article\",\"@id\":\"https:\/\/nativainfo.com\/?p=459#article\",\"isPartOf\":{\"@id\":\"https:\/\/nativainfo.com\/?p=459\"},\"author\":{\"name\":\"Nativa Info\",\"@id\":\"https:\/\/nativainfo.com\/#\/schema\/person\/24893b64a9cd564ddb5d102d36eb4b5c\"},\"headline\":\"Confirman 17 nuevos contagios en Santiago del Estero: r\u00e9cord desde el inicio de la pandemia\",\"datePublished\":\"2020-08-05T03:15:25+00:00\",\"mainEntityOfPage\":{\"@id\":\"https:\/\/nativainfo.com\/?p=459\"},\"wordCount\":164,\"commentCount\":0,\"publisher\":{\"@id\":\"https:\/\/nativainfo.com\/#organization\"},\"image\":{\"@id\":\"https:\/\/nativainfo.com\/?p=459#primaryimage\"},\"thumbnailUrl\":\"http:\/\/nativainfo.com\/wp-content\/uploads\/2020\/08\/715x402_coronavirus-santiago-ambu-seas-357519-202313.jpg\",\"articleSection\":[\"Coronavirus\",\"Provincia\"],\"inLanguage\":\"es-AR\",\"potentialAction\":[{\"@type\":\"CommentAction\",\"name\":\"Comment\",\"target\":[\"https:\/\/nativainfo.com\/?p=459#respond\"]}]},{\"@type\":\"WebPage\",\"@id\":\"https:\/\/nativainfo.com\/?p=459\",\"url\":\"https:\/\/nativainfo.com\/?p=459\",\"name\":\"Confirman 17 nuevos contagios en Santiago del Estero: r\u00e9cord desde el inicio de la pandemia - Nativa Info\",\"isPartOf\":{\"@id\":\"https:\/\/nativainfo.com\/#website\"},\"primaryImageOfPage\":{\"@id\":\"https:\/\/nativainfo.com\/?p=459#primaryimage\"},\"image\":{\"@id\":\"https:\/\/nativainfo.com\/?p=459#primaryimage\"},\"thumbnailUrl\":\"http:\/\/nativainfo.com\/wp-content\/uploads\/2020\/08\/715x402_coronavirus-santiago-ambu-seas-357519-202313.jpg\",\"datePublished\":\"2020-08-05T03:15:25+00:00\",\"breadcrumb\":{\"@id\":\"https:\/\/nativainfo.com\/?p=459#breadcrumb\"},\"inLanguage\":\"es-AR\",\"potentialAction\":[{\"@type\":\"ReadAction\",\"target\":[\"https:\/\/nativainfo.com\/?p=459\"]}]},{\"@type\":\"ImageObject\",\"inLanguage\":\"es-AR\",\"@id\":\"https:\/\/nativainfo.com\/?p=459#primaryimage\",\"url\":\"https:\/\/nativainfo.com\/wp-content\/uploads\/2020\/08\/715x402_coronavirus-santiago-ambu-seas-357519-202313.jpg\",\"contentUrl\":\"https:\/\/nativainfo.com\/wp-content\/uploads\/2020\/08\/715x402_coronavirus-santiago-ambu-seas-357519-202313.jpg\",\"width\":715,\"height\":402},{\"@type\":\"BreadcrumbList\",\"@id\":\"https:\/\/nativainfo.com\/?p=459#breadcrumb\",\"itemListElement\":[{\"@type\":\"ListItem\",\"position\":1,\"name\":\"Inicio\",\"item\":\"https:\/\/nativainfo.com\/\"},{\"@type\":\"ListItem\",\"position\":2,\"name\":\"Confirman 17 nuevos contagios en Santiago del Estero: r\u00e9cord desde el inicio de la pandemia\"}]},{\"@type\":\"WebSite\",\"@id\":\"https:\/\/nativainfo.com\/#website\",\"url\":\"https:\/\/nativainfo.com\/\",\"name\":\"Nativa Info\",\"description\":\"Diario Digital\",\"publisher\":{\"@id\":\"https:\/\/nativainfo.com\/#organization\"},\"potentialAction\":[{\"@type\":\"SearchAction\",\"target\":{\"@type\":\"EntryPoint\",\"urlTemplate\":\"https:\/\/nativainfo.com\/?s={search_term_string}\"},\"query-input\":{\"@type\":\"PropertyValueSpecification\",\"valueRequired\":true,\"valueName\":\"search_term_string\"}}],\"inLanguage\":\"es-AR\"},{\"@type\":\"Organization\",\"@id\":\"https:\/\/nativainfo.com\/#organization\",\"name\":\"Nativa Info\",\"url\":\"https:\/\/nativainfo.com\/\",\"logo\":{\"@type\":\"ImageObject\",\"inLanguage\":\"es-AR\",\"@id\":\"https:\/\/nativainfo.com\/#\/schema\/logo\/image\/\",\"url\":\"https:\/\/nativainfo.com\/wp-content\/uploads\/2025\/08\/LOGO-NATIVA-FACE.jpg\",\"contentUrl\":\"https:\/\/nativainfo.com\/wp-content\/uploads\/2025\/08\/LOGO-NATIVA-FACE.jpg\",\"width\":400,\"height\":400,\"caption\":\"Nativa Info\"},\"image\":{\"@id\":\"https:\/\/nativainfo.com\/#\/schema\/logo\/image\/\"},\"sameAs\":[\"https:\/\/www.facebook.com\/profile.php?id=61578881597564\"]},{\"@type\":\"Person\",\"@id\":\"https:\/\/nativainfo.com\/#\/schema\/person\/24893b64a9cd564ddb5d102d36eb4b5c\",\"name\":\"Nativa Info\",\"image\":{\"@type\":\"ImageObject\",\"inLanguage\":\"es-AR\",\"@id\":\"https:\/\/nativainfo.com\/#\/schema\/person\/image\/\",\"url\":\"https:\/\/secure.gravatar.com\/avatar\/016fa1cf068d85136d938e1507b9b619cb766e2565cbb1faa1e571762460c785?s=96&d=mm&r=g\",\"contentUrl\":\"https:\/\/secure.gravatar.com\/avatar\/016fa1cf068d85136d938e1507b9b619cb766e2565cbb1faa1e571762460c785?s=96&d=mm&r=g\",\"caption\":\"Nativa Info\"},\"sameAs\":[\"http:\/\/nativainfo.com\"],\"url\":\"https:\/\/nativainfo.com\/?author=1\"}]}<\/script>\n<!-- \/ Yoast SEO plugin. -->","yoast_head_json":{"title":"Confirman 17 nuevos contagios en Santiago del Estero: r\u00e9cord desde el inicio de la pandemia - Nativa Info","robots":{"index":"index","follow":"follow","max-snippet":"max-snippet:-1","max-image-preview":"max-image-preview:large","max-video-preview":"max-video-preview:-1"},"canonical":"https:\/\/nativainfo.com\/?p=459","og_locale":"es_ES","og_type":"article","og_title":"Confirman 17 nuevos contagios en Santiago del Estero: r\u00e9cord desde el inicio de la pandemia - Nativa Info","og_description":"El Ministerio de Salud inform\u00f3 que 16 de los nuevos infectados de Covid-19 corresponden a contactos estrechos del &#8220;caso 41&#8221;.... Continue reading","og_url":"https:\/\/nativainfo.com\/?p=459","og_site_name":"Nativa Info","article_publisher":"https:\/\/www.facebook.com\/profile.php?id=61578881597564","article_published_time":"2020-08-05T03:15:25+00:00","og_image":[{"url":"http:\/\/nativainfo.com\/wp-content\/uploads\/2020\/08\/715x402_coronavirus-santiago-ambu-seas-357519-202313.jpg","type":"","width":"","height":""}],"author":"Nativa Info","twitter_card":"summary_large_image","twitter_misc":{"Escrito por":"Nativa Info","Tiempo de lectura":"1 minuto"},"schema":{"@context":"https:\/\/schema.org","@graph":[{"@type":"Article","@id":"https:\/\/nativainfo.com\/?p=459#article","isPartOf":{"@id":"https:\/\/nativainfo.com\/?p=459"},"author":{"name":"Nativa Info","@id":"https:\/\/nativainfo.com\/#\/schema\/person\/24893b64a9cd564ddb5d102d36eb4b5c"},"headline":"Confirman 17 nuevos contagios en Santiago del Estero: r\u00e9cord desde el inicio de la pandemia","datePublished":"2020-08-05T03:15:25+00:00","mainEntityOfPage":{"@id":"https:\/\/nativainfo.com\/?p=459"},"wordCount":164,"commentCount":0,"publisher":{"@id":"https:\/\/nativainfo.com\/#organization"},"image":{"@id":"https:\/\/nativainfo.com\/?p=459#primaryimage"},"thumbnailUrl":"http:\/\/nativainfo.com\/wp-content\/uploads\/2020\/08\/715x402_coronavirus-santiago-ambu-seas-357519-202313.jpg","articleSection":["Coronavirus","Provincia"],"inLanguage":"es-AR","potentialAction":[{"@type":"CommentAction","name":"Comment","target":["https:\/\/nativainfo.com\/?p=459#respond"]}]},{"@type":"WebPage","@id":"https:\/\/nativainfo.com\/?p=459","url":"https:\/\/nativainfo.com\/?p=459","name":"Confirman 17 nuevos contagios en Santiago del Estero: r\u00e9cord desde el inicio de la pandemia - Nativa Info","isPartOf":{"@id":"https:\/\/nativainfo.com\/#website"},"primaryImageOfPage":{"@id":"https:\/\/nativainfo.com\/?p=459#primaryimage"},"image":{"@id":"https:\/\/nativainfo.com\/?p=459#primaryimage"},"thumbnailUrl":"http:\/\/nativainfo.com\/wp-content\/uploads\/2020\/08\/715x402_coronavirus-santiago-ambu-seas-357519-202313.jpg","datePublished":"2020-08-05T03:15:25+00:00","breadcrumb":{"@id":"https:\/\/nativainfo.com\/?p=459#breadcrumb"},"inLanguage":"es-AR","potentialAction":[{"@type":"ReadAction","target":["https:\/\/nativainfo.com\/?p=459"]}]},{"@type":"ImageObject","inLanguage":"es-AR","@id":"https:\/\/nativainfo.com\/?p=459#primaryimage","url":"https:\/\/nativainfo.com\/wp-content\/uploads\/2020\/08\/715x402_coronavirus-santiago-ambu-seas-357519-202313.jpg","contentUrl":"https:\/\/nativainfo.com\/wp-content\/uploads\/2020\/08\/715x402_coronavirus-santiago-ambu-seas-357519-202313.jpg","width":715,"height":402},{"@type":"BreadcrumbList","@id":"https:\/\/nativainfo.com\/?p=459#breadcrumb","itemListElement":[{"@type":"ListItem","position":1,"name":"Inicio","item":"https:\/\/nativainfo.com\/"},{"@type":"ListItem","position":2,"name":"Confirman 17 nuevos contagios en Santiago del Estero: r\u00e9cord desde el inicio de la pandemia"}]},{"@type":"WebSite","@id":"https:\/\/nativainfo.com\/#website","url":"https:\/\/nativainfo.com\/","name":"Nativa Info","description":"Diario Digital","publisher":{"@id":"https:\/\/nativainfo.com\/#organization"},"potentialAction":[{"@type":"SearchAction","target":{"@type":"EntryPoint","urlTemplate":"https:\/\/nativainfo.com\/?s={search_term_string}"},"query-input":{"@type":"PropertyValueSpecification","valueRequired":true,"valueName":"search_term_string"}}],"inLanguage":"es-AR"},{"@type":"Organization","@id":"https:\/\/nativainfo.com\/#organization","name":"Nativa Info","url":"https:\/\/nativainfo.com\/","logo":{"@type":"ImageObject","inLanguage":"es-AR","@id":"https:\/\/nativainfo.com\/#\/schema\/logo\/image\/","url":"https:\/\/nativainfo.com\/wp-content\/uploads\/2025\/08\/LOGO-NATIVA-FACE.jpg","contentUrl":"https:\/\/nativainfo.com\/wp-content\/uploads\/2025\/08\/LOGO-NATIVA-FACE.jpg","width":400,"height":400,"caption":"Nativa Info"},"image":{"@id":"https:\/\/nativainfo.com\/#\/schema\/logo\/image\/"},"sameAs":["https:\/\/www.facebook.com\/profile.php?id=61578881597564"]},{"@type":"Person","@id":"https:\/\/nativainfo.com\/#\/schema\/person\/24893b64a9cd564ddb5d102d36eb4b5c","name":"Nativa Info","image":{"@type":"ImageObject","inLanguage":"es-AR","@id":"https:\/\/nativainfo.com\/#\/schema\/person\/image\/","url":"https:\/\/secure.gravatar.com\/avatar\/016fa1cf068d85136d938e1507b9b619cb766e2565cbb1faa1e571762460c785?s=96&d=mm&r=g","contentUrl":"https:\/\/secure.gravatar.com\/avatar\/016fa1cf068d85136d938e1507b9b619cb766e2565cbb1faa1e571762460c785?s=96&d=mm&r=g","caption":"Nativa Info"},"sameAs":["http:\/\/nativainfo.com"],"url":"https:\/\/nativainfo.com\/?author=1"}]}},"jetpack_publicize_connections":[],"_links":{"self":[{"href":"https:\/\/nativainfo.com\/index.php?rest_route=\/wp\/v2\/posts\/459","targetHints":{"allow":["GET"]}}],"collection":[{"href":"https:\/\/nativainfo.com\/index.php?rest_route=\/wp\/v2\/posts"}],"about":[{"href":"https:\/\/nativainfo.com\/index.php?rest_route=\/wp\/v2\/types\/post"}],"author":[{"embeddable":true,"href":"https:\/\/nativainfo.com\/index.php?rest_route=\/wp\/v2\/users\/1"}],"replies":[{"embeddable":true,"href":"https:\/\/nativainfo.com\/index.php?rest_route=%2Fwp%2Fv2%2Fcomments&post=459"}],"version-history":[{"count":1,"href":"https:\/\/nativainfo.com\/index.php?rest_route=\/wp\/v2\/posts\/459\/revisions"}],"predecessor-version":[{"id":461,"href":"https:\/\/nativainfo.com\/index.php?rest_route=\/wp\/v2\/posts\/459\/revisions\/461"}],"wp:attachment":[{"href":"https:\/\/nativainfo.com\/index.php?rest_route=%2Fwp%2Fv2%2Fmedia&parent=459"}],"wp:term":[{"taxonomy":"category","embeddable":true,"href":"https:\/\/nativainfo.com\/index.php?rest_route=%2Fwp%2Fv2%2Fcategories&post=459"},{"taxonomy":"post_tag","embeddable":true,"href":"https:\/\/nativainfo.com\/index.php?rest_route=%2Fwp%2Fv2%2Ftags&post=459"}],"curies":[{"name":"wp","href":"https:\/\/api.w.org\/{rel}","templated":true}]}}