{"id":4575,"date":"2025-01-09T03:45:04","date_gmt":"2025-01-09T06:45:04","guid":{"rendered":"http:\/\/nativainfo.com\/?p=4575"},"modified":"2025-01-09T03:45:05","modified_gmt":"2025-01-09T06:45:05","slug":"vuelve-santiago-es-tu-rio-presentaron-la-edicion-2025-del-programa-de-verano-de-la-capital","status":"publish","type":"post","link":"https:\/\/nativainfo.com\/?p=4575","title":{"rendered":"\u00a1Vuelve Santiago es Tu R\u00edo! Presentaron la edici\u00f3n 2025 del programa de verano de la Capital"},"content":{"rendered":"\n<p>La intendente Norma Fuentes destac\u00f3 la ampliaci\u00f3n del predio y la incorporaci\u00f3n de nuevas actividades que se realizar\u00e1n todos los viernes, s\u00e1bados y domingos de enero y febrero.<\/p>\n\n\n\n<figure class=\"wp-block-image size-large\"><img fetchpriority=\"high\" decoding=\"async\" width=\"1024\" height=\"576\" src=\"http:\/\/nativainfo.com\/wp-content\/uploads\/2025\/01\/imagen_2025-01-09_034459101-1024x576.png\" alt=\"\" class=\"wp-image-4578\" srcset=\"https:\/\/nativainfo.com\/wp-content\/uploads\/2025\/01\/imagen_2025-01-09_034459101-1024x576.png 1024w, https:\/\/nativainfo.com\/wp-content\/uploads\/2025\/01\/imagen_2025-01-09_034459101-300x169.png 300w, https:\/\/nativainfo.com\/wp-content\/uploads\/2025\/01\/imagen_2025-01-09_034459101-768x432.png 768w, https:\/\/nativainfo.com\/wp-content\/uploads\/2025\/01\/imagen_2025-01-09_034459101-622x350.png 622w, https:\/\/nativainfo.com\/wp-content\/uploads\/2025\/01\/imagen_2025-01-09_034459101-150x84.png 150w, https:\/\/nativainfo.com\/wp-content\/uploads\/2025\/01\/imagen_2025-01-09_034459101.png 1200w\" sizes=\"(max-width: 1024px) 100vw, 1024px\" \/><\/figure>\n\n\n\n<p>La intendente de la Capital,\u00a0<strong>Ing. Norma Fuentes<\/strong>, visit\u00f3 el predio ubicado en avenida Alsina y Costanera Luis \u201cChacho\u201d Lescano, donde se realizar\u00e1 desde el pr\u00f3ximo viernes, a las 19 horas, la\u00a0<strong>edici\u00f3n\u00a02025 del programa de verano \u201cSantiago es tu R\u00edo\u201d.<\/strong><\/p>\n\n\n\n<p>La jefa comunal supervis\u00f3 las tareas de acondicionamiento que se desarrollan en el espacio para garantizar el funcionamiento de las\u00a0<strong>m\u00faltiples propuestas recreativas, deportivas y culturales<\/strong>\u00a0que se brindar\u00e1n a los vecinos, quienes podr\u00e1n disfrutar de forma\u00a0<strong>gratuita<\/strong>\u00a0de las diversas opciones pensadas para todas las edades<\/p>\n","protected":false},"excerpt":{"rendered":"<p>La intendente Norma Fuentes destac\u00f3 la ampliaci\u00f3n del predio y la incorporaci\u00f3n de nuevas actividades que se realizar\u00e1n todos los&#8230; <a class=\"continue-reading-link\" href=\"https:\/\/nativainfo.com\/?p=4575\">Continue reading<\/a><\/p>\n","protected":false},"author":1,"featured_media":0,"comment_status":"open","ping_status":"open","sticky":false,"template":"","format":"standard","meta":{"rop_custom_images_group":[],"rop_custom_messages_group":[],"rop_publish_now":"initial","rop_publish_now_accounts":[],"rop_publish_now_history":[],"rop_publish_now_status":"pending","footnotes":"","jetpack_publicize_message":"","jetpack_publicize_feature_enabled":true,"jetpack_social_post_already_shared":false,"jetpack_social_options":{"image_generator_settings":{"template":"highway","default_image_id":0,"font":"","enabled":false},"version":2}},"categories":[48],"tags":[],"class_list":["post-4575","post","type-post","status-publish","format-standard","hentry","category-capital"],"yoast_head":"<!-- This site is optimized with the Yoast SEO plugin v25.6 - https:\/\/yoast.com\/wordpress\/plugins\/seo\/ -->\n<title>\u00a1Vuelve Santiago es Tu R\u00edo! Presentaron la edici\u00f3n 2025 del programa de verano de la Capital - Nativa Info<\/title>\n<meta name=\"robots\" content=\"index, follow, max-snippet:-1, max-image-preview:large, max-video-preview:-1\" \/>\n<link rel=\"canonical\" href=\"https:\/\/nativainfo.com\/?p=4575\" \/>\n<meta property=\"og:locale\" content=\"es_ES\" \/>\n<meta property=\"og:type\" content=\"article\" \/>\n<meta property=\"og:title\" content=\"\u00a1Vuelve Santiago es Tu R\u00edo! Presentaron la edici\u00f3n 2025 del programa de verano de la Capital - Nativa Info\" \/>\n<meta property=\"og:description\" content=\"La intendente Norma Fuentes destac\u00f3 la ampliaci\u00f3n del predio y la incorporaci\u00f3n de nuevas actividades que se realizar\u00e1n todos los... Continue reading\" \/>\n<meta property=\"og:url\" content=\"https:\/\/nativainfo.com\/?p=4575\" \/>\n<meta property=\"og:site_name\" content=\"Nativa Info\" \/>\n<meta property=\"article:publisher\" content=\"https:\/\/www.facebook.com\/profile.php?id=61578881597564\" \/>\n<meta property=\"article:published_time\" content=\"2025-01-09T06:45:04+00:00\" \/>\n<meta property=\"article:modified_time\" content=\"2025-01-09T06:45:05+00:00\" \/>\n<meta property=\"og:image\" content=\"http:\/\/nativainfo.com\/wp-content\/uploads\/2025\/01\/imagen_2025-01-09_034459101-1024x576.png\" \/>\n<meta name=\"author\" content=\"Nativa Info\" \/>\n<meta name=\"twitter:card\" content=\"summary_large_image\" \/>\n<meta name=\"twitter:label1\" content=\"Escrito por\" \/>\n\t<meta name=\"twitter:data1\" content=\"Nativa Info\" \/>\n\t<meta name=\"twitter:label2\" content=\"Tiempo de lectura\" \/>\n\t<meta name=\"twitter:data2\" content=\"1 minuto\" \/>\n<script type=\"application\/ld+json\" class=\"yoast-schema-graph\">{\"@context\":\"https:\/\/schema.org\",\"@graph\":[{\"@type\":\"Article\",\"@id\":\"https:\/\/nativainfo.com\/?p=4575#article\",\"isPartOf\":{\"@id\":\"https:\/\/nativainfo.com\/?p=4575\"},\"author\":{\"name\":\"Nativa Info\",\"@id\":\"https:\/\/nativainfo.com\/#\/schema\/person\/24893b64a9cd564ddb5d102d36eb4b5c\"},\"headline\":\"\u00a1Vuelve Santiago es Tu R\u00edo! Presentaron la edici\u00f3n 2025 del programa de verano de la Capital\",\"datePublished\":\"2025-01-09T06:45:04+00:00\",\"dateModified\":\"2025-01-09T06:45:05+00:00\",\"mainEntityOfPage\":{\"@id\":\"https:\/\/nativainfo.com\/?p=4575\"},\"wordCount\":142,\"commentCount\":0,\"publisher\":{\"@id\":\"https:\/\/nativainfo.com\/#organization\"},\"image\":{\"@id\":\"https:\/\/nativainfo.com\/?p=4575#primaryimage\"},\"thumbnailUrl\":\"http:\/\/nativainfo.com\/wp-content\/uploads\/2025\/01\/imagen_2025-01-09_034459101-1024x576.png\",\"articleSection\":[\"Capital\"],\"inLanguage\":\"es-AR\",\"potentialAction\":[{\"@type\":\"CommentAction\",\"name\":\"Comment\",\"target\":[\"https:\/\/nativainfo.com\/?p=4575#respond\"]}]},{\"@type\":\"WebPage\",\"@id\":\"https:\/\/nativainfo.com\/?p=4575\",\"url\":\"https:\/\/nativainfo.com\/?p=4575\",\"name\":\"\u00a1Vuelve Santiago es Tu R\u00edo! Presentaron la edici\u00f3n 2025 del programa de verano de la Capital - Nativa Info\",\"isPartOf\":{\"@id\":\"https:\/\/nativainfo.com\/#website\"},\"primaryImageOfPage\":{\"@id\":\"https:\/\/nativainfo.com\/?p=4575#primaryimage\"},\"image\":{\"@id\":\"https:\/\/nativainfo.com\/?p=4575#primaryimage\"},\"thumbnailUrl\":\"http:\/\/nativainfo.com\/wp-content\/uploads\/2025\/01\/imagen_2025-01-09_034459101-1024x576.png\",\"datePublished\":\"2025-01-09T06:45:04+00:00\",\"dateModified\":\"2025-01-09T06:45:05+00:00\",\"breadcrumb\":{\"@id\":\"https:\/\/nativainfo.com\/?p=4575#breadcrumb\"},\"inLanguage\":\"es-AR\",\"potentialAction\":[{\"@type\":\"ReadAction\",\"target\":[\"https:\/\/nativainfo.com\/?p=4575\"]}]},{\"@type\":\"ImageObject\",\"inLanguage\":\"es-AR\",\"@id\":\"https:\/\/nativainfo.com\/?p=4575#primaryimage\",\"url\":\"https:\/\/nativainfo.com\/wp-content\/uploads\/2025\/01\/imagen_2025-01-09_034459101.png\",\"contentUrl\":\"https:\/\/nativainfo.com\/wp-content\/uploads\/2025\/01\/imagen_2025-01-09_034459101.png\",\"width\":1200,\"height\":675},{\"@type\":\"BreadcrumbList\",\"@id\":\"https:\/\/nativainfo.com\/?p=4575#breadcrumb\",\"itemListElement\":[{\"@type\":\"ListItem\",\"position\":1,\"name\":\"Inicio\",\"item\":\"https:\/\/nativainfo.com\/\"},{\"@type\":\"ListItem\",\"position\":2,\"name\":\"\u00a1Vuelve Santiago es Tu R\u00edo! Presentaron la edici\u00f3n 2025 del programa de verano de la Capital\"}]},{\"@type\":\"WebSite\",\"@id\":\"https:\/\/nativainfo.com\/#website\",\"url\":\"https:\/\/nativainfo.com\/\",\"name\":\"Nativa Info\",\"description\":\"Diario Digital\",\"publisher\":{\"@id\":\"https:\/\/nativainfo.com\/#organization\"},\"potentialAction\":[{\"@type\":\"SearchAction\",\"target\":{\"@type\":\"EntryPoint\",\"urlTemplate\":\"https:\/\/nativainfo.com\/?s={search_term_string}\"},\"query-input\":{\"@type\":\"PropertyValueSpecification\",\"valueRequired\":true,\"valueName\":\"search_term_string\"}}],\"inLanguage\":\"es-AR\"},{\"@type\":\"Organization\",\"@id\":\"https:\/\/nativainfo.com\/#organization\",\"name\":\"Nativa Info\",\"url\":\"https:\/\/nativainfo.com\/\",\"logo\":{\"@type\":\"ImageObject\",\"inLanguage\":\"es-AR\",\"@id\":\"https:\/\/nativainfo.com\/#\/schema\/logo\/image\/\",\"url\":\"https:\/\/nativainfo.com\/wp-content\/uploads\/2025\/08\/LOGO-NATIVA-FACE.jpg\",\"contentUrl\":\"https:\/\/nativainfo.com\/wp-content\/uploads\/2025\/08\/LOGO-NATIVA-FACE.jpg\",\"width\":400,\"height\":400,\"caption\":\"Nativa Info\"},\"image\":{\"@id\":\"https:\/\/nativainfo.com\/#\/schema\/logo\/image\/\"},\"sameAs\":[\"https:\/\/www.facebook.com\/profile.php?id=61578881597564\"]},{\"@type\":\"Person\",\"@id\":\"https:\/\/nativainfo.com\/#\/schema\/person\/24893b64a9cd564ddb5d102d36eb4b5c\",\"name\":\"Nativa Info\",\"image\":{\"@type\":\"ImageObject\",\"inLanguage\":\"es-AR\",\"@id\":\"https:\/\/nativainfo.com\/#\/schema\/person\/image\/\",\"url\":\"https:\/\/secure.gravatar.com\/avatar\/016fa1cf068d85136d938e1507b9b619cb766e2565cbb1faa1e571762460c785?s=96&d=mm&r=g\",\"contentUrl\":\"https:\/\/secure.gravatar.com\/avatar\/016fa1cf068d85136d938e1507b9b619cb766e2565cbb1faa1e571762460c785?s=96&d=mm&r=g\",\"caption\":\"Nativa Info\"},\"sameAs\":[\"http:\/\/nativainfo.com\"],\"url\":\"https:\/\/nativainfo.com\/?author=1\"}]}<\/script>\n<!-- \/ Yoast SEO plugin. -->","yoast_head_json":{"title":"\u00a1Vuelve Santiago es Tu R\u00edo! Presentaron la edici\u00f3n 2025 del programa de verano de la Capital - Nativa Info","robots":{"index":"index","follow":"follow","max-snippet":"max-snippet:-1","max-image-preview":"max-image-preview:large","max-video-preview":"max-video-preview:-1"},"canonical":"https:\/\/nativainfo.com\/?p=4575","og_locale":"es_ES","og_type":"article","og_title":"\u00a1Vuelve Santiago es Tu R\u00edo! Presentaron la edici\u00f3n 2025 del programa de verano de la Capital - Nativa Info","og_description":"La intendente Norma Fuentes destac\u00f3 la ampliaci\u00f3n del predio y la incorporaci\u00f3n de nuevas actividades que se realizar\u00e1n todos los... Continue reading","og_url":"https:\/\/nativainfo.com\/?p=4575","og_site_name":"Nativa Info","article_publisher":"https:\/\/www.facebook.com\/profile.php?id=61578881597564","article_published_time":"2025-01-09T06:45:04+00:00","article_modified_time":"2025-01-09T06:45:05+00:00","og_image":[{"url":"http:\/\/nativainfo.com\/wp-content\/uploads\/2025\/01\/imagen_2025-01-09_034459101-1024x576.png","type":"","width":"","height":""}],"author":"Nativa Info","twitter_card":"summary_large_image","twitter_misc":{"Escrito por":"Nativa Info","Tiempo de lectura":"1 minuto"},"schema":{"@context":"https:\/\/schema.org","@graph":[{"@type":"Article","@id":"https:\/\/nativainfo.com\/?p=4575#article","isPartOf":{"@id":"https:\/\/nativainfo.com\/?p=4575"},"author":{"name":"Nativa Info","@id":"https:\/\/nativainfo.com\/#\/schema\/person\/24893b64a9cd564ddb5d102d36eb4b5c"},"headline":"\u00a1Vuelve Santiago es Tu R\u00edo! Presentaron la edici\u00f3n 2025 del programa de verano de la Capital","datePublished":"2025-01-09T06:45:04+00:00","dateModified":"2025-01-09T06:45:05+00:00","mainEntityOfPage":{"@id":"https:\/\/nativainfo.com\/?p=4575"},"wordCount":142,"commentCount":0,"publisher":{"@id":"https:\/\/nativainfo.com\/#organization"},"image":{"@id":"https:\/\/nativainfo.com\/?p=4575#primaryimage"},"thumbnailUrl":"http:\/\/nativainfo.com\/wp-content\/uploads\/2025\/01\/imagen_2025-01-09_034459101-1024x576.png","articleSection":["Capital"],"inLanguage":"es-AR","potentialAction":[{"@type":"CommentAction","name":"Comment","target":["https:\/\/nativainfo.com\/?p=4575#respond"]}]},{"@type":"WebPage","@id":"https:\/\/nativainfo.com\/?p=4575","url":"https:\/\/nativainfo.com\/?p=4575","name":"\u00a1Vuelve Santiago es Tu R\u00edo! Presentaron la edici\u00f3n 2025 del programa de verano de la Capital - Nativa Info","isPartOf":{"@id":"https:\/\/nativainfo.com\/#website"},"primaryImageOfPage":{"@id":"https:\/\/nativainfo.com\/?p=4575#primaryimage"},"image":{"@id":"https:\/\/nativainfo.com\/?p=4575#primaryimage"},"thumbnailUrl":"http:\/\/nativainfo.com\/wp-content\/uploads\/2025\/01\/imagen_2025-01-09_034459101-1024x576.png","datePublished":"2025-01-09T06:45:04+00:00","dateModified":"2025-01-09T06:45:05+00:00","breadcrumb":{"@id":"https:\/\/nativainfo.com\/?p=4575#breadcrumb"},"inLanguage":"es-AR","potentialAction":[{"@type":"ReadAction","target":["https:\/\/nativainfo.com\/?p=4575"]}]},{"@type":"ImageObject","inLanguage":"es-AR","@id":"https:\/\/nativainfo.com\/?p=4575#primaryimage","url":"https:\/\/nativainfo.com\/wp-content\/uploads\/2025\/01\/imagen_2025-01-09_034459101.png","contentUrl":"https:\/\/nativainfo.com\/wp-content\/uploads\/2025\/01\/imagen_2025-01-09_034459101.png","width":1200,"height":675},{"@type":"BreadcrumbList","@id":"https:\/\/nativainfo.com\/?p=4575#breadcrumb","itemListElement":[{"@type":"ListItem","position":1,"name":"Inicio","item":"https:\/\/nativainfo.com\/"},{"@type":"ListItem","position":2,"name":"\u00a1Vuelve Santiago es Tu R\u00edo! Presentaron la edici\u00f3n 2025 del programa de verano de la Capital"}]},{"@type":"WebSite","@id":"https:\/\/nativainfo.com\/#website","url":"https:\/\/nativainfo.com\/","name":"Nativa Info","description":"Diario Digital","publisher":{"@id":"https:\/\/nativainfo.com\/#organization"},"potentialAction":[{"@type":"SearchAction","target":{"@type":"EntryPoint","urlTemplate":"https:\/\/nativainfo.com\/?s={search_term_string}"},"query-input":{"@type":"PropertyValueSpecification","valueRequired":true,"valueName":"search_term_string"}}],"inLanguage":"es-AR"},{"@type":"Organization","@id":"https:\/\/nativainfo.com\/#organization","name":"Nativa Info","url":"https:\/\/nativainfo.com\/","logo":{"@type":"ImageObject","inLanguage":"es-AR","@id":"https:\/\/nativainfo.com\/#\/schema\/logo\/image\/","url":"https:\/\/nativainfo.com\/wp-content\/uploads\/2025\/08\/LOGO-NATIVA-FACE.jpg","contentUrl":"https:\/\/nativainfo.com\/wp-content\/uploads\/2025\/08\/LOGO-NATIVA-FACE.jpg","width":400,"height":400,"caption":"Nativa Info"},"image":{"@id":"https:\/\/nativainfo.com\/#\/schema\/logo\/image\/"},"sameAs":["https:\/\/www.facebook.com\/profile.php?id=61578881597564"]},{"@type":"Person","@id":"https:\/\/nativainfo.com\/#\/schema\/person\/24893b64a9cd564ddb5d102d36eb4b5c","name":"Nativa Info","image":{"@type":"ImageObject","inLanguage":"es-AR","@id":"https:\/\/nativainfo.com\/#\/schema\/person\/image\/","url":"https:\/\/secure.gravatar.com\/avatar\/016fa1cf068d85136d938e1507b9b619cb766e2565cbb1faa1e571762460c785?s=96&d=mm&r=g","contentUrl":"https:\/\/secure.gravatar.com\/avatar\/016fa1cf068d85136d938e1507b9b619cb766e2565cbb1faa1e571762460c785?s=96&d=mm&r=g","caption":"Nativa Info"},"sameAs":["http:\/\/nativainfo.com"],"url":"https:\/\/nativainfo.com\/?author=1"}]}},"jetpack_publicize_connections":[],"_links":{"self":[{"href":"https:\/\/nativainfo.com\/index.php?rest_route=\/wp\/v2\/posts\/4575","targetHints":{"allow":["GET"]}}],"collection":[{"href":"https:\/\/nativainfo.com\/index.php?rest_route=\/wp\/v2\/posts"}],"about":[{"href":"https:\/\/nativainfo.com\/index.php?rest_route=\/wp\/v2\/types\/post"}],"author":[{"embeddable":true,"href":"https:\/\/nativainfo.com\/index.php?rest_route=\/wp\/v2\/users\/1"}],"replies":[{"embeddable":true,"href":"https:\/\/nativainfo.com\/index.php?rest_route=%2Fwp%2Fv2%2Fcomments&post=4575"}],"version-history":[{"count":1,"href":"https:\/\/nativainfo.com\/index.php?rest_route=\/wp\/v2\/posts\/4575\/revisions"}],"predecessor-version":[{"id":4579,"href":"https:\/\/nativainfo.com\/index.php?rest_route=\/wp\/v2\/posts\/4575\/revisions\/4579"}],"wp:attachment":[{"href":"https:\/\/nativainfo.com\/index.php?rest_route=%2Fwp%2Fv2%2Fmedia&parent=4575"}],"wp:term":[{"taxonomy":"category","embeddable":true,"href":"https:\/\/nativainfo.com\/index.php?rest_route=%2Fwp%2Fv2%2Fcategories&post=4575"},{"taxonomy":"post_tag","embeddable":true,"href":"https:\/\/nativainfo.com\/index.php?rest_route=%2Fwp%2Fv2%2Ftags&post=4575"}],"curies":[{"name":"wp","href":"https:\/\/api.w.org\/{rel}","templated":true}]}}