{"id":4574,"date":"2025-01-09T03:44:21","date_gmt":"2025-01-09T06:44:21","guid":{"rendered":"http:\/\/nativainfo.com\/?p=4574"},"modified":"2025-01-09T03:44:21","modified_gmt":"2025-01-09T06:44:21","slug":"bombazo-aseguran-que-franco-colapinto-pasaria-a-alpine-y-podria-correr-en-la-formula-1-en-2025","status":"publish","type":"post","link":"https:\/\/nativainfo.com\/?p=4574","title":{"rendered":"Bombazo: aseguran que Franco Colapinto pasar\u00eda a Alpine y podr\u00eda correr en la F\u00f3rmula 1 en 2025"},"content":{"rendered":"\n<p>Un prestigioso medio internacional afirma que el anuncio de la salida de Williams se har\u00eda oficial en las pr\u00f3ximas horas.<\/p>\n\n\n\n<figure class=\"wp-block-image size-full\"><img fetchpriority=\"high\" decoding=\"async\" width=\"1010\" height=\"567\" src=\"http:\/\/nativainfo.com\/wp-content\/uploads\/2025\/01\/imagen_2025-01-09_034337942.png\" alt=\"\" class=\"wp-image-4576\" srcset=\"https:\/\/nativainfo.com\/wp-content\/uploads\/2025\/01\/imagen_2025-01-09_034337942.png 1010w, https:\/\/nativainfo.com\/wp-content\/uploads\/2025\/01\/imagen_2025-01-09_034337942-300x168.png 300w, https:\/\/nativainfo.com\/wp-content\/uploads\/2025\/01\/imagen_2025-01-09_034337942-768x431.png 768w, https:\/\/nativainfo.com\/wp-content\/uploads\/2025\/01\/imagen_2025-01-09_034337942-623x350.png 623w, https:\/\/nativainfo.com\/wp-content\/uploads\/2025\/01\/imagen_2025-01-09_034337942-150x84.png 150w\" sizes=\"(max-width: 1010px) 100vw, 1010px\" \/><\/figure>\n\n\n\n<p>El art\u00edculo titulado<strong>&nbsp;\u201cColapinto cierra un rol en Alpine para 2025\u201d&nbsp;<\/strong>detalla que, aunque el argentino no comenzar\u00e1 la temporada como piloto titular, su incorporaci\u00f3n fortalecer\u00e1 el grupo de pilotos de la escuder\u00eda francesa. Alpine arrancar\u00e1 la pr\u00f3xima campa\u00f1a con el franc\u00e9s Pierre Gasly y el australiano Jack Doohan, quien tiene contrato para las primeras cuatro carreras.<\/p>\n\n\n\n<p>La llegada de&nbsp;<strong>Colapinto&nbsp;<\/strong>presionar\u00e1 a Doohan, ya que su continuidad depender\u00e1 de los resultados obtenidos en esas competencias. Actualmente, Alpine tambi\u00e9n cuenta con dos pilotos de reserva: Paul Aron y Victor Martins.<\/p>\n\n\n\n<p>El acuerdo de&nbsp;<strong>Colapinto&nbsp;<\/strong>con&nbsp;<strong>Alpine&nbsp;<\/strong>a\u00fan genera dudas sobre si ser\u00e1 un traspaso definitivo desde Williams, equipo con el que debut\u00f3 en la F\u00f3rmula 1 en 2024, o si se tratar\u00e1 de un pr\u00e9stamo que permita a los ingleses repescar al argentino. Lo que s\u00ed es seguro es que, por el momento, Colapinto asumir\u00e1 un rol como piloto de reserva y opci\u00f3n a largo plazo para Alpine.<\/p>\n","protected":false},"excerpt":{"rendered":"<p>Un prestigioso medio internacional afirma que el anuncio de la salida de Williams se har\u00eda oficial en las pr\u00f3ximas horas&#8230;. <a class=\"continue-reading-link\" href=\"https:\/\/nativainfo.com\/?p=4574\">Continue reading<\/a><\/p>\n","protected":false},"author":1,"featured_media":0,"comment_status":"open","ping_status":"open","sticky":false,"template":"","format":"standard","meta":{"rop_custom_images_group":[],"rop_custom_messages_group":[],"rop_publish_now":"initial","rop_publish_now_accounts":[],"rop_publish_now_history":[],"rop_publish_now_status":"pending","footnotes":"","jetpack_publicize_message":"","jetpack_publicize_feature_enabled":true,"jetpack_social_post_already_shared":false,"jetpack_social_options":{"image_generator_settings":{"template":"highway","default_image_id":0,"font":"","enabled":false},"version":2}},"categories":[75],"tags":[],"class_list":["post-4574","post","type-post","status-publish","format-standard","hentry","category-formula-1-2"],"yoast_head":"<!-- This site is optimized with the Yoast SEO plugin v25.6 - https:\/\/yoast.com\/wordpress\/plugins\/seo\/ -->\n<title>Bombazo: aseguran que Franco Colapinto pasar\u00eda a Alpine y podr\u00eda correr en la F\u00f3rmula 1 en 2025 - Nativa Info<\/title>\n<meta name=\"robots\" content=\"index, follow, max-snippet:-1, max-image-preview:large, max-video-preview:-1\" \/>\n<link rel=\"canonical\" href=\"https:\/\/nativainfo.com\/?p=4574\" \/>\n<meta property=\"og:locale\" content=\"es_ES\" \/>\n<meta property=\"og:type\" content=\"article\" \/>\n<meta property=\"og:title\" content=\"Bombazo: aseguran que Franco Colapinto pasar\u00eda a Alpine y podr\u00eda correr en la F\u00f3rmula 1 en 2025 - Nativa Info\" \/>\n<meta property=\"og:description\" content=\"Un prestigioso medio internacional afirma que el anuncio de la salida de Williams se har\u00eda oficial en las pr\u00f3ximas horas.... Continue reading\" \/>\n<meta property=\"og:url\" content=\"https:\/\/nativainfo.com\/?p=4574\" \/>\n<meta property=\"og:site_name\" content=\"Nativa Info\" \/>\n<meta property=\"article:publisher\" content=\"https:\/\/www.facebook.com\/profile.php?id=61578881597564\" \/>\n<meta property=\"article:published_time\" content=\"2025-01-09T06:44:21+00:00\" \/>\n<meta property=\"og:image\" content=\"http:\/\/nativainfo.com\/wp-content\/uploads\/2025\/01\/imagen_2025-01-09_034337942.png\" \/>\n<meta name=\"author\" content=\"Nativa Info\" \/>\n<meta name=\"twitter:card\" content=\"summary_large_image\" \/>\n<meta name=\"twitter:label1\" content=\"Escrito por\" \/>\n\t<meta name=\"twitter:data1\" content=\"Nativa Info\" \/>\n\t<meta name=\"twitter:label2\" content=\"Tiempo de lectura\" \/>\n\t<meta name=\"twitter:data2\" content=\"1 minuto\" \/>\n<script type=\"application\/ld+json\" class=\"yoast-schema-graph\">{\"@context\":\"https:\/\/schema.org\",\"@graph\":[{\"@type\":\"Article\",\"@id\":\"https:\/\/nativainfo.com\/?p=4574#article\",\"isPartOf\":{\"@id\":\"https:\/\/nativainfo.com\/?p=4574\"},\"author\":{\"name\":\"Nativa Info\",\"@id\":\"https:\/\/nativainfo.com\/#\/schema\/person\/24893b64a9cd564ddb5d102d36eb4b5c\"},\"headline\":\"Bombazo: aseguran que Franco Colapinto pasar\u00eda a Alpine y podr\u00eda correr en la F\u00f3rmula 1 en 2025\",\"datePublished\":\"2025-01-09T06:44:21+00:00\",\"mainEntityOfPage\":{\"@id\":\"https:\/\/nativainfo.com\/?p=4574\"},\"wordCount\":214,\"commentCount\":0,\"publisher\":{\"@id\":\"https:\/\/nativainfo.com\/#organization\"},\"image\":{\"@id\":\"https:\/\/nativainfo.com\/?p=4574#primaryimage\"},\"thumbnailUrl\":\"http:\/\/nativainfo.com\/wp-content\/uploads\/2025\/01\/imagen_2025-01-09_034337942.png\",\"articleSection\":[\"F\u00f3rmula 1\"],\"inLanguage\":\"es-AR\",\"potentialAction\":[{\"@type\":\"CommentAction\",\"name\":\"Comment\",\"target\":[\"https:\/\/nativainfo.com\/?p=4574#respond\"]}]},{\"@type\":\"WebPage\",\"@id\":\"https:\/\/nativainfo.com\/?p=4574\",\"url\":\"https:\/\/nativainfo.com\/?p=4574\",\"name\":\"Bombazo: aseguran que Franco Colapinto pasar\u00eda a Alpine y podr\u00eda correr en la F\u00f3rmula 1 en 2025 - Nativa Info\",\"isPartOf\":{\"@id\":\"https:\/\/nativainfo.com\/#website\"},\"primaryImageOfPage\":{\"@id\":\"https:\/\/nativainfo.com\/?p=4574#primaryimage\"},\"image\":{\"@id\":\"https:\/\/nativainfo.com\/?p=4574#primaryimage\"},\"thumbnailUrl\":\"http:\/\/nativainfo.com\/wp-content\/uploads\/2025\/01\/imagen_2025-01-09_034337942.png\",\"datePublished\":\"2025-01-09T06:44:21+00:00\",\"breadcrumb\":{\"@id\":\"https:\/\/nativainfo.com\/?p=4574#breadcrumb\"},\"inLanguage\":\"es-AR\",\"potentialAction\":[{\"@type\":\"ReadAction\",\"target\":[\"https:\/\/nativainfo.com\/?p=4574\"]}]},{\"@type\":\"ImageObject\",\"inLanguage\":\"es-AR\",\"@id\":\"https:\/\/nativainfo.com\/?p=4574#primaryimage\",\"url\":\"https:\/\/nativainfo.com\/wp-content\/uploads\/2025\/01\/imagen_2025-01-09_034337942.png\",\"contentUrl\":\"https:\/\/nativainfo.com\/wp-content\/uploads\/2025\/01\/imagen_2025-01-09_034337942.png\",\"width\":1010,\"height\":567},{\"@type\":\"BreadcrumbList\",\"@id\":\"https:\/\/nativainfo.com\/?p=4574#breadcrumb\",\"itemListElement\":[{\"@type\":\"ListItem\",\"position\":1,\"name\":\"Inicio\",\"item\":\"https:\/\/nativainfo.com\/\"},{\"@type\":\"ListItem\",\"position\":2,\"name\":\"Bombazo: aseguran que Franco Colapinto pasar\u00eda a Alpine y podr\u00eda correr en la F\u00f3rmula 1 en 2025\"}]},{\"@type\":\"WebSite\",\"@id\":\"https:\/\/nativainfo.com\/#website\",\"url\":\"https:\/\/nativainfo.com\/\",\"name\":\"Nativa Info\",\"description\":\"Diario Digital\",\"publisher\":{\"@id\":\"https:\/\/nativainfo.com\/#organization\"},\"potentialAction\":[{\"@type\":\"SearchAction\",\"target\":{\"@type\":\"EntryPoint\",\"urlTemplate\":\"https:\/\/nativainfo.com\/?s={search_term_string}\"},\"query-input\":{\"@type\":\"PropertyValueSpecification\",\"valueRequired\":true,\"valueName\":\"search_term_string\"}}],\"inLanguage\":\"es-AR\"},{\"@type\":\"Organization\",\"@id\":\"https:\/\/nativainfo.com\/#organization\",\"name\":\"Nativa Info\",\"url\":\"https:\/\/nativainfo.com\/\",\"logo\":{\"@type\":\"ImageObject\",\"inLanguage\":\"es-AR\",\"@id\":\"https:\/\/nativainfo.com\/#\/schema\/logo\/image\/\",\"url\":\"https:\/\/nativainfo.com\/wp-content\/uploads\/2025\/08\/LOGO-NATIVA-FACE.jpg\",\"contentUrl\":\"https:\/\/nativainfo.com\/wp-content\/uploads\/2025\/08\/LOGO-NATIVA-FACE.jpg\",\"width\":400,\"height\":400,\"caption\":\"Nativa Info\"},\"image\":{\"@id\":\"https:\/\/nativainfo.com\/#\/schema\/logo\/image\/\"},\"sameAs\":[\"https:\/\/www.facebook.com\/profile.php?id=61578881597564\"]},{\"@type\":\"Person\",\"@id\":\"https:\/\/nativainfo.com\/#\/schema\/person\/24893b64a9cd564ddb5d102d36eb4b5c\",\"name\":\"Nativa Info\",\"image\":{\"@type\":\"ImageObject\",\"inLanguage\":\"es-AR\",\"@id\":\"https:\/\/nativainfo.com\/#\/schema\/person\/image\/\",\"url\":\"https:\/\/secure.gravatar.com\/avatar\/016fa1cf068d85136d938e1507b9b619cb766e2565cbb1faa1e571762460c785?s=96&d=mm&r=g\",\"contentUrl\":\"https:\/\/secure.gravatar.com\/avatar\/016fa1cf068d85136d938e1507b9b619cb766e2565cbb1faa1e571762460c785?s=96&d=mm&r=g\",\"caption\":\"Nativa Info\"},\"sameAs\":[\"http:\/\/nativainfo.com\"],\"url\":\"https:\/\/nativainfo.com\/?author=1\"}]}<\/script>\n<!-- \/ Yoast SEO plugin. -->","yoast_head_json":{"title":"Bombazo: aseguran que Franco Colapinto pasar\u00eda a Alpine y podr\u00eda correr en la F\u00f3rmula 1 en 2025 - Nativa Info","robots":{"index":"index","follow":"follow","max-snippet":"max-snippet:-1","max-image-preview":"max-image-preview:large","max-video-preview":"max-video-preview:-1"},"canonical":"https:\/\/nativainfo.com\/?p=4574","og_locale":"es_ES","og_type":"article","og_title":"Bombazo: aseguran que Franco Colapinto pasar\u00eda a Alpine y podr\u00eda correr en la F\u00f3rmula 1 en 2025 - Nativa Info","og_description":"Un prestigioso medio internacional afirma que el anuncio de la salida de Williams se har\u00eda oficial en las pr\u00f3ximas horas.... Continue reading","og_url":"https:\/\/nativainfo.com\/?p=4574","og_site_name":"Nativa Info","article_publisher":"https:\/\/www.facebook.com\/profile.php?id=61578881597564","article_published_time":"2025-01-09T06:44:21+00:00","og_image":[{"url":"http:\/\/nativainfo.com\/wp-content\/uploads\/2025\/01\/imagen_2025-01-09_034337942.png","type":"","width":"","height":""}],"author":"Nativa Info","twitter_card":"summary_large_image","twitter_misc":{"Escrito por":"Nativa Info","Tiempo de lectura":"1 minuto"},"schema":{"@context":"https:\/\/schema.org","@graph":[{"@type":"Article","@id":"https:\/\/nativainfo.com\/?p=4574#article","isPartOf":{"@id":"https:\/\/nativainfo.com\/?p=4574"},"author":{"name":"Nativa Info","@id":"https:\/\/nativainfo.com\/#\/schema\/person\/24893b64a9cd564ddb5d102d36eb4b5c"},"headline":"Bombazo: aseguran que Franco Colapinto pasar\u00eda a Alpine y podr\u00eda correr en la F\u00f3rmula 1 en 2025","datePublished":"2025-01-09T06:44:21+00:00","mainEntityOfPage":{"@id":"https:\/\/nativainfo.com\/?p=4574"},"wordCount":214,"commentCount":0,"publisher":{"@id":"https:\/\/nativainfo.com\/#organization"},"image":{"@id":"https:\/\/nativainfo.com\/?p=4574#primaryimage"},"thumbnailUrl":"http:\/\/nativainfo.com\/wp-content\/uploads\/2025\/01\/imagen_2025-01-09_034337942.png","articleSection":["F\u00f3rmula 1"],"inLanguage":"es-AR","potentialAction":[{"@type":"CommentAction","name":"Comment","target":["https:\/\/nativainfo.com\/?p=4574#respond"]}]},{"@type":"WebPage","@id":"https:\/\/nativainfo.com\/?p=4574","url":"https:\/\/nativainfo.com\/?p=4574","name":"Bombazo: aseguran que Franco Colapinto pasar\u00eda a Alpine y podr\u00eda correr en la F\u00f3rmula 1 en 2025 - Nativa Info","isPartOf":{"@id":"https:\/\/nativainfo.com\/#website"},"primaryImageOfPage":{"@id":"https:\/\/nativainfo.com\/?p=4574#primaryimage"},"image":{"@id":"https:\/\/nativainfo.com\/?p=4574#primaryimage"},"thumbnailUrl":"http:\/\/nativainfo.com\/wp-content\/uploads\/2025\/01\/imagen_2025-01-09_034337942.png","datePublished":"2025-01-09T06:44:21+00:00","breadcrumb":{"@id":"https:\/\/nativainfo.com\/?p=4574#breadcrumb"},"inLanguage":"es-AR","potentialAction":[{"@type":"ReadAction","target":["https:\/\/nativainfo.com\/?p=4574"]}]},{"@type":"ImageObject","inLanguage":"es-AR","@id":"https:\/\/nativainfo.com\/?p=4574#primaryimage","url":"https:\/\/nativainfo.com\/wp-content\/uploads\/2025\/01\/imagen_2025-01-09_034337942.png","contentUrl":"https:\/\/nativainfo.com\/wp-content\/uploads\/2025\/01\/imagen_2025-01-09_034337942.png","width":1010,"height":567},{"@type":"BreadcrumbList","@id":"https:\/\/nativainfo.com\/?p=4574#breadcrumb","itemListElement":[{"@type":"ListItem","position":1,"name":"Inicio","item":"https:\/\/nativainfo.com\/"},{"@type":"ListItem","position":2,"name":"Bombazo: aseguran que Franco Colapinto pasar\u00eda a Alpine y podr\u00eda correr en la F\u00f3rmula 1 en 2025"}]},{"@type":"WebSite","@id":"https:\/\/nativainfo.com\/#website","url":"https:\/\/nativainfo.com\/","name":"Nativa Info","description":"Diario Digital","publisher":{"@id":"https:\/\/nativainfo.com\/#organization"},"potentialAction":[{"@type":"SearchAction","target":{"@type":"EntryPoint","urlTemplate":"https:\/\/nativainfo.com\/?s={search_term_string}"},"query-input":{"@type":"PropertyValueSpecification","valueRequired":true,"valueName":"search_term_string"}}],"inLanguage":"es-AR"},{"@type":"Organization","@id":"https:\/\/nativainfo.com\/#organization","name":"Nativa Info","url":"https:\/\/nativainfo.com\/","logo":{"@type":"ImageObject","inLanguage":"es-AR","@id":"https:\/\/nativainfo.com\/#\/schema\/logo\/image\/","url":"https:\/\/nativainfo.com\/wp-content\/uploads\/2025\/08\/LOGO-NATIVA-FACE.jpg","contentUrl":"https:\/\/nativainfo.com\/wp-content\/uploads\/2025\/08\/LOGO-NATIVA-FACE.jpg","width":400,"height":400,"caption":"Nativa Info"},"image":{"@id":"https:\/\/nativainfo.com\/#\/schema\/logo\/image\/"},"sameAs":["https:\/\/www.facebook.com\/profile.php?id=61578881597564"]},{"@type":"Person","@id":"https:\/\/nativainfo.com\/#\/schema\/person\/24893b64a9cd564ddb5d102d36eb4b5c","name":"Nativa Info","image":{"@type":"ImageObject","inLanguage":"es-AR","@id":"https:\/\/nativainfo.com\/#\/schema\/person\/image\/","url":"https:\/\/secure.gravatar.com\/avatar\/016fa1cf068d85136d938e1507b9b619cb766e2565cbb1faa1e571762460c785?s=96&d=mm&r=g","contentUrl":"https:\/\/secure.gravatar.com\/avatar\/016fa1cf068d85136d938e1507b9b619cb766e2565cbb1faa1e571762460c785?s=96&d=mm&r=g","caption":"Nativa Info"},"sameAs":["http:\/\/nativainfo.com"],"url":"https:\/\/nativainfo.com\/?author=1"}]}},"jetpack_publicize_connections":[],"_links":{"self":[{"href":"https:\/\/nativainfo.com\/index.php?rest_route=\/wp\/v2\/posts\/4574","targetHints":{"allow":["GET"]}}],"collection":[{"href":"https:\/\/nativainfo.com\/index.php?rest_route=\/wp\/v2\/posts"}],"about":[{"href":"https:\/\/nativainfo.com\/index.php?rest_route=\/wp\/v2\/types\/post"}],"author":[{"embeddable":true,"href":"https:\/\/nativainfo.com\/index.php?rest_route=\/wp\/v2\/users\/1"}],"replies":[{"embeddable":true,"href":"https:\/\/nativainfo.com\/index.php?rest_route=%2Fwp%2Fv2%2Fcomments&post=4574"}],"version-history":[{"count":1,"href":"https:\/\/nativainfo.com\/index.php?rest_route=\/wp\/v2\/posts\/4574\/revisions"}],"predecessor-version":[{"id":4577,"href":"https:\/\/nativainfo.com\/index.php?rest_route=\/wp\/v2\/posts\/4574\/revisions\/4577"}],"wp:attachment":[{"href":"https:\/\/nativainfo.com\/index.php?rest_route=%2Fwp%2Fv2%2Fmedia&parent=4574"}],"wp:term":[{"taxonomy":"category","embeddable":true,"href":"https:\/\/nativainfo.com\/index.php?rest_route=%2Fwp%2Fv2%2Fcategories&post=4574"},{"taxonomy":"post_tag","embeddable":true,"href":"https:\/\/nativainfo.com\/index.php?rest_route=%2Fwp%2Fv2%2Ftags&post=4574"}],"curies":[{"name":"wp","href":"https:\/\/api.w.org\/{rel}","templated":true}]}}