{"id":4518,"date":"2024-11-15T01:58:32","date_gmt":"2024-11-15T04:58:32","guid":{"rendered":"http:\/\/nativainfo.com\/?p=4518"},"modified":"2024-11-15T01:58:38","modified_gmt":"2024-11-15T04:58:38","slug":"se-amplia-la-vacunacion-contra-el-dengue-a-personas-de-15-a-39-anos-en-capital","status":"publish","type":"post","link":"https:\/\/nativainfo.com\/?p=4518","title":{"rendered":"Se ampl\u00eda la vacunaci\u00f3n contra el dengue a personas de 15 a 39 a\u00f1os en Capital"},"content":{"rendered":"\n<p>La inmunidad efectiva contra cuadros graves de dengue se obtiene aproximadamente diez d\u00edas despu\u00e9s de la segunda dosis. Esta vacuna no est\u00e1 indicada para personas inmunodeprimidas, embarazadas o en per\u00edodo de lactancia.<\/p>\n\n\n\n<figure class=\"wp-block-image size-full\"><img fetchpriority=\"high\" decoding=\"async\" width=\"1010\" height=\"567\" src=\"http:\/\/nativainfo.com\/wp-content\/uploads\/2024\/11\/imagen_2024-11-15_015824216.png\" alt=\"\" class=\"wp-image-4520\" srcset=\"https:\/\/nativainfo.com\/wp-content\/uploads\/2024\/11\/imagen_2024-11-15_015824216.png 1010w, https:\/\/nativainfo.com\/wp-content\/uploads\/2024\/11\/imagen_2024-11-15_015824216-300x168.png 300w, https:\/\/nativainfo.com\/wp-content\/uploads\/2024\/11\/imagen_2024-11-15_015824216-768x431.png 768w, https:\/\/nativainfo.com\/wp-content\/uploads\/2024\/11\/imagen_2024-11-15_015824216-623x350.png 623w, https:\/\/nativainfo.com\/wp-content\/uploads\/2024\/11\/imagen_2024-11-15_015824216-150x84.png 150w\" sizes=\"(max-width: 1010px) 100vw, 1010px\" \/><\/figure>\n\n\n\n<p>A partir de esta semana, el&nbsp;<strong>Ministerio de Salud de Santiago del Estero&nbsp;<\/strong>ampli\u00f3 la vacunaci\u00f3n contra el dengue, la cual ahora abarca a personas de entre 15 y 39 a\u00f1os con domicilio legal en el departamento Capital.<\/p>\n\n\n\n<p>En consonancia con los lineamientos nacionales y de acuerdo a la disponibilidad de vacunas, se continuar\u00e1 con este grupo de edad en Capital donde se registr\u00f3 la mayor incidencia hist\u00f3rica de la enfermedad.&nbsp;<strong>El objetivo es reducir el impacto de esta enfermedad en la poblaci\u00f3n.<\/strong><\/p>\n\n\n\n<p>La vacuna estar\u00e1 disponible en los vacunatorios habilitados en toda la Capital, y el \u00fanico requisito es acreditar el domicilio legal con el Documento Nacional de Identidad (DNI).<\/p>\n\n\n\n<p>Los lugares de vacunaci\u00f3n incluyen son: UPA N\u00b0 1 del barrio General Paz; UPA N\u00b0 3 del barrio Reconquista; UPA N\u00b0 4, barrio Ej\u00e9rcito Argentino; UPA N\u00b0 5 del barrio Autonom\u00eda; UPA N\u00b0 7 B\u00b0 Parque; UPA N\u00b0 11 Ren\u00e9 Favaloro del B\u00b0 Siglo XXI; UPA N\u00b0 17 B\u00b0 Borges; UPA N\u00b0 21 B\u00b0 La Cat\u00f3lica y UPA N\u00b0 24 B\u00b0 Santa Luc\u00eda. Tambi\u00e9n en el Vacunatorio Central sito en Pedro Le\u00f3n Gallo y Av. Belgrano y en las postas de Villa Zanj\u00f3n y de El De\u00e1n.<\/p>\n","protected":false},"excerpt":{"rendered":"<p>La inmunidad efectiva contra cuadros graves de dengue se obtiene aproximadamente diez d\u00edas despu\u00e9s de la segunda dosis. Esta vacuna&#8230; <a class=\"continue-reading-link\" href=\"https:\/\/nativainfo.com\/?p=4518\">Continue reading<\/a><\/p>\n","protected":false},"author":1,"featured_media":0,"comment_status":"open","ping_status":"open","sticky":false,"template":"","format":"standard","meta":{"rop_custom_images_group":[],"rop_custom_messages_group":[],"rop_publish_now":"initial","rop_publish_now_accounts":[],"rop_publish_now_history":[],"rop_publish_now_status":"pending","footnotes":"","jetpack_publicize_message":"","jetpack_publicize_feature_enabled":true,"jetpack_social_post_already_shared":false,"jetpack_social_options":{"image_generator_settings":{"template":"highway","default_image_id":0,"font":"","enabled":false},"version":2}},"categories":[15],"tags":[],"class_list":["post-4518","post","type-post","status-publish","format-standard","hentry","category-salud"],"yoast_head":"<!-- This site is optimized with the Yoast SEO plugin v25.6 - https:\/\/yoast.com\/wordpress\/plugins\/seo\/ -->\n<title>Se ampl\u00eda la vacunaci\u00f3n contra el dengue a personas de 15 a 39 a\u00f1os en Capital - Nativa Info<\/title>\n<meta name=\"robots\" content=\"index, follow, max-snippet:-1, max-image-preview:large, max-video-preview:-1\" \/>\n<link rel=\"canonical\" href=\"https:\/\/nativainfo.com\/?p=4518\" \/>\n<meta property=\"og:locale\" content=\"es_ES\" \/>\n<meta property=\"og:type\" content=\"article\" \/>\n<meta property=\"og:title\" content=\"Se ampl\u00eda la vacunaci\u00f3n contra el dengue a personas de 15 a 39 a\u00f1os en Capital - Nativa Info\" \/>\n<meta property=\"og:description\" content=\"La inmunidad efectiva contra cuadros graves de dengue se obtiene aproximadamente diez d\u00edas despu\u00e9s de la segunda dosis. Esta vacuna... Continue reading\" \/>\n<meta property=\"og:url\" content=\"https:\/\/nativainfo.com\/?p=4518\" \/>\n<meta property=\"og:site_name\" content=\"Nativa Info\" \/>\n<meta property=\"article:publisher\" content=\"https:\/\/www.facebook.com\/profile.php?id=61578881597564\" \/>\n<meta property=\"article:published_time\" content=\"2024-11-15T04:58:32+00:00\" \/>\n<meta property=\"article:modified_time\" content=\"2024-11-15T04:58:38+00:00\" \/>\n<meta property=\"og:image\" content=\"http:\/\/nativainfo.com\/wp-content\/uploads\/2024\/11\/imagen_2024-11-15_015824216.png\" \/>\n<meta name=\"author\" content=\"Nativa Info\" \/>\n<meta name=\"twitter:card\" content=\"summary_large_image\" \/>\n<meta name=\"twitter:label1\" content=\"Escrito por\" \/>\n\t<meta name=\"twitter:data1\" content=\"Nativa Info\" \/>\n\t<meta name=\"twitter:label2\" content=\"Tiempo de lectura\" \/>\n\t<meta name=\"twitter:data2\" content=\"1 minuto\" \/>\n<script type=\"application\/ld+json\" class=\"yoast-schema-graph\">{\"@context\":\"https:\/\/schema.org\",\"@graph\":[{\"@type\":\"Article\",\"@id\":\"https:\/\/nativainfo.com\/?p=4518#article\",\"isPartOf\":{\"@id\":\"https:\/\/nativainfo.com\/?p=4518\"},\"author\":{\"name\":\"Nativa Info\",\"@id\":\"https:\/\/nativainfo.com\/#\/schema\/person\/24893b64a9cd564ddb5d102d36eb4b5c\"},\"headline\":\"Se ampl\u00eda la vacunaci\u00f3n contra el dengue a personas de 15 a 39 a\u00f1os en Capital\",\"datePublished\":\"2024-11-15T04:58:32+00:00\",\"dateModified\":\"2024-11-15T04:58:38+00:00\",\"mainEntityOfPage\":{\"@id\":\"https:\/\/nativainfo.com\/?p=4518\"},\"wordCount\":255,\"commentCount\":0,\"publisher\":{\"@id\":\"https:\/\/nativainfo.com\/#organization\"},\"image\":{\"@id\":\"https:\/\/nativainfo.com\/?p=4518#primaryimage\"},\"thumbnailUrl\":\"http:\/\/nativainfo.com\/wp-content\/uploads\/2024\/11\/imagen_2024-11-15_015824216.png\",\"articleSection\":[\"Salud\"],\"inLanguage\":\"es-AR\",\"potentialAction\":[{\"@type\":\"CommentAction\",\"name\":\"Comment\",\"target\":[\"https:\/\/nativainfo.com\/?p=4518#respond\"]}]},{\"@type\":\"WebPage\",\"@id\":\"https:\/\/nativainfo.com\/?p=4518\",\"url\":\"https:\/\/nativainfo.com\/?p=4518\",\"name\":\"Se ampl\u00eda la vacunaci\u00f3n contra el dengue a personas de 15 a 39 a\u00f1os en Capital - Nativa Info\",\"isPartOf\":{\"@id\":\"https:\/\/nativainfo.com\/#website\"},\"primaryImageOfPage\":{\"@id\":\"https:\/\/nativainfo.com\/?p=4518#primaryimage\"},\"image\":{\"@id\":\"https:\/\/nativainfo.com\/?p=4518#primaryimage\"},\"thumbnailUrl\":\"http:\/\/nativainfo.com\/wp-content\/uploads\/2024\/11\/imagen_2024-11-15_015824216.png\",\"datePublished\":\"2024-11-15T04:58:32+00:00\",\"dateModified\":\"2024-11-15T04:58:38+00:00\",\"breadcrumb\":{\"@id\":\"https:\/\/nativainfo.com\/?p=4518#breadcrumb\"},\"inLanguage\":\"es-AR\",\"potentialAction\":[{\"@type\":\"ReadAction\",\"target\":[\"https:\/\/nativainfo.com\/?p=4518\"]}]},{\"@type\":\"ImageObject\",\"inLanguage\":\"es-AR\",\"@id\":\"https:\/\/nativainfo.com\/?p=4518#primaryimage\",\"url\":\"https:\/\/nativainfo.com\/wp-content\/uploads\/2024\/11\/imagen_2024-11-15_015824216.png\",\"contentUrl\":\"https:\/\/nativainfo.com\/wp-content\/uploads\/2024\/11\/imagen_2024-11-15_015824216.png\",\"width\":1010,\"height\":567},{\"@type\":\"BreadcrumbList\",\"@id\":\"https:\/\/nativainfo.com\/?p=4518#breadcrumb\",\"itemListElement\":[{\"@type\":\"ListItem\",\"position\":1,\"name\":\"Inicio\",\"item\":\"https:\/\/nativainfo.com\/\"},{\"@type\":\"ListItem\",\"position\":2,\"name\":\"Se ampl\u00eda la vacunaci\u00f3n contra el dengue a personas de 15 a 39 a\u00f1os en Capital\"}]},{\"@type\":\"WebSite\",\"@id\":\"https:\/\/nativainfo.com\/#website\",\"url\":\"https:\/\/nativainfo.com\/\",\"name\":\"Nativa Info\",\"description\":\"Diario Digital\",\"publisher\":{\"@id\":\"https:\/\/nativainfo.com\/#organization\"},\"potentialAction\":[{\"@type\":\"SearchAction\",\"target\":{\"@type\":\"EntryPoint\",\"urlTemplate\":\"https:\/\/nativainfo.com\/?s={search_term_string}\"},\"query-input\":{\"@type\":\"PropertyValueSpecification\",\"valueRequired\":true,\"valueName\":\"search_term_string\"}}],\"inLanguage\":\"es-AR\"},{\"@type\":\"Organization\",\"@id\":\"https:\/\/nativainfo.com\/#organization\",\"name\":\"Nativa Info\",\"url\":\"https:\/\/nativainfo.com\/\",\"logo\":{\"@type\":\"ImageObject\",\"inLanguage\":\"es-AR\",\"@id\":\"https:\/\/nativainfo.com\/#\/schema\/logo\/image\/\",\"url\":\"https:\/\/nativainfo.com\/wp-content\/uploads\/2025\/08\/LOGO-NATIVA-FACE.jpg\",\"contentUrl\":\"https:\/\/nativainfo.com\/wp-content\/uploads\/2025\/08\/LOGO-NATIVA-FACE.jpg\",\"width\":400,\"height\":400,\"caption\":\"Nativa Info\"},\"image\":{\"@id\":\"https:\/\/nativainfo.com\/#\/schema\/logo\/image\/\"},\"sameAs\":[\"https:\/\/www.facebook.com\/profile.php?id=61578881597564\"]},{\"@type\":\"Person\",\"@id\":\"https:\/\/nativainfo.com\/#\/schema\/person\/24893b64a9cd564ddb5d102d36eb4b5c\",\"name\":\"Nativa Info\",\"image\":{\"@type\":\"ImageObject\",\"inLanguage\":\"es-AR\",\"@id\":\"https:\/\/nativainfo.com\/#\/schema\/person\/image\/\",\"url\":\"https:\/\/secure.gravatar.com\/avatar\/016fa1cf068d85136d938e1507b9b619cb766e2565cbb1faa1e571762460c785?s=96&d=mm&r=g\",\"contentUrl\":\"https:\/\/secure.gravatar.com\/avatar\/016fa1cf068d85136d938e1507b9b619cb766e2565cbb1faa1e571762460c785?s=96&d=mm&r=g\",\"caption\":\"Nativa Info\"},\"sameAs\":[\"http:\/\/nativainfo.com\"],\"url\":\"https:\/\/nativainfo.com\/?author=1\"}]}<\/script>\n<!-- \/ Yoast SEO plugin. -->","yoast_head_json":{"title":"Se ampl\u00eda la vacunaci\u00f3n contra el dengue a personas de 15 a 39 a\u00f1os en Capital - Nativa Info","robots":{"index":"index","follow":"follow","max-snippet":"max-snippet:-1","max-image-preview":"max-image-preview:large","max-video-preview":"max-video-preview:-1"},"canonical":"https:\/\/nativainfo.com\/?p=4518","og_locale":"es_ES","og_type":"article","og_title":"Se ampl\u00eda la vacunaci\u00f3n contra el dengue a personas de 15 a 39 a\u00f1os en Capital - Nativa Info","og_description":"La inmunidad efectiva contra cuadros graves de dengue se obtiene aproximadamente diez d\u00edas despu\u00e9s de la segunda dosis. Esta vacuna... Continue reading","og_url":"https:\/\/nativainfo.com\/?p=4518","og_site_name":"Nativa Info","article_publisher":"https:\/\/www.facebook.com\/profile.php?id=61578881597564","article_published_time":"2024-11-15T04:58:32+00:00","article_modified_time":"2024-11-15T04:58:38+00:00","og_image":[{"url":"http:\/\/nativainfo.com\/wp-content\/uploads\/2024\/11\/imagen_2024-11-15_015824216.png","type":"","width":"","height":""}],"author":"Nativa Info","twitter_card":"summary_large_image","twitter_misc":{"Escrito por":"Nativa Info","Tiempo de lectura":"1 minuto"},"schema":{"@context":"https:\/\/schema.org","@graph":[{"@type":"Article","@id":"https:\/\/nativainfo.com\/?p=4518#article","isPartOf":{"@id":"https:\/\/nativainfo.com\/?p=4518"},"author":{"name":"Nativa Info","@id":"https:\/\/nativainfo.com\/#\/schema\/person\/24893b64a9cd564ddb5d102d36eb4b5c"},"headline":"Se ampl\u00eda la vacunaci\u00f3n contra el dengue a personas de 15 a 39 a\u00f1os en Capital","datePublished":"2024-11-15T04:58:32+00:00","dateModified":"2024-11-15T04:58:38+00:00","mainEntityOfPage":{"@id":"https:\/\/nativainfo.com\/?p=4518"},"wordCount":255,"commentCount":0,"publisher":{"@id":"https:\/\/nativainfo.com\/#organization"},"image":{"@id":"https:\/\/nativainfo.com\/?p=4518#primaryimage"},"thumbnailUrl":"http:\/\/nativainfo.com\/wp-content\/uploads\/2024\/11\/imagen_2024-11-15_015824216.png","articleSection":["Salud"],"inLanguage":"es-AR","potentialAction":[{"@type":"CommentAction","name":"Comment","target":["https:\/\/nativainfo.com\/?p=4518#respond"]}]},{"@type":"WebPage","@id":"https:\/\/nativainfo.com\/?p=4518","url":"https:\/\/nativainfo.com\/?p=4518","name":"Se ampl\u00eda la vacunaci\u00f3n contra el dengue a personas de 15 a 39 a\u00f1os en Capital - Nativa Info","isPartOf":{"@id":"https:\/\/nativainfo.com\/#website"},"primaryImageOfPage":{"@id":"https:\/\/nativainfo.com\/?p=4518#primaryimage"},"image":{"@id":"https:\/\/nativainfo.com\/?p=4518#primaryimage"},"thumbnailUrl":"http:\/\/nativainfo.com\/wp-content\/uploads\/2024\/11\/imagen_2024-11-15_015824216.png","datePublished":"2024-11-15T04:58:32+00:00","dateModified":"2024-11-15T04:58:38+00:00","breadcrumb":{"@id":"https:\/\/nativainfo.com\/?p=4518#breadcrumb"},"inLanguage":"es-AR","potentialAction":[{"@type":"ReadAction","target":["https:\/\/nativainfo.com\/?p=4518"]}]},{"@type":"ImageObject","inLanguage":"es-AR","@id":"https:\/\/nativainfo.com\/?p=4518#primaryimage","url":"https:\/\/nativainfo.com\/wp-content\/uploads\/2024\/11\/imagen_2024-11-15_015824216.png","contentUrl":"https:\/\/nativainfo.com\/wp-content\/uploads\/2024\/11\/imagen_2024-11-15_015824216.png","width":1010,"height":567},{"@type":"BreadcrumbList","@id":"https:\/\/nativainfo.com\/?p=4518#breadcrumb","itemListElement":[{"@type":"ListItem","position":1,"name":"Inicio","item":"https:\/\/nativainfo.com\/"},{"@type":"ListItem","position":2,"name":"Se ampl\u00eda la vacunaci\u00f3n contra el dengue a personas de 15 a 39 a\u00f1os en Capital"}]},{"@type":"WebSite","@id":"https:\/\/nativainfo.com\/#website","url":"https:\/\/nativainfo.com\/","name":"Nativa Info","description":"Diario Digital","publisher":{"@id":"https:\/\/nativainfo.com\/#organization"},"potentialAction":[{"@type":"SearchAction","target":{"@type":"EntryPoint","urlTemplate":"https:\/\/nativainfo.com\/?s={search_term_string}"},"query-input":{"@type":"PropertyValueSpecification","valueRequired":true,"valueName":"search_term_string"}}],"inLanguage":"es-AR"},{"@type":"Organization","@id":"https:\/\/nativainfo.com\/#organization","name":"Nativa Info","url":"https:\/\/nativainfo.com\/","logo":{"@type":"ImageObject","inLanguage":"es-AR","@id":"https:\/\/nativainfo.com\/#\/schema\/logo\/image\/","url":"https:\/\/nativainfo.com\/wp-content\/uploads\/2025\/08\/LOGO-NATIVA-FACE.jpg","contentUrl":"https:\/\/nativainfo.com\/wp-content\/uploads\/2025\/08\/LOGO-NATIVA-FACE.jpg","width":400,"height":400,"caption":"Nativa Info"},"image":{"@id":"https:\/\/nativainfo.com\/#\/schema\/logo\/image\/"},"sameAs":["https:\/\/www.facebook.com\/profile.php?id=61578881597564"]},{"@type":"Person","@id":"https:\/\/nativainfo.com\/#\/schema\/person\/24893b64a9cd564ddb5d102d36eb4b5c","name":"Nativa Info","image":{"@type":"ImageObject","inLanguage":"es-AR","@id":"https:\/\/nativainfo.com\/#\/schema\/person\/image\/","url":"https:\/\/secure.gravatar.com\/avatar\/016fa1cf068d85136d938e1507b9b619cb766e2565cbb1faa1e571762460c785?s=96&d=mm&r=g","contentUrl":"https:\/\/secure.gravatar.com\/avatar\/016fa1cf068d85136d938e1507b9b619cb766e2565cbb1faa1e571762460c785?s=96&d=mm&r=g","caption":"Nativa Info"},"sameAs":["http:\/\/nativainfo.com"],"url":"https:\/\/nativainfo.com\/?author=1"}]}},"jetpack_publicize_connections":[],"_links":{"self":[{"href":"https:\/\/nativainfo.com\/index.php?rest_route=\/wp\/v2\/posts\/4518","targetHints":{"allow":["GET"]}}],"collection":[{"href":"https:\/\/nativainfo.com\/index.php?rest_route=\/wp\/v2\/posts"}],"about":[{"href":"https:\/\/nativainfo.com\/index.php?rest_route=\/wp\/v2\/types\/post"}],"author":[{"embeddable":true,"href":"https:\/\/nativainfo.com\/index.php?rest_route=\/wp\/v2\/users\/1"}],"replies":[{"embeddable":true,"href":"https:\/\/nativainfo.com\/index.php?rest_route=%2Fwp%2Fv2%2Fcomments&post=4518"}],"version-history":[{"count":1,"href":"https:\/\/nativainfo.com\/index.php?rest_route=\/wp\/v2\/posts\/4518\/revisions"}],"predecessor-version":[{"id":4521,"href":"https:\/\/nativainfo.com\/index.php?rest_route=\/wp\/v2\/posts\/4518\/revisions\/4521"}],"wp:attachment":[{"href":"https:\/\/nativainfo.com\/index.php?rest_route=%2Fwp%2Fv2%2Fmedia&parent=4518"}],"wp:term":[{"taxonomy":"category","embeddable":true,"href":"https:\/\/nativainfo.com\/index.php?rest_route=%2Fwp%2Fv2%2Fcategories&post=4518"},{"taxonomy":"post_tag","embeddable":true,"href":"https:\/\/nativainfo.com\/index.php?rest_route=%2Fwp%2Fv2%2Ftags&post=4518"}],"curies":[{"name":"wp","href":"https:\/\/api.w.org\/{rel}","templated":true}]}}