{"id":4512,"date":"2024-11-13T00:38:13","date_gmt":"2024-11-13T03:38:13","guid":{"rendered":"http:\/\/nativainfo.com\/?p=4512"},"modified":"2024-11-13T00:38:13","modified_gmt":"2024-11-13T03:38:13","slug":"practica-abierta-para-la-seleccion-argentina-y-el-posible-equipo-para-el-duelo-contra-paraguay","status":"publish","type":"post","link":"https:\/\/nativainfo.com\/?p=4512","title":{"rendered":"Pr\u00e1ctica abierta para la Selecci\u00f3n Argentina y el posible equipo para el duelo contra Paraguay"},"content":{"rendered":"\n<p>La Albiceleste se entren\u00f3 por la tarde en el predio de Ezeiza: el ensayo fue abierto a los medios. Scaloni ya piensa en la formaci\u00f3n para el choque con el equipo de Alfaro en Asunci\u00f3n.<\/p>\n\n\n\n<figure class=\"wp-block-image size-full\"><img fetchpriority=\"high\" decoding=\"async\" width=\"1010\" height=\"567\" src=\"http:\/\/nativainfo.com\/wp-content\/uploads\/2024\/11\/imagen_2024-11-13_003805499.png\" alt=\"\" class=\"wp-image-4514\" srcset=\"https:\/\/nativainfo.com\/wp-content\/uploads\/2024\/11\/imagen_2024-11-13_003805499.png 1010w, https:\/\/nativainfo.com\/wp-content\/uploads\/2024\/11\/imagen_2024-11-13_003805499-300x168.png 300w, https:\/\/nativainfo.com\/wp-content\/uploads\/2024\/11\/imagen_2024-11-13_003805499-768x431.png 768w, https:\/\/nativainfo.com\/wp-content\/uploads\/2024\/11\/imagen_2024-11-13_003805499-623x350.png 623w, https:\/\/nativainfo.com\/wp-content\/uploads\/2024\/11\/imagen_2024-11-13_003805499-150x84.png 150w\" sizes=\"(max-width: 1010px) 100vw, 1010px\" \/><\/figure>\n\n\n\n<p>La Selecci\u00f3n Argentina llev\u00f3 a cabo este martes su segundo entrenamiento de la doble fecha FIFA en el predio de Ezeiza, prepar\u00e1ndose para enfrentar a Paraguay el jueves y recibir a Per\u00fa el martes.&nbsp;<\/p>\n\n\n\n<p>La jornada fue especial, ya que fue el primer entrenamiento con todos los convocados disponibles, a excepci\u00f3n de Facundo Medina, quien se sumar\u00e1 el mi\u00e9rcoles tras reemplazar de urgencia a Lisandro Mart\u00ednez, baja por una molestia.<\/p>\n\n\n\n<p><strong>La posible formaci\u00f3n ante Paraguay<\/strong><\/p>\n\n\n\n<p>Scaloni apostar\u00eda por la base titular en este enfrentamiento clave de las Eliminatorias rumbo al Mundial 2026. En el arco estar\u00e1 el Dibu Mart\u00ednez, mientras que la defensa ser\u00e1 la habitual: Nahuel Molina, Cristian Romero, Nicol\u00e1s Otamendi y Nicol\u00e1s Tagliafico. En el mediocampo, De Paul, Enzo Fern\u00e1ndez y Alexis Mac Allister son fijos, mientras que Messi tambi\u00e9n estar\u00e1 en la delantera. Sin embargo, el DT a\u00fan eval\u00faa el ataque, con Juli\u00e1n \u00c1lvarez y Lautaro Mart\u00ednez disput\u00e1ndose un lugar. Existe la posibilidad de que ambos jueguen juntos en un esquema 4-3-3, replicando el tridente ofensivo que brill\u00f3 en la reciente goleada 6-0 sobre Bolivia.<\/p>\n\n\n\n<p>Si Scaloni opta por una formaci\u00f3n 4-4-2, podr\u00eda sumar un mediocampista m\u00e1s en lugar de un delantero, con opciones como Lo Celso, Leandro Paredes o Thiago Almada, quien aporta mayor ofensiva. De esta manera, la probable alineaci\u00f3n ser\u00eda: Dibu Mart\u00ednez; Nahuel Molina, Cuti Romero, Nicol\u00e1s Otamendi, Nicol\u00e1s Tagliafico; Rodrigo De Paul, Enzo Fern\u00e1ndez, Alexis Mac Allister; Lionel Messi; Juli\u00e1n \u00c1lvarez y Lautaro Mart\u00ednez (o Lo Celso).<\/p>\n","protected":false},"excerpt":{"rendered":"<p>La Albiceleste se entren\u00f3 por la tarde en el predio de Ezeiza: el ensayo fue abierto a los medios. Scaloni&#8230; <a class=\"continue-reading-link\" href=\"https:\/\/nativainfo.com\/?p=4512\">Continue reading<\/a><\/p>\n","protected":false},"author":1,"featured_media":0,"comment_status":"open","ping_status":"open","sticky":false,"template":"","format":"standard","meta":{"rop_custom_images_group":[],"rop_custom_messages_group":[],"rop_publish_now":"initial","rop_publish_now_accounts":[],"rop_publish_now_history":[],"rop_publish_now_status":"pending","footnotes":"","jetpack_publicize_message":"","jetpack_publicize_feature_enabled":true,"jetpack_social_post_already_shared":false,"jetpack_social_options":{"image_generator_settings":{"template":"highway","default_image_id":0,"font":"","enabled":false},"version":2}},"categories":[41,46],"tags":[],"class_list":["post-4512","post","type-post","status-publish","format-standard","hentry","category-futbol","category-seleccion-argentina"],"yoast_head":"<!-- This site is optimized with the Yoast SEO plugin v25.6 - https:\/\/yoast.com\/wordpress\/plugins\/seo\/ -->\n<title>Pr\u00e1ctica abierta para la Selecci\u00f3n Argentina y el posible equipo para el duelo contra Paraguay - Nativa Info<\/title>\n<meta name=\"robots\" content=\"index, follow, max-snippet:-1, max-image-preview:large, max-video-preview:-1\" \/>\n<link rel=\"canonical\" href=\"https:\/\/nativainfo.com\/?p=4512\" \/>\n<meta property=\"og:locale\" content=\"es_ES\" \/>\n<meta property=\"og:type\" content=\"article\" \/>\n<meta property=\"og:title\" content=\"Pr\u00e1ctica abierta para la Selecci\u00f3n Argentina y el posible equipo para el duelo contra Paraguay - Nativa Info\" \/>\n<meta property=\"og:description\" content=\"La Albiceleste se entren\u00f3 por la tarde en el predio de Ezeiza: el ensayo fue abierto a los medios. Scaloni... Continue reading\" \/>\n<meta property=\"og:url\" content=\"https:\/\/nativainfo.com\/?p=4512\" \/>\n<meta property=\"og:site_name\" content=\"Nativa Info\" \/>\n<meta property=\"article:publisher\" content=\"https:\/\/www.facebook.com\/profile.php?id=61578881597564\" \/>\n<meta property=\"article:published_time\" content=\"2024-11-13T03:38:13+00:00\" \/>\n<meta property=\"og:image\" content=\"http:\/\/nativainfo.com\/wp-content\/uploads\/2024\/11\/imagen_2024-11-13_003805499.png\" \/>\n<meta name=\"author\" content=\"Nativa Info\" \/>\n<meta name=\"twitter:card\" content=\"summary_large_image\" \/>\n<meta name=\"twitter:label1\" content=\"Escrito por\" \/>\n\t<meta name=\"twitter:data1\" content=\"Nativa Info\" \/>\n\t<meta name=\"twitter:label2\" content=\"Tiempo de lectura\" \/>\n\t<meta name=\"twitter:data2\" content=\"2 minutos\" \/>\n<script type=\"application\/ld+json\" class=\"yoast-schema-graph\">{\"@context\":\"https:\/\/schema.org\",\"@graph\":[{\"@type\":\"Article\",\"@id\":\"https:\/\/nativainfo.com\/?p=4512#article\",\"isPartOf\":{\"@id\":\"https:\/\/nativainfo.com\/?p=4512\"},\"author\":{\"name\":\"Nativa Info\",\"@id\":\"https:\/\/nativainfo.com\/#\/schema\/person\/24893b64a9cd564ddb5d102d36eb4b5c\"},\"headline\":\"Pr\u00e1ctica abierta para la Selecci\u00f3n Argentina y el posible equipo para el duelo contra Paraguay\",\"datePublished\":\"2024-11-13T03:38:13+00:00\",\"mainEntityOfPage\":{\"@id\":\"https:\/\/nativainfo.com\/?p=4512\"},\"wordCount\":328,\"commentCount\":0,\"publisher\":{\"@id\":\"https:\/\/nativainfo.com\/#organization\"},\"image\":{\"@id\":\"https:\/\/nativainfo.com\/?p=4512#primaryimage\"},\"thumbnailUrl\":\"http:\/\/nativainfo.com\/wp-content\/uploads\/2024\/11\/imagen_2024-11-13_003805499.png\",\"articleSection\":[\"F\u00fatbol\",\"Selecci\u00f3n Argentina\"],\"inLanguage\":\"es-AR\",\"potentialAction\":[{\"@type\":\"CommentAction\",\"name\":\"Comment\",\"target\":[\"https:\/\/nativainfo.com\/?p=4512#respond\"]}]},{\"@type\":\"WebPage\",\"@id\":\"https:\/\/nativainfo.com\/?p=4512\",\"url\":\"https:\/\/nativainfo.com\/?p=4512\",\"name\":\"Pr\u00e1ctica abierta para la Selecci\u00f3n Argentina y el posible equipo para el duelo contra Paraguay - Nativa Info\",\"isPartOf\":{\"@id\":\"https:\/\/nativainfo.com\/#website\"},\"primaryImageOfPage\":{\"@id\":\"https:\/\/nativainfo.com\/?p=4512#primaryimage\"},\"image\":{\"@id\":\"https:\/\/nativainfo.com\/?p=4512#primaryimage\"},\"thumbnailUrl\":\"http:\/\/nativainfo.com\/wp-content\/uploads\/2024\/11\/imagen_2024-11-13_003805499.png\",\"datePublished\":\"2024-11-13T03:38:13+00:00\",\"breadcrumb\":{\"@id\":\"https:\/\/nativainfo.com\/?p=4512#breadcrumb\"},\"inLanguage\":\"es-AR\",\"potentialAction\":[{\"@type\":\"ReadAction\",\"target\":[\"https:\/\/nativainfo.com\/?p=4512\"]}]},{\"@type\":\"ImageObject\",\"inLanguage\":\"es-AR\",\"@id\":\"https:\/\/nativainfo.com\/?p=4512#primaryimage\",\"url\":\"https:\/\/nativainfo.com\/wp-content\/uploads\/2024\/11\/imagen_2024-11-13_003805499.png\",\"contentUrl\":\"https:\/\/nativainfo.com\/wp-content\/uploads\/2024\/11\/imagen_2024-11-13_003805499.png\",\"width\":1010,\"height\":567},{\"@type\":\"BreadcrumbList\",\"@id\":\"https:\/\/nativainfo.com\/?p=4512#breadcrumb\",\"itemListElement\":[{\"@type\":\"ListItem\",\"position\":1,\"name\":\"Inicio\",\"item\":\"https:\/\/nativainfo.com\/\"},{\"@type\":\"ListItem\",\"position\":2,\"name\":\"Pr\u00e1ctica abierta para la Selecci\u00f3n Argentina y el posible equipo para el duelo contra Paraguay\"}]},{\"@type\":\"WebSite\",\"@id\":\"https:\/\/nativainfo.com\/#website\",\"url\":\"https:\/\/nativainfo.com\/\",\"name\":\"Nativa Info\",\"description\":\"Diario Digital\",\"publisher\":{\"@id\":\"https:\/\/nativainfo.com\/#organization\"},\"potentialAction\":[{\"@type\":\"SearchAction\",\"target\":{\"@type\":\"EntryPoint\",\"urlTemplate\":\"https:\/\/nativainfo.com\/?s={search_term_string}\"},\"query-input\":{\"@type\":\"PropertyValueSpecification\",\"valueRequired\":true,\"valueName\":\"search_term_string\"}}],\"inLanguage\":\"es-AR\"},{\"@type\":\"Organization\",\"@id\":\"https:\/\/nativainfo.com\/#organization\",\"name\":\"Nativa Info\",\"url\":\"https:\/\/nativainfo.com\/\",\"logo\":{\"@type\":\"ImageObject\",\"inLanguage\":\"es-AR\",\"@id\":\"https:\/\/nativainfo.com\/#\/schema\/logo\/image\/\",\"url\":\"https:\/\/nativainfo.com\/wp-content\/uploads\/2025\/08\/LOGO-NATIVA-FACE.jpg\",\"contentUrl\":\"https:\/\/nativainfo.com\/wp-content\/uploads\/2025\/08\/LOGO-NATIVA-FACE.jpg\",\"width\":400,\"height\":400,\"caption\":\"Nativa Info\"},\"image\":{\"@id\":\"https:\/\/nativainfo.com\/#\/schema\/logo\/image\/\"},\"sameAs\":[\"https:\/\/www.facebook.com\/profile.php?id=61578881597564\"]},{\"@type\":\"Person\",\"@id\":\"https:\/\/nativainfo.com\/#\/schema\/person\/24893b64a9cd564ddb5d102d36eb4b5c\",\"name\":\"Nativa Info\",\"image\":{\"@type\":\"ImageObject\",\"inLanguage\":\"es-AR\",\"@id\":\"https:\/\/nativainfo.com\/#\/schema\/person\/image\/\",\"url\":\"https:\/\/secure.gravatar.com\/avatar\/016fa1cf068d85136d938e1507b9b619cb766e2565cbb1faa1e571762460c785?s=96&d=mm&r=g\",\"contentUrl\":\"https:\/\/secure.gravatar.com\/avatar\/016fa1cf068d85136d938e1507b9b619cb766e2565cbb1faa1e571762460c785?s=96&d=mm&r=g\",\"caption\":\"Nativa Info\"},\"sameAs\":[\"http:\/\/nativainfo.com\"],\"url\":\"https:\/\/nativainfo.com\/?author=1\"}]}<\/script>\n<!-- \/ Yoast SEO plugin. -->","yoast_head_json":{"title":"Pr\u00e1ctica abierta para la Selecci\u00f3n Argentina y el posible equipo para el duelo contra Paraguay - Nativa Info","robots":{"index":"index","follow":"follow","max-snippet":"max-snippet:-1","max-image-preview":"max-image-preview:large","max-video-preview":"max-video-preview:-1"},"canonical":"https:\/\/nativainfo.com\/?p=4512","og_locale":"es_ES","og_type":"article","og_title":"Pr\u00e1ctica abierta para la Selecci\u00f3n Argentina y el posible equipo para el duelo contra Paraguay - Nativa Info","og_description":"La Albiceleste se entren\u00f3 por la tarde en el predio de Ezeiza: el ensayo fue abierto a los medios. Scaloni... Continue reading","og_url":"https:\/\/nativainfo.com\/?p=4512","og_site_name":"Nativa Info","article_publisher":"https:\/\/www.facebook.com\/profile.php?id=61578881597564","article_published_time":"2024-11-13T03:38:13+00:00","og_image":[{"url":"http:\/\/nativainfo.com\/wp-content\/uploads\/2024\/11\/imagen_2024-11-13_003805499.png","type":"","width":"","height":""}],"author":"Nativa Info","twitter_card":"summary_large_image","twitter_misc":{"Escrito por":"Nativa Info","Tiempo de lectura":"2 minutos"},"schema":{"@context":"https:\/\/schema.org","@graph":[{"@type":"Article","@id":"https:\/\/nativainfo.com\/?p=4512#article","isPartOf":{"@id":"https:\/\/nativainfo.com\/?p=4512"},"author":{"name":"Nativa Info","@id":"https:\/\/nativainfo.com\/#\/schema\/person\/24893b64a9cd564ddb5d102d36eb4b5c"},"headline":"Pr\u00e1ctica abierta para la Selecci\u00f3n Argentina y el posible equipo para el duelo contra Paraguay","datePublished":"2024-11-13T03:38:13+00:00","mainEntityOfPage":{"@id":"https:\/\/nativainfo.com\/?p=4512"},"wordCount":328,"commentCount":0,"publisher":{"@id":"https:\/\/nativainfo.com\/#organization"},"image":{"@id":"https:\/\/nativainfo.com\/?p=4512#primaryimage"},"thumbnailUrl":"http:\/\/nativainfo.com\/wp-content\/uploads\/2024\/11\/imagen_2024-11-13_003805499.png","articleSection":["F\u00fatbol","Selecci\u00f3n Argentina"],"inLanguage":"es-AR","potentialAction":[{"@type":"CommentAction","name":"Comment","target":["https:\/\/nativainfo.com\/?p=4512#respond"]}]},{"@type":"WebPage","@id":"https:\/\/nativainfo.com\/?p=4512","url":"https:\/\/nativainfo.com\/?p=4512","name":"Pr\u00e1ctica abierta para la Selecci\u00f3n Argentina y el posible equipo para el duelo contra Paraguay - Nativa Info","isPartOf":{"@id":"https:\/\/nativainfo.com\/#website"},"primaryImageOfPage":{"@id":"https:\/\/nativainfo.com\/?p=4512#primaryimage"},"image":{"@id":"https:\/\/nativainfo.com\/?p=4512#primaryimage"},"thumbnailUrl":"http:\/\/nativainfo.com\/wp-content\/uploads\/2024\/11\/imagen_2024-11-13_003805499.png","datePublished":"2024-11-13T03:38:13+00:00","breadcrumb":{"@id":"https:\/\/nativainfo.com\/?p=4512#breadcrumb"},"inLanguage":"es-AR","potentialAction":[{"@type":"ReadAction","target":["https:\/\/nativainfo.com\/?p=4512"]}]},{"@type":"ImageObject","inLanguage":"es-AR","@id":"https:\/\/nativainfo.com\/?p=4512#primaryimage","url":"https:\/\/nativainfo.com\/wp-content\/uploads\/2024\/11\/imagen_2024-11-13_003805499.png","contentUrl":"https:\/\/nativainfo.com\/wp-content\/uploads\/2024\/11\/imagen_2024-11-13_003805499.png","width":1010,"height":567},{"@type":"BreadcrumbList","@id":"https:\/\/nativainfo.com\/?p=4512#breadcrumb","itemListElement":[{"@type":"ListItem","position":1,"name":"Inicio","item":"https:\/\/nativainfo.com\/"},{"@type":"ListItem","position":2,"name":"Pr\u00e1ctica abierta para la Selecci\u00f3n Argentina y el posible equipo para el duelo contra Paraguay"}]},{"@type":"WebSite","@id":"https:\/\/nativainfo.com\/#website","url":"https:\/\/nativainfo.com\/","name":"Nativa Info","description":"Diario Digital","publisher":{"@id":"https:\/\/nativainfo.com\/#organization"},"potentialAction":[{"@type":"SearchAction","target":{"@type":"EntryPoint","urlTemplate":"https:\/\/nativainfo.com\/?s={search_term_string}"},"query-input":{"@type":"PropertyValueSpecification","valueRequired":true,"valueName":"search_term_string"}}],"inLanguage":"es-AR"},{"@type":"Organization","@id":"https:\/\/nativainfo.com\/#organization","name":"Nativa Info","url":"https:\/\/nativainfo.com\/","logo":{"@type":"ImageObject","inLanguage":"es-AR","@id":"https:\/\/nativainfo.com\/#\/schema\/logo\/image\/","url":"https:\/\/nativainfo.com\/wp-content\/uploads\/2025\/08\/LOGO-NATIVA-FACE.jpg","contentUrl":"https:\/\/nativainfo.com\/wp-content\/uploads\/2025\/08\/LOGO-NATIVA-FACE.jpg","width":400,"height":400,"caption":"Nativa Info"},"image":{"@id":"https:\/\/nativainfo.com\/#\/schema\/logo\/image\/"},"sameAs":["https:\/\/www.facebook.com\/profile.php?id=61578881597564"]},{"@type":"Person","@id":"https:\/\/nativainfo.com\/#\/schema\/person\/24893b64a9cd564ddb5d102d36eb4b5c","name":"Nativa Info","image":{"@type":"ImageObject","inLanguage":"es-AR","@id":"https:\/\/nativainfo.com\/#\/schema\/person\/image\/","url":"https:\/\/secure.gravatar.com\/avatar\/016fa1cf068d85136d938e1507b9b619cb766e2565cbb1faa1e571762460c785?s=96&d=mm&r=g","contentUrl":"https:\/\/secure.gravatar.com\/avatar\/016fa1cf068d85136d938e1507b9b619cb766e2565cbb1faa1e571762460c785?s=96&d=mm&r=g","caption":"Nativa Info"},"sameAs":["http:\/\/nativainfo.com"],"url":"https:\/\/nativainfo.com\/?author=1"}]}},"jetpack_publicize_connections":[],"_links":{"self":[{"href":"https:\/\/nativainfo.com\/index.php?rest_route=\/wp\/v2\/posts\/4512","targetHints":{"allow":["GET"]}}],"collection":[{"href":"https:\/\/nativainfo.com\/index.php?rest_route=\/wp\/v2\/posts"}],"about":[{"href":"https:\/\/nativainfo.com\/index.php?rest_route=\/wp\/v2\/types\/post"}],"author":[{"embeddable":true,"href":"https:\/\/nativainfo.com\/index.php?rest_route=\/wp\/v2\/users\/1"}],"replies":[{"embeddable":true,"href":"https:\/\/nativainfo.com\/index.php?rest_route=%2Fwp%2Fv2%2Fcomments&post=4512"}],"version-history":[{"count":1,"href":"https:\/\/nativainfo.com\/index.php?rest_route=\/wp\/v2\/posts\/4512\/revisions"}],"predecessor-version":[{"id":4515,"href":"https:\/\/nativainfo.com\/index.php?rest_route=\/wp\/v2\/posts\/4512\/revisions\/4515"}],"wp:attachment":[{"href":"https:\/\/nativainfo.com\/index.php?rest_route=%2Fwp%2Fv2%2Fmedia&parent=4512"}],"wp:term":[{"taxonomy":"category","embeddable":true,"href":"https:\/\/nativainfo.com\/index.php?rest_route=%2Fwp%2Fv2%2Fcategories&post=4512"},{"taxonomy":"post_tag","embeddable":true,"href":"https:\/\/nativainfo.com\/index.php?rest_route=%2Fwp%2Fv2%2Ftags&post=4512"}],"curies":[{"name":"wp","href":"https:\/\/api.w.org\/{rel}","templated":true}]}}