{"id":4477,"date":"2024-10-09T02:11:52","date_gmt":"2024-10-09T05:11:52","guid":{"rendered":"http:\/\/nativainfo.com\/?p=4477"},"modified":"2024-10-09T02:11:53","modified_gmt":"2024-10-09T05:11:53","slug":"santiago-se-transforma-una-vez-mas-en-la-capital-nacional-del-taekwon-do-itf-oficial","status":"publish","type":"post","link":"https:\/\/nativainfo.com\/?p=4477","title":{"rendered":"Santiago se transforma, una vez m\u00e1s, en la Capital Nacional del Taekwon-Do ITF Oficial"},"content":{"rendered":"\n<figure class=\"wp-block-image size-full\"><img fetchpriority=\"high\" decoding=\"async\" width=\"1010\" height=\"567\" src=\"http:\/\/nativainfo.com\/wp-content\/uploads\/2024\/10\/imagen_2024-10-09_021138765.png\" alt=\"\" class=\"wp-image-4480\" srcset=\"https:\/\/nativainfo.com\/wp-content\/uploads\/2024\/10\/imagen_2024-10-09_021138765.png 1010w, https:\/\/nativainfo.com\/wp-content\/uploads\/2024\/10\/imagen_2024-10-09_021138765-300x168.png 300w, https:\/\/nativainfo.com\/wp-content\/uploads\/2024\/10\/imagen_2024-10-09_021138765-768x431.png 768w, https:\/\/nativainfo.com\/wp-content\/uploads\/2024\/10\/imagen_2024-10-09_021138765-623x350.png 623w, https:\/\/nativainfo.com\/wp-content\/uploads\/2024\/10\/imagen_2024-10-09_021138765-150x84.png 150w\" sizes=\"(max-width: 1010px) 100vw, 1010px\" \/><\/figure>\n\n\n\n<p>A 72 horas del Inicio del XXXV Campeonato Argentino de Taekwon-Do ITF Oficial, ya se vive la previa , con la ansiedad que genera este evento denominado el m\u00e1s Argentino de los Campeonatos de Taekwon-Do ITF, dado que dir\u00e1n presente todas las provincias argentinas, que en esta ocasi\u00f3n, tiene un atractivo especial dado que es Selectivo para el ITF World Championship de Italia 2025, lo que gener\u00f3 el registro de m\u00e1s de un millar de competidores.&nbsp;<\/p>\n\n\n\n<p>El Nodo Tecnol\u00f3gico una vez m\u00e1s ser\u00e1 sede de un evento de gran magnitud , como lo fue hace 2 a\u00f1os la Copa del Mundo. El d\u00eda viernes 11 desde las 9 hs ser\u00e1 el pesaje de todas las categor\u00edas Gup y Danes. Para lo que se dispondr\u00e1 de 4 estaciones de control de pesos.\u00a0<\/p>\n\n\n\n<p>A 72 horas del Inicio del XXXV Campeonato Argentino de Taekwon-Do ITF Oficial, ya se vive la previa , con la ansiedad que genera este evento denominado el m\u00e1s Argentino de los Campeonatos de Taekwon-Do ITF, dado que dir\u00e1n presente todas las provincias argentinas, que en esta ocasi\u00f3n, tiene un atractivo especial dado que es Selectivo para el ITF World Championship de Italia 2025, lo que gener\u00f3 el registro de m\u00e1s de un millar de competidores.&nbsp;<\/p>\n\n\n\n<p>El Nodo Tecnol\u00f3gico una vez m\u00e1s ser\u00e1 sede de un evento de gran magnitud , como lo fue hace 2 a\u00f1os la Copa del Mundo. El d\u00eda viernes 11 desde las 9 hs ser\u00e1 el pesaje de todas las categor\u00edas Gup y Danes. Para lo que se dispondr\u00e1 de 4 estaciones de control de pesos.&nbsp;<\/p>\n\n\n\n<p>EL ANUAL SE REANUDAR\u00c1 ESTE DOMINGO CON EL CAP\u00cdTULO IIEst\u00e1 confirmada la participaci\u00f3n de competidores del Club Atl\u00e9tico River Plate, a los que se sumar\u00e1n representantes de Mendoza, C\u00f3rdoba, Santa Fe, Tucum\u00e1n y todos los dojang oficiales de Santiago.<br>SE VIENE LA 2\u00b0 FECHA DEL CAMPEONATO ANUAL DE TAEKWON-DO&nbsp;<br>A las 16 hs en el Salon Auditorium del Nodo se realizar\u00e1 la Cl\u00ednica de Umpires ( Jueces) que ser\u00e1n los encargados de evaluar a los competidores.<\/p>\n\n\n\n<p>Los d\u00edas 12 y 13 ser\u00e1 la competencia, que se llevar\u00e1 a cabo en 10 \u00e1reas reglamentarias en forma simult\u00e1nea, configurando un hecho hist\u00f3rico para el pa\u00eds.&nbsp;&nbsp;<\/p>\n\n\n\n<p>El acto inaugural con la presencia de las autoridades provinciales y del deporte, ser\u00e1 a las 11 hs del S\u00e1bado 12 de Octubre.\u00a0<\/p>\n\n\n\n<p><br>Fuente: El Liberal<br><br><\/p>\n","protected":false},"excerpt":{"rendered":"<p>A 72 horas del Inicio del XXXV Campeonato Argentino de Taekwon-Do ITF Oficial, ya se vive la previa , con&#8230; <a class=\"continue-reading-link\" href=\"https:\/\/nativainfo.com\/?p=4477\">Continue reading<\/a><\/p>\n","protected":false},"author":1,"featured_media":0,"comment_status":"open","ping_status":"open","sticky":false,"template":"","format":"standard","meta":{"rop_custom_images_group":[],"rop_custom_messages_group":[],"rop_publish_now":"initial","rop_publish_now_accounts":[],"rop_publish_now_history":[],"rop_publish_now_status":"pending","footnotes":"","jetpack_publicize_message":"","jetpack_publicize_feature_enabled":true,"jetpack_social_post_already_shared":false,"jetpack_social_options":{"image_generator_settings":{"template":"highway","default_image_id":0,"font":"","enabled":false},"version":2}},"categories":[10,40],"tags":[],"class_list":["post-4477","post","type-post","status-publish","format-standard","hentry","category-deportes","category-santiago-del-estero"],"yoast_head":"<!-- This site is optimized with the Yoast SEO plugin v25.6 - https:\/\/yoast.com\/wordpress\/plugins\/seo\/ -->\n<title>Santiago se transforma, una vez m\u00e1s, en la Capital Nacional del Taekwon-Do ITF Oficial - Nativa Info<\/title>\n<meta name=\"robots\" content=\"index, follow, max-snippet:-1, max-image-preview:large, max-video-preview:-1\" \/>\n<link rel=\"canonical\" href=\"https:\/\/nativainfo.com\/?p=4477\" \/>\n<meta property=\"og:locale\" content=\"es_ES\" \/>\n<meta property=\"og:type\" content=\"article\" \/>\n<meta property=\"og:title\" content=\"Santiago se transforma, una vez m\u00e1s, en la Capital Nacional del Taekwon-Do ITF Oficial - Nativa Info\" \/>\n<meta property=\"og:description\" content=\"A 72 horas del Inicio del XXXV Campeonato Argentino de Taekwon-Do ITF Oficial, ya se vive la previa , con... Continue reading\" \/>\n<meta property=\"og:url\" content=\"https:\/\/nativainfo.com\/?p=4477\" \/>\n<meta property=\"og:site_name\" content=\"Nativa Info\" \/>\n<meta property=\"article:publisher\" content=\"https:\/\/www.facebook.com\/profile.php?id=61578881597564\" \/>\n<meta property=\"article:published_time\" content=\"2024-10-09T05:11:52+00:00\" \/>\n<meta property=\"article:modified_time\" content=\"2024-10-09T05:11:53+00:00\" \/>\n<meta property=\"og:image\" content=\"http:\/\/nativainfo.com\/wp-content\/uploads\/2024\/10\/imagen_2024-10-09_021138765.png\" \/>\n<meta name=\"author\" content=\"Nativa Info\" \/>\n<meta name=\"twitter:card\" content=\"summary_large_image\" \/>\n<meta name=\"twitter:label1\" content=\"Escrito por\" \/>\n\t<meta name=\"twitter:data1\" content=\"Nativa Info\" \/>\n\t<meta name=\"twitter:label2\" content=\"Tiempo de lectura\" \/>\n\t<meta name=\"twitter:data2\" content=\"2 minutos\" \/>\n<script type=\"application\/ld+json\" class=\"yoast-schema-graph\">{\"@context\":\"https:\/\/schema.org\",\"@graph\":[{\"@type\":\"Article\",\"@id\":\"https:\/\/nativainfo.com\/?p=4477#article\",\"isPartOf\":{\"@id\":\"https:\/\/nativainfo.com\/?p=4477\"},\"author\":{\"name\":\"Nativa Info\",\"@id\":\"https:\/\/nativainfo.com\/#\/schema\/person\/24893b64a9cd564ddb5d102d36eb4b5c\"},\"headline\":\"Santiago se transforma, una vez m\u00e1s, en la Capital Nacional del Taekwon-Do ITF Oficial\",\"datePublished\":\"2024-10-09T05:11:52+00:00\",\"dateModified\":\"2024-10-09T05:11:53+00:00\",\"mainEntityOfPage\":{\"@id\":\"https:\/\/nativainfo.com\/?p=4477\"},\"wordCount\":419,\"commentCount\":0,\"publisher\":{\"@id\":\"https:\/\/nativainfo.com\/#organization\"},\"image\":{\"@id\":\"https:\/\/nativainfo.com\/?p=4477#primaryimage\"},\"thumbnailUrl\":\"http:\/\/nativainfo.com\/wp-content\/uploads\/2024\/10\/imagen_2024-10-09_021138765.png\",\"articleSection\":[\"Deportes\",\"Santiago del Estero\"],\"inLanguage\":\"es-AR\",\"potentialAction\":[{\"@type\":\"CommentAction\",\"name\":\"Comment\",\"target\":[\"https:\/\/nativainfo.com\/?p=4477#respond\"]}]},{\"@type\":\"WebPage\",\"@id\":\"https:\/\/nativainfo.com\/?p=4477\",\"url\":\"https:\/\/nativainfo.com\/?p=4477\",\"name\":\"Santiago se transforma, una vez m\u00e1s, en la Capital Nacional del Taekwon-Do ITF Oficial - Nativa Info\",\"isPartOf\":{\"@id\":\"https:\/\/nativainfo.com\/#website\"},\"primaryImageOfPage\":{\"@id\":\"https:\/\/nativainfo.com\/?p=4477#primaryimage\"},\"image\":{\"@id\":\"https:\/\/nativainfo.com\/?p=4477#primaryimage\"},\"thumbnailUrl\":\"http:\/\/nativainfo.com\/wp-content\/uploads\/2024\/10\/imagen_2024-10-09_021138765.png\",\"datePublished\":\"2024-10-09T05:11:52+00:00\",\"dateModified\":\"2024-10-09T05:11:53+00:00\",\"breadcrumb\":{\"@id\":\"https:\/\/nativainfo.com\/?p=4477#breadcrumb\"},\"inLanguage\":\"es-AR\",\"potentialAction\":[{\"@type\":\"ReadAction\",\"target\":[\"https:\/\/nativainfo.com\/?p=4477\"]}]},{\"@type\":\"ImageObject\",\"inLanguage\":\"es-AR\",\"@id\":\"https:\/\/nativainfo.com\/?p=4477#primaryimage\",\"url\":\"https:\/\/nativainfo.com\/wp-content\/uploads\/2024\/10\/imagen_2024-10-09_021138765.png\",\"contentUrl\":\"https:\/\/nativainfo.com\/wp-content\/uploads\/2024\/10\/imagen_2024-10-09_021138765.png\",\"width\":1010,\"height\":567},{\"@type\":\"BreadcrumbList\",\"@id\":\"https:\/\/nativainfo.com\/?p=4477#breadcrumb\",\"itemListElement\":[{\"@type\":\"ListItem\",\"position\":1,\"name\":\"Inicio\",\"item\":\"https:\/\/nativainfo.com\/\"},{\"@type\":\"ListItem\",\"position\":2,\"name\":\"Santiago se transforma, una vez m\u00e1s, en la Capital Nacional del Taekwon-Do ITF Oficial\"}]},{\"@type\":\"WebSite\",\"@id\":\"https:\/\/nativainfo.com\/#website\",\"url\":\"https:\/\/nativainfo.com\/\",\"name\":\"Nativa Info\",\"description\":\"Diario Digital\",\"publisher\":{\"@id\":\"https:\/\/nativainfo.com\/#organization\"},\"potentialAction\":[{\"@type\":\"SearchAction\",\"target\":{\"@type\":\"EntryPoint\",\"urlTemplate\":\"https:\/\/nativainfo.com\/?s={search_term_string}\"},\"query-input\":{\"@type\":\"PropertyValueSpecification\",\"valueRequired\":true,\"valueName\":\"search_term_string\"}}],\"inLanguage\":\"es-AR\"},{\"@type\":\"Organization\",\"@id\":\"https:\/\/nativainfo.com\/#organization\",\"name\":\"Nativa Info\",\"url\":\"https:\/\/nativainfo.com\/\",\"logo\":{\"@type\":\"ImageObject\",\"inLanguage\":\"es-AR\",\"@id\":\"https:\/\/nativainfo.com\/#\/schema\/logo\/image\/\",\"url\":\"https:\/\/nativainfo.com\/wp-content\/uploads\/2025\/08\/LOGO-NATIVA-FACE.jpg\",\"contentUrl\":\"https:\/\/nativainfo.com\/wp-content\/uploads\/2025\/08\/LOGO-NATIVA-FACE.jpg\",\"width\":400,\"height\":400,\"caption\":\"Nativa Info\"},\"image\":{\"@id\":\"https:\/\/nativainfo.com\/#\/schema\/logo\/image\/\"},\"sameAs\":[\"https:\/\/www.facebook.com\/profile.php?id=61578881597564\"]},{\"@type\":\"Person\",\"@id\":\"https:\/\/nativainfo.com\/#\/schema\/person\/24893b64a9cd564ddb5d102d36eb4b5c\",\"name\":\"Nativa Info\",\"image\":{\"@type\":\"ImageObject\",\"inLanguage\":\"es-AR\",\"@id\":\"https:\/\/nativainfo.com\/#\/schema\/person\/image\/\",\"url\":\"https:\/\/secure.gravatar.com\/avatar\/016fa1cf068d85136d938e1507b9b619cb766e2565cbb1faa1e571762460c785?s=96&d=mm&r=g\",\"contentUrl\":\"https:\/\/secure.gravatar.com\/avatar\/016fa1cf068d85136d938e1507b9b619cb766e2565cbb1faa1e571762460c785?s=96&d=mm&r=g\",\"caption\":\"Nativa Info\"},\"sameAs\":[\"http:\/\/nativainfo.com\"],\"url\":\"https:\/\/nativainfo.com\/?author=1\"}]}<\/script>\n<!-- \/ Yoast SEO plugin. -->","yoast_head_json":{"title":"Santiago se transforma, una vez m\u00e1s, en la Capital Nacional del Taekwon-Do ITF Oficial - Nativa Info","robots":{"index":"index","follow":"follow","max-snippet":"max-snippet:-1","max-image-preview":"max-image-preview:large","max-video-preview":"max-video-preview:-1"},"canonical":"https:\/\/nativainfo.com\/?p=4477","og_locale":"es_ES","og_type":"article","og_title":"Santiago se transforma, una vez m\u00e1s, en la Capital Nacional del Taekwon-Do ITF Oficial - Nativa Info","og_description":"A 72 horas del Inicio del XXXV Campeonato Argentino de Taekwon-Do ITF Oficial, ya se vive la previa , con... Continue reading","og_url":"https:\/\/nativainfo.com\/?p=4477","og_site_name":"Nativa Info","article_publisher":"https:\/\/www.facebook.com\/profile.php?id=61578881597564","article_published_time":"2024-10-09T05:11:52+00:00","article_modified_time":"2024-10-09T05:11:53+00:00","og_image":[{"url":"http:\/\/nativainfo.com\/wp-content\/uploads\/2024\/10\/imagen_2024-10-09_021138765.png","type":"","width":"","height":""}],"author":"Nativa Info","twitter_card":"summary_large_image","twitter_misc":{"Escrito por":"Nativa Info","Tiempo de lectura":"2 minutos"},"schema":{"@context":"https:\/\/schema.org","@graph":[{"@type":"Article","@id":"https:\/\/nativainfo.com\/?p=4477#article","isPartOf":{"@id":"https:\/\/nativainfo.com\/?p=4477"},"author":{"name":"Nativa Info","@id":"https:\/\/nativainfo.com\/#\/schema\/person\/24893b64a9cd564ddb5d102d36eb4b5c"},"headline":"Santiago se transforma, una vez m\u00e1s, en la Capital Nacional del Taekwon-Do ITF Oficial","datePublished":"2024-10-09T05:11:52+00:00","dateModified":"2024-10-09T05:11:53+00:00","mainEntityOfPage":{"@id":"https:\/\/nativainfo.com\/?p=4477"},"wordCount":419,"commentCount":0,"publisher":{"@id":"https:\/\/nativainfo.com\/#organization"},"image":{"@id":"https:\/\/nativainfo.com\/?p=4477#primaryimage"},"thumbnailUrl":"http:\/\/nativainfo.com\/wp-content\/uploads\/2024\/10\/imagen_2024-10-09_021138765.png","articleSection":["Deportes","Santiago del Estero"],"inLanguage":"es-AR","potentialAction":[{"@type":"CommentAction","name":"Comment","target":["https:\/\/nativainfo.com\/?p=4477#respond"]}]},{"@type":"WebPage","@id":"https:\/\/nativainfo.com\/?p=4477","url":"https:\/\/nativainfo.com\/?p=4477","name":"Santiago se transforma, una vez m\u00e1s, en la Capital Nacional del Taekwon-Do ITF Oficial - Nativa Info","isPartOf":{"@id":"https:\/\/nativainfo.com\/#website"},"primaryImageOfPage":{"@id":"https:\/\/nativainfo.com\/?p=4477#primaryimage"},"image":{"@id":"https:\/\/nativainfo.com\/?p=4477#primaryimage"},"thumbnailUrl":"http:\/\/nativainfo.com\/wp-content\/uploads\/2024\/10\/imagen_2024-10-09_021138765.png","datePublished":"2024-10-09T05:11:52+00:00","dateModified":"2024-10-09T05:11:53+00:00","breadcrumb":{"@id":"https:\/\/nativainfo.com\/?p=4477#breadcrumb"},"inLanguage":"es-AR","potentialAction":[{"@type":"ReadAction","target":["https:\/\/nativainfo.com\/?p=4477"]}]},{"@type":"ImageObject","inLanguage":"es-AR","@id":"https:\/\/nativainfo.com\/?p=4477#primaryimage","url":"https:\/\/nativainfo.com\/wp-content\/uploads\/2024\/10\/imagen_2024-10-09_021138765.png","contentUrl":"https:\/\/nativainfo.com\/wp-content\/uploads\/2024\/10\/imagen_2024-10-09_021138765.png","width":1010,"height":567},{"@type":"BreadcrumbList","@id":"https:\/\/nativainfo.com\/?p=4477#breadcrumb","itemListElement":[{"@type":"ListItem","position":1,"name":"Inicio","item":"https:\/\/nativainfo.com\/"},{"@type":"ListItem","position":2,"name":"Santiago se transforma, una vez m\u00e1s, en la Capital Nacional del Taekwon-Do ITF Oficial"}]},{"@type":"WebSite","@id":"https:\/\/nativainfo.com\/#website","url":"https:\/\/nativainfo.com\/","name":"Nativa Info","description":"Diario Digital","publisher":{"@id":"https:\/\/nativainfo.com\/#organization"},"potentialAction":[{"@type":"SearchAction","target":{"@type":"EntryPoint","urlTemplate":"https:\/\/nativainfo.com\/?s={search_term_string}"},"query-input":{"@type":"PropertyValueSpecification","valueRequired":true,"valueName":"search_term_string"}}],"inLanguage":"es-AR"},{"@type":"Organization","@id":"https:\/\/nativainfo.com\/#organization","name":"Nativa Info","url":"https:\/\/nativainfo.com\/","logo":{"@type":"ImageObject","inLanguage":"es-AR","@id":"https:\/\/nativainfo.com\/#\/schema\/logo\/image\/","url":"https:\/\/nativainfo.com\/wp-content\/uploads\/2025\/08\/LOGO-NATIVA-FACE.jpg","contentUrl":"https:\/\/nativainfo.com\/wp-content\/uploads\/2025\/08\/LOGO-NATIVA-FACE.jpg","width":400,"height":400,"caption":"Nativa Info"},"image":{"@id":"https:\/\/nativainfo.com\/#\/schema\/logo\/image\/"},"sameAs":["https:\/\/www.facebook.com\/profile.php?id=61578881597564"]},{"@type":"Person","@id":"https:\/\/nativainfo.com\/#\/schema\/person\/24893b64a9cd564ddb5d102d36eb4b5c","name":"Nativa Info","image":{"@type":"ImageObject","inLanguage":"es-AR","@id":"https:\/\/nativainfo.com\/#\/schema\/person\/image\/","url":"https:\/\/secure.gravatar.com\/avatar\/016fa1cf068d85136d938e1507b9b619cb766e2565cbb1faa1e571762460c785?s=96&d=mm&r=g","contentUrl":"https:\/\/secure.gravatar.com\/avatar\/016fa1cf068d85136d938e1507b9b619cb766e2565cbb1faa1e571762460c785?s=96&d=mm&r=g","caption":"Nativa Info"},"sameAs":["http:\/\/nativainfo.com"],"url":"https:\/\/nativainfo.com\/?author=1"}]}},"jetpack_publicize_connections":[],"_links":{"self":[{"href":"https:\/\/nativainfo.com\/index.php?rest_route=\/wp\/v2\/posts\/4477","targetHints":{"allow":["GET"]}}],"collection":[{"href":"https:\/\/nativainfo.com\/index.php?rest_route=\/wp\/v2\/posts"}],"about":[{"href":"https:\/\/nativainfo.com\/index.php?rest_route=\/wp\/v2\/types\/post"}],"author":[{"embeddable":true,"href":"https:\/\/nativainfo.com\/index.php?rest_route=\/wp\/v2\/users\/1"}],"replies":[{"embeddable":true,"href":"https:\/\/nativainfo.com\/index.php?rest_route=%2Fwp%2Fv2%2Fcomments&post=4477"}],"version-history":[{"count":1,"href":"https:\/\/nativainfo.com\/index.php?rest_route=\/wp\/v2\/posts\/4477\/revisions"}],"predecessor-version":[{"id":4481,"href":"https:\/\/nativainfo.com\/index.php?rest_route=\/wp\/v2\/posts\/4477\/revisions\/4481"}],"wp:attachment":[{"href":"https:\/\/nativainfo.com\/index.php?rest_route=%2Fwp%2Fv2%2Fmedia&parent=4477"}],"wp:term":[{"taxonomy":"category","embeddable":true,"href":"https:\/\/nativainfo.com\/index.php?rest_route=%2Fwp%2Fv2%2Fcategories&post=4477"},{"taxonomy":"post_tag","embeddable":true,"href":"https:\/\/nativainfo.com\/index.php?rest_route=%2Fwp%2Fv2%2Ftags&post=4477"}],"curies":[{"name":"wp","href":"https:\/\/api.w.org\/{rel}","templated":true}]}}