{"id":4476,"date":"2024-10-09T02:06:27","date_gmt":"2024-10-09T05:06:27","guid":{"rendered":"http:\/\/nativainfo.com\/?p=4476"},"modified":"2024-10-09T02:06:27","modified_gmt":"2024-10-09T05:06:27","slug":"zamora-inauguro-el-bo-parque-del-rio-i-y-pidio-dejar-de-lado-politicas-donde-todo-tiene-que-ver-con-recortes","status":"publish","type":"post","link":"https:\/\/nativainfo.com\/?p=4476","title":{"rendered":"Zamora inaugur\u00f3 el B\u00ba Parque del R\u00edo I y pidi\u00f3 dejar de lado &#8220;pol\u00edticas donde todo tiene que ver con recortes&#8221;"},"content":{"rendered":"\n<p>El gobernador encabez\u00f3 el acto de entrega de 468 viviendas en el sur de la ciudad y volvi\u00f3 a lanzar un en\u00e9rgico mensaje contra las pol\u00edticas de ajuste del Ejecutivo Nacional.<\/p>\n\n\n\n<figure class=\"wp-block-image size-full\"><img fetchpriority=\"high\" decoding=\"async\" width=\"1010\" height=\"567\" src=\"http:\/\/nativainfo.com\/wp-content\/uploads\/2024\/10\/imagen_2024-10-09_020612048.png\" alt=\"\" class=\"wp-image-4478\" srcset=\"https:\/\/nativainfo.com\/wp-content\/uploads\/2024\/10\/imagen_2024-10-09_020612048.png 1010w, https:\/\/nativainfo.com\/wp-content\/uploads\/2024\/10\/imagen_2024-10-09_020612048-300x168.png 300w, https:\/\/nativainfo.com\/wp-content\/uploads\/2024\/10\/imagen_2024-10-09_020612048-768x431.png 768w, https:\/\/nativainfo.com\/wp-content\/uploads\/2024\/10\/imagen_2024-10-09_020612048-623x350.png 623w, https:\/\/nativainfo.com\/wp-content\/uploads\/2024\/10\/imagen_2024-10-09_020612048-150x84.png 150w\" sizes=\"(max-width: 1010px) 100vw, 1010px\" \/><\/figure>\n\n\n\n<p>El&nbsp;<strong>gobernador Gerardo Zamora<\/strong>&nbsp;encabez\u00f3 este martes por la ma\u00f1ana el acto de entrega de 468 viviendas en el barrio Parque del R\u00edo Uno, que cuenta con todos los servicios y un amplio y moderno espacio lineal de esparcimiento completamente equipado, ubicado en la zona sur de la ciudad&nbsp;<strong>Capital<\/strong>. Tambi\u00e9n dej\u00f3 inaugurado el&nbsp;<strong>Nodo de Atenci\u00f3n Ciudadana<\/strong>, localizado en este mismo sector.<\/p>\n\n\n\n<p>El mandatario estuvo acompa\u00f1ado por el vicegobernador&nbsp;<strong>Carlos Silva Neder<\/strong>; los ministros de Obras P\u00fablicas,&nbsp;<strong>Aldo Hid<\/strong>, y de Justicia,&nbsp;<strong>Matilde O\u00b4Mill<\/strong>&nbsp;y la intendente&nbsp;<strong>Norma Fuentes<\/strong>. Adem\u00e1s del secretario de Obras P\u00fablicas,&nbsp;<strong>Jorge Zua\u00edn<\/strong>; el presidente del Instituto Provincial de Vivienda y Urbanismo,&nbsp;<strong>Augusto Du Bois<\/strong>, y la secretaria t\u00e9cnica del Ipvu,&nbsp;<strong>Sara Ayuch<\/strong>, entre otros.<\/p>\n\n\n\n<p>La actividad comenz\u00f3 en el&nbsp;<strong>Nodo de Atenci\u00f3n Ciudadana, ejecutado por el IPVU<\/strong>, donde las autoridades hicieron un recorrido por cada una de las dependencias donde se encuentran un Centro de Atenci\u00f3n Primaria de la Salud; una delegaci\u00f3n del&nbsp;<strong>Registro Civil<\/strong>; una oficina de Gesti\u00f3n Municipal, un puesto de la Polic\u00eda la Provincia y el \u00e1rea de Atenci\u00f3n al Vecino.<\/p>\n","protected":false},"excerpt":{"rendered":"<p>El gobernador encabez\u00f3 el acto de entrega de 468 viviendas en el sur de la ciudad y volvi\u00f3 a lanzar&#8230; <a class=\"continue-reading-link\" href=\"https:\/\/nativainfo.com\/?p=4476\">Continue reading<\/a><\/p>\n","protected":false},"author":1,"featured_media":0,"comment_status":"open","ping_status":"open","sticky":false,"template":"","format":"standard","meta":{"rop_custom_images_group":[],"rop_custom_messages_group":[],"rop_publish_now":"initial","rop_publish_now_accounts":[],"rop_publish_now_history":[],"rop_publish_now_status":"pending","footnotes":"","jetpack_publicize_message":"","jetpack_publicize_feature_enabled":true,"jetpack_social_post_already_shared":false,"jetpack_social_options":{"image_generator_settings":{"template":"highway","default_image_id":0,"font":"","enabled":false},"version":2}},"categories":[40],"tags":[],"class_list":["post-4476","post","type-post","status-publish","format-standard","hentry","category-santiago-del-estero"],"yoast_head":"<!-- This site is optimized with the Yoast SEO plugin v25.6 - https:\/\/yoast.com\/wordpress\/plugins\/seo\/ -->\n<title>Zamora inaugur\u00f3 el B\u00ba Parque del R\u00edo I y pidi\u00f3 dejar de lado &quot;pol\u00edticas donde todo tiene que ver con recortes&quot; - Nativa Info<\/title>\n<meta name=\"robots\" content=\"index, follow, max-snippet:-1, max-image-preview:large, max-video-preview:-1\" \/>\n<link rel=\"canonical\" href=\"https:\/\/nativainfo.com\/?p=4476\" \/>\n<meta property=\"og:locale\" content=\"es_ES\" \/>\n<meta property=\"og:type\" content=\"article\" \/>\n<meta property=\"og:title\" content=\"Zamora inaugur\u00f3 el B\u00ba Parque del R\u00edo I y pidi\u00f3 dejar de lado &quot;pol\u00edticas donde todo tiene que ver con recortes&quot; - Nativa Info\" \/>\n<meta property=\"og:description\" content=\"El gobernador encabez\u00f3 el acto de entrega de 468 viviendas en el sur de la ciudad y volvi\u00f3 a lanzar... Continue reading\" \/>\n<meta property=\"og:url\" content=\"https:\/\/nativainfo.com\/?p=4476\" \/>\n<meta property=\"og:site_name\" content=\"Nativa Info\" \/>\n<meta property=\"article:publisher\" content=\"https:\/\/www.facebook.com\/profile.php?id=61578881597564\" \/>\n<meta property=\"article:published_time\" content=\"2024-10-09T05:06:27+00:00\" \/>\n<meta property=\"og:image\" content=\"http:\/\/nativainfo.com\/wp-content\/uploads\/2024\/10\/imagen_2024-10-09_020612048.png\" \/>\n<meta name=\"author\" content=\"Nativa Info\" \/>\n<meta name=\"twitter:card\" content=\"summary_large_image\" \/>\n<meta name=\"twitter:label1\" content=\"Escrito por\" \/>\n\t<meta name=\"twitter:data1\" content=\"Nativa Info\" \/>\n\t<meta name=\"twitter:label2\" content=\"Tiempo de lectura\" \/>\n\t<meta name=\"twitter:data2\" content=\"1 minuto\" \/>\n<script type=\"application\/ld+json\" class=\"yoast-schema-graph\">{\"@context\":\"https:\/\/schema.org\",\"@graph\":[{\"@type\":\"Article\",\"@id\":\"https:\/\/nativainfo.com\/?p=4476#article\",\"isPartOf\":{\"@id\":\"https:\/\/nativainfo.com\/?p=4476\"},\"author\":{\"name\":\"Nativa Info\",\"@id\":\"https:\/\/nativainfo.com\/#\/schema\/person\/24893b64a9cd564ddb5d102d36eb4b5c\"},\"headline\":\"Zamora inaugur\u00f3 el B\u00ba Parque del R\u00edo I y pidi\u00f3 dejar de lado &#8220;pol\u00edticas donde todo tiene que ver con recortes&#8221;\",\"datePublished\":\"2024-10-09T05:06:27+00:00\",\"mainEntityOfPage\":{\"@id\":\"https:\/\/nativainfo.com\/?p=4476\"},\"wordCount\":265,\"commentCount\":0,\"publisher\":{\"@id\":\"https:\/\/nativainfo.com\/#organization\"},\"image\":{\"@id\":\"https:\/\/nativainfo.com\/?p=4476#primaryimage\"},\"thumbnailUrl\":\"http:\/\/nativainfo.com\/wp-content\/uploads\/2024\/10\/imagen_2024-10-09_020612048.png\",\"articleSection\":[\"Santiago del Estero\"],\"inLanguage\":\"es-AR\",\"potentialAction\":[{\"@type\":\"CommentAction\",\"name\":\"Comment\",\"target\":[\"https:\/\/nativainfo.com\/?p=4476#respond\"]}]},{\"@type\":\"WebPage\",\"@id\":\"https:\/\/nativainfo.com\/?p=4476\",\"url\":\"https:\/\/nativainfo.com\/?p=4476\",\"name\":\"Zamora inaugur\u00f3 el B\u00ba Parque del R\u00edo I y pidi\u00f3 dejar de lado \\\"pol\u00edticas donde todo tiene que ver con recortes\\\" - Nativa Info\",\"isPartOf\":{\"@id\":\"https:\/\/nativainfo.com\/#website\"},\"primaryImageOfPage\":{\"@id\":\"https:\/\/nativainfo.com\/?p=4476#primaryimage\"},\"image\":{\"@id\":\"https:\/\/nativainfo.com\/?p=4476#primaryimage\"},\"thumbnailUrl\":\"http:\/\/nativainfo.com\/wp-content\/uploads\/2024\/10\/imagen_2024-10-09_020612048.png\",\"datePublished\":\"2024-10-09T05:06:27+00:00\",\"breadcrumb\":{\"@id\":\"https:\/\/nativainfo.com\/?p=4476#breadcrumb\"},\"inLanguage\":\"es-AR\",\"potentialAction\":[{\"@type\":\"ReadAction\",\"target\":[\"https:\/\/nativainfo.com\/?p=4476\"]}]},{\"@type\":\"ImageObject\",\"inLanguage\":\"es-AR\",\"@id\":\"https:\/\/nativainfo.com\/?p=4476#primaryimage\",\"url\":\"https:\/\/nativainfo.com\/wp-content\/uploads\/2024\/10\/imagen_2024-10-09_020612048.png\",\"contentUrl\":\"https:\/\/nativainfo.com\/wp-content\/uploads\/2024\/10\/imagen_2024-10-09_020612048.png\",\"width\":1010,\"height\":567},{\"@type\":\"BreadcrumbList\",\"@id\":\"https:\/\/nativainfo.com\/?p=4476#breadcrumb\",\"itemListElement\":[{\"@type\":\"ListItem\",\"position\":1,\"name\":\"Inicio\",\"item\":\"https:\/\/nativainfo.com\/\"},{\"@type\":\"ListItem\",\"position\":2,\"name\":\"Zamora inaugur\u00f3 el B\u00ba Parque del R\u00edo I y pidi\u00f3 dejar de lado &#8220;pol\u00edticas donde todo tiene que ver con recortes&#8221;\"}]},{\"@type\":\"WebSite\",\"@id\":\"https:\/\/nativainfo.com\/#website\",\"url\":\"https:\/\/nativainfo.com\/\",\"name\":\"Nativa Info\",\"description\":\"Diario Digital\",\"publisher\":{\"@id\":\"https:\/\/nativainfo.com\/#organization\"},\"potentialAction\":[{\"@type\":\"SearchAction\",\"target\":{\"@type\":\"EntryPoint\",\"urlTemplate\":\"https:\/\/nativainfo.com\/?s={search_term_string}\"},\"query-input\":{\"@type\":\"PropertyValueSpecification\",\"valueRequired\":true,\"valueName\":\"search_term_string\"}}],\"inLanguage\":\"es-AR\"},{\"@type\":\"Organization\",\"@id\":\"https:\/\/nativainfo.com\/#organization\",\"name\":\"Nativa Info\",\"url\":\"https:\/\/nativainfo.com\/\",\"logo\":{\"@type\":\"ImageObject\",\"inLanguage\":\"es-AR\",\"@id\":\"https:\/\/nativainfo.com\/#\/schema\/logo\/image\/\",\"url\":\"https:\/\/nativainfo.com\/wp-content\/uploads\/2025\/08\/LOGO-NATIVA-FACE.jpg\",\"contentUrl\":\"https:\/\/nativainfo.com\/wp-content\/uploads\/2025\/08\/LOGO-NATIVA-FACE.jpg\",\"width\":400,\"height\":400,\"caption\":\"Nativa Info\"},\"image\":{\"@id\":\"https:\/\/nativainfo.com\/#\/schema\/logo\/image\/\"},\"sameAs\":[\"https:\/\/www.facebook.com\/profile.php?id=61578881597564\"]},{\"@type\":\"Person\",\"@id\":\"https:\/\/nativainfo.com\/#\/schema\/person\/24893b64a9cd564ddb5d102d36eb4b5c\",\"name\":\"Nativa Info\",\"image\":{\"@type\":\"ImageObject\",\"inLanguage\":\"es-AR\",\"@id\":\"https:\/\/nativainfo.com\/#\/schema\/person\/image\/\",\"url\":\"https:\/\/secure.gravatar.com\/avatar\/016fa1cf068d85136d938e1507b9b619cb766e2565cbb1faa1e571762460c785?s=96&d=mm&r=g\",\"contentUrl\":\"https:\/\/secure.gravatar.com\/avatar\/016fa1cf068d85136d938e1507b9b619cb766e2565cbb1faa1e571762460c785?s=96&d=mm&r=g\",\"caption\":\"Nativa Info\"},\"sameAs\":[\"http:\/\/nativainfo.com\"],\"url\":\"https:\/\/nativainfo.com\/?author=1\"}]}<\/script>\n<!-- \/ Yoast SEO plugin. -->","yoast_head_json":{"title":"Zamora inaugur\u00f3 el B\u00ba Parque del R\u00edo I y pidi\u00f3 dejar de lado \"pol\u00edticas donde todo tiene que ver con recortes\" - Nativa Info","robots":{"index":"index","follow":"follow","max-snippet":"max-snippet:-1","max-image-preview":"max-image-preview:large","max-video-preview":"max-video-preview:-1"},"canonical":"https:\/\/nativainfo.com\/?p=4476","og_locale":"es_ES","og_type":"article","og_title":"Zamora inaugur\u00f3 el B\u00ba Parque del R\u00edo I y pidi\u00f3 dejar de lado \"pol\u00edticas donde todo tiene que ver con recortes\" - Nativa Info","og_description":"El gobernador encabez\u00f3 el acto de entrega de 468 viviendas en el sur de la ciudad y volvi\u00f3 a lanzar... Continue reading","og_url":"https:\/\/nativainfo.com\/?p=4476","og_site_name":"Nativa Info","article_publisher":"https:\/\/www.facebook.com\/profile.php?id=61578881597564","article_published_time":"2024-10-09T05:06:27+00:00","og_image":[{"url":"http:\/\/nativainfo.com\/wp-content\/uploads\/2024\/10\/imagen_2024-10-09_020612048.png","type":"","width":"","height":""}],"author":"Nativa Info","twitter_card":"summary_large_image","twitter_misc":{"Escrito por":"Nativa Info","Tiempo de lectura":"1 minuto"},"schema":{"@context":"https:\/\/schema.org","@graph":[{"@type":"Article","@id":"https:\/\/nativainfo.com\/?p=4476#article","isPartOf":{"@id":"https:\/\/nativainfo.com\/?p=4476"},"author":{"name":"Nativa Info","@id":"https:\/\/nativainfo.com\/#\/schema\/person\/24893b64a9cd564ddb5d102d36eb4b5c"},"headline":"Zamora inaugur\u00f3 el B\u00ba Parque del R\u00edo I y pidi\u00f3 dejar de lado &#8220;pol\u00edticas donde todo tiene que ver con recortes&#8221;","datePublished":"2024-10-09T05:06:27+00:00","mainEntityOfPage":{"@id":"https:\/\/nativainfo.com\/?p=4476"},"wordCount":265,"commentCount":0,"publisher":{"@id":"https:\/\/nativainfo.com\/#organization"},"image":{"@id":"https:\/\/nativainfo.com\/?p=4476#primaryimage"},"thumbnailUrl":"http:\/\/nativainfo.com\/wp-content\/uploads\/2024\/10\/imagen_2024-10-09_020612048.png","articleSection":["Santiago del Estero"],"inLanguage":"es-AR","potentialAction":[{"@type":"CommentAction","name":"Comment","target":["https:\/\/nativainfo.com\/?p=4476#respond"]}]},{"@type":"WebPage","@id":"https:\/\/nativainfo.com\/?p=4476","url":"https:\/\/nativainfo.com\/?p=4476","name":"Zamora inaugur\u00f3 el B\u00ba Parque del R\u00edo I y pidi\u00f3 dejar de lado \"pol\u00edticas donde todo tiene que ver con recortes\" - Nativa Info","isPartOf":{"@id":"https:\/\/nativainfo.com\/#website"},"primaryImageOfPage":{"@id":"https:\/\/nativainfo.com\/?p=4476#primaryimage"},"image":{"@id":"https:\/\/nativainfo.com\/?p=4476#primaryimage"},"thumbnailUrl":"http:\/\/nativainfo.com\/wp-content\/uploads\/2024\/10\/imagen_2024-10-09_020612048.png","datePublished":"2024-10-09T05:06:27+00:00","breadcrumb":{"@id":"https:\/\/nativainfo.com\/?p=4476#breadcrumb"},"inLanguage":"es-AR","potentialAction":[{"@type":"ReadAction","target":["https:\/\/nativainfo.com\/?p=4476"]}]},{"@type":"ImageObject","inLanguage":"es-AR","@id":"https:\/\/nativainfo.com\/?p=4476#primaryimage","url":"https:\/\/nativainfo.com\/wp-content\/uploads\/2024\/10\/imagen_2024-10-09_020612048.png","contentUrl":"https:\/\/nativainfo.com\/wp-content\/uploads\/2024\/10\/imagen_2024-10-09_020612048.png","width":1010,"height":567},{"@type":"BreadcrumbList","@id":"https:\/\/nativainfo.com\/?p=4476#breadcrumb","itemListElement":[{"@type":"ListItem","position":1,"name":"Inicio","item":"https:\/\/nativainfo.com\/"},{"@type":"ListItem","position":2,"name":"Zamora inaugur\u00f3 el B\u00ba Parque del R\u00edo I y pidi\u00f3 dejar de lado &#8220;pol\u00edticas donde todo tiene que ver con recortes&#8221;"}]},{"@type":"WebSite","@id":"https:\/\/nativainfo.com\/#website","url":"https:\/\/nativainfo.com\/","name":"Nativa Info","description":"Diario Digital","publisher":{"@id":"https:\/\/nativainfo.com\/#organization"},"potentialAction":[{"@type":"SearchAction","target":{"@type":"EntryPoint","urlTemplate":"https:\/\/nativainfo.com\/?s={search_term_string}"},"query-input":{"@type":"PropertyValueSpecification","valueRequired":true,"valueName":"search_term_string"}}],"inLanguage":"es-AR"},{"@type":"Organization","@id":"https:\/\/nativainfo.com\/#organization","name":"Nativa Info","url":"https:\/\/nativainfo.com\/","logo":{"@type":"ImageObject","inLanguage":"es-AR","@id":"https:\/\/nativainfo.com\/#\/schema\/logo\/image\/","url":"https:\/\/nativainfo.com\/wp-content\/uploads\/2025\/08\/LOGO-NATIVA-FACE.jpg","contentUrl":"https:\/\/nativainfo.com\/wp-content\/uploads\/2025\/08\/LOGO-NATIVA-FACE.jpg","width":400,"height":400,"caption":"Nativa Info"},"image":{"@id":"https:\/\/nativainfo.com\/#\/schema\/logo\/image\/"},"sameAs":["https:\/\/www.facebook.com\/profile.php?id=61578881597564"]},{"@type":"Person","@id":"https:\/\/nativainfo.com\/#\/schema\/person\/24893b64a9cd564ddb5d102d36eb4b5c","name":"Nativa Info","image":{"@type":"ImageObject","inLanguage":"es-AR","@id":"https:\/\/nativainfo.com\/#\/schema\/person\/image\/","url":"https:\/\/secure.gravatar.com\/avatar\/016fa1cf068d85136d938e1507b9b619cb766e2565cbb1faa1e571762460c785?s=96&d=mm&r=g","contentUrl":"https:\/\/secure.gravatar.com\/avatar\/016fa1cf068d85136d938e1507b9b619cb766e2565cbb1faa1e571762460c785?s=96&d=mm&r=g","caption":"Nativa Info"},"sameAs":["http:\/\/nativainfo.com"],"url":"https:\/\/nativainfo.com\/?author=1"}]}},"jetpack_publicize_connections":[],"_links":{"self":[{"href":"https:\/\/nativainfo.com\/index.php?rest_route=\/wp\/v2\/posts\/4476","targetHints":{"allow":["GET"]}}],"collection":[{"href":"https:\/\/nativainfo.com\/index.php?rest_route=\/wp\/v2\/posts"}],"about":[{"href":"https:\/\/nativainfo.com\/index.php?rest_route=\/wp\/v2\/types\/post"}],"author":[{"embeddable":true,"href":"https:\/\/nativainfo.com\/index.php?rest_route=\/wp\/v2\/users\/1"}],"replies":[{"embeddable":true,"href":"https:\/\/nativainfo.com\/index.php?rest_route=%2Fwp%2Fv2%2Fcomments&post=4476"}],"version-history":[{"count":1,"href":"https:\/\/nativainfo.com\/index.php?rest_route=\/wp\/v2\/posts\/4476\/revisions"}],"predecessor-version":[{"id":4479,"href":"https:\/\/nativainfo.com\/index.php?rest_route=\/wp\/v2\/posts\/4476\/revisions\/4479"}],"wp:attachment":[{"href":"https:\/\/nativainfo.com\/index.php?rest_route=%2Fwp%2Fv2%2Fmedia&parent=4476"}],"wp:term":[{"taxonomy":"category","embeddable":true,"href":"https:\/\/nativainfo.com\/index.php?rest_route=%2Fwp%2Fv2%2Fcategories&post=4476"},{"taxonomy":"post_tag","embeddable":true,"href":"https:\/\/nativainfo.com\/index.php?rest_route=%2Fwp%2Fv2%2Ftags&post=4476"}],"curies":[{"name":"wp","href":"https:\/\/api.w.org\/{rel}","templated":true}]}}