{"id":4466,"date":"2024-10-02T03:07:54","date_gmt":"2024-10-02T06:07:54","guid":{"rendered":"http:\/\/nativainfo.com\/?p=4466"},"modified":"2024-10-02T03:07:55","modified_gmt":"2024-10-02T06:07:55","slug":"santiago-del-estero-volvera-a-ser-sede-de-la-fih-pro-league-de-hockey","status":"publish","type":"post","link":"https:\/\/nativainfo.com\/?p=4466","title":{"rendered":"Santiago del Estero volver\u00e1 a ser sede de la FIH Pro-League de hockey"},"content":{"rendered":"\n<p>Los Leones y las Leonas volver\u00e1n a la Madre de Ciudades en diciembre para afrontar una nueva ventana de competencias.<\/p>\n\n\n\n<figure class=\"wp-block-image size-full\"><img fetchpriority=\"high\" decoding=\"async\" width=\"1010\" height=\"567\" src=\"http:\/\/nativainfo.com\/wp-content\/uploads\/2024\/10\/imagen_2024-10-02_030741869.png\" alt=\"\" class=\"wp-image-4467\" srcset=\"https:\/\/nativainfo.com\/wp-content\/uploads\/2024\/10\/imagen_2024-10-02_030741869.png 1010w, https:\/\/nativainfo.com\/wp-content\/uploads\/2024\/10\/imagen_2024-10-02_030741869-300x168.png 300w, https:\/\/nativainfo.com\/wp-content\/uploads\/2024\/10\/imagen_2024-10-02_030741869-768x431.png 768w, https:\/\/nativainfo.com\/wp-content\/uploads\/2024\/10\/imagen_2024-10-02_030741869-623x350.png 623w, https:\/\/nativainfo.com\/wp-content\/uploads\/2024\/10\/imagen_2024-10-02_030741869-150x84.png 150w\" sizes=\"(max-width: 1010px) 100vw, 1010px\" \/><\/figure>\n\n\n\n<p>La Federaci\u00f3n Internacional de Hockey (FIH) confirm\u00f3 que&nbsp;<strong>Argentina<\/strong>&nbsp;volver\u00e1 a ser anfitriona de la prestigiosa FIH Pro-League, y&nbsp;<strong>Santiago del Estero<\/strong>&nbsp;ser\u00e1 una de las sedes en la pr\u00f3xima edici\u00f3n del torneo. Del 10 al 15 de diciembre de 2024, el estadio de la costanera recibir\u00e1 a los seleccionados nacionales, los Leones y las Leonas, en su debut en la sexta temporada del certamen internacional.<\/p>\n\n\n\n<p>En esta ventana, los Leones se enfrentar\u00e1n a Inglaterra e Irlanda, mientras que las Leonas tendr\u00e1n duros compromisos ante las potencias de Alemania y Pa\u00edses Bajos. Este torneo, que re\u00fane a las mejores selecciones del mundo, permite que los equipos locales jueguen frente a su p\u00fablico y conecten con sus aficionados.<\/p>\n\n\n\n<p><strong>Cronograma en Santiago del Estero:<\/strong><\/p>\n\n\n\n<p><strong>Martes 10 de diciembre<\/strong><br>19.00 &#8211; Argentina vs. Alemania (femenino)<br>21.30 &#8211; Argentina vs. Inglaterra (masculino)<\/p>\n\n\n\n<p><strong>Mi\u00e9rcoles 11 de diciembre<\/strong><br>19.00 &#8211; Alemania vs. Pa\u00edses Bajos (femenino)<br>21.30 &#8211; Inglaterra vs. Irlanda (masculino)<\/p>\n\n\n\n<p><strong>Jueves 10 de diciembre<\/strong><br>19.00 &#8211; Argentina vs. Pa\u00edses Bajos (femenino)<br>21.30 &#8211; Argentina vs. Irlanda (masculino)<\/p>\n\n\n\n<p><strong>Viernes 13 de diciembre<\/strong><br>19.00 &#8211; Argentina vs. Alemania (femenino)<br>21.30 &#8211; Argentina vs. Inglaterra (masculino)<\/p>\n\n\n\n<p><strong>S\u00e1bado 14 de diciembre<\/strong><br>19.00 &#8211; Pa\u00edses Bajos vs. Alemania (femenino)<br>21.30 &#8211; Irlanda vs. Inglaterra (masculino)<\/p>\n\n\n\n<p><strong>Domingo 15 de diciembre<\/strong><br>19.00 &#8211; Argentina vs. Pa\u00edses Bajos (femenino)<br>21.30 &#8211; Argentina vs. Irlanda (masculino)<\/p>\n\n\n\n<p>Adem\u00e1s, Argentina ser\u00e1 sede de una segunda ventana de la Pro-League, entre el 19 y el 24 de febrero de 2025, aunque el lugar a\u00fan no fue confirmado. En esa ocasi\u00f3n, los equipos recibir\u00e1n a Australia y B\u00e9lgica, dos de los seleccionados m\u00e1s fuertes del hockey mundial.<\/p>\n\n\n\n<p>La FIH Pro-League no solo es un torneo clave a nivel internacional, sino que tambi\u00e9n ofrece una recompensa importante: los equipos que terminen en lo m\u00e1s alto de la tabla general obtendr\u00e1n una clasificaci\u00f3n directa para la Copa del Mundo de Hockey FIH 2026, que se disputar\u00e1 en Pa\u00edses Bajos y B\u00e9lgica.<\/p>\n","protected":false},"excerpt":{"rendered":"<p>Los Leones y las Leonas volver\u00e1n a la Madre de Ciudades en diciembre para afrontar una nueva ventana de competencias&#8230;. <a class=\"continue-reading-link\" href=\"https:\/\/nativainfo.com\/?p=4466\">Continue reading<\/a><\/p>\n","protected":false},"author":1,"featured_media":0,"comment_status":"open","ping_status":"open","sticky":false,"template":"","format":"standard","meta":{"rop_custom_images_group":[],"rop_custom_messages_group":[],"rop_publish_now":"initial","rop_publish_now_accounts":[],"rop_publish_now_history":[],"rop_publish_now_status":"pending","footnotes":"","jetpack_publicize_message":"","jetpack_publicize_feature_enabled":true,"jetpack_social_post_already_shared":false,"jetpack_social_options":{"image_generator_settings":{"template":"highway","default_image_id":0,"font":"","enabled":false},"version":2}},"categories":[10,64],"tags":[],"class_list":["post-4466","post","type-post","status-publish","format-standard","hentry","category-deportes","category-hockey"],"yoast_head":"<!-- This site is optimized with the Yoast SEO plugin v25.6 - https:\/\/yoast.com\/wordpress\/plugins\/seo\/ -->\n<title>Santiago del Estero volver\u00e1 a ser sede de la FIH Pro-League de hockey - Nativa Info<\/title>\n<meta name=\"robots\" content=\"index, follow, max-snippet:-1, max-image-preview:large, max-video-preview:-1\" \/>\n<link rel=\"canonical\" href=\"https:\/\/nativainfo.com\/?p=4466\" \/>\n<meta property=\"og:locale\" content=\"es_ES\" \/>\n<meta property=\"og:type\" content=\"article\" \/>\n<meta property=\"og:title\" content=\"Santiago del Estero volver\u00e1 a ser sede de la FIH Pro-League de hockey - Nativa Info\" \/>\n<meta property=\"og:description\" content=\"Los Leones y las Leonas volver\u00e1n a la Madre de Ciudades en diciembre para afrontar una nueva ventana de competencias.... Continue reading\" \/>\n<meta property=\"og:url\" content=\"https:\/\/nativainfo.com\/?p=4466\" \/>\n<meta property=\"og:site_name\" content=\"Nativa Info\" \/>\n<meta property=\"article:publisher\" content=\"https:\/\/www.facebook.com\/profile.php?id=61578881597564\" \/>\n<meta property=\"article:published_time\" content=\"2024-10-02T06:07:54+00:00\" \/>\n<meta property=\"article:modified_time\" content=\"2024-10-02T06:07:55+00:00\" \/>\n<meta property=\"og:image\" content=\"http:\/\/nativainfo.com\/wp-content\/uploads\/2024\/10\/imagen_2024-10-02_030741869.png\" \/>\n<meta name=\"author\" content=\"Nativa Info\" \/>\n<meta name=\"twitter:card\" content=\"summary_large_image\" \/>\n<meta name=\"twitter:label1\" content=\"Escrito por\" \/>\n\t<meta name=\"twitter:data1\" content=\"Nativa Info\" \/>\n\t<meta name=\"twitter:label2\" content=\"Tiempo de lectura\" \/>\n\t<meta name=\"twitter:data2\" content=\"2 minutos\" \/>\n<script type=\"application\/ld+json\" class=\"yoast-schema-graph\">{\"@context\":\"https:\/\/schema.org\",\"@graph\":[{\"@type\":\"Article\",\"@id\":\"https:\/\/nativainfo.com\/?p=4466#article\",\"isPartOf\":{\"@id\":\"https:\/\/nativainfo.com\/?p=4466\"},\"author\":{\"name\":\"Nativa Info\",\"@id\":\"https:\/\/nativainfo.com\/#\/schema\/person\/24893b64a9cd564ddb5d102d36eb4b5c\"},\"headline\":\"Santiago del Estero volver\u00e1 a ser sede de la FIH Pro-League de hockey\",\"datePublished\":\"2024-10-02T06:07:54+00:00\",\"dateModified\":\"2024-10-02T06:07:55+00:00\",\"mainEntityOfPage\":{\"@id\":\"https:\/\/nativainfo.com\/?p=4466\"},\"wordCount\":360,\"commentCount\":0,\"publisher\":{\"@id\":\"https:\/\/nativainfo.com\/#organization\"},\"image\":{\"@id\":\"https:\/\/nativainfo.com\/?p=4466#primaryimage\"},\"thumbnailUrl\":\"http:\/\/nativainfo.com\/wp-content\/uploads\/2024\/10\/imagen_2024-10-02_030741869.png\",\"articleSection\":[\"Deportes\",\"Hockey\"],\"inLanguage\":\"es-AR\",\"potentialAction\":[{\"@type\":\"CommentAction\",\"name\":\"Comment\",\"target\":[\"https:\/\/nativainfo.com\/?p=4466#respond\"]}]},{\"@type\":\"WebPage\",\"@id\":\"https:\/\/nativainfo.com\/?p=4466\",\"url\":\"https:\/\/nativainfo.com\/?p=4466\",\"name\":\"Santiago del Estero volver\u00e1 a ser sede de la FIH Pro-League de hockey - Nativa Info\",\"isPartOf\":{\"@id\":\"https:\/\/nativainfo.com\/#website\"},\"primaryImageOfPage\":{\"@id\":\"https:\/\/nativainfo.com\/?p=4466#primaryimage\"},\"image\":{\"@id\":\"https:\/\/nativainfo.com\/?p=4466#primaryimage\"},\"thumbnailUrl\":\"http:\/\/nativainfo.com\/wp-content\/uploads\/2024\/10\/imagen_2024-10-02_030741869.png\",\"datePublished\":\"2024-10-02T06:07:54+00:00\",\"dateModified\":\"2024-10-02T06:07:55+00:00\",\"breadcrumb\":{\"@id\":\"https:\/\/nativainfo.com\/?p=4466#breadcrumb\"},\"inLanguage\":\"es-AR\",\"potentialAction\":[{\"@type\":\"ReadAction\",\"target\":[\"https:\/\/nativainfo.com\/?p=4466\"]}]},{\"@type\":\"ImageObject\",\"inLanguage\":\"es-AR\",\"@id\":\"https:\/\/nativainfo.com\/?p=4466#primaryimage\",\"url\":\"https:\/\/nativainfo.com\/wp-content\/uploads\/2024\/10\/imagen_2024-10-02_030741869.png\",\"contentUrl\":\"https:\/\/nativainfo.com\/wp-content\/uploads\/2024\/10\/imagen_2024-10-02_030741869.png\",\"width\":1010,\"height\":567},{\"@type\":\"BreadcrumbList\",\"@id\":\"https:\/\/nativainfo.com\/?p=4466#breadcrumb\",\"itemListElement\":[{\"@type\":\"ListItem\",\"position\":1,\"name\":\"Inicio\",\"item\":\"https:\/\/nativainfo.com\/\"},{\"@type\":\"ListItem\",\"position\":2,\"name\":\"Santiago del Estero volver\u00e1 a ser sede de la FIH Pro-League de hockey\"}]},{\"@type\":\"WebSite\",\"@id\":\"https:\/\/nativainfo.com\/#website\",\"url\":\"https:\/\/nativainfo.com\/\",\"name\":\"Nativa Info\",\"description\":\"Diario Digital\",\"publisher\":{\"@id\":\"https:\/\/nativainfo.com\/#organization\"},\"potentialAction\":[{\"@type\":\"SearchAction\",\"target\":{\"@type\":\"EntryPoint\",\"urlTemplate\":\"https:\/\/nativainfo.com\/?s={search_term_string}\"},\"query-input\":{\"@type\":\"PropertyValueSpecification\",\"valueRequired\":true,\"valueName\":\"search_term_string\"}}],\"inLanguage\":\"es-AR\"},{\"@type\":\"Organization\",\"@id\":\"https:\/\/nativainfo.com\/#organization\",\"name\":\"Nativa Info\",\"url\":\"https:\/\/nativainfo.com\/\",\"logo\":{\"@type\":\"ImageObject\",\"inLanguage\":\"es-AR\",\"@id\":\"https:\/\/nativainfo.com\/#\/schema\/logo\/image\/\",\"url\":\"https:\/\/nativainfo.com\/wp-content\/uploads\/2025\/08\/LOGO-NATIVA-FACE.jpg\",\"contentUrl\":\"https:\/\/nativainfo.com\/wp-content\/uploads\/2025\/08\/LOGO-NATIVA-FACE.jpg\",\"width\":400,\"height\":400,\"caption\":\"Nativa Info\"},\"image\":{\"@id\":\"https:\/\/nativainfo.com\/#\/schema\/logo\/image\/\"},\"sameAs\":[\"https:\/\/www.facebook.com\/profile.php?id=61578881597564\"]},{\"@type\":\"Person\",\"@id\":\"https:\/\/nativainfo.com\/#\/schema\/person\/24893b64a9cd564ddb5d102d36eb4b5c\",\"name\":\"Nativa Info\",\"image\":{\"@type\":\"ImageObject\",\"inLanguage\":\"es-AR\",\"@id\":\"https:\/\/nativainfo.com\/#\/schema\/person\/image\/\",\"url\":\"https:\/\/secure.gravatar.com\/avatar\/016fa1cf068d85136d938e1507b9b619cb766e2565cbb1faa1e571762460c785?s=96&d=mm&r=g\",\"contentUrl\":\"https:\/\/secure.gravatar.com\/avatar\/016fa1cf068d85136d938e1507b9b619cb766e2565cbb1faa1e571762460c785?s=96&d=mm&r=g\",\"caption\":\"Nativa Info\"},\"sameAs\":[\"http:\/\/nativainfo.com\"],\"url\":\"https:\/\/nativainfo.com\/?author=1\"}]}<\/script>\n<!-- \/ Yoast SEO plugin. -->","yoast_head_json":{"title":"Santiago del Estero volver\u00e1 a ser sede de la FIH Pro-League de hockey - Nativa Info","robots":{"index":"index","follow":"follow","max-snippet":"max-snippet:-1","max-image-preview":"max-image-preview:large","max-video-preview":"max-video-preview:-1"},"canonical":"https:\/\/nativainfo.com\/?p=4466","og_locale":"es_ES","og_type":"article","og_title":"Santiago del Estero volver\u00e1 a ser sede de la FIH Pro-League de hockey - Nativa Info","og_description":"Los Leones y las Leonas volver\u00e1n a la Madre de Ciudades en diciembre para afrontar una nueva ventana de competencias.... Continue reading","og_url":"https:\/\/nativainfo.com\/?p=4466","og_site_name":"Nativa Info","article_publisher":"https:\/\/www.facebook.com\/profile.php?id=61578881597564","article_published_time":"2024-10-02T06:07:54+00:00","article_modified_time":"2024-10-02T06:07:55+00:00","og_image":[{"url":"http:\/\/nativainfo.com\/wp-content\/uploads\/2024\/10\/imagen_2024-10-02_030741869.png","type":"","width":"","height":""}],"author":"Nativa Info","twitter_card":"summary_large_image","twitter_misc":{"Escrito por":"Nativa Info","Tiempo de lectura":"2 minutos"},"schema":{"@context":"https:\/\/schema.org","@graph":[{"@type":"Article","@id":"https:\/\/nativainfo.com\/?p=4466#article","isPartOf":{"@id":"https:\/\/nativainfo.com\/?p=4466"},"author":{"name":"Nativa Info","@id":"https:\/\/nativainfo.com\/#\/schema\/person\/24893b64a9cd564ddb5d102d36eb4b5c"},"headline":"Santiago del Estero volver\u00e1 a ser sede de la FIH Pro-League de hockey","datePublished":"2024-10-02T06:07:54+00:00","dateModified":"2024-10-02T06:07:55+00:00","mainEntityOfPage":{"@id":"https:\/\/nativainfo.com\/?p=4466"},"wordCount":360,"commentCount":0,"publisher":{"@id":"https:\/\/nativainfo.com\/#organization"},"image":{"@id":"https:\/\/nativainfo.com\/?p=4466#primaryimage"},"thumbnailUrl":"http:\/\/nativainfo.com\/wp-content\/uploads\/2024\/10\/imagen_2024-10-02_030741869.png","articleSection":["Deportes","Hockey"],"inLanguage":"es-AR","potentialAction":[{"@type":"CommentAction","name":"Comment","target":["https:\/\/nativainfo.com\/?p=4466#respond"]}]},{"@type":"WebPage","@id":"https:\/\/nativainfo.com\/?p=4466","url":"https:\/\/nativainfo.com\/?p=4466","name":"Santiago del Estero volver\u00e1 a ser sede de la FIH Pro-League de hockey - Nativa Info","isPartOf":{"@id":"https:\/\/nativainfo.com\/#website"},"primaryImageOfPage":{"@id":"https:\/\/nativainfo.com\/?p=4466#primaryimage"},"image":{"@id":"https:\/\/nativainfo.com\/?p=4466#primaryimage"},"thumbnailUrl":"http:\/\/nativainfo.com\/wp-content\/uploads\/2024\/10\/imagen_2024-10-02_030741869.png","datePublished":"2024-10-02T06:07:54+00:00","dateModified":"2024-10-02T06:07:55+00:00","breadcrumb":{"@id":"https:\/\/nativainfo.com\/?p=4466#breadcrumb"},"inLanguage":"es-AR","potentialAction":[{"@type":"ReadAction","target":["https:\/\/nativainfo.com\/?p=4466"]}]},{"@type":"ImageObject","inLanguage":"es-AR","@id":"https:\/\/nativainfo.com\/?p=4466#primaryimage","url":"https:\/\/nativainfo.com\/wp-content\/uploads\/2024\/10\/imagen_2024-10-02_030741869.png","contentUrl":"https:\/\/nativainfo.com\/wp-content\/uploads\/2024\/10\/imagen_2024-10-02_030741869.png","width":1010,"height":567},{"@type":"BreadcrumbList","@id":"https:\/\/nativainfo.com\/?p=4466#breadcrumb","itemListElement":[{"@type":"ListItem","position":1,"name":"Inicio","item":"https:\/\/nativainfo.com\/"},{"@type":"ListItem","position":2,"name":"Santiago del Estero volver\u00e1 a ser sede de la FIH Pro-League de hockey"}]},{"@type":"WebSite","@id":"https:\/\/nativainfo.com\/#website","url":"https:\/\/nativainfo.com\/","name":"Nativa Info","description":"Diario Digital","publisher":{"@id":"https:\/\/nativainfo.com\/#organization"},"potentialAction":[{"@type":"SearchAction","target":{"@type":"EntryPoint","urlTemplate":"https:\/\/nativainfo.com\/?s={search_term_string}"},"query-input":{"@type":"PropertyValueSpecification","valueRequired":true,"valueName":"search_term_string"}}],"inLanguage":"es-AR"},{"@type":"Organization","@id":"https:\/\/nativainfo.com\/#organization","name":"Nativa Info","url":"https:\/\/nativainfo.com\/","logo":{"@type":"ImageObject","inLanguage":"es-AR","@id":"https:\/\/nativainfo.com\/#\/schema\/logo\/image\/","url":"https:\/\/nativainfo.com\/wp-content\/uploads\/2025\/08\/LOGO-NATIVA-FACE.jpg","contentUrl":"https:\/\/nativainfo.com\/wp-content\/uploads\/2025\/08\/LOGO-NATIVA-FACE.jpg","width":400,"height":400,"caption":"Nativa Info"},"image":{"@id":"https:\/\/nativainfo.com\/#\/schema\/logo\/image\/"},"sameAs":["https:\/\/www.facebook.com\/profile.php?id=61578881597564"]},{"@type":"Person","@id":"https:\/\/nativainfo.com\/#\/schema\/person\/24893b64a9cd564ddb5d102d36eb4b5c","name":"Nativa Info","image":{"@type":"ImageObject","inLanguage":"es-AR","@id":"https:\/\/nativainfo.com\/#\/schema\/person\/image\/","url":"https:\/\/secure.gravatar.com\/avatar\/016fa1cf068d85136d938e1507b9b619cb766e2565cbb1faa1e571762460c785?s=96&d=mm&r=g","contentUrl":"https:\/\/secure.gravatar.com\/avatar\/016fa1cf068d85136d938e1507b9b619cb766e2565cbb1faa1e571762460c785?s=96&d=mm&r=g","caption":"Nativa Info"},"sameAs":["http:\/\/nativainfo.com"],"url":"https:\/\/nativainfo.com\/?author=1"}]}},"jetpack_publicize_connections":[],"_links":{"self":[{"href":"https:\/\/nativainfo.com\/index.php?rest_route=\/wp\/v2\/posts\/4466","targetHints":{"allow":["GET"]}}],"collection":[{"href":"https:\/\/nativainfo.com\/index.php?rest_route=\/wp\/v2\/posts"}],"about":[{"href":"https:\/\/nativainfo.com\/index.php?rest_route=\/wp\/v2\/types\/post"}],"author":[{"embeddable":true,"href":"https:\/\/nativainfo.com\/index.php?rest_route=\/wp\/v2\/users\/1"}],"replies":[{"embeddable":true,"href":"https:\/\/nativainfo.com\/index.php?rest_route=%2Fwp%2Fv2%2Fcomments&post=4466"}],"version-history":[{"count":1,"href":"https:\/\/nativainfo.com\/index.php?rest_route=\/wp\/v2\/posts\/4466\/revisions"}],"predecessor-version":[{"id":4468,"href":"https:\/\/nativainfo.com\/index.php?rest_route=\/wp\/v2\/posts\/4466\/revisions\/4468"}],"wp:attachment":[{"href":"https:\/\/nativainfo.com\/index.php?rest_route=%2Fwp%2Fv2%2Fmedia&parent=4466"}],"wp:term":[{"taxonomy":"category","embeddable":true,"href":"https:\/\/nativainfo.com\/index.php?rest_route=%2Fwp%2Fv2%2Fcategories&post=4466"},{"taxonomy":"post_tag","embeddable":true,"href":"https:\/\/nativainfo.com\/index.php?rest_route=%2Fwp%2Fv2%2Ftags&post=4466"}],"curies":[{"name":"wp","href":"https:\/\/api.w.org\/{rel}","templated":true}]}}