{"id":4454,"date":"2024-09-18T00:33:28","date_gmt":"2024-09-18T03:33:28","guid":{"rendered":"http:\/\/nativainfo.com\/?p=4454"},"modified":"2024-09-18T00:33:28","modified_gmt":"2024-09-18T03:33:28","slug":"agro-santiago-del-estero-escala-en-posiciones-en-el-ranking-de-ventas-al-exterior","status":"publish","type":"post","link":"https:\/\/nativainfo.com\/?p=4454","title":{"rendered":"Agro: Santiago del Estero escala en posiciones en el r\u00e1nking de ventas al exterior"},"content":{"rendered":"\n<p>Fue el distrito que m\u00e1s creci\u00f3 en las ventas al exterior en t\u00e9rminos porcentuales; con foco en el agro lo hizo un 74,3%; ocup\u00f3 el noveno lugar a nivel nacional.<\/p>\n\n\n\n<figure class=\"wp-block-image size-full\"><img fetchpriority=\"high\" decoding=\"async\" width=\"1010\" height=\"567\" src=\"http:\/\/nativainfo.com\/wp-content\/uploads\/2024\/09\/imagen_2024-09-18_003319955.png\" alt=\"\" class=\"wp-image-4459\" srcset=\"https:\/\/nativainfo.com\/wp-content\/uploads\/2024\/09\/imagen_2024-09-18_003319955.png 1010w, https:\/\/nativainfo.com\/wp-content\/uploads\/2024\/09\/imagen_2024-09-18_003319955-300x168.png 300w, https:\/\/nativainfo.com\/wp-content\/uploads\/2024\/09\/imagen_2024-09-18_003319955-768x431.png 768w, https:\/\/nativainfo.com\/wp-content\/uploads\/2024\/09\/imagen_2024-09-18_003319955-623x350.png 623w, https:\/\/nativainfo.com\/wp-content\/uploads\/2024\/09\/imagen_2024-09-18_003319955-150x84.png 150w\" sizes=\"(max-width: 1010px) 100vw, 1010px\" \/><\/figure>\n\n\n\n<p>En los \u00faltimos a\u00f1os,<strong>&nbsp;Santiago del Estero&nbsp;<\/strong><strong>ha mostrado un crecimiento constante en sus exportaciones&nbsp;<\/strong>y su aporte en divisas al pa\u00eds. Sin embargo, en los primeros seis meses de 2024, este avance fue a\u00fan m\u00e1s notorio, siendo la provincia que m\u00e1s creci\u00f3 en t\u00e9rminos porcentuales a nivel nacional en el rubro exportador, con un fuerte enfoque en los productos agr\u00edcolas. Este crecimiento se compar\u00f3 con el mismo per\u00edodo de 2023, consolid\u00e1ndose tambi\u00e9n como l\u00edder en la regi\u00f3n del NOA.<\/p>\n\n\n\n<p>Entre enero y junio de 2024,&nbsp;<strong>Santiago del Estero export\u00f3 productos por un valor de 718 millones de d\u00f3lares<\/strong>, lo que representa un incremento del 74,3% respecto al mismo per\u00edodo del a\u00f1o anterior. Este monto signific\u00f3 el 1,9% del total exportado a nivel nacional y el 31,4% de las exportaciones de la regi\u00f3n del NOA. A nivel pa\u00eds, la provincia se ubic\u00f3 en el noveno puesto, detr\u00e1s de Buenos Aires, Santa Fe y C\u00f3rdoba, que encabezaron el ranking con 14.232,7 millones, 7009,3 millones y 4952,3 millones de d\u00f3lares respectivamente, seg\u00fan datos de Politikon basados en el INDEC.<\/p>\n\n\n\n<p>Los principales productos que impulsaron este aumento fueron el ma\u00edz, que represent\u00f3 el 65,9% del total exportado con una suba del 52,3% respecto al primer semestre de 2023, y las semillas y frutos oleaginosos, con un crecimiento del 22,2%, destac\u00e1ndose el alza en la exportaci\u00f3n de soja, que aument\u00f3 un 364,7%. Estos n\u00fameros permitieron a Santiago del Estero consolidarse como una de las provincias agr\u00edcolas m\u00e1s relevantes del pa\u00eds.<\/p>\n\n\n\n<p>El gobernador Gerardo Zamora hace unos d\u00edas destac\u00f3 la importancia de este crecimiento, y aprovech\u00f3 para se\u00f1alar las diferencias con la ciudad de Buenos Aires en t\u00e9rminos de aporte econ\u00f3mico: \u201cSantiago del Estero aport\u00f3, el a\u00f1o pasado, 1500 millones de d\u00f3lares, y consumimos 700 millones. CABA export\u00f3 150 millones de d\u00f3lares y consumi\u00f3 7000 millones de d\u00f3lares. Aportamos m\u00e1s d\u00f3lares al pa\u00eds de los que gastamos\u201d, hab\u00eda expresado el mandatario.<\/p>\n","protected":false},"excerpt":{"rendered":"<p>Fue el distrito que m\u00e1s creci\u00f3 en las ventas al exterior en t\u00e9rminos porcentuales; con foco en el agro lo&#8230; <a class=\"continue-reading-link\" href=\"https:\/\/nativainfo.com\/?p=4454\">Continue reading<\/a><\/p>\n","protected":false},"author":1,"featured_media":0,"comment_status":"open","ping_status":"open","sticky":false,"template":"","format":"standard","meta":{"rop_custom_images_group":[],"rop_custom_messages_group":[],"rop_publish_now":"initial","rop_publish_now_accounts":[],"rop_publish_now_history":[],"rop_publish_now_status":"pending","footnotes":"","jetpack_publicize_message":"","jetpack_publicize_feature_enabled":true,"jetpack_social_post_already_shared":false,"jetpack_social_options":{"image_generator_settings":{"template":"highway","default_image_id":0,"font":"","enabled":false},"version":2}},"categories":[26,8],"tags":[],"class_list":["post-4454","post","type-post","status-publish","format-standard","hentry","category-agro","category-noticias"],"yoast_head":"<!-- This site is optimized with the Yoast SEO plugin v25.6 - https:\/\/yoast.com\/wordpress\/plugins\/seo\/ -->\n<title>Agro: Santiago del Estero escala en posiciones en el r\u00e1nking de ventas al exterior - Nativa Info<\/title>\n<meta name=\"robots\" content=\"index, follow, max-snippet:-1, max-image-preview:large, max-video-preview:-1\" \/>\n<link rel=\"canonical\" href=\"https:\/\/nativainfo.com\/?p=4454\" \/>\n<meta property=\"og:locale\" content=\"es_ES\" \/>\n<meta property=\"og:type\" content=\"article\" \/>\n<meta property=\"og:title\" content=\"Agro: Santiago del Estero escala en posiciones en el r\u00e1nking de ventas al exterior - Nativa Info\" \/>\n<meta property=\"og:description\" content=\"Fue el distrito que m\u00e1s creci\u00f3 en las ventas al exterior en t\u00e9rminos porcentuales; con foco en el agro lo... Continue reading\" \/>\n<meta property=\"og:url\" content=\"https:\/\/nativainfo.com\/?p=4454\" \/>\n<meta property=\"og:site_name\" content=\"Nativa Info\" \/>\n<meta property=\"article:publisher\" content=\"https:\/\/www.facebook.com\/profile.php?id=61578881597564\" \/>\n<meta property=\"article:published_time\" content=\"2024-09-18T03:33:28+00:00\" \/>\n<meta property=\"og:image\" content=\"http:\/\/nativainfo.com\/wp-content\/uploads\/2024\/09\/imagen_2024-09-18_003319955.png\" \/>\n<meta name=\"author\" content=\"Nativa Info\" \/>\n<meta name=\"twitter:card\" content=\"summary_large_image\" \/>\n<meta name=\"twitter:label1\" content=\"Escrito por\" \/>\n\t<meta name=\"twitter:data1\" content=\"Nativa Info\" \/>\n\t<meta name=\"twitter:label2\" content=\"Tiempo de lectura\" \/>\n\t<meta name=\"twitter:data2\" content=\"2 minutos\" \/>\n<script type=\"application\/ld+json\" class=\"yoast-schema-graph\">{\"@context\":\"https:\/\/schema.org\",\"@graph\":[{\"@type\":\"Article\",\"@id\":\"https:\/\/nativainfo.com\/?p=4454#article\",\"isPartOf\":{\"@id\":\"https:\/\/nativainfo.com\/?p=4454\"},\"author\":{\"name\":\"Nativa Info\",\"@id\":\"https:\/\/nativainfo.com\/#\/schema\/person\/24893b64a9cd564ddb5d102d36eb4b5c\"},\"headline\":\"Agro: Santiago del Estero escala en posiciones en el r\u00e1nking de ventas al exterior\",\"datePublished\":\"2024-09-18T03:33:28+00:00\",\"mainEntityOfPage\":{\"@id\":\"https:\/\/nativainfo.com\/?p=4454\"},\"wordCount\":387,\"commentCount\":0,\"publisher\":{\"@id\":\"https:\/\/nativainfo.com\/#organization\"},\"image\":{\"@id\":\"https:\/\/nativainfo.com\/?p=4454#primaryimage\"},\"thumbnailUrl\":\"http:\/\/nativainfo.com\/wp-content\/uploads\/2024\/09\/imagen_2024-09-18_003319955.png\",\"articleSection\":[\"Agro\",\"Noticias\"],\"inLanguage\":\"es-AR\",\"potentialAction\":[{\"@type\":\"CommentAction\",\"name\":\"Comment\",\"target\":[\"https:\/\/nativainfo.com\/?p=4454#respond\"]}]},{\"@type\":\"WebPage\",\"@id\":\"https:\/\/nativainfo.com\/?p=4454\",\"url\":\"https:\/\/nativainfo.com\/?p=4454\",\"name\":\"Agro: Santiago del Estero escala en posiciones en el r\u00e1nking de ventas al exterior - Nativa Info\",\"isPartOf\":{\"@id\":\"https:\/\/nativainfo.com\/#website\"},\"primaryImageOfPage\":{\"@id\":\"https:\/\/nativainfo.com\/?p=4454#primaryimage\"},\"image\":{\"@id\":\"https:\/\/nativainfo.com\/?p=4454#primaryimage\"},\"thumbnailUrl\":\"http:\/\/nativainfo.com\/wp-content\/uploads\/2024\/09\/imagen_2024-09-18_003319955.png\",\"datePublished\":\"2024-09-18T03:33:28+00:00\",\"breadcrumb\":{\"@id\":\"https:\/\/nativainfo.com\/?p=4454#breadcrumb\"},\"inLanguage\":\"es-AR\",\"potentialAction\":[{\"@type\":\"ReadAction\",\"target\":[\"https:\/\/nativainfo.com\/?p=4454\"]}]},{\"@type\":\"ImageObject\",\"inLanguage\":\"es-AR\",\"@id\":\"https:\/\/nativainfo.com\/?p=4454#primaryimage\",\"url\":\"https:\/\/nativainfo.com\/wp-content\/uploads\/2024\/09\/imagen_2024-09-18_003319955.png\",\"contentUrl\":\"https:\/\/nativainfo.com\/wp-content\/uploads\/2024\/09\/imagen_2024-09-18_003319955.png\",\"width\":1010,\"height\":567},{\"@type\":\"BreadcrumbList\",\"@id\":\"https:\/\/nativainfo.com\/?p=4454#breadcrumb\",\"itemListElement\":[{\"@type\":\"ListItem\",\"position\":1,\"name\":\"Inicio\",\"item\":\"https:\/\/nativainfo.com\/\"},{\"@type\":\"ListItem\",\"position\":2,\"name\":\"Agro: Santiago del Estero escala en posiciones en el r\u00e1nking de ventas al exterior\"}]},{\"@type\":\"WebSite\",\"@id\":\"https:\/\/nativainfo.com\/#website\",\"url\":\"https:\/\/nativainfo.com\/\",\"name\":\"Nativa Info\",\"description\":\"Diario Digital\",\"publisher\":{\"@id\":\"https:\/\/nativainfo.com\/#organization\"},\"potentialAction\":[{\"@type\":\"SearchAction\",\"target\":{\"@type\":\"EntryPoint\",\"urlTemplate\":\"https:\/\/nativainfo.com\/?s={search_term_string}\"},\"query-input\":{\"@type\":\"PropertyValueSpecification\",\"valueRequired\":true,\"valueName\":\"search_term_string\"}}],\"inLanguage\":\"es-AR\"},{\"@type\":\"Organization\",\"@id\":\"https:\/\/nativainfo.com\/#organization\",\"name\":\"Nativa Info\",\"url\":\"https:\/\/nativainfo.com\/\",\"logo\":{\"@type\":\"ImageObject\",\"inLanguage\":\"es-AR\",\"@id\":\"https:\/\/nativainfo.com\/#\/schema\/logo\/image\/\",\"url\":\"https:\/\/nativainfo.com\/wp-content\/uploads\/2025\/08\/LOGO-NATIVA-FACE.jpg\",\"contentUrl\":\"https:\/\/nativainfo.com\/wp-content\/uploads\/2025\/08\/LOGO-NATIVA-FACE.jpg\",\"width\":400,\"height\":400,\"caption\":\"Nativa Info\"},\"image\":{\"@id\":\"https:\/\/nativainfo.com\/#\/schema\/logo\/image\/\"},\"sameAs\":[\"https:\/\/www.facebook.com\/profile.php?id=61578881597564\"]},{\"@type\":\"Person\",\"@id\":\"https:\/\/nativainfo.com\/#\/schema\/person\/24893b64a9cd564ddb5d102d36eb4b5c\",\"name\":\"Nativa Info\",\"image\":{\"@type\":\"ImageObject\",\"inLanguage\":\"es-AR\",\"@id\":\"https:\/\/nativainfo.com\/#\/schema\/person\/image\/\",\"url\":\"https:\/\/secure.gravatar.com\/avatar\/016fa1cf068d85136d938e1507b9b619cb766e2565cbb1faa1e571762460c785?s=96&d=mm&r=g\",\"contentUrl\":\"https:\/\/secure.gravatar.com\/avatar\/016fa1cf068d85136d938e1507b9b619cb766e2565cbb1faa1e571762460c785?s=96&d=mm&r=g\",\"caption\":\"Nativa Info\"},\"sameAs\":[\"http:\/\/nativainfo.com\"],\"url\":\"https:\/\/nativainfo.com\/?author=1\"}]}<\/script>\n<!-- \/ Yoast SEO plugin. -->","yoast_head_json":{"title":"Agro: Santiago del Estero escala en posiciones en el r\u00e1nking de ventas al exterior - Nativa Info","robots":{"index":"index","follow":"follow","max-snippet":"max-snippet:-1","max-image-preview":"max-image-preview:large","max-video-preview":"max-video-preview:-1"},"canonical":"https:\/\/nativainfo.com\/?p=4454","og_locale":"es_ES","og_type":"article","og_title":"Agro: Santiago del Estero escala en posiciones en el r\u00e1nking de ventas al exterior - Nativa Info","og_description":"Fue el distrito que m\u00e1s creci\u00f3 en las ventas al exterior en t\u00e9rminos porcentuales; con foco en el agro lo... Continue reading","og_url":"https:\/\/nativainfo.com\/?p=4454","og_site_name":"Nativa Info","article_publisher":"https:\/\/www.facebook.com\/profile.php?id=61578881597564","article_published_time":"2024-09-18T03:33:28+00:00","og_image":[{"url":"http:\/\/nativainfo.com\/wp-content\/uploads\/2024\/09\/imagen_2024-09-18_003319955.png","type":"","width":"","height":""}],"author":"Nativa Info","twitter_card":"summary_large_image","twitter_misc":{"Escrito por":"Nativa Info","Tiempo de lectura":"2 minutos"},"schema":{"@context":"https:\/\/schema.org","@graph":[{"@type":"Article","@id":"https:\/\/nativainfo.com\/?p=4454#article","isPartOf":{"@id":"https:\/\/nativainfo.com\/?p=4454"},"author":{"name":"Nativa Info","@id":"https:\/\/nativainfo.com\/#\/schema\/person\/24893b64a9cd564ddb5d102d36eb4b5c"},"headline":"Agro: Santiago del Estero escala en posiciones en el r\u00e1nking de ventas al exterior","datePublished":"2024-09-18T03:33:28+00:00","mainEntityOfPage":{"@id":"https:\/\/nativainfo.com\/?p=4454"},"wordCount":387,"commentCount":0,"publisher":{"@id":"https:\/\/nativainfo.com\/#organization"},"image":{"@id":"https:\/\/nativainfo.com\/?p=4454#primaryimage"},"thumbnailUrl":"http:\/\/nativainfo.com\/wp-content\/uploads\/2024\/09\/imagen_2024-09-18_003319955.png","articleSection":["Agro","Noticias"],"inLanguage":"es-AR","potentialAction":[{"@type":"CommentAction","name":"Comment","target":["https:\/\/nativainfo.com\/?p=4454#respond"]}]},{"@type":"WebPage","@id":"https:\/\/nativainfo.com\/?p=4454","url":"https:\/\/nativainfo.com\/?p=4454","name":"Agro: Santiago del Estero escala en posiciones en el r\u00e1nking de ventas al exterior - Nativa Info","isPartOf":{"@id":"https:\/\/nativainfo.com\/#website"},"primaryImageOfPage":{"@id":"https:\/\/nativainfo.com\/?p=4454#primaryimage"},"image":{"@id":"https:\/\/nativainfo.com\/?p=4454#primaryimage"},"thumbnailUrl":"http:\/\/nativainfo.com\/wp-content\/uploads\/2024\/09\/imagen_2024-09-18_003319955.png","datePublished":"2024-09-18T03:33:28+00:00","breadcrumb":{"@id":"https:\/\/nativainfo.com\/?p=4454#breadcrumb"},"inLanguage":"es-AR","potentialAction":[{"@type":"ReadAction","target":["https:\/\/nativainfo.com\/?p=4454"]}]},{"@type":"ImageObject","inLanguage":"es-AR","@id":"https:\/\/nativainfo.com\/?p=4454#primaryimage","url":"https:\/\/nativainfo.com\/wp-content\/uploads\/2024\/09\/imagen_2024-09-18_003319955.png","contentUrl":"https:\/\/nativainfo.com\/wp-content\/uploads\/2024\/09\/imagen_2024-09-18_003319955.png","width":1010,"height":567},{"@type":"BreadcrumbList","@id":"https:\/\/nativainfo.com\/?p=4454#breadcrumb","itemListElement":[{"@type":"ListItem","position":1,"name":"Inicio","item":"https:\/\/nativainfo.com\/"},{"@type":"ListItem","position":2,"name":"Agro: Santiago del Estero escala en posiciones en el r\u00e1nking de ventas al exterior"}]},{"@type":"WebSite","@id":"https:\/\/nativainfo.com\/#website","url":"https:\/\/nativainfo.com\/","name":"Nativa Info","description":"Diario Digital","publisher":{"@id":"https:\/\/nativainfo.com\/#organization"},"potentialAction":[{"@type":"SearchAction","target":{"@type":"EntryPoint","urlTemplate":"https:\/\/nativainfo.com\/?s={search_term_string}"},"query-input":{"@type":"PropertyValueSpecification","valueRequired":true,"valueName":"search_term_string"}}],"inLanguage":"es-AR"},{"@type":"Organization","@id":"https:\/\/nativainfo.com\/#organization","name":"Nativa Info","url":"https:\/\/nativainfo.com\/","logo":{"@type":"ImageObject","inLanguage":"es-AR","@id":"https:\/\/nativainfo.com\/#\/schema\/logo\/image\/","url":"https:\/\/nativainfo.com\/wp-content\/uploads\/2025\/08\/LOGO-NATIVA-FACE.jpg","contentUrl":"https:\/\/nativainfo.com\/wp-content\/uploads\/2025\/08\/LOGO-NATIVA-FACE.jpg","width":400,"height":400,"caption":"Nativa Info"},"image":{"@id":"https:\/\/nativainfo.com\/#\/schema\/logo\/image\/"},"sameAs":["https:\/\/www.facebook.com\/profile.php?id=61578881597564"]},{"@type":"Person","@id":"https:\/\/nativainfo.com\/#\/schema\/person\/24893b64a9cd564ddb5d102d36eb4b5c","name":"Nativa Info","image":{"@type":"ImageObject","inLanguage":"es-AR","@id":"https:\/\/nativainfo.com\/#\/schema\/person\/image\/","url":"https:\/\/secure.gravatar.com\/avatar\/016fa1cf068d85136d938e1507b9b619cb766e2565cbb1faa1e571762460c785?s=96&d=mm&r=g","contentUrl":"https:\/\/secure.gravatar.com\/avatar\/016fa1cf068d85136d938e1507b9b619cb766e2565cbb1faa1e571762460c785?s=96&d=mm&r=g","caption":"Nativa Info"},"sameAs":["http:\/\/nativainfo.com"],"url":"https:\/\/nativainfo.com\/?author=1"}]}},"jetpack_publicize_connections":[],"_links":{"self":[{"href":"https:\/\/nativainfo.com\/index.php?rest_route=\/wp\/v2\/posts\/4454","targetHints":{"allow":["GET"]}}],"collection":[{"href":"https:\/\/nativainfo.com\/index.php?rest_route=\/wp\/v2\/posts"}],"about":[{"href":"https:\/\/nativainfo.com\/index.php?rest_route=\/wp\/v2\/types\/post"}],"author":[{"embeddable":true,"href":"https:\/\/nativainfo.com\/index.php?rest_route=\/wp\/v2\/users\/1"}],"replies":[{"embeddable":true,"href":"https:\/\/nativainfo.com\/index.php?rest_route=%2Fwp%2Fv2%2Fcomments&post=4454"}],"version-history":[{"count":1,"href":"https:\/\/nativainfo.com\/index.php?rest_route=\/wp\/v2\/posts\/4454\/revisions"}],"predecessor-version":[{"id":4460,"href":"https:\/\/nativainfo.com\/index.php?rest_route=\/wp\/v2\/posts\/4454\/revisions\/4460"}],"wp:attachment":[{"href":"https:\/\/nativainfo.com\/index.php?rest_route=%2Fwp%2Fv2%2Fmedia&parent=4454"}],"wp:term":[{"taxonomy":"category","embeddable":true,"href":"https:\/\/nativainfo.com\/index.php?rest_route=%2Fwp%2Fv2%2Fcategories&post=4454"},{"taxonomy":"post_tag","embeddable":true,"href":"https:\/\/nativainfo.com\/index.php?rest_route=%2Fwp%2Fv2%2Ftags&post=4454"}],"curies":[{"name":"wp","href":"https:\/\/api.w.org\/{rel}","templated":true}]}}