{"id":4446,"date":"2024-09-16T17:11:25","date_gmt":"2024-09-16T20:11:25","guid":{"rendered":"http:\/\/nativainfo.com\/?p=4446"},"modified":"2024-09-16T17:11:25","modified_gmt":"2024-09-16T20:11:25","slug":"analizan-el-futuro-de-franco-colapinto-en-la-formula-1-para-2025-se-va-a-sauber","status":"publish","type":"post","link":"https:\/\/nativainfo.com\/?p=4446","title":{"rendered":"Analizan el futuro de Franco Colapinto en la F\u00f3rmula 1 para 2025: \u00bfse va a Sauber?"},"content":{"rendered":"\n<p>El piloto argentino de Williams podr\u00eda correr en el pr\u00f3ximo a\u00f1o en la escuder\u00eda que ser\u00e1 reemplazada por Audi.<\/p>\n\n\n\n<figure class=\"wp-block-image size-full\"><img fetchpriority=\"high\" decoding=\"async\" width=\"1010\" height=\"567\" src=\"http:\/\/nativainfo.com\/wp-content\/uploads\/2024\/09\/imagen_2024-09-16_171112223.png\" alt=\"\" class=\"wp-image-4448\" srcset=\"https:\/\/nativainfo.com\/wp-content\/uploads\/2024\/09\/imagen_2024-09-16_171112223.png 1010w, https:\/\/nativainfo.com\/wp-content\/uploads\/2024\/09\/imagen_2024-09-16_171112223-300x168.png 300w, https:\/\/nativainfo.com\/wp-content\/uploads\/2024\/09\/imagen_2024-09-16_171112223-768x431.png 768w, https:\/\/nativainfo.com\/wp-content\/uploads\/2024\/09\/imagen_2024-09-16_171112223-623x350.png 623w, https:\/\/nativainfo.com\/wp-content\/uploads\/2024\/09\/imagen_2024-09-16_171112223-150x84.png 150w\" sizes=\"(max-width: 1010px) 100vw, 1010px\" \/><\/figure>\n\n\n\n<p><strong>Franco Colapinto<\/strong>&nbsp;despert\u00f3 el inter\u00e9s de toda la&nbsp;<strong>F\u00f3rmula 1<\/strong>&nbsp;tras sus dos primeras carreras en la categor\u00eda. Tanto es as\u00ed, que Williams ya est\u00e1 planificando su futuro y, seg\u00fan confirm\u00f3 el jefe del equipo brit\u00e1nico,&nbsp;<strong>James Vowles<\/strong>, podr\u00edan buscar que el argentino compita para&nbsp;<strong>Sauber<\/strong>&nbsp;en 2025, equipo que pasar\u00e1 a ser&nbsp;<strong>Audi<\/strong>&nbsp;en 2026.<\/p>\n\n\n\n<p>A pesar de que Colapinto finalizar\u00e1 su contrato con Williams al terminar la temporada, debido a la continuidad de Alex Albon y la llegada de Carlos Sainz a la escuder\u00eda, Vowles dej\u00f3 en claro que buscar\u00e1n la manera de que el joven pilarense tenga un asiento en la F\u00f3rmula 1 en 2025.<\/p>\n\n\n\n<p><em>\u201cPor supuesto que estar\u00e1 con nosotros, pero lo que espero de verdad es que definitivamente est\u00e9 compitiendo. As\u00ed que quiero una posici\u00f3n para \u00e9l en la que est\u00e9 corriendo en 2025, idealmente en la F\u00f3rmula 1\u201d<\/em>, expres\u00f3 Vowles en una entrevista con el medio Motorsport.<\/p>\n\n\n\n<p>La principal opci\u00f3n para Colapinto ser\u00eda Sauber, que en 2026 pasar\u00e1 a ser Audi. Vowles asegur\u00f3 que est\u00e1n analizando la posibilidad de colaborar con la escuder\u00eda alemana para que el argentino contin\u00fae en la F1.<\/p>\n\n\n\n<p><em>\u201cEn dos carreras ha demostrado al mundo que merece un asiento en la F1. Siempre he cre\u00eddo firmemente que hay que dejar correr a los buenos pilotos. As\u00ed que veremos si podemos encontrar una manera de trabajar con Audi en esa circunstancia\u201d<\/em>, coment\u00f3 el jefe de Williams.<\/p>\n\n\n\n<p>Aunque las escuder\u00edas son cautelosas a la hora de compartir pilotos, Vowles asegur\u00f3 que est\u00e1n dispuestos a explorar cualquier oportunidad para Colapinto:&nbsp;<em>\u201cNo voy a entrar en acuerdos contractuales, pero siempre estar\u00e1 en la familia. Eso no significa que no pueda correr en otro sitio\u201d<\/em>.<\/p>\n\n\n\n<p>El futuro de Colapinto en la F\u00f3rmula 1 parece prometedor, y tanto Williams como Audi est\u00e1n en conversaciones para garantizarle un lugar en la grilla de 2025.<\/p>\n","protected":false},"excerpt":{"rendered":"<p>El piloto argentino de Williams podr\u00eda correr en el pr\u00f3ximo a\u00f1o en la escuder\u00eda que ser\u00e1 reemplazada por Audi. Franco&#8230; <a class=\"continue-reading-link\" href=\"https:\/\/nativainfo.com\/?p=4446\">Continue reading<\/a><\/p>\n","protected":false},"author":1,"featured_media":0,"comment_status":"open","ping_status":"open","sticky":false,"template":"","format":"standard","meta":{"rop_custom_images_group":[],"rop_custom_messages_group":[],"rop_publish_now":"initial","rop_publish_now_accounts":[],"rop_publish_now_history":[],"rop_publish_now_status":"pending","footnotes":"","jetpack_publicize_message":"","jetpack_publicize_feature_enabled":true,"jetpack_social_post_already_shared":false,"jetpack_social_options":{"image_generator_settings":{"template":"highway","default_image_id":0,"font":"","enabled":false},"version":2}},"categories":[65],"tags":[],"class_list":["post-4446","post","type-post","status-publish","format-standard","hentry","category-automovilismo"],"yoast_head":"<!-- This site is optimized with the Yoast SEO plugin v25.6 - https:\/\/yoast.com\/wordpress\/plugins\/seo\/ -->\n<title>Analizan el futuro de Franco Colapinto en la F\u00f3rmula 1 para 2025: \u00bfse va a Sauber? - Nativa Info<\/title>\n<meta name=\"robots\" content=\"index, follow, max-snippet:-1, max-image-preview:large, max-video-preview:-1\" \/>\n<link rel=\"canonical\" href=\"https:\/\/nativainfo.com\/?p=4446\" \/>\n<meta property=\"og:locale\" content=\"es_ES\" \/>\n<meta property=\"og:type\" content=\"article\" \/>\n<meta property=\"og:title\" content=\"Analizan el futuro de Franco Colapinto en la F\u00f3rmula 1 para 2025: \u00bfse va a Sauber? - Nativa Info\" \/>\n<meta property=\"og:description\" content=\"El piloto argentino de Williams podr\u00eda correr en el pr\u00f3ximo a\u00f1o en la escuder\u00eda que ser\u00e1 reemplazada por Audi. Franco... Continue reading\" \/>\n<meta property=\"og:url\" content=\"https:\/\/nativainfo.com\/?p=4446\" \/>\n<meta property=\"og:site_name\" content=\"Nativa Info\" \/>\n<meta property=\"article:publisher\" content=\"https:\/\/www.facebook.com\/profile.php?id=61578881597564\" \/>\n<meta property=\"article:published_time\" content=\"2024-09-16T20:11:25+00:00\" \/>\n<meta property=\"og:image\" content=\"http:\/\/nativainfo.com\/wp-content\/uploads\/2024\/09\/imagen_2024-09-16_171112223.png\" \/>\n<meta name=\"author\" content=\"Nativa Info\" \/>\n<meta name=\"twitter:card\" content=\"summary_large_image\" \/>\n<meta name=\"twitter:label1\" content=\"Escrito por\" \/>\n\t<meta name=\"twitter:data1\" content=\"Nativa Info\" \/>\n\t<meta name=\"twitter:label2\" content=\"Tiempo de lectura\" \/>\n\t<meta name=\"twitter:data2\" content=\"2 minutos\" \/>\n<script type=\"application\/ld+json\" class=\"yoast-schema-graph\">{\"@context\":\"https:\/\/schema.org\",\"@graph\":[{\"@type\":\"Article\",\"@id\":\"https:\/\/nativainfo.com\/?p=4446#article\",\"isPartOf\":{\"@id\":\"https:\/\/nativainfo.com\/?p=4446\"},\"author\":{\"name\":\"Nativa Info\",\"@id\":\"https:\/\/nativainfo.com\/#\/schema\/person\/24893b64a9cd564ddb5d102d36eb4b5c\"},\"headline\":\"Analizan el futuro de Franco Colapinto en la F\u00f3rmula 1 para 2025: \u00bfse va a Sauber?\",\"datePublished\":\"2024-09-16T20:11:25+00:00\",\"mainEntityOfPage\":{\"@id\":\"https:\/\/nativainfo.com\/?p=4446\"},\"wordCount\":365,\"commentCount\":0,\"publisher\":{\"@id\":\"https:\/\/nativainfo.com\/#organization\"},\"image\":{\"@id\":\"https:\/\/nativainfo.com\/?p=4446#primaryimage\"},\"thumbnailUrl\":\"http:\/\/nativainfo.com\/wp-content\/uploads\/2024\/09\/imagen_2024-09-16_171112223.png\",\"articleSection\":[\"Automovilismo\"],\"inLanguage\":\"es-AR\",\"potentialAction\":[{\"@type\":\"CommentAction\",\"name\":\"Comment\",\"target\":[\"https:\/\/nativainfo.com\/?p=4446#respond\"]}]},{\"@type\":\"WebPage\",\"@id\":\"https:\/\/nativainfo.com\/?p=4446\",\"url\":\"https:\/\/nativainfo.com\/?p=4446\",\"name\":\"Analizan el futuro de Franco Colapinto en la F\u00f3rmula 1 para 2025: \u00bfse va a Sauber? - Nativa Info\",\"isPartOf\":{\"@id\":\"https:\/\/nativainfo.com\/#website\"},\"primaryImageOfPage\":{\"@id\":\"https:\/\/nativainfo.com\/?p=4446#primaryimage\"},\"image\":{\"@id\":\"https:\/\/nativainfo.com\/?p=4446#primaryimage\"},\"thumbnailUrl\":\"http:\/\/nativainfo.com\/wp-content\/uploads\/2024\/09\/imagen_2024-09-16_171112223.png\",\"datePublished\":\"2024-09-16T20:11:25+00:00\",\"breadcrumb\":{\"@id\":\"https:\/\/nativainfo.com\/?p=4446#breadcrumb\"},\"inLanguage\":\"es-AR\",\"potentialAction\":[{\"@type\":\"ReadAction\",\"target\":[\"https:\/\/nativainfo.com\/?p=4446\"]}]},{\"@type\":\"ImageObject\",\"inLanguage\":\"es-AR\",\"@id\":\"https:\/\/nativainfo.com\/?p=4446#primaryimage\",\"url\":\"https:\/\/nativainfo.com\/wp-content\/uploads\/2024\/09\/imagen_2024-09-16_171112223.png\",\"contentUrl\":\"https:\/\/nativainfo.com\/wp-content\/uploads\/2024\/09\/imagen_2024-09-16_171112223.png\",\"width\":1010,\"height\":567},{\"@type\":\"BreadcrumbList\",\"@id\":\"https:\/\/nativainfo.com\/?p=4446#breadcrumb\",\"itemListElement\":[{\"@type\":\"ListItem\",\"position\":1,\"name\":\"Inicio\",\"item\":\"https:\/\/nativainfo.com\/\"},{\"@type\":\"ListItem\",\"position\":2,\"name\":\"Analizan el futuro de Franco Colapinto en la F\u00f3rmula 1 para 2025: \u00bfse va a Sauber?\"}]},{\"@type\":\"WebSite\",\"@id\":\"https:\/\/nativainfo.com\/#website\",\"url\":\"https:\/\/nativainfo.com\/\",\"name\":\"Nativa Info\",\"description\":\"Diario Digital\",\"publisher\":{\"@id\":\"https:\/\/nativainfo.com\/#organization\"},\"potentialAction\":[{\"@type\":\"SearchAction\",\"target\":{\"@type\":\"EntryPoint\",\"urlTemplate\":\"https:\/\/nativainfo.com\/?s={search_term_string}\"},\"query-input\":{\"@type\":\"PropertyValueSpecification\",\"valueRequired\":true,\"valueName\":\"search_term_string\"}}],\"inLanguage\":\"es-AR\"},{\"@type\":\"Organization\",\"@id\":\"https:\/\/nativainfo.com\/#organization\",\"name\":\"Nativa Info\",\"url\":\"https:\/\/nativainfo.com\/\",\"logo\":{\"@type\":\"ImageObject\",\"inLanguage\":\"es-AR\",\"@id\":\"https:\/\/nativainfo.com\/#\/schema\/logo\/image\/\",\"url\":\"https:\/\/nativainfo.com\/wp-content\/uploads\/2025\/08\/LOGO-NATIVA-FACE.jpg\",\"contentUrl\":\"https:\/\/nativainfo.com\/wp-content\/uploads\/2025\/08\/LOGO-NATIVA-FACE.jpg\",\"width\":400,\"height\":400,\"caption\":\"Nativa Info\"},\"image\":{\"@id\":\"https:\/\/nativainfo.com\/#\/schema\/logo\/image\/\"},\"sameAs\":[\"https:\/\/www.facebook.com\/profile.php?id=61578881597564\"]},{\"@type\":\"Person\",\"@id\":\"https:\/\/nativainfo.com\/#\/schema\/person\/24893b64a9cd564ddb5d102d36eb4b5c\",\"name\":\"Nativa Info\",\"image\":{\"@type\":\"ImageObject\",\"inLanguage\":\"es-AR\",\"@id\":\"https:\/\/nativainfo.com\/#\/schema\/person\/image\/\",\"url\":\"https:\/\/secure.gravatar.com\/avatar\/016fa1cf068d85136d938e1507b9b619cb766e2565cbb1faa1e571762460c785?s=96&d=mm&r=g\",\"contentUrl\":\"https:\/\/secure.gravatar.com\/avatar\/016fa1cf068d85136d938e1507b9b619cb766e2565cbb1faa1e571762460c785?s=96&d=mm&r=g\",\"caption\":\"Nativa Info\"},\"sameAs\":[\"http:\/\/nativainfo.com\"],\"url\":\"https:\/\/nativainfo.com\/?author=1\"}]}<\/script>\n<!-- \/ Yoast SEO plugin. -->","yoast_head_json":{"title":"Analizan el futuro de Franco Colapinto en la F\u00f3rmula 1 para 2025: \u00bfse va a Sauber? - Nativa Info","robots":{"index":"index","follow":"follow","max-snippet":"max-snippet:-1","max-image-preview":"max-image-preview:large","max-video-preview":"max-video-preview:-1"},"canonical":"https:\/\/nativainfo.com\/?p=4446","og_locale":"es_ES","og_type":"article","og_title":"Analizan el futuro de Franco Colapinto en la F\u00f3rmula 1 para 2025: \u00bfse va a Sauber? - Nativa Info","og_description":"El piloto argentino de Williams podr\u00eda correr en el pr\u00f3ximo a\u00f1o en la escuder\u00eda que ser\u00e1 reemplazada por Audi. Franco... Continue reading","og_url":"https:\/\/nativainfo.com\/?p=4446","og_site_name":"Nativa Info","article_publisher":"https:\/\/www.facebook.com\/profile.php?id=61578881597564","article_published_time":"2024-09-16T20:11:25+00:00","og_image":[{"url":"http:\/\/nativainfo.com\/wp-content\/uploads\/2024\/09\/imagen_2024-09-16_171112223.png","type":"","width":"","height":""}],"author":"Nativa Info","twitter_card":"summary_large_image","twitter_misc":{"Escrito por":"Nativa Info","Tiempo de lectura":"2 minutos"},"schema":{"@context":"https:\/\/schema.org","@graph":[{"@type":"Article","@id":"https:\/\/nativainfo.com\/?p=4446#article","isPartOf":{"@id":"https:\/\/nativainfo.com\/?p=4446"},"author":{"name":"Nativa Info","@id":"https:\/\/nativainfo.com\/#\/schema\/person\/24893b64a9cd564ddb5d102d36eb4b5c"},"headline":"Analizan el futuro de Franco Colapinto en la F\u00f3rmula 1 para 2025: \u00bfse va a Sauber?","datePublished":"2024-09-16T20:11:25+00:00","mainEntityOfPage":{"@id":"https:\/\/nativainfo.com\/?p=4446"},"wordCount":365,"commentCount":0,"publisher":{"@id":"https:\/\/nativainfo.com\/#organization"},"image":{"@id":"https:\/\/nativainfo.com\/?p=4446#primaryimage"},"thumbnailUrl":"http:\/\/nativainfo.com\/wp-content\/uploads\/2024\/09\/imagen_2024-09-16_171112223.png","articleSection":["Automovilismo"],"inLanguage":"es-AR","potentialAction":[{"@type":"CommentAction","name":"Comment","target":["https:\/\/nativainfo.com\/?p=4446#respond"]}]},{"@type":"WebPage","@id":"https:\/\/nativainfo.com\/?p=4446","url":"https:\/\/nativainfo.com\/?p=4446","name":"Analizan el futuro de Franco Colapinto en la F\u00f3rmula 1 para 2025: \u00bfse va a Sauber? - Nativa Info","isPartOf":{"@id":"https:\/\/nativainfo.com\/#website"},"primaryImageOfPage":{"@id":"https:\/\/nativainfo.com\/?p=4446#primaryimage"},"image":{"@id":"https:\/\/nativainfo.com\/?p=4446#primaryimage"},"thumbnailUrl":"http:\/\/nativainfo.com\/wp-content\/uploads\/2024\/09\/imagen_2024-09-16_171112223.png","datePublished":"2024-09-16T20:11:25+00:00","breadcrumb":{"@id":"https:\/\/nativainfo.com\/?p=4446#breadcrumb"},"inLanguage":"es-AR","potentialAction":[{"@type":"ReadAction","target":["https:\/\/nativainfo.com\/?p=4446"]}]},{"@type":"ImageObject","inLanguage":"es-AR","@id":"https:\/\/nativainfo.com\/?p=4446#primaryimage","url":"https:\/\/nativainfo.com\/wp-content\/uploads\/2024\/09\/imagen_2024-09-16_171112223.png","contentUrl":"https:\/\/nativainfo.com\/wp-content\/uploads\/2024\/09\/imagen_2024-09-16_171112223.png","width":1010,"height":567},{"@type":"BreadcrumbList","@id":"https:\/\/nativainfo.com\/?p=4446#breadcrumb","itemListElement":[{"@type":"ListItem","position":1,"name":"Inicio","item":"https:\/\/nativainfo.com\/"},{"@type":"ListItem","position":2,"name":"Analizan el futuro de Franco Colapinto en la F\u00f3rmula 1 para 2025: \u00bfse va a Sauber?"}]},{"@type":"WebSite","@id":"https:\/\/nativainfo.com\/#website","url":"https:\/\/nativainfo.com\/","name":"Nativa Info","description":"Diario Digital","publisher":{"@id":"https:\/\/nativainfo.com\/#organization"},"potentialAction":[{"@type":"SearchAction","target":{"@type":"EntryPoint","urlTemplate":"https:\/\/nativainfo.com\/?s={search_term_string}"},"query-input":{"@type":"PropertyValueSpecification","valueRequired":true,"valueName":"search_term_string"}}],"inLanguage":"es-AR"},{"@type":"Organization","@id":"https:\/\/nativainfo.com\/#organization","name":"Nativa Info","url":"https:\/\/nativainfo.com\/","logo":{"@type":"ImageObject","inLanguage":"es-AR","@id":"https:\/\/nativainfo.com\/#\/schema\/logo\/image\/","url":"https:\/\/nativainfo.com\/wp-content\/uploads\/2025\/08\/LOGO-NATIVA-FACE.jpg","contentUrl":"https:\/\/nativainfo.com\/wp-content\/uploads\/2025\/08\/LOGO-NATIVA-FACE.jpg","width":400,"height":400,"caption":"Nativa Info"},"image":{"@id":"https:\/\/nativainfo.com\/#\/schema\/logo\/image\/"},"sameAs":["https:\/\/www.facebook.com\/profile.php?id=61578881597564"]},{"@type":"Person","@id":"https:\/\/nativainfo.com\/#\/schema\/person\/24893b64a9cd564ddb5d102d36eb4b5c","name":"Nativa Info","image":{"@type":"ImageObject","inLanguage":"es-AR","@id":"https:\/\/nativainfo.com\/#\/schema\/person\/image\/","url":"https:\/\/secure.gravatar.com\/avatar\/016fa1cf068d85136d938e1507b9b619cb766e2565cbb1faa1e571762460c785?s=96&d=mm&r=g","contentUrl":"https:\/\/secure.gravatar.com\/avatar\/016fa1cf068d85136d938e1507b9b619cb766e2565cbb1faa1e571762460c785?s=96&d=mm&r=g","caption":"Nativa Info"},"sameAs":["http:\/\/nativainfo.com"],"url":"https:\/\/nativainfo.com\/?author=1"}]}},"jetpack_publicize_connections":[],"_links":{"self":[{"href":"https:\/\/nativainfo.com\/index.php?rest_route=\/wp\/v2\/posts\/4446","targetHints":{"allow":["GET"]}}],"collection":[{"href":"https:\/\/nativainfo.com\/index.php?rest_route=\/wp\/v2\/posts"}],"about":[{"href":"https:\/\/nativainfo.com\/index.php?rest_route=\/wp\/v2\/types\/post"}],"author":[{"embeddable":true,"href":"https:\/\/nativainfo.com\/index.php?rest_route=\/wp\/v2\/users\/1"}],"replies":[{"embeddable":true,"href":"https:\/\/nativainfo.com\/index.php?rest_route=%2Fwp%2Fv2%2Fcomments&post=4446"}],"version-history":[{"count":1,"href":"https:\/\/nativainfo.com\/index.php?rest_route=\/wp\/v2\/posts\/4446\/revisions"}],"predecessor-version":[{"id":4449,"href":"https:\/\/nativainfo.com\/index.php?rest_route=\/wp\/v2\/posts\/4446\/revisions\/4449"}],"wp:attachment":[{"href":"https:\/\/nativainfo.com\/index.php?rest_route=%2Fwp%2Fv2%2Fmedia&parent=4446"}],"wp:term":[{"taxonomy":"category","embeddable":true,"href":"https:\/\/nativainfo.com\/index.php?rest_route=%2Fwp%2Fv2%2Fcategories&post=4446"},{"taxonomy":"post_tag","embeddable":true,"href":"https:\/\/nativainfo.com\/index.php?rest_route=%2Fwp%2Fv2%2Ftags&post=4446"}],"curies":[{"name":"wp","href":"https:\/\/api.w.org\/{rel}","templated":true}]}}